{"id":100937,"date":"2025-06-13T18:22:00","date_gmt":"2025-06-13T22:22:00","guid":{"rendered":"https:\/\/lasprimeras.com.do\/?p=100937"},"modified":"2025-06-13T12:25:10","modified_gmt":"2025-06-13T16:25:10","slug":"este-sabado-es-ultimo-dia-para-registrarse-en-proceso-electoral-nyc-dominicanos-participan","status":"publish","type":"post","link":"https:\/\/lasprimeras.com.do\/index.php\/2025\/06\/13\/este-sabado-es-ultimo-dia-para-registrarse-en-proceso-electoral-nyc-dominicanos-participan\/","title":{"rendered":"Este s\u00e1bado es \u00faltimo d\u00eda para registrarse en proceso electoral NYC; dominicanos participan"},"content":{"rendered":"\n<p>Por Ram\u00f3n Mercedes<\/p>\n\n\n\n<p>NUEVA YORK.- Faltan 12 d\u00edas para celebrar las primarias dem\u00f3cratas en la Gran Manzana para elegir de manera oficial los candidatos de los diferentes partido a Alcalde, Defensor del Pueblo, Interventor, Presidentes de Condados, Concejales, Fiscal de Distrito, Jueces del Tribunal Supremo y del Tribunal Civil.<\/p>\n\n\n\n<p>No habr\u00e1 primarias republicanas para alcalde. El \u00fanico candidato es Curtis Sliwa, un reconocido l\u00edder comunitario, activista, locutor que dirige &#8220;Los \u00c1ngeles Guardianes&#8221;, y quien en otras ocasiones se ha postulado al cargo.<\/p>\n\n\n\n<p>El actual alcalde, Eric Adams, no competir\u00e1 en las primarias dem\u00f3cratas mientras se prepara para postularse en una boleta independiente el pr\u00f3ximo 4 de noviembre en las elecciones generales.<\/p>\n\n\n\n<p>El abogado Jim Walden, tambi\u00e9n se postular\u00e1 de manera independiente.<\/p>\n\n\n\n<p>Actualmente en NYC hay m\u00e1s de 300 mil dominicanos con derecho a votar en las elecciones de Estados Unidos. La noche de este jueves hubo el \u00faltimo debate, de 11 precandidatos quedaron siete.<\/p>\n\n\n\n<p>Los participantes fueron el exgobernador Andrew Cuomo; asamble\u00edsta de Queens pro-palestino, Zohran Mamdani; la presidenta del Concejo Municipal, Adrienne Adams; el contralor municipal, Brad Lander; el excontralor municipal, Scott Stringer; el senador estatal de Brooklyn, Zellnor Myrie, y el reci\u00e9n llegado a la pol\u00edtica, Whitney Tilson. Se dio como ganador al ex gobernador.<\/p>\n\n\n\n<p>Cuomo se perfila cada vez m\u00e1s como el seguro ganador por los dem\u00f3cratas. En los \u00faltimos d\u00edas ha recibido el respaldo del ex alcalde-NYC, Michael Bloomberg; de la actual senadora por Queens y candidata a la misma alcald\u00eda, Jessica Ramos; recibi\u00f3 este lunes m\u00e1s de 500.000 d\u00f3lares que le hab\u00eda retenido la Junta de Financiamiento de Campa\u00f1as.<\/p>\n\n\n\n<p>Tambi\u00e9n han dado su apoyo a Cuomo, los congresistas Adriano Espaillat (D-13) y Richie Torres (D-15); el sindicato de trabajadores de la salud 1199, con cerca de 200 mil afiliados; y el sindicato 32BJ de servicios de construcci\u00f3n, con cerca de 170 mil trabajadores.<\/p>\n\n\n\n<p>Hay que destacar que entre la comunidad dominicana en la urbe existe una \u00abcuomoman\u00eda\u00bb, por ser el candidato de mayor simpat\u00eda.<\/p>\n\n\n\n<p>El calendario electoral en NY es como rige: Este s\u00e1bado 14, fecha l\u00edmite para registrarse como votante para las elecciones primarias.<\/p>\n\n\n\n<p>Del 14 al 22 es la votaci\u00f3n anticipada. El d\u00eda 23, \u00faltimo d\u00eda para solicitar en persona una boleta para las elecciones. El pr\u00f3ximo d\u00eda 24 se celebrar\u00e1n las elecciones primarias. Los votos por correo deben tener matasellos de esta fecha.<\/p>\n\n\n\n<p>Luego, el pr\u00f3ximo 20 de octubre, deben ser procesados los cambios de domicilio para las elecciones generales recibidos hasta esta fecha.<\/p>\n\n\n\n<p>El 25 de octubre, fecha l\u00edmite para registrarse como votante para las elecciones generales. Del 25 de octubre al 11 de noviembre, d\u00edas de votaci\u00f3n anticipada para las elecciones generales.<\/p>\n\n\n\n<p>El 3 de noviembre, \u00faltimo d\u00eda para solicitar en persona una boleta; el 4 de noviembre, se celebrar\u00e1n las elecciones generales. Los votos por correo deben tener matasellos de esa fecha.<\/p>\n","protected":false},"excerpt":{"rendered":"<p>Por Ram\u00f3n Mercedes NUEVA YORK.- Faltan 12 d\u00edas para celebrar las primarias dem\u00f3cratas en la Gran Manzana para elegir de manera oficial los candidatos de los diferentes partido a Alcalde,&hellip;<\/p>\n","protected":false},"author":10,"featured_media":100938,"comment_status":"open","ping_status":"open","sticky":false,"template":"","format":"standard","meta":{"content-type":"","jetpack_post_was_ever_published":false,"_jetpack_newsletter_access":"","_jetpack_dont_email_post_to_subs":false,"_jetpack_newsletter_tier_id":0,"_jetpack_memberships_contains_paywalled_content":false,"_jetpack_memberships_contains_paid_content":false,"footnotes":""},"categories":[16289],"tags":[487,20523,316,6858],"class_list":["post-100937","post","type-post","status-publish","format-standard","has-post-thumbnail","hentry","category-internacionales","tag-dominicanos","tag-egistrarse","tag-nyc","tag-proceso-electoral"],"jetpack_featured_media_url":"https:\/\/lasprimeras.com.do\/wp-content\/uploads\/2025\/06\/WhatsApp-Image-2025-06-13-at-6.29.49-AM.jpeg","jetpack-related-posts":[{"id":95487,"url":"https:\/\/lasprimeras.com.do\/index.php\/2025\/03\/14\/la-cuomomania-aumenta-cada-dia-entre-dominicanos-nyc\/","url_meta":{"origin":100937,"position":0},"title":"La Cuomoman\u00eda aumenta cada d\u00eda entre dominicanos NYC","author":"Nelson Feliz","date":"14 de marzo de 2025","format":false,"excerpt":"Por Ram\u00f3n Mercedes NUEVA YORK.- El exgobernador de este estado Andrew Cuomo, ha sido el \u00faltimo en lanzar sus aspiraciones a la alcald\u00eda de esta ciudad, el 1 de este mes y ya ha logrado una gran aceptaci\u00f3n entre los dominicanos en el Alto Manhattan y El Bronx, lugares donde\u2026","rel":"","context":"En \u00abINTERNACIONALES\u00bb","block_context":{"text":"INTERNACIONALES","link":"https:\/\/lasprimeras.com.do\/index.php\/category\/sin-categoria\/internacionales\/"},"img":{"alt_text":"La Cuomoman\u00eda aumenta cada d\u00eda entre dominicanos NYC","src":"https:\/\/i0.wp.com\/lasprimeras.com.do\/wp-content\/uploads\/2025\/03\/WhatsApp-Image-2025-03-14-at-6.26.26-AM.jpeg?resize=350%2C200&ssl=1","width":350,"height":200,"srcset":"https:\/\/i0.wp.com\/lasprimeras.com.do\/wp-content\/uploads\/2025\/03\/WhatsApp-Image-2025-03-14-at-6.26.26-AM.jpeg?resize=350%2C200&ssl=1 1x, https:\/\/i0.wp.com\/lasprimeras.com.do\/wp-content\/uploads\/2025\/03\/WhatsApp-Image-2025-03-14-at-6.26.26-AM.jpeg?resize=525%2C300&ssl=1 1.5x, https:\/\/i0.wp.com\/lasprimeras.com.do\/wp-content\/uploads\/2025\/03\/WhatsApp-Image-2025-03-14-at-6.26.26-AM.jpeg?resize=700%2C400&ssl=1 2x"},"classes":[]},{"id":98928,"url":"https:\/\/lasprimeras.com.do\/index.php\/2025\/05\/14\/cuomo-se-perfila-como-seguro-ganador-primarias-democratas-nyc\/","url_meta":{"origin":100937,"position":1},"title":"Cuomo se perfila como seguro ganador primarias dem\u00f3cratas NYC","author":"Nelson Feliz","date":"14 de mayo de 2025","format":false,"excerpt":"Por Ram\u00f3n Mercedes NUEVA YORK.- El aspirante a la alcald\u00eda en esta ciudad, el ex gobernador Andrew Cuomo, se perfila como el seguro ganador de las primarias del Partido Dem\u00f3crata (PD) a celebrarse el pr\u00f3ximo 20 de junio, para convertirse en su candidato oficial para terciar en las elecciones de\u2026","rel":"","context":"En \u00abINTERNACIONALES\u00bb","block_context":{"text":"INTERNACIONALES","link":"https:\/\/lasprimeras.com.do\/index.php\/category\/sin-categoria\/internacionales\/"},"img":{"alt_text":"","src":"https:\/\/i0.wp.com\/lasprimeras.com.do\/wp-content\/uploads\/2025\/05\/WhatsApp-Image-2025-05-14-at-5.56.52-AM.jpeg?resize=350%2C200&ssl=1","width":350,"height":200,"srcset":"https:\/\/i0.wp.com\/lasprimeras.com.do\/wp-content\/uploads\/2025\/05\/WhatsApp-Image-2025-05-14-at-5.56.52-AM.jpeg?resize=350%2C200&ssl=1 1x, https:\/\/i0.wp.com\/lasprimeras.com.do\/wp-content\/uploads\/2025\/05\/WhatsApp-Image-2025-05-14-at-5.56.52-AM.jpeg?resize=525%2C300&ssl=1 1.5x, https:\/\/i0.wp.com\/lasprimeras.com.do\/wp-content\/uploads\/2025\/05\/WhatsApp-Image-2025-05-14-at-5.56.52-AM.jpeg?resize=700%2C400&ssl=1 2x"},"classes":[]},{"id":101631,"url":"https:\/\/lasprimeras.com.do\/index.php\/2025\/06\/23\/llama-votar-por-cuomo-en-primaras-democratas-de-este-marte-afirma-es-salvacion-para-nyc-como-alcalde\/","url_meta":{"origin":100937,"position":2},"title":"Llama votar por Cuomo en primaras dem\u00f3cratas de este marte; afirma es salvaci\u00f3n para NYC como alcalde","author":"Nelson Feliz","date":"23 de junio de 2025","format":false,"excerpt":"Por Ram\u00f3n Mercedes NUEVA YORK.- El activo y reconocido l\u00edder comunitario en el condado de El Bronx, Haile Rivera, exhort\u00f3 a los neoyorkinos, especialmente a los votantes hispanos en los cinco condados, votar en las primarias dem\u00f3cratas de este martes por Andrew Cuomo. Rivera afirma que Cuomo es la salvaci\u00f3n\u2026","rel":"","context":"En \u00abINTERNACIONALES\u00bb","block_context":{"text":"INTERNACIONALES","link":"https:\/\/lasprimeras.com.do\/index.php\/category\/sin-categoria\/internacionales\/"},"img":{"alt_text":"","src":"https:\/\/i0.wp.com\/lasprimeras.com.do\/wp-content\/uploads\/2025\/06\/WhatsApp-Image-2025-06-23-at-4.49.04-AM-2.jpeg?resize=350%2C200&ssl=1","width":350,"height":200,"srcset":"https:\/\/i0.wp.com\/lasprimeras.com.do\/wp-content\/uploads\/2025\/06\/WhatsApp-Image-2025-06-23-at-4.49.04-AM-2.jpeg?resize=350%2C200&ssl=1 1x, https:\/\/i0.wp.com\/lasprimeras.com.do\/wp-content\/uploads\/2025\/06\/WhatsApp-Image-2025-06-23-at-4.49.04-AM-2.jpeg?resize=525%2C300&ssl=1 1.5x"},"classes":[]},{"id":101635,"url":"https:\/\/lasprimeras.com.do\/index.php\/2025\/06\/23\/eric-adams-ganar-las-primarias-democratas-no-asegura-ganar-la-alcaldia-nyc\/","url_meta":{"origin":100937,"position":3},"title":"Eric Adams: \u00abGanar las primarias dem\u00f3cratas no asegura ganar la alcald\u00eda NYC\u00bb","author":"Nelson Feliz","date":"23 de junio de 2025","format":false,"excerpt":"Por Ram\u00f3n Mercedes NUEVA YORK.- El alcalde de esta ciudad, Eric Adams, que busca la reelecci\u00f3n como candidato independiente en las elecciones a celebrarse el pr\u00f3ximo 4 de noviembre, advirti\u00f3 que ganar las primarias dem\u00f3cratas no asegura ganar la alcald\u00eda de NYC. \u00abEstas elecciones ser\u00e1n muy competitivas. En este escenario,\u2026","rel":"","context":"En \u00abINTERNACIONALES\u00bb","block_context":{"text":"INTERNACIONALES","link":"https:\/\/lasprimeras.com.do\/index.php\/category\/sin-categoria\/internacionales\/"},"img":{"alt_text":"","src":"https:\/\/i0.wp.com\/lasprimeras.com.do\/wp-content\/uploads\/2025\/06\/WhatsApp-Image-2025-06-23-at-4.49.04-AM-3.jpeg?resize=350%2C200&ssl=1","width":350,"height":200,"srcset":"https:\/\/i0.wp.com\/lasprimeras.com.do\/wp-content\/uploads\/2025\/06\/WhatsApp-Image-2025-06-23-at-4.49.04-AM-3.jpeg?resize=350%2C200&ssl=1 1x, https:\/\/i0.wp.com\/lasprimeras.com.do\/wp-content\/uploads\/2025\/06\/WhatsApp-Image-2025-06-23-at-4.49.04-AM-3.jpeg?resize=525%2C300&ssl=1 1.5x"},"classes":[]},{"id":101628,"url":"https:\/\/lasprimeras.com.do\/index.php\/2025\/06\/23\/en-nyc-hay-5126009-votantes-registrados-candidatos-dominicanos-recaudan-us91172703\/","url_meta":{"origin":100937,"position":4},"title":"En NYC hay 5,126,009 votantes registrados; candidatos dominicanos recaudan US$911,727,03","author":"Nelson Feliz","date":"23 de junio de 2025","format":false,"excerpt":"Por Ram\u00f3n Mercedes NUEVA YORK.- La cantidad de 5,126,009 neoyorkinos est\u00e1n registrados en el Board of Elections de la ciudad, los cuales pueden ejercer sus votos en las primarias de este martes para elegir como candidato oficialmente a Alcalde, Defensor del Pueblo, Interventor, Presidentes de Condados, Concejales, Fiscal de Distrito,\u2026","rel":"","context":"En \u00abINTERNACIONALES\u00bb","block_context":{"text":"INTERNACIONALES","link":"https:\/\/lasprimeras.com.do\/index.php\/category\/sin-categoria\/internacionales\/"},"img":{"alt_text":"","src":"https:\/\/i0.wp.com\/lasprimeras.com.do\/wp-content\/uploads\/2025\/06\/WhatsApp-Image-2025-06-23-at-4.49.04-AM-1.jpeg?resize=350%2C200&ssl=1","width":350,"height":200,"srcset":"https:\/\/i0.wp.com\/lasprimeras.com.do\/wp-content\/uploads\/2025\/06\/WhatsApp-Image-2025-06-23-at-4.49.04-AM-1.jpeg?resize=350%2C200&ssl=1 1x, https:\/\/i0.wp.com\/lasprimeras.com.do\/wp-content\/uploads\/2025\/06\/WhatsApp-Image-2025-06-23-at-4.49.04-AM-1.jpeg?resize=525%2C300&ssl=1 1.5x"},"classes":[]},{"id":101733,"url":"https:\/\/lasprimeras.com.do\/index.php\/2025\/06\/25\/dominicanos-ganan-primarias-democratas-nyc-cuomo-reconoce-su-derrota\/","url_meta":{"origin":100937,"position":5},"title":"Dominicanos ganan primarias dem\u00f3cratas NYC; Cuomo reconoce su derrota","author":"Nelson Feliz","date":"25 de junio de 2025","format":false,"excerpt":"Por Ram\u00f3n Mercedes NUEVA YORK.- Los concejales dominicanos que buscaban ser reelectos durante las primarias dem\u00f3cratas de este martes ganaron y ahora pasan a ser los candidatos oficiales del partido para participar en las elecciones generales a celebrarse el pr\u00f3ximo 4 de noviembre. Para saber qui\u00e9n gana estas contiendas, los\u2026","rel":"","context":"En \u00abINTERNACIONALES\u00bb","block_context":{"text":"INTERNACIONALES","link":"https:\/\/lasprimeras.com.do\/index.php\/category\/sin-categoria\/internacionales\/"},"img":{"alt_text":"","src":"https:\/\/i0.wp.com\/lasprimeras.com.do\/wp-content\/uploads\/2025\/06\/WhatsApp-Image-2025-06-25-at-8.08.08-AM-1.jpeg?resize=350%2C200&ssl=1","width":350,"height":200,"srcset":"https:\/\/i0.wp.com\/lasprimeras.com.do\/wp-content\/uploads\/2025\/06\/WhatsApp-Image-2025-06-25-at-8.08.08-AM-1.jpeg?resize=350%2C200&ssl=1 1x, https:\/\/i0.wp.com\/lasprimeras.com.do\/wp-content\/uploads\/2025\/06\/WhatsApp-Image-2025-06-25-at-8.08.08-AM-1.jpeg?resize=525%2C300&ssl=1 1.5x, https:\/\/i0.wp.com\/lasprimeras.com.do\/wp-content\/uploads\/2025\/06\/WhatsApp-Image-2025-06-25-at-8.08.08-AM-1.jpeg?resize=700%2C400&ssl=1 2x"},"classes":[]}],"jetpack_sharing_enabled":true,"_links":{"self":[{"href":"https:\/\/lasprimeras.com.do\/index.php\/wp-json\/wp\/v2\/posts\/100937","targetHints":{"allow":["GET"]}}],"collection":[{"href":"https:\/\/lasprimeras.com.do\/index.php\/wp-json\/wp\/v2\/posts"}],"about":[{"href":"https:\/\/lasprimeras.com.do\/index.php\/wp-json\/wp\/v2\/types\/post"}],"author":[{"embeddable":true,"href":"https:\/\/lasprimeras.com.do\/index.php\/wp-json\/wp\/v2\/users\/10"}],"replies":[{"embeddable":true,"href":"https:\/\/lasprimeras.com.do\/index.php\/wp-json\/wp\/v2\/comments?post=100937"}],"version-history":[{"count":1,"href":"https:\/\/lasprimeras.com.do\/index.php\/wp-json\/wp\/v2\/posts\/100937\/revisions"}],"predecessor-version":[{"id":100939,"href":"https:\/\/lasprimeras.com.do\/index.php\/wp-json\/wp\/v2\/posts\/100937\/revisions\/100939"}],"wp:featuredmedia":[{"embeddable":true,"href":"https:\/\/lasprimeras.com.do\/index.php\/wp-json\/wp\/v2\/media\/100938"}],"wp:attachment":[{"href":"https:\/\/lasprimeras.com.do\/index.php\/wp-json\/wp\/v2\/media?parent=100937"}],"wp:term":[{"taxonomy":"category","embeddable":true,"href":"https:\/\/lasprimeras.com.do\/index.php\/wp-json\/wp\/v2\/categories?post=100937"},{"taxonomy":"post_tag","embeddable":true,"href":"https:\/\/lasprimeras.com.do\/index.php\/wp-json\/wp\/v2\/tags?post=100937"}],"curies":[{"name":"wp","href":"https:\/\/api.w.org\/{rel}","templated":true}]}}