{"id":100940,"date":"2025-06-13T20:26:00","date_gmt":"2025-06-14T00:26:00","guid":{"rendered":"https:\/\/lasprimeras.com.do\/?p=100940"},"modified":"2025-06-13T12:30:33","modified_gmt":"2025-06-13T16:30:33","slug":"ice-ha-detenido-158-mil-inmigrantes-ilegales-poco-mas-de-142-mil-han-sido-deportados","status":"publish","type":"post","link":"https:\/\/lasprimeras.com.do\/index.php\/2025\/06\/13\/ice-ha-detenido-158-mil-inmigrantes-ilegales-poco-mas-de-142-mil-han-sido-deportados\/","title":{"rendered":"ICE ha detenido 158 mil inmigrantes ilegales; poco m\u00e1s de 142 mil han sido deportados"},"content":{"rendered":"\n<p>Por Ram\u00f3n Mercedes<\/p>\n\n\n\n<p>NUEVA YORK.- De acuerdo con cifras oficiales del Departamento de Seguridad Nacional de los Estados Unidos (DHS), durante sus primeros 100 d\u00edas al mandato del presidente Donald Trump, se arrestaron de m\u00e1s de 158,000 inmigrantes ilegales, incluidos m\u00e1s de 600 miembros del Tren de Aragua.<\/p>\n\n\n\n<p>De ellos, poco m\u00e1s de 142,000 fueron deportados, seg\u00fan informa el DHS en su publicaci\u00f3n.<\/p>\n\n\n\n<p>\u201cBajo la direcci\u00f3n del presidente Trump, la secretaria Noem lanz\u00f3 una campa\u00f1a instando a los inmigrantes ilegales a abandonar los EE.UU. voluntariamente o enfrentar la deportaci\u00f3n sin posibilidad de regresar\u201d.<\/p>\n\n\n\n<p>\u201cEl presidente cancel\u00f3 la aplicaci\u00f3n CBP One, que permit\u00eda a m\u00e1s de un mill\u00f3n de extranjeros entrar ilegalmente a EUA. Tambi\u00e9n est\u00e1 aplicando la Ley de Registro de Extranjeros, que exige que los extranjeros se registren ante el gobierno federal. Si los inmigrantes indocumentados no cumplen, se enfrentan a multas y prisi\u00f3n\u201d.<\/p>\n\n\n\n<p>Si bien las deportaciones han aumentado a comparaci\u00f3n de las administraciones anteriores, lo cierto es que el ritmo actual a\u00fan se encuentra lejos de las metas establecidas por la administraci\u00f3n Trump.<\/p>\n\n\n\n<p>Seg\u00fan ha informado el subjefe de gabinete de la Casa Blanca, Stephen Miller, Trump pretende deportar, al menos, un mill\u00f3n de inmigrantes al a\u00f1o.<\/p>\n\n\n\n<p>El primer d\u00eda de su mandato, el presidente declar\u00f3 una emergencia nacional en la frontera sur; restableci\u00f3 inmediatamente la pol\u00edtica de \u201cPermanecer en M\u00e9xico\u201d y puso fin a la captura y liberaci\u00f3n, adem\u00e1s, los encuentros fronterizos diarios se han reducido un 95%.<\/p>\n\n\n\n<p>Los migrantes est\u00e1n regresando antes incluso de llegar a nuestra frontera: la migraci\u00f3n a trav\u00e9s del Tap\u00f3n del Dari\u00e9n en Panam\u00e1 ha disminuido en un 99,99%. El presidente est\u00e1 terminando el muro fronterizo.<\/p>\n\n\n\n<p>El DHS ya tiene 137 kil\u00f3metros de nuevas construcciones planeadas o en construcci\u00f3n.<\/p>\n\n\n\n<p>La Oficina de Aduanas y Protecci\u00f3n Fronteriza de los Estados Unidos (CBP) y la Guardia Costera de los Estados Unidos (USCG) han incautado casi 232.000 libras de fentanilo y otras drogas il\u00edcitas, impidiendo que lleguen a las comunidades estadounidenses, informa en su p\u00e1gina el DHS.<\/p>\n","protected":false},"excerpt":{"rendered":"<p>Por Ram\u00f3n Mercedes NUEVA YORK.- De acuerdo con cifras oficiales del Departamento de Seguridad Nacional de los Estados Unidos (DHS), durante sus primeros 100 d\u00edas al mandato del presidente Donald&hellip;<\/p>\n","protected":false},"author":10,"featured_media":100941,"comment_status":"open","ping_status":"open","sticky":false,"template":"","format":"standard","meta":{"content-type":"","jetpack_post_was_ever_published":false,"_jetpack_newsletter_access":"","_jetpack_dont_email_post_to_subs":false,"_jetpack_newsletter_tier_id":0,"_jetpack_memberships_contains_paywalled_content":false,"_jetpack_memberships_contains_paid_content":false,"footnotes":""},"categories":[16289],"tags":[17181,4198,978,98,17575,92,102,16412],"class_list":["post-100940","post","type-post","status-publish","format-standard","has-post-thumbnail","hentry","category-internacionales","tag-deportados","tag-detenido","tag-donald-trump","tag-estados-unidos","tag-ice","tag-ilegales","tag-inmigrantes","tag-tren-de-aragua"],"jetpack_featured_media_url":"https:\/\/lasprimeras.com.do\/wp-content\/uploads\/2025\/06\/WhatsApp-Image-2025-06-13-at-6.29.49-AM-1.jpeg","jetpack-related-posts":[{"id":94193,"url":"https:\/\/lasprimeras.com.do\/index.php\/2025\/02\/26\/gobierno-de-trump-exige-a-indocumentados-registrarse-en-base-de-datos-e-irse-del-pais-voluntariamente\/","url_meta":{"origin":100940,"position":0},"title":"Gobierno de Trump exige a indocumentados registrarse en base de datos e irse del pa\u00eds voluntariamente","author":"Nelson Feliz","date":"26 de febrero de 2025","format":false,"excerpt":"La Administraci\u00f3n Trump impondr\u00e1 sanciones econ\u00f3micas severas a los indocumentados que no se vayan voluntariamente del pa\u00eds, confirm\u00f3 el DHS Por Jes\u00fas Garc\u00eda Al exigir que se inscriban en una base de datos, el Departamento de Seguridad Nacional (DHS) afirm\u00f3 que utilizar\u00e1 todas las herramientas posibles para \u201cobligar a los\u2026","rel":"","context":"En \u00abINTERNACIONALES\u00bb","block_context":{"text":"INTERNACIONALES","link":"https:\/\/lasprimeras.com.do\/index.php\/category\/sin-categoria\/internacionales\/"},"img":{"alt_text":"","src":"https:\/\/i0.wp.com\/lasprimeras.com.do\/wp-content\/uploads\/2025\/02\/ICE-1.png?resize=350%2C200&ssl=1","width":350,"height":200,"srcset":"https:\/\/i0.wp.com\/lasprimeras.com.do\/wp-content\/uploads\/2025\/02\/ICE-1.png?resize=350%2C200&ssl=1 1x, https:\/\/i0.wp.com\/lasprimeras.com.do\/wp-content\/uploads\/2025\/02\/ICE-1.png?resize=525%2C300&ssl=1 1.5x, https:\/\/i0.wp.com\/lasprimeras.com.do\/wp-content\/uploads\/2025\/02\/ICE-1.png?resize=700%2C400&ssl=1 2x"},"classes":[]},{"id":97449,"url":"https:\/\/lasprimeras.com.do\/index.php\/2025\/04\/21\/ice-detiene-en-ny-206-inmigrantes-incluidos-dominicanos-activistas-piden-auxilio-autoridades\/","url_meta":{"origin":100940,"position":1},"title":"ICE detiene en NY 206 inmigrantes, incluidos dominicanos; activistas piden auxilio autoridades","author":"Nelson Feliz","date":"21 de abril de 2025","format":false,"excerpt":"Por Ram\u00f3n Mercedes NUEVA YORK.- El Servicio de Inmigraci\u00f3n y sus socios policiales detuvieron a 206 inmigrantes ilegales durante una operaci\u00f3n intensificada de control migratorio enfocada en delincuentes extranjeros flagrantes en NYC y sus alrededores. Durante la operaci\u00f3n, entre el 6 al 12 del presente mes, se enfocaron en delincuentes\u2026","rel":"","context":"En \u00abINTERNACIONALES\u00bb","block_context":{"text":"INTERNACIONALES","link":"https:\/\/lasprimeras.com.do\/index.php\/category\/sin-categoria\/internacionales\/"},"img":{"alt_text":"ICE detiene en NY 206 inmigrantes, incluidos dominicanos; activistas piden auxilio autoridades","src":"https:\/\/i0.wp.com\/lasprimeras.com.do\/wp-content\/uploads\/2025\/04\/WhatsApp-Image-2025-04-21-at-5.16.10-AM-1.jpeg?resize=350%2C200&ssl=1","width":350,"height":200,"srcset":"https:\/\/i0.wp.com\/lasprimeras.com.do\/wp-content\/uploads\/2025\/04\/WhatsApp-Image-2025-04-21-at-5.16.10-AM-1.jpeg?resize=350%2C200&ssl=1 1x, https:\/\/i0.wp.com\/lasprimeras.com.do\/wp-content\/uploads\/2025\/04\/WhatsApp-Image-2025-04-21-at-5.16.10-AM-1.jpeg?resize=525%2C300&ssl=1 1.5x"},"classes":[]},{"id":95629,"url":"https:\/\/lasprimeras.com.do\/index.php\/2025\/03\/17\/que-dice-la-ley-de-1798-que-trump-invoco-para-deportar-a-cientos-de-venezolanos-a-el-salvador\/","url_meta":{"origin":100940,"position":2},"title":"Qu\u00e9 dice la ley de 1798 que Trump invoc\u00f3 para deportar a cientos de venezolanos a El Salvador","author":"Nelson Feliz","date":"17 de marzo de 2025","format":false,"excerpt":"El texto, tan antiguo como EE.UU., fue promulgado para prevenir el espionaje y el sabotaje extranjero en tiempos de guerra. Por BBC News Mundo De las calles de varias ciudades estadounidenses como Miami, Houston, Chicago o Nueva York a una celda del Centro de Confinamiento del Terrorismo (Cecot), tambi\u00e9n conocida\u2026","rel":"","context":"En \u00abINTERNACIONALES\u00bb","block_context":{"text":"INTERNACIONALES","link":"https:\/\/lasprimeras.com.do\/index.php\/category\/sin-categoria\/internacionales\/"},"img":{"alt_text":"","src":"https:\/\/i0.wp.com\/lasprimeras.com.do\/wp-content\/uploads\/2025\/03\/presos-1.png?resize=350%2C200&ssl=1","width":350,"height":200,"srcset":"https:\/\/i0.wp.com\/lasprimeras.com.do\/wp-content\/uploads\/2025\/03\/presos-1.png?resize=350%2C200&ssl=1 1x, https:\/\/i0.wp.com\/lasprimeras.com.do\/wp-content\/uploads\/2025\/03\/presos-1.png?resize=525%2C300&ssl=1 1.5x"},"classes":[]},{"id":96054,"url":"https:\/\/lasprimeras.com.do\/index.php\/2025\/03\/25\/gobierno-de-trump-invoca-privilegio-de-secretos-de-estado-en-caso-de-deportaciones\/","url_meta":{"origin":100940,"position":3},"title":"Gobierno de Trump invoca privilegio de secretos de Estado en caso de deportaciones","author":"Nelson Feliz","date":"25 de marzo de 2025","format":false,"excerpt":"POR MICHAEL KUNZELMAN and LINDSAY WHITEHURST WASHINGTON (AP) \u2014 El gobierno del presidente estadounidense Donald Trump invoc\u00f3 el lunes un \u201cprivilegio de secretos de Estado\u201d y se neg\u00f3 a proporcionarle a un juez federal informaci\u00f3n adicional sobre la deportaci\u00f3n de migrantes venezolanos a El Salvador bajo una ley de guerra\u2026","rel":"","context":"En \u00abINTERNACIONALES\u00bb","block_context":{"text":"INTERNACIONALES","link":"https:\/\/lasprimeras.com.do\/index.php\/category\/sin-categoria\/internacionales\/"},"img":{"alt_text":"","src":"https:\/\/i0.wp.com\/lasprimeras.com.do\/wp-content\/uploads\/2025\/03\/carcel-1.jpg?resize=350%2C200&ssl=1","width":350,"height":200,"srcset":"https:\/\/i0.wp.com\/lasprimeras.com.do\/wp-content\/uploads\/2025\/03\/carcel-1.jpg?resize=350%2C200&ssl=1 1x, https:\/\/i0.wp.com\/lasprimeras.com.do\/wp-content\/uploads\/2025\/03\/carcel-1.jpg?resize=525%2C300&ssl=1 1.5x, https:\/\/i0.wp.com\/lasprimeras.com.do\/wp-content\/uploads\/2025\/03\/carcel-1.jpg?resize=700%2C400&ssl=1 2x"},"classes":[]},{"id":94351,"url":"https:\/\/lasprimeras.com.do\/index.php\/2025\/02\/28\/decenas-de-personas-protestan-en-puerto-rico-contra-arrestos-de-migrantes-por-parte-de-ice\/","url_meta":{"origin":100940,"position":4},"title":"Decenas de personas protestan en Puerto Rico contra arrestos de migrantes por parte de ICE","author":"Nelson Feliz","date":"28 de febrero de 2025","format":false,"excerpt":"Los grupos promueven \"El apag\u00f3n econ\u00f3mico de 24 horas\" programado para este viernes, 28 de febrero San Juan,EFE \u2013 Decenas de personas se concentraron la tarde de este jueves en el Viejo San Juan, distrito hist\u00f3rico de la capital puertorrique\u00f1a, para protestar en contra de la pol\u00edtica migratoria del presidente\u2026","rel":"","context":"En \u00abINTERNACIONALES\u00bb","block_context":{"text":"INTERNACIONALES","link":"https:\/\/lasprimeras.com.do\/index.php\/category\/sin-categoria\/internacionales\/"},"img":{"alt_text":"","src":"https:\/\/i0.wp.com\/lasprimeras.com.do\/wp-content\/uploads\/2025\/02\/protesta.png?resize=350%2C200&ssl=1","width":350,"height":200,"srcset":"https:\/\/i0.wp.com\/lasprimeras.com.do\/wp-content\/uploads\/2025\/02\/protesta.png?resize=350%2C200&ssl=1 1x, https:\/\/i0.wp.com\/lasprimeras.com.do\/wp-content\/uploads\/2025\/02\/protesta.png?resize=525%2C300&ssl=1 1.5x, https:\/\/i0.wp.com\/lasprimeras.com.do\/wp-content\/uploads\/2025\/02\/protesta.png?resize=700%2C400&ssl=1 2x"},"classes":[]},{"id":97293,"url":"https:\/\/lasprimeras.com.do\/index.php\/2025\/04\/18\/gobierno-de-trump-busca-expandir-significativamente-el-sistema-de-detencion-de-inmigrantes\/","url_meta":{"origin":100940,"position":5},"title":"Gobierno de Trump busca expandir significativamente el sistema de detenci\u00f3n de inmigrantes","author":"Nelson Feliz","date":"18 de abril de 2025","format":false,"excerpt":"POR SARA CLINE and KATE BRUMBACK JENA, Luisiana, EE.UU. (AP) \u2014 En medio de las granjas de cangrejos de r\u00edo, los imponentes pinos y las cafeter\u00edas que sirven po\u2019boys en la zona rural de Luisiana, alrededor de 7.000 personas se encuentran encerradas en centros de detenci\u00f3n de inmigrantes a la\u2026","rel":"","context":"En \u00abINTERNACIONALES\u00bb","block_context":{"text":"INTERNACIONALES","link":"https:\/\/lasprimeras.com.do\/index.php\/category\/sin-categoria\/internacionales\/"},"img":{"alt_text":"","src":"https:\/\/i0.wp.com\/lasprimeras.com.do\/wp-content\/uploads\/2025\/04\/Luisiana.jpg?resize=350%2C200&ssl=1","width":350,"height":200,"srcset":"https:\/\/i0.wp.com\/lasprimeras.com.do\/wp-content\/uploads\/2025\/04\/Luisiana.jpg?resize=350%2C200&ssl=1 1x, https:\/\/i0.wp.com\/lasprimeras.com.do\/wp-content\/uploads\/2025\/04\/Luisiana.jpg?resize=525%2C300&ssl=1 1.5x, https:\/\/i0.wp.com\/lasprimeras.com.do\/wp-content\/uploads\/2025\/04\/Luisiana.jpg?resize=700%2C400&ssl=1 2x"},"classes":[]}],"jetpack_sharing_enabled":true,"_links":{"self":[{"href":"https:\/\/lasprimeras.com.do\/index.php\/wp-json\/wp\/v2\/posts\/100940","targetHints":{"allow":["GET"]}}],"collection":[{"href":"https:\/\/lasprimeras.com.do\/index.php\/wp-json\/wp\/v2\/posts"}],"about":[{"href":"https:\/\/lasprimeras.com.do\/index.php\/wp-json\/wp\/v2\/types\/post"}],"author":[{"embeddable":true,"href":"https:\/\/lasprimeras.com.do\/index.php\/wp-json\/wp\/v2\/users\/10"}],"replies":[{"embeddable":true,"href":"https:\/\/lasprimeras.com.do\/index.php\/wp-json\/wp\/v2\/comments?post=100940"}],"version-history":[{"count":1,"href":"https:\/\/lasprimeras.com.do\/index.php\/wp-json\/wp\/v2\/posts\/100940\/revisions"}],"predecessor-version":[{"id":100942,"href":"https:\/\/lasprimeras.com.do\/index.php\/wp-json\/wp\/v2\/posts\/100940\/revisions\/100942"}],"wp:featuredmedia":[{"embeddable":true,"href":"https:\/\/lasprimeras.com.do\/index.php\/wp-json\/wp\/v2\/media\/100941"}],"wp:attachment":[{"href":"https:\/\/lasprimeras.com.do\/index.php\/wp-json\/wp\/v2\/media?parent=100940"}],"wp:term":[{"taxonomy":"category","embeddable":true,"href":"https:\/\/lasprimeras.com.do\/index.php\/wp-json\/wp\/v2\/categories?post=100940"},{"taxonomy":"post_tag","embeddable":true,"href":"https:\/\/lasprimeras.com.do\/index.php\/wp-json\/wp\/v2\/tags?post=100940"}],"curies":[{"name":"wp","href":"https:\/\/api.w.org\/{rel}","templated":true}]}}