{"id":100954,"date":"2025-06-13T21:08:06","date_gmt":"2025-06-14T01:08:06","guid":{"rendered":"https:\/\/lasprimeras.com.do\/?p=100954"},"modified":"2025-06-13T21:08:09","modified_gmt":"2025-06-14T01:08:09","slug":"al-menos-2680-asesinatos-y-un-aumento-en-la-violencia-de-bandas-en-haiti","status":"publish","type":"post","link":"https:\/\/lasprimeras.com.do\/index.php\/2025\/06\/13\/al-menos-2680-asesinatos-y-un-aumento-en-la-violencia-de-bandas-en-haiti\/","title":{"rendered":"Al menos 2,680 asesinatos y un aumento en la violencia de bandas en Hait\u00ed"},"content":{"rendered":"\n<p>Ginebra.- La crisis en Hait\u00ed, con al menos 2.680 personas asesinadas hasta el 30 de mayo, \u201cha tocado un nuevo fondo, con bandas criminales expandiendo su control m\u00e1s all\u00e1 de Puerto Pr\u00edncipe y hacia las regiones centrales del pa\u00eds\u201d, alert\u00f3 el alto este viernes comisionado de ONU para los derechos humanos, Volker T\u00fcrk.<\/p>\n\n\n\n<p>Una cifra r\u00e9cord de 1,3 millones de personas en Hait\u00ed han huido de sus hogares por la violencia, seg\u00fan informaci\u00f3n verificada por la oficina que dirige T\u00fcrk, en la que tambi\u00e9n se mencionan al menos 957 heridos por la violencia de bandas y 316 secuestrados para pedir rescate en lo que va de a\u00f1o.<\/p>\n\n\n\n<p>La violencia sexual ejercida por las bandas violentas y el reclutamiento de menores en sus filas tambi\u00e9n contin\u00faan en aumento, alerta la oficina de la ONU.<\/p>\n\n\n\n<p>\u201cMientras las fuerzas de seguridad luchan por restablecer el orden, grupos de autodefensa y turbas est\u00e1n tomando la justicia por su mano, lo que est\u00e1 provocando a\u00fan m\u00e1s violaciones de los derechos humanos\u201d, analiz\u00f3 el alto comisionado austr\u00edaco.<\/p>\n\n\n\n<p>La oficina que dirige tambi\u00e9n indic\u00f3 que las operaciones policiales contra las bandas se han intensificado recientemente en la capital, y desde principios de a\u00f1o al menos 1.448 personas han muerto en ellas, incluidas 65 que han sido ejecutadas de forma sumaria por agentes.<\/p>\n\n\n\n<p>\u201cEl uso de la fuerza letal por parte de las fuerzas del orden debe ajustarse siempre al derecho internacional, y respetar los principios de legalidad, necesidad, proporcionalidad, no discriminaci\u00f3n, precauci\u00f3n y rendici\u00f3n de cuentas\u201d, advirti\u00f3 T\u00fcrk.<\/p>\n","protected":false},"excerpt":{"rendered":"<p>Ginebra.- La crisis en Hait\u00ed, con al menos 2.680 personas asesinadas hasta el 30 de mayo, \u201cha tocado un nuevo fondo, con bandas criminales expandiendo su control m\u00e1s all\u00e1 de&hellip;<\/p>\n","protected":false},"author":2,"featured_media":100955,"comment_status":"open","ping_status":"open","sticky":false,"template":"","format":"standard","meta":{"content-type":"","jetpack_post_was_ever_published":false,"_jetpack_newsletter_access":"","_jetpack_dont_email_post_to_subs":false,"_jetpack_newsletter_tier_id":0,"_jetpack_memberships_contains_paywalled_content":false,"_jetpack_memberships_contains_paid_content":false,"footnotes":""},"categories":[16289],"tags":[8958,386,216,217,3544,3882],"class_list":["post-100954","post","type-post","status-publish","format-standard","has-post-thumbnail","hentry","category-internacionales","tag-asesinatos","tag-bandas","tag-crisis","tag-haiti","tag-puerto-principe","tag-violencia"],"jetpack_featured_media_url":"https:\/\/lasprimeras.com.do\/wp-content\/uploads\/2025\/06\/Bandas.jpg","jetpack-related-posts":[{"id":68926,"url":"https:\/\/lasprimeras.com.do\/index.php\/2023\/11\/29\/informe-de-onu-denuncia-una-expansion-de-la-violencia-de-bandas-a-zonas-rurales-de-haiti\/","url_meta":{"origin":100954,"position":0},"title":"Informe de ONU denuncia una expansi\u00f3n de la violencia de bandas a zonas rurales de Hait\u00ed","author":"Nelson Feliz","date":"29 de noviembre de 2023","format":false,"excerpt":"GINEBRA, EFE. \u2013 La violencia de bandas criminales en Hait\u00ed, que ha sumido al pa\u00eds en el caos y ha causado la muerte de al menos 3.960 personas en lo que va de a\u00f1o, se est\u00e1 extendiendo de la capital Puerto Pr\u00edncipe a otras zonas rurales del pa\u00eds antes consideradas\u2026","rel":"","context":"En \u00abSin categor\u00eda\u00bb","block_context":{"text":"Sin categor\u00eda","link":"https:\/\/lasprimeras.com.do\/index.php\/category\/sin-categoria\/"},"img":{"alt_text":"ONU HAITI","src":"https:\/\/i0.wp.com\/lasprimeras.com.do\/wp-content\/uploads\/2023\/11\/ONU-HAITI.jpg?resize=350%2C200&ssl=1","width":350,"height":200,"srcset":"https:\/\/i0.wp.com\/lasprimeras.com.do\/wp-content\/uploads\/2023\/11\/ONU-HAITI.jpg?resize=350%2C200&ssl=1 1x, https:\/\/i0.wp.com\/lasprimeras.com.do\/wp-content\/uploads\/2023\/11\/ONU-HAITI.jpg?resize=525%2C300&ssl=1 1.5x, https:\/\/i0.wp.com\/lasprimeras.com.do\/wp-content\/uploads\/2023\/11\/ONU-HAITI.jpg?resize=700%2C400&ssl=1 2x"},"classes":[]},{"id":68958,"url":"https:\/\/lasprimeras.com.do\/index.php\/2023\/11\/29\/informe-de-onu-denuncia-una-expansion-de-la-violencia-de-bandas\/","url_meta":{"origin":100954,"position":1},"title":"Informe de ONU denuncia una expansi\u00f3n de la violencia de bandas","author":"BIMARY DE JES\u00daS Matos","date":"29 de noviembre de 2023","format":false,"excerpt":"GINEBRA, EFE. \u2013 La violencia de bandas criminales en Hait\u00ed, que ha sumido al pa\u00eds en el caos y ha causado la muerte de al menos 3.960 personas en lo que va de a\u00f1o, se est\u00e1 extendiendo de la capital Puerto Pr\u00edncipe a otras zonas rurales del pa\u00eds antes consideradas\u2026","rel":"","context":"En \u00abSin categor\u00eda\u00bb","block_context":{"text":"Sin categor\u00eda","link":"https:\/\/lasprimeras.com.do\/index.php\/category\/sin-categoria\/"},"img":{"alt_text":"","src":"https:\/\/i0.wp.com\/lasprimeras.com.do\/wp-content\/uploads\/2023\/11\/PhotoFrame-2.jpg?resize=350%2C200&ssl=1","width":350,"height":200,"srcset":"https:\/\/i0.wp.com\/lasprimeras.com.do\/wp-content\/uploads\/2023\/11\/PhotoFrame-2.jpg?resize=350%2C200&ssl=1 1x, https:\/\/i0.wp.com\/lasprimeras.com.do\/wp-content\/uploads\/2023\/11\/PhotoFrame-2.jpg?resize=525%2C300&ssl=1 1.5x"},"classes":[]},{"id":72883,"url":"https:\/\/lasprimeras.com.do\/index.php\/2024\/01\/04\/jamaica-entrena-primeros-agentes-haiti-por-bandas\/","url_meta":{"origin":100954,"position":2},"title":"Jamaica entrena primeros agentes Hait\u00ed por bandas","author":"BIMARY DE JES\u00daS Matos","date":"4 de enero de 2024","format":false,"excerpt":"PUERTO PR\u00cdNCIPE.-Apoyo. Jamaica tiene listo el primer grupo de agentes haitianos que fue entrenado para enfrentar a las bandas armadas, como parte de la cooperaci\u00f3n que ser\u00e1 ofrecida a trav\u00e9s de una misi\u00f3n que liderar\u00e1 Kenia, con el despliegue de alrededor de 5 mil miembros de doce pa\u00edses aprobado por\u2026","rel":"","context":"En \u00abPORTADA\u00bb","block_context":{"text":"PORTADA","link":"https:\/\/lasprimeras.com.do\/index.php\/category\/portada\/"},"img":{"alt_text":"","src":"https:\/\/i0.wp.com\/lasprimeras.com.do\/wp-content\/uploads\/2024\/01\/WhatsApp-Image-2024-01-03-at-11.55.29-PM.webp?resize=350%2C200&ssl=1","width":350,"height":200,"srcset":"https:\/\/i0.wp.com\/lasprimeras.com.do\/wp-content\/uploads\/2024\/01\/WhatsApp-Image-2024-01-03-at-11.55.29-PM.webp?resize=350%2C200&ssl=1 1x, https:\/\/i0.wp.com\/lasprimeras.com.do\/wp-content\/uploads\/2024\/01\/WhatsApp-Image-2024-01-03-at-11.55.29-PM.webp?resize=525%2C300&ssl=1 1.5x"},"classes":[]},{"id":79074,"url":"https:\/\/lasprimeras.com.do\/index.php\/2024\/03\/23\/el-terror-y-la-muerte-protagonizan-la-vida-en-la-capital-de-haiti\/","url_meta":{"origin":100954,"position":3},"title":"El terror y la muerte protagonizan la vida en la capital de Hait\u00ed","author":"Juana Mercedes","date":"23 de marzo de 2024","format":false,"excerpt":"La capital de Hait\u00ed\u00a0sigue inmersa en la violencia, con una docena de cuerpos esparcidos por las calles, muchos de ellos quemados, en una semana en la que se suceden los enfrentamientos entre la\u00a0Polic\u00eda y las bandas armadas\u00a0y cuando avanza la constituci\u00f3n del consejo presidencial de transici\u00f3n. Actualmente la zona m\u00e1s\u2026","rel":"","context":"En \u00abSin categor\u00eda\u00bb","block_context":{"text":"Sin categor\u00eda","link":"https:\/\/lasprimeras.com.do\/index.php\/category\/sin-categoria\/"},"img":{"alt_text":"pandillas","src":"https:\/\/i0.wp.com\/lasprimeras.com.do\/wp-content\/uploads\/2024\/03\/Puerto-Principe-2_0.jpg?resize=350%2C200&ssl=1","width":350,"height":200,"srcset":"https:\/\/i0.wp.com\/lasprimeras.com.do\/wp-content\/uploads\/2024\/03\/Puerto-Principe-2_0.jpg?resize=350%2C200&ssl=1 1x, https:\/\/i0.wp.com\/lasprimeras.com.do\/wp-content\/uploads\/2024\/03\/Puerto-Principe-2_0.jpg?resize=525%2C300&ssl=1 1.5x, https:\/\/i0.wp.com\/lasprimeras.com.do\/wp-content\/uploads\/2024\/03\/Puerto-Principe-2_0.jpg?resize=700%2C400&ssl=1 2x, https:\/\/i0.wp.com\/lasprimeras.com.do\/wp-content\/uploads\/2024\/03\/Puerto-Principe-2_0.jpg?resize=1050%2C600&ssl=1 3x"},"classes":[]},{"id":93964,"url":"https:\/\/lasprimeras.com.do\/index.php\/2025\/02\/23\/bandas-armadas-causan-muerte-de-otro-policia-keniano-en-haiti\/","url_meta":{"origin":100954,"position":4},"title":"Bandas armadas causan muerte de otro polic\u00eda keniano en Hait\u00ed","author":"Nelson Feliz","date":"23 de febrero de 2025","format":false,"excerpt":"El oficial fue herido en Pont Sonde, en el municipio de Saint-Marc, a unos 100 kil\u00f3metros de Puerto Pr\u00edncipe. Puerto Pr\u00edncipe, Hait\u00ed, AFP.-. Uno de los oficiales kenianos de la Fuerza Multinacional de Apoyo a la Seguridad en Hait\u00ed (MSS) result\u00f3 herido de bala este domingo en Pont Sonde, en\u2026","rel":"","context":"En \u00abINTERNACIONALES\u00bb","block_context":{"text":"INTERNACIONALES","link":"https:\/\/lasprimeras.com.do\/index.php\/category\/sin-categoria\/internacionales\/"},"img":{"alt_text":"","src":"https:\/\/i0.wp.com\/lasprimeras.com.do\/wp-content\/uploads\/2025\/02\/bandas-1.jpeg?resize=350%2C200&ssl=1","width":350,"height":200,"srcset":"https:\/\/i0.wp.com\/lasprimeras.com.do\/wp-content\/uploads\/2025\/02\/bandas-1.jpeg?resize=350%2C200&ssl=1 1x, https:\/\/i0.wp.com\/lasprimeras.com.do\/wp-content\/uploads\/2025\/02\/bandas-1.jpeg?resize=525%2C300&ssl=1 1.5x, https:\/\/i0.wp.com\/lasprimeras.com.do\/wp-content\/uploads\/2025\/02\/bandas-1.jpeg?resize=700%2C400&ssl=1 2x"},"classes":[]},{"id":75021,"url":"https:\/\/lasprimeras.com.do\/index.php\/2024\/01\/28\/haiti-espera-un-resultado-rapido-y-positivo-sobre-mision-multinacional-ofrecida-por-kenia\/","url_meta":{"origin":100954,"position":5},"title":"Hait\u00ed espera un resultado r\u00e1pido y positivo sobre misi\u00f3n multinacional ofrecida por Kenia","author":"Nelson Feliz","date":"28 de enero de 2024","format":false,"excerpt":"Frente a las amenazas de bandas armadas que siguen sembrando el p\u00e1nico, \"no es el momento de aventurerismos. Puerto Pr\u00edncipe.- El Gobierno haitiano dijo este domingo que espera un resultado \u00abr\u00e1pido y positivo\u00bb sobre la misi\u00f3n multinacional que Kenia se ha ofrecido liderar para ayudar a combatir la violencia en\u2026","rel":"","context":"En \u00abSin categor\u00eda\u00bb","block_context":{"text":"Sin categor\u00eda","link":"https:\/\/lasprimeras.com.do\/index.php\/category\/sin-categoria\/"},"img":{"alt_text":"Haitianos","src":"https:\/\/i0.wp.com\/lasprimeras.com.do\/wp-content\/uploads\/2024\/01\/Haitianos-1.jpg?resize=350%2C200&ssl=1","width":350,"height":200,"srcset":"https:\/\/i0.wp.com\/lasprimeras.com.do\/wp-content\/uploads\/2024\/01\/Haitianos-1.jpg?resize=350%2C200&ssl=1 1x, https:\/\/i0.wp.com\/lasprimeras.com.do\/wp-content\/uploads\/2024\/01\/Haitianos-1.jpg?resize=525%2C300&ssl=1 1.5x, https:\/\/i0.wp.com\/lasprimeras.com.do\/wp-content\/uploads\/2024\/01\/Haitianos-1.jpg?resize=700%2C400&ssl=1 2x"},"classes":[]}],"jetpack_sharing_enabled":true,"_links":{"self":[{"href":"https:\/\/lasprimeras.com.do\/index.php\/wp-json\/wp\/v2\/posts\/100954","targetHints":{"allow":["GET"]}}],"collection":[{"href":"https:\/\/lasprimeras.com.do\/index.php\/wp-json\/wp\/v2\/posts"}],"about":[{"href":"https:\/\/lasprimeras.com.do\/index.php\/wp-json\/wp\/v2\/types\/post"}],"author":[{"embeddable":true,"href":"https:\/\/lasprimeras.com.do\/index.php\/wp-json\/wp\/v2\/users\/2"}],"replies":[{"embeddable":true,"href":"https:\/\/lasprimeras.com.do\/index.php\/wp-json\/wp\/v2\/comments?post=100954"}],"version-history":[{"count":1,"href":"https:\/\/lasprimeras.com.do\/index.php\/wp-json\/wp\/v2\/posts\/100954\/revisions"}],"predecessor-version":[{"id":100956,"href":"https:\/\/lasprimeras.com.do\/index.php\/wp-json\/wp\/v2\/posts\/100954\/revisions\/100956"}],"wp:featuredmedia":[{"embeddable":true,"href":"https:\/\/lasprimeras.com.do\/index.php\/wp-json\/wp\/v2\/media\/100955"}],"wp:attachment":[{"href":"https:\/\/lasprimeras.com.do\/index.php\/wp-json\/wp\/v2\/media?parent=100954"}],"wp:term":[{"taxonomy":"category","embeddable":true,"href":"https:\/\/lasprimeras.com.do\/index.php\/wp-json\/wp\/v2\/categories?post=100954"},{"taxonomy":"post_tag","embeddable":true,"href":"https:\/\/lasprimeras.com.do\/index.php\/wp-json\/wp\/v2\/tags?post=100954"}],"curies":[{"name":"wp","href":"https:\/\/api.w.org\/{rel}","templated":true}]}}