{"id":101006,"date":"2025-06-14T21:39:55","date_gmt":"2025-06-15T01:39:55","guid":{"rendered":"https:\/\/lasprimeras.com.do\/?p=101006"},"modified":"2025-06-14T21:39:56","modified_gmt":"2025-06-15T01:39:56","slug":"muere-a-los-95-anos-violeta-barrios-de-chamorro-expresidenta-de-nicaragua","status":"publish","type":"post","link":"https:\/\/lasprimeras.com.do\/index.php\/2025\/06\/14\/muere-a-los-95-anos-violeta-barrios-de-chamorro-expresidenta-de-nicaragua\/","title":{"rendered":"Muere a los 95 a\u00f1os Violeta Barrios de Chamorro, expresidenta de Nicaragua"},"content":{"rendered":"\n<p>Por Djenane Villanueva,<br>CNN en Espa\u00f1ol<\/p>\n\n\n\n<p>La expresidenta de Nicaragua Violeta Barrios de Chamorro falleci\u00f3 este s\u00e1bado en San Jos\u00e9, la capital de Costa Rica en horas de la madrugada, seg\u00fan un comunicado de su familia que comparti\u00f3 en la red social X su hijo Carlos F. Chamorro.<\/p>\n\n\n\n<p>CNN hace esfuerzos por contactar directamente a sus familiares y est\u00e1 en contacto con su c\u00edrculo cercano.<\/p>\n\n\n\n<p>Barrios de Chamorro fue la primera mujer en Latinoam\u00e9rica en ser elegida directamente por votaci\u00f3n presidenta en 1990, cargo que asumi\u00f3 como representante de UNO, una coalici\u00f3n opositora al Frente Sandinista de Liberaci\u00f3n Nacional (FSLN).<\/p>\n\n\n\n<p>\u201cLa familia Chamorro Barrios informa que nuestra madre Violeta Barrios de Chamorro, Ex presidenta de Nicaragua falleci\u00f3 hoy 14 de junio de 2025 a las 2:21 de la madrugada en San Jos\u00e9 de Costa Rica, a la edad de 95 a\u00f1os, despu\u00e9s de una larga enfermedad\u201d, dice el mensaje que tambi\u00e9n circul\u00f3 entre exiliados nicarag\u00fcenses que viven en Costa Rica.<\/p>\n\n\n\n<p>As\u00ed lo confirm\u00f3 Elvira Cuadra, que desde finales de 2018 dirige el Centro de Estudios Transdisciplinarios de Centroam\u00e9rica desde Costa Rica.<\/p>\n\n\n\n<p>Venezolanos caminan hacia un centro de procesamiento de la Patrulla Fronteriza de Estados Unidos despu\u00e9s de cruzar el r\u00edo Grande y el alambre de p\u00faas para cruzar a Eagle Pass, Texas, el 25 de septiembre de 2023.<\/p>\n\n\n\n<p>El comunicado enviado por la familia de Barrios de Chamorro destaca que \u201cDo\u00f1a Violeta falleci\u00f3 en paz, rodeada del cari\u00f1o y del amor de sus hijos y de las personas que le brindaron un cuido extraordinario, y ahora se encuentra en la paz del Se\u00f1or\u201d.<\/p>\n\n\n\n<p>Tambi\u00e9n, se\u00f1ala el comunicado que en las pr\u00f3ximas horas se informar\u00e1 \u201csobre la ceremonia religiosa que se realizar\u00e1 en San Jos\u00e9, para celebrar su vida de amor y generosidad con su familia y su querida patria Nicaragua\u201d.<\/p>\n\n\n\n<p>Sus restos \u201cdescansar\u00e1n temporalmente en San Jos\u00e9, Costa Rica, hasta que Nicaragua vuelva a ser Rep\u00fablica, y su legado patri\u00f3tico pueda ser honrado en un pa\u00eds libre y democr\u00e1tico\u201d, expresa el mensaje.<\/p>\n\n\n\n<p>La familia tambi\u00e9n agradeci\u00f3 a los \u201cnicarag\u00fcenses, en todas partes del mundo, por sus oraciones y su solidaridad, y especialmente al pueblo y al Gobierno de Costa Rica, que la acogi\u00f3 durante estos \u00faltimos a\u00f1os de su vida\u201d.<\/p>\n\n\n\n<p>Presidenta de Nicaragua entre 1990 y 1997, Barrios de Chamorro fue trasladada en octubre de 2023 de Managua a San Jos\u00e9.<\/p>\n\n\n\n<p>Entonces, un comunicado de la familia explic\u00f3 que, despu\u00e9s de sufrir un accidente cerebrovascular en 2018, la exmandataria hab\u00eda permanecido en su residencia en Las Palmas, en la capital nicarag\u00fcense.<\/p>\n\n\n\n<p>Cuadra destac\u00f3 el gran legado que deja Violeta Barrios en la regi\u00f3n, como la \u201cpresidenta de la paz\u201d.<\/p>\n\n\n\n<p>Agreg\u00f3 que la expresidenta hizo posible el fin \u201cdel largo conflicto interno nicarag\u00fcense desde los a\u00f1os ochenta y abrir la transici\u00f3n democr\u00e1tica, hacia el restablecimiento de los derechos y libertades fundamentales de Nicaragua.<\/p>\n\n\n\n<p>Ella cerr\u00f3 su presidencia dando espacio a otros liderazgos pol\u00edticos, lo que existe hoy en Nicaragua es abismalmente opuesto a lo que Do\u00f1a Violeta quer\u00eda\u201d, enfatiz\u00f3 Cuadra.<\/p>\n","protected":false},"excerpt":{"rendered":"<p>Por Djenane Villanueva,CNN en Espa\u00f1ol La expresidenta de Nicaragua Violeta Barrios de Chamorro falleci\u00f3 este s\u00e1bado en San Jos\u00e9, la capital de Costa Rica en horas de la madrugada, seg\u00fan&hellip;<\/p>\n","protected":false},"author":2,"featured_media":101007,"comment_status":"open","ping_status":"open","sticky":false,"template":"","format":"standard","meta":{"content-type":"","jetpack_post_was_ever_published":false,"_jetpack_newsletter_access":"","_jetpack_dont_email_post_to_subs":false,"_jetpack_newsletter_tier_id":0,"_jetpack_memberships_contains_paywalled_content":false,"_jetpack_memberships_contains_paid_content":false,"footnotes":""},"categories":[16289],"tags":[16632,2633,650,3477,20555],"class_list":["post-101006","post","type-post","status-publish","format-standard","has-post-thumbnail","hentry","category-internacionales","tag-95-anos","tag-expresidenta","tag-muere","tag-nicaragua","tag-violeta-barrios-de-chamorro"],"jetpack_featured_media_url":"https:\/\/lasprimeras.com.do\/wp-content\/uploads\/2025\/06\/Violeta-Barrios-de-Chamorro.jpg","jetpack-related-posts":[{"id":101244,"url":"https:\/\/lasprimeras.com.do\/index.php\/2025\/06\/17\/senado-aprueba-en-primera-lectura-las-modificaciones-a-la-ley-498-que-crea-la-caasd\/","url_meta":{"origin":101006,"position":0},"title":"Senado aprueba en primera lectura las modificaciones a la Ley 498 que crea la CAASD","author":"Nelson Feliz","date":"17 de junio de 2025","format":false,"excerpt":"El Senado de la Rep\u00fablica aprob\u00f3 en primera lectura el proyecto de modificaci\u00f3n de la Ley 498 que crea la Corporaci\u00f3n de Acueductos y Alcantarillados de Santo Domingo (CAASD), remitida por el Poder Ejecutivo. Esta pieza legislativa fue modificada en los art\u00edculos 14, 19, y 20. La misma tiene el\u2026","rel":"","context":"En \u00abNACIONALES\u00bb","block_context":{"text":"NACIONALES","link":"https:\/\/lasprimeras.com.do\/index.php\/category\/nacionales\/"},"img":{"alt_text":"","src":"https:\/\/i0.wp.com\/lasprimeras.com.do\/wp-content\/uploads\/2025\/06\/senado-2.jpg?resize=350%2C200&ssl=1","width":350,"height":200,"srcset":"https:\/\/i0.wp.com\/lasprimeras.com.do\/wp-content\/uploads\/2025\/06\/senado-2.jpg?resize=350%2C200&ssl=1 1x, https:\/\/i0.wp.com\/lasprimeras.com.do\/wp-content\/uploads\/2025\/06\/senado-2.jpg?resize=525%2C300&ssl=1 1.5x, https:\/\/i0.wp.com\/lasprimeras.com.do\/wp-content\/uploads\/2025\/06\/senado-2.jpg?resize=700%2C400&ssl=1 2x"},"classes":[]},{"id":72693,"url":"https:\/\/lasprimeras.com.do\/index.php\/2024\/01\/02\/cinco-perros-rottweiler-matan-a-su-dueno-en-su-casa-en-nicaragua-tras-no-reconocerlo\/","url_meta":{"origin":101006,"position":1},"title":"Cinco perros rottweiler matan a su due\u00f1o en su casa en Nicaragua tras no reconocerlo","author":"Nelson Feliz","date":"2 de enero de 2024","format":false,"excerpt":"El pasado jueves 28 de diciembre, la nicarag\u00fcense Ana Rosa Aguilera Bland\u00f3n, de 83 a\u00f1os, falleci\u00f3 tras ser atacada por su propio perro, de raza pitbull, tambi\u00e9n en su casa. San Jos\u00e9, EFE.-. El nicarag\u00fcense Augusto Jos\u00e9 Garc\u00eda, de 21 a\u00f1os, falleci\u00f3 este lunes a consecuencia de las heridas que\u2026","rel":"","context":"En \u00abSin categor\u00eda\u00bb","block_context":{"text":"Sin categor\u00eda","link":"https:\/\/lasprimeras.com.do\/index.php\/category\/sin-categoria\/"},"img":{"alt_text":"","src":"https:\/\/i0.wp.com\/lasprimeras.com.do\/wp-content\/uploads\/2024\/01\/perros.png?resize=350%2C200&ssl=1","width":350,"height":200,"srcset":"https:\/\/i0.wp.com\/lasprimeras.com.do\/wp-content\/uploads\/2024\/01\/perros.png?resize=350%2C200&ssl=1 1x, https:\/\/i0.wp.com\/lasprimeras.com.do\/wp-content\/uploads\/2024\/01\/perros.png?resize=525%2C300&ssl=1 1.5x, https:\/\/i0.wp.com\/lasprimeras.com.do\/wp-content\/uploads\/2024\/01\/perros.png?resize=700%2C400&ssl=1 2x"},"classes":[]},{"id":69956,"url":"https:\/\/lasprimeras.com.do\/index.php\/2023\/12\/06\/la-corteidh-puede-elevar-a-la-oea-el-incumplimiento-de-peru-tras-liberacion-de-fujimori\/","url_meta":{"origin":101006,"position":2},"title":"La CorteIDH puede elevar a la OEA el incumplimiento de Per\u00fa tras liberaci\u00f3n de Fujimori","author":"Nelson Feliz","date":"6 de diciembre de 2023","format":false,"excerpt":"Fujimori sali\u00f3 de prisi\u00f3n en cumplimiento de una orden del Tribunal Constitucional, a pesar CorteIDH orden\u00f3 no acatarla. Per\u00fa, EFE - La Corte Interamericana de Derechos Humanos (CorteIDH) puede elevar a la Organizaci\u00f3n de Estados Americanos (OEA) el incumplimiento de Per\u00fa de este mi\u00e9rcoles a su orden de no liberar\u2026","rel":"","context":"En \u00abSin categor\u00eda\u00bb","block_context":{"text":"Sin categor\u00eda","link":"https:\/\/lasprimeras.com.do\/index.php\/category\/sin-categoria\/"},"img":{"alt_text":"Alberto Fujimori","src":"https:\/\/i0.wp.com\/lasprimeras.com.do\/wp-content\/uploads\/2023\/12\/Alberto-Fujimori.jpg?resize=350%2C200&ssl=1","width":350,"height":200,"srcset":"https:\/\/i0.wp.com\/lasprimeras.com.do\/wp-content\/uploads\/2023\/12\/Alberto-Fujimori.jpg?resize=350%2C200&ssl=1 1x, https:\/\/i0.wp.com\/lasprimeras.com.do\/wp-content\/uploads\/2023\/12\/Alberto-Fujimori.jpg?resize=525%2C300&ssl=1 1.5x, https:\/\/i0.wp.com\/lasprimeras.com.do\/wp-content\/uploads\/2023\/12\/Alberto-Fujimori.jpg?resize=700%2C400&ssl=1 2x"},"classes":[]},{"id":86758,"url":"https:\/\/lasprimeras.com.do\/index.php\/2024\/08\/01\/hombre-de-58-anos-muere-tras-colision-con-minibus-en-barrio-mexico\/","url_meta":{"origin":101006,"position":3},"title":"Hombre de 58 a\u00f1os muere tras colisi\u00f3n con minib\u00fas en barrio M\u00e9xico","author":"Nelson Feliz","date":"1 de agosto de 2024","format":false,"excerpt":"Un hombre identificado como Pedro Grull\u00f3n (conocido como \u201cPedrito\u201d), de 58 a\u00f1os, perdi\u00f3 la vida despu\u00e9s de ser impactado por un minib\u00fas conducido por una mujer de nacionalidad china en San Pedro de Macor\u00eds. El accidente ocurri\u00f3 en la intersecci\u00f3n de las calles Danilo Mendoza y Romana Gonz\u00e1lez. Frente a\u2026","rel":"","context":"En \u00abNACIONALES\u00bb","block_context":{"text":"NACIONALES","link":"https:\/\/lasprimeras.com.do\/index.php\/category\/nacionales\/"},"img":{"alt_text":"","src":"https:\/\/i0.wp.com\/lasprimeras.com.do\/wp-content\/uploads\/2024\/07\/muere.png?resize=350%2C200&ssl=1","width":350,"height":200,"srcset":"https:\/\/i0.wp.com\/lasprimeras.com.do\/wp-content\/uploads\/2024\/07\/muere.png?resize=350%2C200&ssl=1 1x, https:\/\/i0.wp.com\/lasprimeras.com.do\/wp-content\/uploads\/2024\/07\/muere.png?resize=525%2C300&ssl=1 1.5x"},"classes":[]},{"id":89815,"url":"https:\/\/lasprimeras.com.do\/index.php\/2024\/10\/06\/el-gobierno-de-biden-no-extendera-el-estatus-legal-para-ciertos-inmigrantes-de-nicaragua-cuba-venezuela-y-haiti\/","url_meta":{"origin":101006,"position":4},"title":"El Gobierno de Biden no extender\u00e1 el estatus legal para ciertos inmigrantes de Nicaragua, Cuba, Venezuela y Hait\u00ed","author":"Nelson Feliz","date":"6 de octubre de 2024","format":false,"excerpt":"Priscilla \u00c1lvarez (CNN) -- El Gobierno de Joe Biden no extender\u00e1 los permisos legales para ciertos inmigrantes de Nicaragua, Cuba, Venezuela y Hait\u00ed proporcionados a trav\u00e9s de un programa humanitario temporal dise\u00f1ado para frenar los cruces ilegales de fronteras, requiriendo que busquen otros medios legales para permanecer en Estados Unidos,\u2026","rel":"","context":"En \u00abSin categor\u00eda\u00bb","block_context":{"text":"Sin categor\u00eda","link":"https:\/\/lasprimeras.com.do\/index.php\/category\/sin-categoria\/"},"img":{"alt_text":"Joe Biden","src":"https:\/\/i0.wp.com\/lasprimeras.com.do\/wp-content\/uploads\/2024\/07\/Joe-Biden-2.jpg?resize=350%2C200&ssl=1","width":350,"height":200,"srcset":"https:\/\/i0.wp.com\/lasprimeras.com.do\/wp-content\/uploads\/2024\/07\/Joe-Biden-2.jpg?resize=350%2C200&ssl=1 1x, https:\/\/i0.wp.com\/lasprimeras.com.do\/wp-content\/uploads\/2024\/07\/Joe-Biden-2.jpg?resize=525%2C300&ssl=1 1.5x, https:\/\/i0.wp.com\/lasprimeras.com.do\/wp-content\/uploads\/2024\/07\/Joe-Biden-2.jpg?resize=700%2C400&ssl=1 2x"},"classes":[]},{"id":107039,"url":"https:\/\/lasprimeras.com.do\/index.php\/2025\/08\/22\/cmd-exalta-a-juan-fco-batlle-miguel-a-montalvo-y-violeta-nunez-como-maestros-de-la-medicina-dominicana\/","url_meta":{"origin":101006,"position":5},"title":"CMD exalta a Juan Fco. Batlle, Miguel A. Montalvo y Violeta N\u00fa\u00f1ez como \u201cMaestros de la Medicina Dominicana\u201d","author":"Nelson Feliz","date":"22 de agosto de 2025","format":false,"excerpt":"En una solemne ceremonia celebrada en el marco de su 134 aniversario, el Colegio M\u00e9dico Dominicano (CMD) otorg\u00f3 su m\u00e1ximo galard\u00f3n, \u201cMaestro de la Medicina Dominicana\u201d, a tres insignes profesionales por sus extraordinarias trayectorias y aportes a la ciencia y la salud del pa\u00eds. Los doctores Juan Francisco Batlle Pichardo,\u2026","rel":"","context":"En \u00abPORTADA\u00bb","block_context":{"text":"PORTADA","link":"https:\/\/lasprimeras.com.do\/index.php\/category\/portada\/"},"img":{"alt_text":"","src":"https:\/\/i0.wp.com\/lasprimeras.com.do\/wp-content\/uploads\/2025\/08\/CMD-1.jpg?resize=350%2C200&ssl=1","width":350,"height":200,"srcset":"https:\/\/i0.wp.com\/lasprimeras.com.do\/wp-content\/uploads\/2025\/08\/CMD-1.jpg?resize=350%2C200&ssl=1 1x, https:\/\/i0.wp.com\/lasprimeras.com.do\/wp-content\/uploads\/2025\/08\/CMD-1.jpg?resize=525%2C300&ssl=1 1.5x, https:\/\/i0.wp.com\/lasprimeras.com.do\/wp-content\/uploads\/2025\/08\/CMD-1.jpg?resize=700%2C400&ssl=1 2x"},"classes":[]}],"jetpack_sharing_enabled":true,"_links":{"self":[{"href":"https:\/\/lasprimeras.com.do\/index.php\/wp-json\/wp\/v2\/posts\/101006","targetHints":{"allow":["GET"]}}],"collection":[{"href":"https:\/\/lasprimeras.com.do\/index.php\/wp-json\/wp\/v2\/posts"}],"about":[{"href":"https:\/\/lasprimeras.com.do\/index.php\/wp-json\/wp\/v2\/types\/post"}],"author":[{"embeddable":true,"href":"https:\/\/lasprimeras.com.do\/index.php\/wp-json\/wp\/v2\/users\/2"}],"replies":[{"embeddable":true,"href":"https:\/\/lasprimeras.com.do\/index.php\/wp-json\/wp\/v2\/comments?post=101006"}],"version-history":[{"count":1,"href":"https:\/\/lasprimeras.com.do\/index.php\/wp-json\/wp\/v2\/posts\/101006\/revisions"}],"predecessor-version":[{"id":101008,"href":"https:\/\/lasprimeras.com.do\/index.php\/wp-json\/wp\/v2\/posts\/101006\/revisions\/101008"}],"wp:featuredmedia":[{"embeddable":true,"href":"https:\/\/lasprimeras.com.do\/index.php\/wp-json\/wp\/v2\/media\/101007"}],"wp:attachment":[{"href":"https:\/\/lasprimeras.com.do\/index.php\/wp-json\/wp\/v2\/media?parent=101006"}],"wp:term":[{"taxonomy":"category","embeddable":true,"href":"https:\/\/lasprimeras.com.do\/index.php\/wp-json\/wp\/v2\/categories?post=101006"},{"taxonomy":"post_tag","embeddable":true,"href":"https:\/\/lasprimeras.com.do\/index.php\/wp-json\/wp\/v2\/tags?post=101006"}],"curies":[{"name":"wp","href":"https:\/\/api.w.org\/{rel}","templated":true}]}}