{"id":101024,"date":"2025-06-15T10:11:44","date_gmt":"2025-06-15T14:11:44","guid":{"rendered":"https:\/\/lasprimeras.com.do\/?p=101024"},"modified":"2025-06-15T10:11:46","modified_gmt":"2025-06-15T14:11:46","slug":"las-protestas-contra-trump-llenan-calles-parques-y-plazas-en-todo-eeuu","status":"publish","type":"post","link":"https:\/\/lasprimeras.com.do\/index.php\/2025\/06\/15\/las-protestas-contra-trump-llenan-calles-parques-y-plazas-en-todo-eeuu\/","title":{"rendered":"Las protestas contra Trump llenan calles, parques y plazas en todo EEUU"},"content":{"rendered":"\n<p>POR MARC LEVY, CLAUDIA LAUER and JIM VERTUNO<\/p>\n\n\n\n<p>FILADELFIA (AP) \u2014 Grandes multitudes de manifestantes llenaron calles, parques y plazas el s\u00e1bado en diversas partes de Estados Unidos para manifestarse contra el presidente Donald Trump, marchando por los centros de las ciudades y pueblos peque\u00f1os, coreando mensajes antiautoritarios combinados con el apoyo a la protecci\u00f3n de la democracia y los derechos de los inmigrantes.<\/p>\n\n\n\n<p>Los organizadores de las manifestaciones \u201cNo Kings\u201d (\u201cSin reyes\u201d) dijeron que millones de personas participaron en cientos de eventos. Los gobernadores de todo el pa\u00eds pidieron calma y prometieron no tolerar la violencia, y algunos movilizaron tropas de la Guardia Nacional antes de que los manifestantes se reunieran.<\/p>\n\n\n\n<p>Las confrontaciones fueron aisladas. Sin embargo, la polic\u00eda en Los \u00c1ngeles, donde hace una semana estallaron protestas por las redadas federales de inmigraci\u00f3n y provocaron manifestaciones en todo el pa\u00eds, utiliz\u00f3 gas lacrim\u00f3geno y municiones de control de multitudes para dispersar a los manifestantes despu\u00e9s de que el evento formal termin\u00f3.<\/p>\n\n\n\n<p>Las autoridades en Portland tambi\u00e9n dispararon gas lacrim\u00f3geno y proyectiles para dispersar a una multitud que protestaba frente a un edificio de la agencia de Inmigraci\u00f3n y Control de Aduanas hasta bien entrada la noche.<\/p>\n\n\n\n<p>Y en Salt Lake City, Utah, la polic\u00eda dijo que est\u00e1n investigando un tiroteo durante una marcha por el centro de la ciudad que dej\u00f3 un herido grave. Tres personas fueron detenidas, incluido un hombre que se cree que es el tirador, quien tambi\u00e9n sufri\u00f3 una herida de bala , seg\u00fan el jefe de polic\u00eda Brian Redd.<\/p>\n\n\n\n<p>Redd dijo que era demasiado pronto para saber si el tiroteo ten\u00eda motivaciones pol\u00edticas y si los implicados se conoc\u00edan. El tirador parec\u00eda estar caminando junto al grupo de miles que marchaban, agreg\u00f3. Las im\u00e1genes de video mostraban a los manifestantes corriendo para ponerse a salvo mientras se o\u00edan disparos.<\/p>\n\n\n\n<p>Enormes y bulliciosas multitudes marcharon, bailaron, tocaron tambores y corearon hombro con hombro en Nueva York, Denver, Chicago, Austin y Los \u00c1ngeles, algunas detr\u00e1s de pancartas que dec\u00edan \u201cNo Kings\u201d.<\/p>\n\n\n\n<p>El evento de Atlanta, con capacidad para 5.000 personas, r\u00e1pidamente alcanz\u00f3 su l\u00edmite, mientras miles de manifestantes m\u00e1s se congregaban afuera de la barrera para escuchar a los oradores frente al Capitolio estatal.<\/p>\n\n\n\n<p>Funcionarios en Seattle estimaron que m\u00e1s de 70.000 personas asistieron a la manifestaci\u00f3n m\u00e1s grande de la ciudad en el centro, inform\u00f3 el Seattle Times.<\/p>\n\n\n\n<p>Trump estaba en Washington para presenciar un desfile militar que conmemora el 250mo aniversario del Ej\u00e9rcito, que coincide con su cumplea\u00f1os.<\/p>\n\n\n\n<p>Unos 200 manifestantes se reunieron en Logan Circle, en el noroeste de Washington, y corearon \u201cTrump debe irse ahora\u201d antes de estallar en v\u00edtores.<\/p>\n\n\n\n<p>Una marioneta de gran tama\u00f1o, que caricaturizaba al presidente con una corona y sentado en un retrete dorado, circulaba entre la multitud.<\/p>\n\n\n\n<p>En algunos lugares, los organizadores repartieron banderitas estadounidenses mientras otros ondeaban sus banderas al rev\u00e9s, lo que suele interpretarse como se\u00f1al de auxilio.<\/p>\n\n\n\n<p>Las banderas mexicanas, que se han convertido en un elemento fijo de las protestas en Los \u00c1ngeles contra las redadas de inmigraci\u00f3n, hicieron su aparici\u00f3n el s\u00e1bado en algunas manifestaciones.<\/p>\n\n\n\n<p>En Culpepper, Virginia, la polic\u00eda dijo que una persona fue atropellada por un camioneta cuando un conductor de 21 a\u00f1os aceler\u00f3 intencionalmente su veh\u00edculo hacia la multitud mientras los manifestantes sal\u00edan de un mitin. El conductor fue acusado de conducir imprudentemente.<\/p>\n\n\n\n<p>Las manifestaciones se producen tras las protestas que estallaron en todo el pa\u00eds por las redadas federales de inmigraci\u00f3n que comenzaron la semana pasada y por la orden de Trump de enviar a la Guardia Nacional y los marines a Los \u00c1ngeles, donde los manifestantes bloquearon una autopista y prendieron fuego a varios autos.<\/p>\n\n\n\n<p>\u201cHoy, en estados republicanos y dem\u00f3cratas, en pueblos rurales y grandes ciudades, los estadounidenses se unieron pac\u00edficamente y dejaron claro: no queremos reyes\u201d, dijo la Coalici\u00f3n No Kings en un comunicado emitido el s\u00e1bado por la tarde despu\u00e9s de que muchos eventos hab\u00edan terminado.<\/p>\n\n\n\n<p>Filadelfia<\/p>\n\n\n\n<p>Miles de personas se reunieron en el centro de Love Park, donde los organizadores repartieron banderitas estadounidenses y muchos manifestantes llevaban carteles de protesta con mensajes como \u201cLucha contra la oligarqu\u00eda\u201d y \u201cDeporta a los miniMussolinis\u201d.<\/p>\n\n\n\n<p>Karen Van Trieste, una enfermera de 61 a\u00f1os que condujo desde Maryland, dijo que creci\u00f3 en Filadelfia y quer\u00eda estar con un gran grupo de personas mostrando su apoyo.<\/p>\n\n\n\n<p>\u201cSiento que necesitamos defender nuestra democracia\u201d, expres\u00f3. Le preocupa el despido de personal en los Centros para el Control y la Prevenci\u00f3n de Enfermedades de Estados Unidos (CDC, por sus siglas en ingl\u00e9s) por parte del gobierno de Trump, el destino de las comunidades inmigrantes y el intento de la administraci\u00f3n de gobernar por decreto, coment\u00f3.<\/p>\n\n\n\n<p>Una mujer con una corona de hule espuma de la Estatua de la Libertad llev\u00f3 un sistema de altavoces y dirigi\u00f3 un canto antiTrump, cambiando la palabra \u201cjoven\u201d en la canci\u00f3n \u201cY.M.C.A.\u201d por \u201cestafador\u201d.<\/p>\n\n\n\n<p>\u201cSoy como luce el sue\u00f1o estadounidense exitoso\u201d, dijo C.C. T\u00e9llez, una inmigrante de Bolivia que asisti\u00f3 a la protesta. \u201cHe disfrutado de un gran \u00e9xito aqu\u00ed en Estados Unidos, y tambi\u00e9n he contribuido mucho a mi comunidad. Y si hubo espacio para m\u00ed, creo que hay una manera para que todos los dem\u00e1s tambi\u00e9n pertenezcan aqu\u00ed\u201d.<\/p>\n\n\n\n<p>Los \u00c1ngeles<\/p>\n\n\n\n<p>Miles de personas se reunieron frente al Ayuntamiento, ondeando carteles y escuchando un c\u00edrculo de tambores de ind\u00edgenas antes de marchar por las calles.<\/p>\n\n\n\n<p>Mientras los manifestantes pasaban junto a los miembros de la Guardia Nacional o los marines estadounidenses apostados en varios edificios, la mayor\u00eda de las interacciones fueron amistosas, y algunos manifestantes chocaban los pu\u00f1os o posaban para selfies, pero otros gritaban \u201cqu\u00e9 verg\u00fcenza\u201d o \u201cv\u00e1yanse a casa\u201d a las tropas.<\/p>\n\n\n\n<p>En medio de carteles que dec\u00edan \u201cNos temen, no retrocedas, California\u201d y \u201cLlevamos sue\u00f1os, no peligro\u201d, un manifestante llevaba una pi\u00f1ata de Trump de 60 cent\u00edmetros (2 pies) en un palo, con una corona en la cabeza y un sombrero mexicano colgando de la espalda. Otro levantaba un enorme globo de helio de un beb\u00e9 naranja con cabello rubio peinado como el de Trump.<\/p>\n\n\n\n<p>A unas pocas cuadras del Ayuntamiento, los manifestantes se reunieron frente al centro de detenci\u00f3n federal del centro de la ciudad, custodiado por una fila de marines y otras fuerzas del orden. Fue la primera vez que los marines, con equipo de combate y portando rifles, aparecieron en una manifestaci\u00f3n desde el viernes, cuando fueron desplegados en la ciudad, con la misi\u00f3n declarada de defender la propiedad federal.<\/p>\n\n\n\n<p>Peter Varadi, de 54 a\u00f1os, dijo que vot\u00f3 por Trump en noviembre pasado por \u201crazones econ\u00f3micas\u201d. Ahora, protesta por primera vez en su vida, ondeando una bandera combinada de M\u00e9xico y Estados Unidos.<\/p>\n\n\n\n<p>\u201cVot\u00e9 por Donald Trump, y ahora me arrepiento, porque ha llevado este fascismo a un nuevo nivel\u201d, dijo Varadi. \u201cSon los latinos ahora. \u00bfQui\u00e9n sigue? Los gays. Y despu\u00e9s los negros. Vienen por todos\u201d.<\/p>\n\n\n\n<p>Aun despu\u00e9s de que el evento formal hubo terminado, las calles del centro segu\u00edan llenas de una multitud jubilosa mientras la gente bailaba salsa y com\u00eda hot dogs y helados comprados a vendedores, muchos de los cuales son inmigrantes latinos. Pero la manifestaci\u00f3n, previamente tranquila, se convirti\u00f3 en un enfrentamiento cuando la polic\u00eda a caballo avanz\u00f3 hacia la multitud y golpe\u00f3 a algunas personas con varas de madera y porras mientras despejaban la calle frente al edificio federal.<\/p>\n\n\n\n<p>Ciudad de Nueva York<\/p>\n\n\n\n<p>Los miembros de la multitud que se extend\u00eda por varias cuadras a lo largo de la Quinta Avenida ten\u00edan diversas razones para asistir, entre ellas, la molestia por las pol\u00edticas de inmigraci\u00f3n de Trump, el apoyo al pueblo palestino y la indignaci\u00f3n por lo que, dijeron, era la erosi\u00f3n de los derechos de libertad de expresi\u00f3n.<\/p>\n\n\n\n<p>Pero tambi\u00e9n hubo s\u00edmbolos patriotas. Leah Griswold, de 32 a\u00f1os, y Amber Laree, de 59, que marcharon con vestidos blancos de sufragistas, llevaron 250 banderas estadounidenses para repartir entre la multitud.<\/p>\n\n\n\n<p>\u201cNuestras madres que dieron la cara lucharon por nuestros derechos, y ahora luchamos tambi\u00e9n por las futuras generaciones\u201d, dijo Griswold.<\/p>\n\n\n\n<p>Algunos manifestantes llevaban carteles con cr\u00edticas a Trump mientras otros tocaban tambores.<\/p>\n\n\n\n<p>\u201cEstamos aqu\u00ed porque nos preocupa la crisis existencial de este pa\u00eds, del planeta y de nuestra especie\u201d, dijo Sean Kryston, de 28 a\u00f1os.<\/p>\n\n\n\n<p>Minnesota<\/p>\n\n\n\n<p>El gobernador Tim Walz y las fuerzas policiales alentaron a la gente a no asistir a las manifestaciones \u201cpor precauci\u00f3n\u201d tras los ataques con arma de fuego contra los legisladores estatales dem\u00f3cratas.<\/p>\n\n\n\n<p>Decenas de eventos fueron cancelados pero, aun as\u00ed, miles de personas asistieron a las manifestaciones en Duluth, Rochester y St. Paul, que incluyeron una marcha hacia el Capitolio estatal. Walz cancel\u00f3 su aparici\u00f3n programada en el evento de St. Paul.<\/p>\n\n\n\n<p>Las autoridades dijeron que el sospechoso ten\u00eda volantes de \u201cNo Kings\u201d en su coche y escritos que mencionaban los nombres de las v\u00edctimas, as\u00ed como de otros legisladores y funcionarios, aunque no pudieron decir si ten\u00eda otros objetivos espec\u00edficos.<\/p>\n\n\n\n<p>Seda Heng, de 29 a\u00f1os, de Rochester, dijo que se sent\u00eda desconsolada por los tiroteos, pero, aun as\u00ed, quer\u00eda unirse a la manifestaci\u00f3n. \u201cEstas personas tratan de hacer lo que pueden por sus comunidades, por el estado, por la naci\u00f3n\u201d, declar\u00f3 al Minnesota Star-Tribune.<\/p>\n\n\n\n<p>Carolina del Norte<\/p>\n\n\n\n<p>Las multitudes aplaudieron a los oradores contrarios a Trump en el First Ward Park de Charlotte antes de marchar, coreando \u201cSin reyes. Sin coronas. No nos inclinaremos\u201d.<\/p>\n\n\n\n<p>Los manifestantes se extendieron por varias manzanas, liderados por un grupo de personas que sosten\u00edan una enorme bandera mexicana y espectadores animando y aplaudiendo a los manifestantes a lo largo del camino.<\/p>\n\n\n\n<p>Jocelyn Abarca, una estudiante universitaria de 21 a\u00f1os, dijo que la protesta fue una oportunidad para \u201clevantar la voz por lo que es correcto\u201d tras las deportaciones masivas y el despliegue de la Guardia Nacional para lidiar con los manifestantes en Los \u00c1ngeles la semana pasada.<\/p>\n\n\n\n<p>\u201cSi no lo detenemos ahora, no har\u00e1 m\u00e1s que empeorar\u201d, dijo.<\/p>\n\n\n\n<p>Naomi Mena viaj\u00f3 una hora para manifestarse en Charlotte y representar a sus \u201camigos y familiares que, lamentablemente, no pueden tener una voz en p\u00fablico ahora\u201d para mantenerse seguros.<\/p>\n\n\n\n<p>Texas<\/p>\n\n\n\n<p>Una manifestaci\u00f3n en el Capitolio de Texas en Austin se llev\u00f3 a cabo seg\u00fan lo planeado, a pesar de que la polic\u00eda estatal cerr\u00f3 brevemente el edificio y los terrenos circundantes despu\u00e9s de que las autoridades dijeran que recibieron una \u201camenaza cre\u00edble\u201d contra los legisladores estatales dem\u00f3cratas que asistir\u00edan.<\/p>\n\n\n\n<p>Docenas de polic\u00edas estatales recorrieron los terrenos unas cuatro horas antes del evento, pero el \u00e1rea se abri\u00f3 m\u00e1s tarde y la manifestaci\u00f3n comenz\u00f3 a tiempo. El edificio permaneci\u00f3 cerrado.<\/p>\n\n\n\n<p>El Departamento de Seguridad P\u00fablica dijo m\u00e1s tarde que una persona fue detenida \u201cen relaci\u00f3n con las amenazas hechas contra los legisladores estatales\u201d despu\u00e9s de un control de tr\u00e1fico en La Grange, Texas, a unos 105 kil\u00f3metros (65 millas) al este de Austin.<\/p>\n\n\n\n<p>La polic\u00eda estatal no detall\u00f3 la amenaza ni identific\u00f3 a la persona, pero dijo que no hab\u00eda ninguna amenaza activa adicional.<\/p>\n\n\n\n<p>Mississippi<\/p>\n\n\n\n<p>Una manifestaci\u00f3n de cientos de personas comenz\u00f3 con la canci\u00f3n \u201cWar Pigs\u201d de Black Sabbath sonando a trav\u00e9s de un sistema de sonido en el c\u00e9sped del Capitolio estatal en Jackson.<\/p>\n\n\n\n<p>\u201cMuchas de las cosas que suceden ahora van contra las personas de color, y me emociona mucho ver a tanta gente aqu\u00ed que no es negra o morena luchando por las mismas causas por las que estoy aqu\u00ed\u201d, dijo Tony Cropper, quien viaj\u00f3 desde Tennessee para asistir a la protesta.<\/p>\n\n\n\n<p>Algunas personas llevaban coronas de papel de aluminio en la cabeza. Otras sosten\u00edan carteles que dec\u00edan a los automovilistas: \u201cToca la bocina si nunca env\u00edas mensajes de texto con planes de guerra\u201d.<\/p>\n\n\n\n<p>Melissa Johnson afirm\u00f3 que condujo una hora y media hasta Jackson para protestar porque \u201cestamos perdiendo el hilo de la democracia en nuestro pa\u00eds\u201d.<\/p>\n\n\n\n<p>Portland<\/p>\n\n\n\n<p>M\u00e1s temprano en el d\u00eda, miles de manifestantes llenaron las calles del centro de Portland durante varias cuadras, ondeando carteles mientras los autos que pasaban tocaban la bocina en se\u00f1al de apoyo. Marcharon por la ciudad envueltos en banderas estadounidenses al ritmo de tambores y m\u00fasica.<\/p>\n\n\n\n<p>Por la tarde, un peque\u00f1o grupo de manifestantes se reuni\u00f3 al otro lado del r\u00edo para protestar frente a una oficina de ICE donde tres personas fueron arrestadas el mi\u00e9rcoles por la noche despu\u00e9s de iniciar un peque\u00f1o incendio contra el edificio, dijo la polic\u00eda.<\/p>\n\n\n\n<p>Oficiales de inmigraci\u00f3n federales dispararon gas lacrim\u00f3geno, granadas aturdidoras y balas de goma en un esfuerzo por despejar a los manifestantes restantes por la noche .<\/p>\n\n\n\n<p>Algunos manifestantes lanzaron botellas de agua de vuelta y atendieron las heridas de los dem\u00e1s. El departamento de polic\u00eda escribi\u00f3 en X que el evento fue declarado un mot\u00edn.<\/p>\n\n\n\n<p>Al menos dos personas fueron detenidas y llevadas al interior del edificio de inmigraci\u00f3n federal.<\/p>\n","protected":false},"excerpt":{"rendered":"<p>POR MARC LEVY, CLAUDIA LAUER and JIM VERTUNO FILADELFIA (AP) \u2014 Grandes multitudes de manifestantes llenaron calles, parques y plazas el s\u00e1bado en diversas partes de Estados Unidos para manifestarse&hellip;<\/p>\n","protected":false},"author":2,"featured_media":101025,"comment_status":"open","ping_status":"open","sticky":false,"template":"","format":"standard","meta":{"content-type":"","jetpack_post_was_ever_published":false,"_jetpack_newsletter_access":"","_jetpack_dont_email_post_to_subs":false,"_jetpack_newsletter_tier_id":0,"_jetpack_memberships_contains_paywalled_content":false,"_jetpack_memberships_contains_paid_content":false,"footnotes":""},"categories":[16289],"tags":[607,154,978,979,102,20560,2121,16208,3767],"class_list":["post-101024","post","type-post","status-publish","format-standard","has-post-thumbnail","hentry","category-internacionales","tag-democracia","tag-derechos","tag-donald-trump","tag-eeuu","tag-inmigrantes","tag-llenan-calles","tag-parques","tag-plazas","tag-protestas"],"jetpack_featured_media_url":"https:\/\/lasprimeras.com.do\/wp-content\/uploads\/2025\/06\/protestas.jpg","jetpack-related-posts":[{"id":94351,"url":"https:\/\/lasprimeras.com.do\/index.php\/2025\/02\/28\/decenas-de-personas-protestan-en-puerto-rico-contra-arrestos-de-migrantes-por-parte-de-ice\/","url_meta":{"origin":101024,"position":0},"title":"Decenas de personas protestan en Puerto Rico contra arrestos de migrantes por parte de ICE","author":"Nelson Feliz","date":"28 de febrero de 2025","format":false,"excerpt":"Los grupos promueven \"El apag\u00f3n econ\u00f3mico de 24 horas\" programado para este viernes, 28 de febrero San Juan,EFE \u2013 Decenas de personas se concentraron la tarde de este jueves en el Viejo San Juan, distrito hist\u00f3rico de la capital puertorrique\u00f1a, para protestar en contra de la pol\u00edtica migratoria del presidente\u2026","rel":"","context":"En \u00abINTERNACIONALES\u00bb","block_context":{"text":"INTERNACIONALES","link":"https:\/\/lasprimeras.com.do\/index.php\/category\/sin-categoria\/internacionales\/"},"img":{"alt_text":"","src":"https:\/\/i0.wp.com\/lasprimeras.com.do\/wp-content\/uploads\/2025\/02\/protesta.png?resize=350%2C200&ssl=1","width":350,"height":200,"srcset":"https:\/\/i0.wp.com\/lasprimeras.com.do\/wp-content\/uploads\/2025\/02\/protesta.png?resize=350%2C200&ssl=1 1x, https:\/\/i0.wp.com\/lasprimeras.com.do\/wp-content\/uploads\/2025\/02\/protesta.png?resize=525%2C300&ssl=1 1.5x, https:\/\/i0.wp.com\/lasprimeras.com.do\/wp-content\/uploads\/2025\/02\/protesta.png?resize=700%2C400&ssl=1 2x"},"classes":[]},{"id":97452,"url":"https:\/\/lasprimeras.com.do\/index.php\/2025\/04\/21\/dominicanos-alto-manhattan-se-unen-a-protesta-nacional-contra-politica-presidente-trump\/","url_meta":{"origin":101024,"position":1},"title":"Dominicanos Alto Manhattan se unen a protesta nacional contra pol\u00edtica presidente Trump","author":"Nelson Feliz","date":"21 de abril de 2025","format":false,"excerpt":"https:\/\/www.youtube.com\/watch?v=CVTHxvTs_DQ Por Ram\u00f3n Mercedes NUEVA YORK.- M\u00e1s de 300 dominicanos pertenecientes a diversas organizaciones agrupadas en la Coalici\u00f3n por la Defensa de los Inmigrantes en esta ciudad marcharon pac\u00edficamente la tarde de este s\u00e1bado en el Alto Manhattan para unirse a m\u00e1s de 200 protestas realizadas en diferentes lugares de\u2026","rel":"","context":"En \u00abINTERNACIONALES\u00bb","block_context":{"text":"INTERNACIONALES","link":"https:\/\/lasprimeras.com.do\/index.php\/category\/sin-categoria\/internacionales\/"},"img":{"alt_text":"Dominicanos Alto Manhattan se unen a protesta nacional contra pol\u00edtica presidente Trump","src":"https:\/\/i0.wp.com\/lasprimeras.com.do\/wp-content\/uploads\/2025\/04\/WhatsApp-Image-2025-04-21-at-5.16.10-AM.jpeg?resize=350%2C200&ssl=1","width":350,"height":200,"srcset":"https:\/\/i0.wp.com\/lasprimeras.com.do\/wp-content\/uploads\/2025\/04\/WhatsApp-Image-2025-04-21-at-5.16.10-AM.jpeg?resize=350%2C200&ssl=1 1x, https:\/\/i0.wp.com\/lasprimeras.com.do\/wp-content\/uploads\/2025\/04\/WhatsApp-Image-2025-04-21-at-5.16.10-AM.jpeg?resize=525%2C300&ssl=1 1.5x, https:\/\/i0.wp.com\/lasprimeras.com.do\/wp-content\/uploads\/2025\/04\/WhatsApp-Image-2025-04-21-at-5.16.10-AM.jpeg?resize=700%2C400&ssl=1 2x"},"classes":[]},{"id":98061,"url":"https:\/\/lasprimeras.com.do\/index.php\/2025\/05\/01\/de-tokio-a-turin-las-politicas-de-trump-se-ciernen-sobre-las-marchas-del-primero-de-mayo\/","url_meta":{"origin":101024,"position":2},"title":"De Tokio a Tur\u00edn, las pol\u00edticas de Trump se ciernen sobre las marchas del Primero de Mayo","author":"Nelson Feliz","date":"1 de mayo de 2025","format":false,"excerpt":"POR YURI KAGEYAMA and THOMAS ADAMSON PAR\u00cdS (AP) \u2014 Desde Tokio hasta Tur\u00edn, de Taip\u00e9i a Par\u00eds, decenas de miles de trabajadores participaron en las marchas del Primero de Mayo, que destacaron la creciente ira por la agresiva agenda arancelaria del presidente de Estados Unidos, Donald Trump, y los temores\u2026","rel":"","context":"En \u00abINTERNACIONALES\u00bb","block_context":{"text":"INTERNACIONALES","link":"https:\/\/lasprimeras.com.do\/index.php\/category\/sin-categoria\/internacionales\/"},"img":{"alt_text":"","src":"https:\/\/i0.wp.com\/lasprimeras.com.do\/wp-content\/uploads\/2025\/05\/MARCHAS.jpg?resize=350%2C200&ssl=1","width":350,"height":200,"srcset":"https:\/\/i0.wp.com\/lasprimeras.com.do\/wp-content\/uploads\/2025\/05\/MARCHAS.jpg?resize=350%2C200&ssl=1 1x, https:\/\/i0.wp.com\/lasprimeras.com.do\/wp-content\/uploads\/2025\/05\/MARCHAS.jpg?resize=525%2C300&ssl=1 1.5x, https:\/\/i0.wp.com\/lasprimeras.com.do\/wp-content\/uploads\/2025\/05\/MARCHAS.jpg?resize=700%2C400&ssl=1 2x"},"classes":[]},{"id":112306,"url":"https:\/\/lasprimeras.com.do\/index.php\/2025\/10\/20\/cientos-dominicanos-participan-multitudinaria-manifestacion-en-ny-contra-no-queremos-reyes\/","url_meta":{"origin":101024,"position":3},"title":"Cientos dominicanos participan multitudinaria manifestaci\u00f3n en NY contra \u00abNo queremos Reyes\u00bb","author":"Nelson Feliz","date":"20 de octubre de 2025","format":false,"excerpt":"https:\/\/www.youtube.com\/watch?v=LyeeyKFlC_Q Por Ram\u00f3n Mercedes NUEVA YORK.- Cientos de dominicanos residentes en esta ciudad participaron de la multitudinaria manifestaci\u00f3n \u00abNo queremos Reyes\u00bb, el pasado s\u00e1bado en la Gran Manzana.La misma se efectu\u00f3 desde la Plaza de Times Square hasta la calle 14 en Manhattan, a lo largo de la S\u00e9ptima avenida\u2026","rel":"","context":"En \u00abLA VOZ DE LA DIASPORA\u00bb","block_context":{"text":"LA VOZ DE LA DIASPORA","link":"https:\/\/lasprimeras.com.do\/index.php\/category\/la-voz-de-la-diaspora\/"},"img":{"alt_text":"","src":"https:\/\/i0.wp.com\/lasprimeras.com.do\/wp-content\/uploads\/2025\/10\/Cientos-dominicanos.jpeg?resize=350%2C200&ssl=1","width":350,"height":200,"srcset":"https:\/\/i0.wp.com\/lasprimeras.com.do\/wp-content\/uploads\/2025\/10\/Cientos-dominicanos.jpeg?resize=350%2C200&ssl=1 1x, https:\/\/i0.wp.com\/lasprimeras.com.do\/wp-content\/uploads\/2025\/10\/Cientos-dominicanos.jpeg?resize=525%2C300&ssl=1 1.5x, https:\/\/i0.wp.com\/lasprimeras.com.do\/wp-content\/uploads\/2025\/10\/Cientos-dominicanos.jpeg?resize=700%2C400&ssl=1 2x"},"classes":[]},{"id":74754,"url":"https:\/\/lasprimeras.com.do\/index.php\/2024\/01\/26\/eeuu-biden-esta-listo-hacia-un-enfrentamiento-con-trump\/","url_meta":{"origin":101024,"position":4},"title":"EEUU: Biden est\u00e1 listo hacia un enfrentamiento con Trump","author":"BIMARY DE JES\u00daS Matos","date":"26 de enero de 2024","format":false,"excerpt":"WASHINGTON.- El presidente Joe Biden pas\u00f3 oficialmente p\u00e1gina a las elecciones generales, de cara a una carrera contra el expresidente Donald Trump que pondr\u00e1 a prueba su capacidad para revitalizar aspectos clave de su coalici\u00f3n ganadora en una carrera que su equipo considera nada menos que una lucha por la\u2026","rel":"","context":"En \u00abSin categor\u00eda\u00bb","block_context":{"text":"Sin categor\u00eda","link":"https:\/\/lasprimeras.com.do\/index.php\/category\/sin-categoria\/"},"img":{"alt_text":"","src":"https:\/\/i0.wp.com\/lasprimeras.com.do\/wp-content\/uploads\/2024\/01\/WhatsApp-Image-2024-01-25-at-2.06.08-PM-6.jpeg?resize=350%2C200&ssl=1","width":350,"height":200,"srcset":"https:\/\/i0.wp.com\/lasprimeras.com.do\/wp-content\/uploads\/2024\/01\/WhatsApp-Image-2024-01-25-at-2.06.08-PM-6.jpeg?resize=350%2C200&ssl=1 1x, https:\/\/i0.wp.com\/lasprimeras.com.do\/wp-content\/uploads\/2024\/01\/WhatsApp-Image-2024-01-25-at-2.06.08-PM-6.jpeg?resize=525%2C300&ssl=1 1.5x"},"classes":[]},{"id":89204,"url":"https:\/\/lasprimeras.com.do\/index.php\/2024\/09\/19\/surge-movimiento-en-ny-dominicanos-con-trump\/","url_meta":{"origin":101024,"position":5},"title":"Surge movimiento en NY: &#8220;Dominicanos con Trump&#8221;","author":"Paola Castillo","date":"19 de septiembre de 2024","format":false,"excerpt":"Nueva York. - El Club Republicano del Norte de Manhattan dio a conocer en una rueda prensa llevada a cabo la tarde de este mi\u00e9rcoles en Plaza Las Am\u00e9ricas de Washington Heights para promover el pr\u00f3ximo mitin denominado \u201cDominicanos con Trump\". L\u00edderes comunitarios y pol\u00edticos, incluidos M\u00e1ximo Padilla, Dar\u00edo Luna,\u2026","rel":"","context":"En \u00abNACIONALES\u00bb","block_context":{"text":"NACIONALES","link":"https:\/\/lasprimeras.com.do\/index.php\/category\/nacionales\/"},"img":{"alt_text":"","src":"https:\/\/i0.wp.com\/lasprimeras.com.do\/wp-content\/uploads\/2024\/09\/WhatsApp-Image-2024-09-19-at-12.51.30-PM-scaled.jpeg?resize=350%2C200&ssl=1","width":350,"height":200,"srcset":"https:\/\/i0.wp.com\/lasprimeras.com.do\/wp-content\/uploads\/2024\/09\/WhatsApp-Image-2024-09-19-at-12.51.30-PM-scaled.jpeg?resize=350%2C200&ssl=1 1x, https:\/\/i0.wp.com\/lasprimeras.com.do\/wp-content\/uploads\/2024\/09\/WhatsApp-Image-2024-09-19-at-12.51.30-PM-scaled.jpeg?resize=525%2C300&ssl=1 1.5x, https:\/\/i0.wp.com\/lasprimeras.com.do\/wp-content\/uploads\/2024\/09\/WhatsApp-Image-2024-09-19-at-12.51.30-PM-scaled.jpeg?resize=700%2C400&ssl=1 2x, https:\/\/i0.wp.com\/lasprimeras.com.do\/wp-content\/uploads\/2024\/09\/WhatsApp-Image-2024-09-19-at-12.51.30-PM-scaled.jpeg?resize=1050%2C600&ssl=1 3x, https:\/\/i0.wp.com\/lasprimeras.com.do\/wp-content\/uploads\/2024\/09\/WhatsApp-Image-2024-09-19-at-12.51.30-PM-scaled.jpeg?resize=1400%2C800&ssl=1 4x"},"classes":[]}],"jetpack_sharing_enabled":true,"_links":{"self":[{"href":"https:\/\/lasprimeras.com.do\/index.php\/wp-json\/wp\/v2\/posts\/101024","targetHints":{"allow":["GET"]}}],"collection":[{"href":"https:\/\/lasprimeras.com.do\/index.php\/wp-json\/wp\/v2\/posts"}],"about":[{"href":"https:\/\/lasprimeras.com.do\/index.php\/wp-json\/wp\/v2\/types\/post"}],"author":[{"embeddable":true,"href":"https:\/\/lasprimeras.com.do\/index.php\/wp-json\/wp\/v2\/users\/2"}],"replies":[{"embeddable":true,"href":"https:\/\/lasprimeras.com.do\/index.php\/wp-json\/wp\/v2\/comments?post=101024"}],"version-history":[{"count":1,"href":"https:\/\/lasprimeras.com.do\/index.php\/wp-json\/wp\/v2\/posts\/101024\/revisions"}],"predecessor-version":[{"id":101026,"href":"https:\/\/lasprimeras.com.do\/index.php\/wp-json\/wp\/v2\/posts\/101024\/revisions\/101026"}],"wp:featuredmedia":[{"embeddable":true,"href":"https:\/\/lasprimeras.com.do\/index.php\/wp-json\/wp\/v2\/media\/101025"}],"wp:attachment":[{"href":"https:\/\/lasprimeras.com.do\/index.php\/wp-json\/wp\/v2\/media?parent=101024"}],"wp:term":[{"taxonomy":"category","embeddable":true,"href":"https:\/\/lasprimeras.com.do\/index.php\/wp-json\/wp\/v2\/categories?post=101024"},{"taxonomy":"post_tag","embeddable":true,"href":"https:\/\/lasprimeras.com.do\/index.php\/wp-json\/wp\/v2\/tags?post=101024"}],"curies":[{"name":"wp","href":"https:\/\/api.w.org\/{rel}","templated":true}]}}