{"id":101164,"date":"2025-06-17T08:12:37","date_gmt":"2025-06-17T12:12:37","guid":{"rendered":"https:\/\/lasprimeras.com.do\/?p=101164"},"modified":"2025-06-17T08:12:39","modified_gmt":"2025-06-17T12:12:39","slug":"salud-publica-impulsa-hoja-de-ruta-para-la-estrategia-nacional-de-salud-digital","status":"publish","type":"post","link":"https:\/\/lasprimeras.com.do\/index.php\/2025\/06\/17\/salud-publica-impulsa-hoja-de-ruta-para-la-estrategia-nacional-de-salud-digital\/","title":{"rendered":"Salud P\u00fablica impulsa hoja de ruta para la Estrategia Nacional de Salud Digital"},"content":{"rendered":"\n<p>El Ministerio de Salud, a trav\u00e9s de la Direcci\u00f3n General de Informaci\u00f3n y Estad\u00edsticas en Salud (DGIES), del viceministerio de Fortalecimiento y Desarrollo, llev\u00f3 a cabo el taller \u201cHoja de Ruta para la Implementaci\u00f3n de la Estrategia Nacional de Salud Digital 2024-2028\u201d, con el objetivo de establecer las l\u00edneas de acci\u00f3n y los resultados esperados de la misma.<\/p>\n\n\n\n<p>Durante el taller, que se realiza con el apoyo del Banco Mundial, se desarrollaron sesiones de trabajo con la participaci\u00f3n de m\u00e1s de 50 representantes de diversas entidades del sistema de salud y transformaci\u00f3n digital, quienes se integraron en equipos t\u00e9cnicos para validar los componentes estrat\u00e9gicos de la hoja de ruta de la Estrategia Nacional de Salud Digital (ENSD).<\/p>\n\n\n\n<p>La misma busca guiar los esfuerzos hacia un modelo de salud m\u00e1s accesible, interoperable, eficiente y centrado en las personas. Este taller constituye la base t\u00e9cnica y participativa para la elaboraci\u00f3n de las bases de la hoja de ruta de la estrategia.<\/p>\n\n\n\n<p>La jornada de trabajo, se inici\u00f3 con una exposici\u00f3n en la que se destac\u00f3 la importancia de la salud digital como herramienta fundamental para garantizar una atenci\u00f3n m\u00e1s equitativa, accesible y oportuna.<\/p>\n\n\n\n<p>En este sentido, se valor\u00f3 el respaldo t\u00e9cnico y financiero brindado por organismos internacionales, reafirmando el compromiso del Ministerio de Salud con el desarrollo del Expediente \u00danico Electr\u00f3nico de Salud como eje central del proceso de transformaci\u00f3n digital.<\/p>\n\n\n\n<p>En el taller se presentaron los fundamentos t\u00e9cnicos de la Estrategia Nacional de Salud Digital, construida con un enfoque participativo y alineada con marcos internacionales como la Estrategia Mundial de Salud Digital de la OMS, los principios rectores de la OPS y la Agenda Digital para Am\u00e9rica Latina y el Caribe.<\/p>\n\n\n\n<p>A nivel nacional, la ENSD se articula con el PLANDES 2030, la Agenda Digital 2030 y diversos diagn\u00f3sticos de madurez digital, incluyendo el Global Digital Health Monitor (GDHM) y el modelo IS4H-MM, lo cual garantiza su coherencia con los procesos de modernizaci\u00f3n institucional en curso.<\/p>\n\n\n\n<p>El taller se desarroll\u00f3 mediante una metodolog\u00eda participativa que permiti\u00f3 analizar, discutir y validar colectivamente las propuestas de l\u00edneas de acci\u00f3n y resultados esperados de la Estrategia Nacional de Salud Digital.<\/p>\n\n\n\n<p>Entre los temas desarrollados se abordaron las caracter\u00edsticas principales de la hoja de ruta, los resultados de los diagn\u00f3sticos realizados por el Banco Mundial, un mapeo de la Gobernanza del Sistema de Informaci\u00f3n General de Salud de la Rep\u00fablica Dominicana (SIGS) y la presentaci\u00f3n de la metodolog\u00eda para construir la hoja de ruta.<\/p>\n\n\n\n<p>Entre los objetivos espec\u00edficos de este encuentro se destacaron la presentaci\u00f3n de la metodolog\u00eda de trabajo que sustenta las propuestas de l\u00edneas de acci\u00f3n y resultados esperados, evaluar la pertinencia y claridad de las propuestas mediante el an\u00e1lisis conjunto de los equipos participantes y validar las acciones a partir de los aportes recogidos durante el ejercicio de evaluaci\u00f3n.<\/p>\n\n\n\n<p>Los participantes evaluaron la pertinencia y claridad de cada l\u00ednea, aplicando criterios t\u00e9cnicos como la urgencia, relevancia, impacto potencial y esfuerzo requerido, lo que facilit\u00f3 la priorizaci\u00f3n consensuada de las acciones clave para la transformaci\u00f3n digital del sistema de salud.<\/p>\n\n\n\n<p>Finalmente, se realiz\u00f3 una revisi\u00f3n participativa de las bases de la hoja de ruta, que permiti\u00f3 consolidar el consenso sobre las l\u00edneas de acci\u00f3n prioritarias y afinar sus contenidos t\u00e9cnicos.<\/p>\n\n\n\n<p>As\u00ed mismo, se enfatiz\u00f3 que los trabajos contin\u00faan en las mesas del Comit\u00e9 Estrat\u00e9gico de Salud Digital. La implementaci\u00f3n de la Estrategia es fruto de una colaboraci\u00f3n multisectorial.<\/p>\n\n\n\n<p>Desde el Ministerio de Salud, junto al Comit\u00e9 Estrat\u00e9gico de Salud Digital, en coordinaci\u00f3n con el Banco Mundial y con el respaldo del Fondo de Pol\u00edticas y Desarrollo de Recursos Humanos (PHRD), financiado por el Gobierno de Jap\u00f3n, se est\u00e1 construyendo de manera conjunta la hoja de ruta que oriente la puesta en marcha de la ENSD y garantice el cumplimiento de sus objetivos estrat\u00e9gicos.<\/p>\n\n\n\n<p>Durante la actividad estuvieron presentes el viceministro de Fortalecimiento y Desarrollo del Sector Salud, Miguel Rodr\u00edguez Vi\u00f1as; Gianluca Cafagna, Especialista Senior en Salud del Banco Mundial; Navila Le\u00f3n, directora de Gesti\u00f3n de la Informaci\u00f3n y Estad\u00edsticas en Salud y los consultores del Banco Mundial Francini Placencia, May Chomali, F\u00e9lix Liberona, y Ken Hashimoto y dem\u00e1s representantes del Ministerio de Salud.<\/p>\n","protected":false},"excerpt":{"rendered":"<p>El Ministerio de Salud, a trav\u00e9s de la Direcci\u00f3n General de Informaci\u00f3n y Estad\u00edsticas en Salud (DGIES), del viceministerio de Fortalecimiento y Desarrollo, llev\u00f3 a cabo el taller \u201cHoja de&hellip;<\/p>\n","protected":false},"author":10,"featured_media":101165,"comment_status":"open","ping_status":"open","sticky":false,"template":"","format":"standard","meta":{"content-type":"","jetpack_post_was_ever_published":false,"_jetpack_newsletter_access":"","_jetpack_dont_email_post_to_subs":false,"_jetpack_newsletter_tier_id":0,"_jetpack_memberships_contains_paywalled_content":false,"_jetpack_memberships_contains_paid_content":false,"footnotes":""},"categories":[16558],"tags":[3161,13304,444,172,20610,2227],"class_list":["post-101164","post","type-post","status-publish","format-standard","has-post-thumbnail","hentry","category-salud","tag-estrategia","tag-hoja-de-ruta","tag-ministerio","tag-nacional","tag-salud-digital","tag-salud-publica"],"jetpack_featured_media_url":"https:\/\/lasprimeras.com.do\/wp-content\/uploads\/2025\/06\/Salud-Publica.jpg","jetpack-related-posts":[{"id":101801,"url":"https:\/\/lasprimeras.com.do\/index.php\/2025\/06\/26\/ministerio-de-salud-impulsa-transformacion-del-sistema-de-salud-dominicano-con-respaldo-del-banco-mundial\/","url_meta":{"origin":101164,"position":0},"title":"Ministerio de Salud impulsa transformaci\u00f3n del sistema de salud dominicano con respaldo del Banco Mundial","author":"Nelson Feliz","date":"26 de junio de 2025","format":false,"excerpt":"Realiza taller de lanzamiento del Proyecto de Apoyo al Fortalecimiento del Sistema Nacional de Salud El Ministerio de Salud, a trav\u00e9s del Viceministerio de Fortalecimiento y Desarrollo del Sector Salud y la Direcci\u00f3n de Conducci\u00f3n Sectorial - Unidad Ejecutora de Proyectos, realiz\u00f3 el taller de lanzamiento del \"Proyecto de Apoyo\u2026","rel":"","context":"En \u00abSALUD\u00bb","block_context":{"text":"SALUD","link":"https:\/\/lasprimeras.com.do\/index.php\/category\/salud\/"},"img":{"alt_text":"","src":"https:\/\/i0.wp.com\/lasprimeras.com.do\/wp-content\/uploads\/2025\/06\/victor-atallah.jpg?resize=350%2C200&ssl=1","width":350,"height":200,"srcset":"https:\/\/i0.wp.com\/lasprimeras.com.do\/wp-content\/uploads\/2025\/06\/victor-atallah.jpg?resize=350%2C200&ssl=1 1x, https:\/\/i0.wp.com\/lasprimeras.com.do\/wp-content\/uploads\/2025\/06\/victor-atallah.jpg?resize=525%2C300&ssl=1 1.5x, https:\/\/i0.wp.com\/lasprimeras.com.do\/wp-content\/uploads\/2025\/06\/victor-atallah.jpg?resize=700%2C400&ssl=1 2x"},"classes":[]},{"id":101840,"url":"https:\/\/lasprimeras.com.do\/index.php\/2025\/06\/27\/ministerio-de-salud-y-el-banco-mundial-impulsa-transformacion-del-sistema-de-salud-dominicano\/","url_meta":{"origin":101164,"position":1},"title":"Ministerio de Salud y el Banco Mundial impulsa transformaci\u00f3n del sistema de salud dominicano","author":"Nelson Feliz","date":"27 de junio de 2025","format":false,"excerpt":"Realiza taller de lanzamiento del Proyecto de Apoyo al Fortalecimiento del Sistema Nacional de Salud. El Ministerio de Salud, a trav\u00e9s del Viceministerio de Fortalecimiento y Desarrollo del Sector Salud y la Direcci\u00f3n de Conducci\u00f3n Sectorial - Unidad Ejecutora de Proyectos, realiz\u00f3 el taller de lanzamiento del \"Proyecto de Apoyo\u2026","rel":"","context":"En \u00abSALUD\u00bb","block_context":{"text":"SALUD","link":"https:\/\/lasprimeras.com.do\/index.php\/category\/salud\/"},"img":{"alt_text":"","src":"https:\/\/i0.wp.com\/lasprimeras.com.do\/wp-content\/uploads\/2025\/06\/taller-2.jpg?resize=350%2C200&ssl=1","width":350,"height":200,"srcset":"https:\/\/i0.wp.com\/lasprimeras.com.do\/wp-content\/uploads\/2025\/06\/taller-2.jpg?resize=350%2C200&ssl=1 1x, https:\/\/i0.wp.com\/lasprimeras.com.do\/wp-content\/uploads\/2025\/06\/taller-2.jpg?resize=525%2C300&ssl=1 1.5x, https:\/\/i0.wp.com\/lasprimeras.com.do\/wp-content\/uploads\/2025\/06\/taller-2.jpg?resize=700%2C400&ssl=1 2x"},"classes":[]},{"id":105767,"url":"https:\/\/lasprimeras.com.do\/index.php\/2025\/08\/07\/republica-dominicana-traza-hoja-de-ruta-para-superar-barreras-de-acceso-a-agua\/","url_meta":{"origin":101164,"position":2},"title":"Rep\u00fablica Dominicana traza hoja de ruta para superar barreras de acceso a agua","author":"Nelson Feliz","date":"7 de agosto de 2025","format":false,"excerpt":"Nuevo plan multisectorial busca garantizar servicios b\u00e1sicos resilientes ante el cambio clim\u00e1tico El Ministerio de Salud, el Fondo de las Naciones Unidas para la Infancia (UNICEF) y el Gabinete del Agua, firmaron una declaratoria conjunta que traza la hoja de ruta nacional para superar las principales barreras en materia de\u2026","rel":"","context":"En \u00abSALUD\u00bb","block_context":{"text":"SALUD","link":"https:\/\/lasprimeras.com.do\/index.php\/category\/salud\/"},"img":{"alt_text":"","src":"https:\/\/i0.wp.com\/lasprimeras.com.do\/wp-content\/uploads\/2025\/08\/Ministerio-de-Salud-1.jpg?resize=350%2C200&ssl=1","width":350,"height":200,"srcset":"https:\/\/i0.wp.com\/lasprimeras.com.do\/wp-content\/uploads\/2025\/08\/Ministerio-de-Salud-1.jpg?resize=350%2C200&ssl=1 1x, https:\/\/i0.wp.com\/lasprimeras.com.do\/wp-content\/uploads\/2025\/08\/Ministerio-de-Salud-1.jpg?resize=525%2C300&ssl=1 1.5x, https:\/\/i0.wp.com\/lasprimeras.com.do\/wp-content\/uploads\/2025\/08\/Ministerio-de-Salud-1.jpg?resize=700%2C400&ssl=1 2x"},"classes":[]},{"id":125020,"url":"https:\/\/lasprimeras.com.do\/index.php\/2026\/03\/18\/de-camps-lanza-estrategia-para-digitalizar-la-educacion\/","url_meta":{"origin":101164,"position":3},"title":"De Camps lanza estrategia para digitalizar la educaci\u00f3n","author":"Nelson Feliz","date":"18 de marzo de 2026","format":false,"excerpt":"La iniciativa, aprobada por el Consejo Nacional de Educaci\u00f3n (CNE), integra pensamiento computacional e inteligencia artificial al curr\u00edculo escolar. El ministro de Educaci\u00f3n, Luis Miguel De Camps, impulsa la Estrategia Nacional de Educaci\u00f3n Digital, aprobada por el Consejo Nacional de Educaci\u00f3n (CNE), como una pol\u00edtica p\u00fablica orientada a modernizar el\u2026","rel":"","context":"En \u00abNACIONALES\u00bb","block_context":{"text":"NACIONALES","link":"https:\/\/lasprimeras.com.do\/index.php\/category\/nacionales\/"},"img":{"alt_text":"Luis Miguel De Camps","src":"https:\/\/i0.wp.com\/lasprimeras.com.do\/wp-content\/uploads\/2026\/03\/Luis-Miguel-De-Camps-3.jpg?resize=350%2C200&ssl=1","width":350,"height":200,"srcset":"https:\/\/i0.wp.com\/lasprimeras.com.do\/wp-content\/uploads\/2026\/03\/Luis-Miguel-De-Camps-3.jpg?resize=350%2C200&ssl=1 1x, https:\/\/i0.wp.com\/lasprimeras.com.do\/wp-content\/uploads\/2026\/03\/Luis-Miguel-De-Camps-3.jpg?resize=525%2C300&ssl=1 1.5x, https:\/\/i0.wp.com\/lasprimeras.com.do\/wp-content\/uploads\/2026\/03\/Luis-Miguel-De-Camps-3.jpg?resize=700%2C400&ssl=1 2x"},"classes":[]},{"id":125635,"url":"https:\/\/lasprimeras.com.do\/index.php\/2026\/03\/24\/ministro-de-educacion-destaca-en-la-unesco-la-estrategia-nacional-de-competencias-digitales\/","url_meta":{"origin":101164,"position":4},"title":"Ministro de Educaci\u00f3n destaca en la UNESCO la Estrategia Nacional de Competencias Digitales","author":"Nelson Feliz","date":"24 de marzo de 2026","format":false,"excerpt":"El ministro de Educaci\u00f3n, Luis Miguel De Camps, destac\u00f3 la reciente aprobaci\u00f3n de la Estrategia Nacional de Competencias Digitales como un paso clave para fortalecer el sistema educativo preuniversitario dominicano, durante su participaci\u00f3n en un panel de alto nivel celebrado en la sede de la UNESCO, en el marco de\u2026","rel":"","context":"En \u00abNACIONALES\u00bb","block_context":{"text":"NACIONALES","link":"https:\/\/lasprimeras.com.do\/index.php\/category\/nacionales\/"},"img":{"alt_text":"Luis Miguel De Camps","src":"https:\/\/i0.wp.com\/lasprimeras.com.do\/wp-content\/uploads\/2026\/03\/Luis-Miguel-De-Camps-3-1.jpg?resize=350%2C200&ssl=1","width":350,"height":200,"srcset":"https:\/\/i0.wp.com\/lasprimeras.com.do\/wp-content\/uploads\/2026\/03\/Luis-Miguel-De-Camps-3-1.jpg?resize=350%2C200&ssl=1 1x, https:\/\/i0.wp.com\/lasprimeras.com.do\/wp-content\/uploads\/2026\/03\/Luis-Miguel-De-Camps-3-1.jpg?resize=525%2C300&ssl=1 1.5x, https:\/\/i0.wp.com\/lasprimeras.com.do\/wp-content\/uploads\/2026\/03\/Luis-Miguel-De-Camps-3-1.jpg?resize=700%2C400&ssl=1 2x"},"classes":[]},{"id":96121,"url":"https:\/\/lasprimeras.com.do\/index.php\/2025\/03\/25\/gobierno-presenta-programa-de-apoyo-al-fortalecimiento-del-sistema-nacional-de-salud\/","url_meta":{"origin":101164,"position":5},"title":"Gobierno presenta Programa de Apoyo al Fortalecimiento del Sistema Nacional de Salud","author":"Nelson Feliz","date":"25 de marzo de 2025","format":false,"excerpt":"Esta iniciativa financiada por el Banco Mundial con una inversi\u00f3n de US$190 millones, tiene entre sus objetivos mejorar la capacidad de los prestadores de servicios p\u00fablicos de salud para brindar servicios de calidad, con \u00e9nfasis en la atenci\u00f3n materna y neonatal, y fortalecer la capacidad de rector\u00eda del Ministerio de\u2026","rel":"","context":"En \u00abSALUD\u00bb","block_context":{"text":"SALUD","link":"https:\/\/lasprimeras.com.do\/index.php\/category\/salud\/"},"img":{"alt_text":"","src":"https:\/\/i0.wp.com\/lasprimeras.com.do\/wp-content\/uploads\/2025\/03\/una-1.jpg?resize=350%2C200&ssl=1","width":350,"height":200,"srcset":"https:\/\/i0.wp.com\/lasprimeras.com.do\/wp-content\/uploads\/2025\/03\/una-1.jpg?resize=350%2C200&ssl=1 1x, https:\/\/i0.wp.com\/lasprimeras.com.do\/wp-content\/uploads\/2025\/03\/una-1.jpg?resize=525%2C300&ssl=1 1.5x, https:\/\/i0.wp.com\/lasprimeras.com.do\/wp-content\/uploads\/2025\/03\/una-1.jpg?resize=700%2C400&ssl=1 2x"},"classes":[]}],"jetpack_sharing_enabled":true,"_links":{"self":[{"href":"https:\/\/lasprimeras.com.do\/index.php\/wp-json\/wp\/v2\/posts\/101164","targetHints":{"allow":["GET"]}}],"collection":[{"href":"https:\/\/lasprimeras.com.do\/index.php\/wp-json\/wp\/v2\/posts"}],"about":[{"href":"https:\/\/lasprimeras.com.do\/index.php\/wp-json\/wp\/v2\/types\/post"}],"author":[{"embeddable":true,"href":"https:\/\/lasprimeras.com.do\/index.php\/wp-json\/wp\/v2\/users\/10"}],"replies":[{"embeddable":true,"href":"https:\/\/lasprimeras.com.do\/index.php\/wp-json\/wp\/v2\/comments?post=101164"}],"version-history":[{"count":1,"href":"https:\/\/lasprimeras.com.do\/index.php\/wp-json\/wp\/v2\/posts\/101164\/revisions"}],"predecessor-version":[{"id":101166,"href":"https:\/\/lasprimeras.com.do\/index.php\/wp-json\/wp\/v2\/posts\/101164\/revisions\/101166"}],"wp:featuredmedia":[{"embeddable":true,"href":"https:\/\/lasprimeras.com.do\/index.php\/wp-json\/wp\/v2\/media\/101165"}],"wp:attachment":[{"href":"https:\/\/lasprimeras.com.do\/index.php\/wp-json\/wp\/v2\/media?parent=101164"}],"wp:term":[{"taxonomy":"category","embeddable":true,"href":"https:\/\/lasprimeras.com.do\/index.php\/wp-json\/wp\/v2\/categories?post=101164"},{"taxonomy":"post_tag","embeddable":true,"href":"https:\/\/lasprimeras.com.do\/index.php\/wp-json\/wp\/v2\/tags?post=101164"}],"curies":[{"name":"wp","href":"https:\/\/api.w.org\/{rel}","templated":true}]}}