{"id":101312,"date":"2025-06-18T12:36:30","date_gmt":"2025-06-18T16:36:30","guid":{"rendered":"https:\/\/lasprimeras.com.do\/?p=101312"},"modified":"2025-06-18T12:36:31","modified_gmt":"2025-06-18T16:36:31","slug":"autoridades-dan-la-espalda-a-migrantes-dominicanos-en-puerto-rico-y-estados-unidos","status":"publish","type":"post","link":"https:\/\/lasprimeras.com.do\/index.php\/2025\/06\/18\/autoridades-dan-la-espalda-a-migrantes-dominicanos-en-puerto-rico-y-estados-unidos\/","title":{"rendered":"Autoridades dan la espalda a migrantes dominicanos en Puerto Rico y Estados Unidos"},"content":{"rendered":"\n<p>El miembro del Comit\u00e9 Pol\u00edtico y titular de la Secretar\u00eda de Dominicanos(as) en el exterior, Alexis Lantigua, ratific\u00f3 la preocupaci\u00f3n del Partido de la Liberaci\u00f3n Dominicana (PLD) por la suerte de los dominicanos residentes en Puerto Rico y Estados Unidos.<\/p>\n\n\n\n<p>En el caso de Puerto Rico, Lantigua, en una intervenci\u00f3n en el programa el Sol de la Ma\u00f1ana, present\u00f3 los casos de quisqueyanos apresados en Puerto Rico y otras localidades para fines de deportaci\u00f3n.<\/p>\n\n\n\n<p>Calific\u00f3 de deplorable la condici\u00f3n en que llegan algunos dominicanos a los centros de detenci\u00f3n y pidi\u00f3 a las autoridades dominicanas la habilitaci\u00f3n de un equipo de profesionales en materia de migraci\u00f3n para que le brinden orientaci\u00f3n y socorro a los que se encuentran apresados para ser deportados.<\/p>\n\n\n\n<p>&#8220;Est\u00e1n abandonados\u201d, dijo, enrostrando a los legisladores de ultramar y a las autoridades consulares, tener indiferencia frente a la complicada problem\u00e1tica.<\/p>\n\n\n\n<p>Lantigua reiter\u00f3, lo expresado por el PLD en rueda de prensa al inicio de la semana, que respetan la soberan\u00eda que tienen los Estados y las autoridades de trazar las l\u00edneas migratorias para realizar deportaciones de indocumentados.<\/p>\n\n\n\n<p>Sin embargo, dijo que le preocupa que el cuerpo diplom\u00e1tico y consular, igual que los diputados del Partido Revolucionario Moderno no se inmuten por la situaci\u00f3n que atraviesan los migrantes.<\/p>\n\n\n\n<p>\u201cUn mutismo total\u2026Ni los legisladores han hecho el m\u00ednimo papel de representar a los dominicanos en exterior, no le importa la suerte en la que se encuentran nuestros conciudadanos\u201d, dijo Alexis Lantigua.<\/p>\n\n\n\n<p>Explic\u00f3 que los congresistas no est\u00e1n haciendo la labor que le encomienda el art\u00edculo 38 de la Constituci\u00f3n que indica que la dignidad humana es una responsabilidad de los poderes p\u00fablicos, \u201cy no importa donde vivan los dominicanos, la dignidad humana hay que mantenerla\u201d.<\/p>\n\n\n\n<p>&#8220;La queja nuestra es que deben asistir a los dominicanos que van a ser repatriados para resguardar y mantener su dignidad humana&#8221;, dijo Lantigua.<\/p>\n\n\n\n<p>Se\u00f1al\u00f3 que en el proceso de deportaci\u00f3n ser\u00eda bueno que los migrantes sientan la compa\u00f1\u00eda de las autoridades dominicanas, y que los congresistas les ofrezcan las facilidades de la dignidad humana.<\/p>\n","protected":false},"excerpt":{"rendered":"<p>El miembro del Comit\u00e9 Pol\u00edtico y titular de la Secretar\u00eda de Dominicanos(as) en el exterior, Alexis Lantigua, ratific\u00f3 la preocupaci\u00f3n del Partido de la Liberaci\u00f3n Dominicana (PLD) por la suerte&hellip;<\/p>\n","protected":false},"author":10,"featured_media":101313,"comment_status":"open","ping_status":"open","sticky":false,"template":"","format":"standard","meta":{"content-type":"","jetpack_post_was_ever_published":false,"_jetpack_newsletter_access":"","_jetpack_dont_email_post_to_subs":false,"_jetpack_newsletter_tier_id":0,"_jetpack_memberships_contains_paywalled_content":false,"_jetpack_memberships_contains_paid_content":false,"footnotes":""},"categories":[16559,25],"tags":[949,8038,98,20673,1078],"class_list":["post-101312","post","type-post","status-publish","format-standard","has-post-thumbnail","hentry","category-politica","category-portada","tag-autoridades","tag-espalda","tag-estados-unidos","tag-migrantes-dominicanos","tag-puerto-rico"],"jetpack_featured_media_url":"https:\/\/lasprimeras.com.do\/wp-content\/uploads\/2025\/06\/Alexis-L.jpg","jetpack-related-posts":[{"id":101141,"url":"https:\/\/lasprimeras.com.do\/index.php\/2025\/06\/16\/pld-exhorta-al-gobierno-a-defender-los-derechos-de-dominicanos-en-puerto-rico-video\/","url_meta":{"origin":101312,"position":0},"title":"PLD exhorta al gobierno a defender los derechos de dominicanos en Puerto Rico | Video","author":"Nelson Feliz","date":"16 de junio de 2025","format":false,"excerpt":"\u00abNo est\u00e1n solos; defendemos su dignidad y exigimos acciones concretas del gobierno dominicano\u201d, Alexis Lantigua. El Partido de la Liberaci\u00f3n Dominicana (PLD), por intermedio de la Secretaria de Dominicanos en el exterior manifest\u00f3 su preocupaci\u00f3n por la falta de acciones del gobierno dominicano para atender la cr\u00edtica situaci\u00f3n migratoria que\u2026","rel":"","context":"En \u00abPOLITICA\u00bb","block_context":{"text":"POLITICA","link":"https:\/\/lasprimeras.com.do\/index.php\/category\/politica\/"},"img":{"alt_text":"","src":"https:\/\/i0.wp.com\/lasprimeras.com.do\/wp-content\/uploads\/2025\/06\/Alexis-Lantigua.jpg?resize=350%2C200&ssl=1","width":350,"height":200,"srcset":"https:\/\/i0.wp.com\/lasprimeras.com.do\/wp-content\/uploads\/2025\/06\/Alexis-Lantigua.jpg?resize=350%2C200&ssl=1 1x, https:\/\/i0.wp.com\/lasprimeras.com.do\/wp-content\/uploads\/2025\/06\/Alexis-Lantigua.jpg?resize=525%2C300&ssl=1 1.5x, https:\/\/i0.wp.com\/lasprimeras.com.do\/wp-content\/uploads\/2025\/06\/Alexis-Lantigua.jpg?resize=700%2C400&ssl=1 2x"},"classes":[]},{"id":94351,"url":"https:\/\/lasprimeras.com.do\/index.php\/2025\/02\/28\/decenas-de-personas-protestan-en-puerto-rico-contra-arrestos-de-migrantes-por-parte-de-ice\/","url_meta":{"origin":101312,"position":1},"title":"Decenas de personas protestan en Puerto Rico contra arrestos de migrantes por parte de ICE","author":"Nelson Feliz","date":"28 de febrero de 2025","format":false,"excerpt":"Los grupos promueven \"El apag\u00f3n econ\u00f3mico de 24 horas\" programado para este viernes, 28 de febrero San Juan,EFE \u2013 Decenas de personas se concentraron la tarde de este jueves en el Viejo San Juan, distrito hist\u00f3rico de la capital puertorrique\u00f1a, para protestar en contra de la pol\u00edtica migratoria del presidente\u2026","rel":"","context":"En \u00abINTERNACIONALES\u00bb","block_context":{"text":"INTERNACIONALES","link":"https:\/\/lasprimeras.com.do\/index.php\/category\/sin-categoria\/internacionales\/"},"img":{"alt_text":"","src":"https:\/\/i0.wp.com\/lasprimeras.com.do\/wp-content\/uploads\/2025\/02\/protesta.png?resize=350%2C200&ssl=1","width":350,"height":200,"srcset":"https:\/\/i0.wp.com\/lasprimeras.com.do\/wp-content\/uploads\/2025\/02\/protesta.png?resize=350%2C200&ssl=1 1x, https:\/\/i0.wp.com\/lasprimeras.com.do\/wp-content\/uploads\/2025\/02\/protesta.png?resize=525%2C300&ssl=1 1.5x, https:\/\/i0.wp.com\/lasprimeras.com.do\/wp-content\/uploads\/2025\/02\/protesta.png?resize=700%2C400&ssl=1 2x"},"classes":[]},{"id":88523,"url":"https:\/\/lasprimeras.com.do\/index.php\/2024\/08\/30\/dominicano-se-declara-culpable-de-trafico-de-personas-ante-autoridades-de-puerto-rico\/","url_meta":{"origin":101312,"position":2},"title":"Dominicano se declara culpable de tr\u00e1fico de personas ante autoridades de Puerto Rico","author":"Nelson Feliz","date":"30 de agosto de 2024","format":false,"excerpt":"Alcibades de Paz, de 34 a\u00f1os, se declar\u00f3 culpable de un cargo por traer a ciertos extranjeros a los Estados Unidos, lo que caus\u00f3 la muerte de un ni\u00f1o de tres a\u00f1os. Un dominicano se declar\u00f3 culpable por participar en el tr\u00e1fico de personas en Puerto Rico, as\u00ed lo inform\u00f3\u2026","rel":"","context":"En \u00abSin categor\u00eda\u00bb","block_context":{"text":"Sin categor\u00eda","link":"https:\/\/lasprimeras.com.do\/index.php\/category\/sin-categoria\/"},"img":{"alt_text":"","src":"https:\/\/i0.wp.com\/lasprimeras.com.do\/wp-content\/uploads\/2024\/08\/YOLA.jpeg?resize=350%2C200&ssl=1","width":350,"height":200,"srcset":"https:\/\/i0.wp.com\/lasprimeras.com.do\/wp-content\/uploads\/2024\/08\/YOLA.jpeg?resize=350%2C200&ssl=1 1x, https:\/\/i0.wp.com\/lasprimeras.com.do\/wp-content\/uploads\/2024\/08\/YOLA.jpeg?resize=525%2C300&ssl=1 1.5x, https:\/\/i0.wp.com\/lasprimeras.com.do\/wp-content\/uploads\/2024\/08\/YOLA.jpeg?resize=700%2C400&ssl=1 2x"},"classes":[]},{"id":57161,"url":"https:\/\/lasprimeras.com.do\/index.php\/2023\/08\/09\/fbi-arresta-a-pareja-acusada-de-secuestro-y-trafico-de-migrantes-dominicanos-en-puerto-rico\/","url_meta":{"origin":101312,"position":3},"title":"FBI arresta a pareja acusada de secuestro y tr\u00e1fico de migrantes dominicanos en Puerto Rico","author":"Nelson Feliz","date":"9 de agosto de 2023","format":false,"excerpt":"El matrimonio recog\u00eda a los migrantes y les imped\u00eda la salida hasta que familiares pagaran un rescate. Un matrimonio fue detenido por agentes del FBI en Puerto Rico tras ser acusados por secuestro y alojar a migrantes en una residencia en la capital de San Juan, informaron este mi\u00e9rcoles las\u2026","rel":"","context":"En \u00abSin categor\u00eda\u00bb","block_context":{"text":"Sin categor\u00eda","link":"https:\/\/lasprimeras.com.do\/index.php\/category\/sin-categoria\/"},"img":{"alt_text":"PRESO","src":"https:\/\/i0.wp.com\/lasprimeras.com.do\/wp-content\/uploads\/2023\/08\/PRESO-1.jpg?resize=350%2C200&ssl=1","width":350,"height":200,"srcset":"https:\/\/i0.wp.com\/lasprimeras.com.do\/wp-content\/uploads\/2023\/08\/PRESO-1.jpg?resize=350%2C200&ssl=1 1x, https:\/\/i0.wp.com\/lasprimeras.com.do\/wp-content\/uploads\/2023\/08\/PRESO-1.jpg?resize=525%2C300&ssl=1 1.5x, https:\/\/i0.wp.com\/lasprimeras.com.do\/wp-content\/uploads\/2023\/08\/PRESO-1.jpg?resize=700%2C400&ssl=1 2x"},"classes":[]},{"id":69628,"url":"https:\/\/lasprimeras.com.do\/index.php\/2023\/12\/04\/detienen-a-54-migrantes-dominicanos-y-9-haitianos-cerca-de-aguas-de-puerto-rico\/","url_meta":{"origin":101312,"position":4},"title":"Detienen a 54 migrantes dominicanos y 9 haitianos cerca de aguas de Puerto Rico","author":"BIMARY DE JES\u00daS Matos","date":"4 de diciembre de 2023","format":false,"excerpt":"Puerto Rico.-La Oficina de Aduanas y Protecci\u00f3n Fronteriza de EE.UU. (CBP, en ingl\u00e9s) en Puerto Rico inform\u00f3 este lunes que detuvo a 63 migrantes, 54 dominicanos y 9 haitianos, al buscar ingresar ilegalmente a la isla caribe\u00f1a. Seg\u00fan detall\u00f3 la agencia en un comunicado, agentes marinos de Operaciones A\u00e9reas y\u2026","rel":"","context":"En \u00abPORTADA\u00bb","block_context":{"text":"PORTADA","link":"https:\/\/lasprimeras.com.do\/index.php\/category\/portada\/"},"img":{"alt_text":"","src":"https:\/\/i0.wp.com\/lasprimeras.com.do\/wp-content\/uploads\/2023\/12\/WhatsApp-Image-2023-12-04-at-12.35.37-PM-5.jpeg?resize=350%2C200&ssl=1","width":350,"height":200,"srcset":"https:\/\/i0.wp.com\/lasprimeras.com.do\/wp-content\/uploads\/2023\/12\/WhatsApp-Image-2023-12-04-at-12.35.37-PM-5.jpeg?resize=350%2C200&ssl=1 1x, https:\/\/i0.wp.com\/lasprimeras.com.do\/wp-content\/uploads\/2023\/12\/WhatsApp-Image-2023-12-04-at-12.35.37-PM-5.jpeg?resize=525%2C300&ssl=1 1.5x"},"classes":[]},{"id":59309,"url":"https:\/\/lasprimeras.com.do\/index.php\/2023\/09\/01\/tres-migrantes-dominicanos-enfrentan-pena-de-20-anos-por-reingresar-en-yola-a-puerto-rico\/","url_meta":{"origin":101312,"position":5},"title":"Tres migrantes dominicanos enfrentan pena de 20 a\u00f1os por reingresar en yola a Puerto Rico","author":"Nelson Feliz","date":"1 de septiembre de 2023","format":false,"excerpt":"Tres migrantes dominicanos, de entre 36 y 40 a\u00f1os, pueden cumplir una pena federal de 20 a\u00f1os si son encontrados culpables por intentar reingresar a territorio estadounidense despu\u00e9s de una deportaci\u00f3n por una condena. Elvin Agueda Sim\u00f3n, de 36 a\u00f1os, y Jes\u00fas Bega Ferm\u00edn y Jairon Trinidad L\u00f3pez, ambos de\u2026","rel":"","context":"En \u00abSin categor\u00eda\u00bb","block_context":{"text":"Sin categor\u00eda","link":"https:\/\/lasprimeras.com.do\/index.php\/category\/sin-categoria\/"},"img":{"alt_text":"El tr\u00edo de migrantes fue encontrado dentro de una yola interceptada por una Unidad Marina de la Oficina de Patrulla Fronteriza (CBP, en ingl\u00e9s) en el Pasaje de la Mona.","src":"https:\/\/i0.wp.com\/lasprimeras.com.do\/wp-content\/uploads\/2023\/09\/Unidad-Marina-de-la-Oficina-de-Patrulla-Fronteriza.jpg?resize=350%2C200&ssl=1","width":350,"height":200,"srcset":"https:\/\/i0.wp.com\/lasprimeras.com.do\/wp-content\/uploads\/2023\/09\/Unidad-Marina-de-la-Oficina-de-Patrulla-Fronteriza.jpg?resize=350%2C200&ssl=1 1x, https:\/\/i0.wp.com\/lasprimeras.com.do\/wp-content\/uploads\/2023\/09\/Unidad-Marina-de-la-Oficina-de-Patrulla-Fronteriza.jpg?resize=525%2C300&ssl=1 1.5x, https:\/\/i0.wp.com\/lasprimeras.com.do\/wp-content\/uploads\/2023\/09\/Unidad-Marina-de-la-Oficina-de-Patrulla-Fronteriza.jpg?resize=700%2C400&ssl=1 2x"},"classes":[]}],"jetpack_sharing_enabled":true,"_links":{"self":[{"href":"https:\/\/lasprimeras.com.do\/index.php\/wp-json\/wp\/v2\/posts\/101312","targetHints":{"allow":["GET"]}}],"collection":[{"href":"https:\/\/lasprimeras.com.do\/index.php\/wp-json\/wp\/v2\/posts"}],"about":[{"href":"https:\/\/lasprimeras.com.do\/index.php\/wp-json\/wp\/v2\/types\/post"}],"author":[{"embeddable":true,"href":"https:\/\/lasprimeras.com.do\/index.php\/wp-json\/wp\/v2\/users\/10"}],"replies":[{"embeddable":true,"href":"https:\/\/lasprimeras.com.do\/index.php\/wp-json\/wp\/v2\/comments?post=101312"}],"version-history":[{"count":1,"href":"https:\/\/lasprimeras.com.do\/index.php\/wp-json\/wp\/v2\/posts\/101312\/revisions"}],"predecessor-version":[{"id":101314,"href":"https:\/\/lasprimeras.com.do\/index.php\/wp-json\/wp\/v2\/posts\/101312\/revisions\/101314"}],"wp:featuredmedia":[{"embeddable":true,"href":"https:\/\/lasprimeras.com.do\/index.php\/wp-json\/wp\/v2\/media\/101313"}],"wp:attachment":[{"href":"https:\/\/lasprimeras.com.do\/index.php\/wp-json\/wp\/v2\/media?parent=101312"}],"wp:term":[{"taxonomy":"category","embeddable":true,"href":"https:\/\/lasprimeras.com.do\/index.php\/wp-json\/wp\/v2\/categories?post=101312"},{"taxonomy":"post_tag","embeddable":true,"href":"https:\/\/lasprimeras.com.do\/index.php\/wp-json\/wp\/v2\/tags?post=101312"}],"curies":[{"name":"wp","href":"https:\/\/api.w.org\/{rel}","templated":true}]}}