{"id":101321,"date":"2025-06-18T13:03:14","date_gmt":"2025-06-18T17:03:14","guid":{"rendered":"https:\/\/lasprimeras.com.do\/?p=101321"},"modified":"2025-06-18T13:03:16","modified_gmt":"2025-06-18T17:03:16","slug":"comision-del-pld-pasa-revista-a-implementacion-de-linea-organizativa-y-electoral","status":"publish","type":"post","link":"https:\/\/lasprimeras.com.do\/index.php\/2025\/06\/18\/comision-del-pld-pasa-revista-a-implementacion-de-linea-organizativa-y-electoral\/","title":{"rendered":"Comisi\u00f3n del PLD pasa revista a implementaci\u00f3n de L\u00ednea Organizativa y Electoral"},"content":{"rendered":"\n<p><strong>PLD programa asamblea en la regi\u00f3n nordeste este s\u00e1bado para socializar la reglamentaci\u00f3n de la implementaci\u00f3n de la nueva L\u00ednea Organizativa y Electoral (LOE).<\/strong><\/p>\n\n\n\n<p>El Partido de la Liberaci\u00f3n Dominicana (PLD) program\u00f3 para este s\u00e1bado 21 de junio la asamblea de sus dirigentes en la regi\u00f3n Nordeste del pa\u00eds que incluye las provincias Hermanas Mirabal, S\u00e1nchez Ram\u00edrez, Saman\u00e1, Mar\u00eda Trinidad S\u00e1nchez y Duarte, para socializar la reglamentaci\u00f3n de la implementaci\u00f3n de la nueva L\u00ednea Organizativa y Electoral (LOE), aprobada el X Congreso Ordinario Reinaldo Pared P\u00e9rez.<\/p>\n\n\n\n<p>Adem\u00e1s de este encuentro regional la Comisi\u00f3n de Implementaci\u00f3n de la L\u00ednea Organizativa y Electoral (LOE) agend\u00f3 una asamblea en la provincia Peravia, una reprogramaci\u00f3n de un encuentro que no se pudo desarrollar anteriormente.<\/p>\n\n\n\n<p>Con las asambleas del pr\u00f3ximo s\u00e1bado concluye una de las etapas de socializaci\u00f3n del Reglamento y el Instructivo para involucrar los organismos territoriales del PLD al trabajo electoral que procura la vinculaci\u00f3n de miembros y dirigentes con los colegios y recintos electorales.<\/p>\n\n\n\n<p>\u201cEs un cambio de modelo organizativo que involucra novedades y elementos tecnol\u00f3gicos para sincerar las estructuras pelede\u00edstas territoriales con las electorales\u201d, se detalla en un despacho de prensa, explicativo de los objetivos de uno de los mandatos del pasado Congreso del PLD.<\/p>\n\n\n\n<p>La Comisi\u00f3n de Implementaci\u00f3n de la L\u00ednea Organizativa y Electoral en la reuni\u00f3n ordinaria de la semana en curso hizo una evaluaci\u00f3n de los resultados de las asambleas del pasado fin de semana y ratific\u00f3 la programaci\u00f3n de los encuentros del nordeste y de la provincia Peravia.<\/p>\n\n\n\n<p>En la reuni\u00f3n, el equipo t\u00e9cnico de soporte de la comisi\u00f3n rindi\u00f3 un informe de los avances en el dise\u00f1o de la Plataforma para la aplicaci\u00f3n de la nueva L\u00ednea Organizativa y Electoral.<\/p>\n","protected":false},"excerpt":{"rendered":"<p>PLD programa asamblea en la regi\u00f3n nordeste este s\u00e1bado para socializar la reglamentaci\u00f3n de la implementaci\u00f3n de la nueva L\u00ednea Organizativa y Electoral (LOE). El Partido de la Liberaci\u00f3n Dominicana&hellip;<\/p>\n","protected":false},"author":10,"featured_media":101322,"comment_status":"open","ping_status":"open","sticky":false,"template":"","format":"standard","meta":{"content-type":"","jetpack_post_was_ever_published":false,"_jetpack_newsletter_access":"","_jetpack_dont_email_post_to_subs":false,"_jetpack_newsletter_tier_id":0,"_jetpack_memberships_contains_paywalled_content":false,"_jetpack_memberships_contains_paid_content":false,"footnotes":""},"categories":[16559],"tags":[950,731,3533,20680,20679,269],"class_list":["post-101321","post","type-post","status-publish","format-standard","has-post-thumbnail","hentry","category-politica","tag-comision","tag-electoral","tag-implementacion","tag-linea-organizativa","tag-pasa-revista","tag-pld"],"jetpack_featured_media_url":"https:\/\/lasprimeras.com.do\/wp-content\/uploads\/2025\/06\/Reunion-LOE-6.jpg","jetpack-related-posts":[{"id":101118,"url":"https:\/\/lasprimeras.com.do\/index.php\/2025\/06\/16\/pld-realizan-asambleas-regionales-de-sus-dirigentes\/","url_meta":{"origin":101321,"position":0},"title":"PLD realizan asambleas regionales de sus dirigentes","author":"Nelson Feliz","date":"16 de junio de 2025","format":false,"excerpt":"Dirigentes del PLD de las provincias del Noroeste y regi\u00f3n Valdesia reciben las explicaciones sobre la implementaci\u00f3n de la L\u00ednea Organizativa-Electoral. De manera simult\u00e1nea el Partido de la Liberaci\u00f3n Dominicana (PLD) desarroll\u00f3 este domingo dos asambleas regionales de sus dirigentes para socializar la reglamentaci\u00f3n de la implementaci\u00f3n de la nueva\u2026","rel":"","context":"En \u00abPOLITICA\u00bb","block_context":{"text":"POLITICA","link":"https:\/\/lasprimeras.com.do\/index.php\/category\/politica\/"},"img":{"alt_text":"","src":"https:\/\/i0.wp.com\/lasprimeras.com.do\/wp-content\/uploads\/2025\/06\/asambleas-regionales.jpg?resize=350%2C200&ssl=1","width":350,"height":200,"srcset":"https:\/\/i0.wp.com\/lasprimeras.com.do\/wp-content\/uploads\/2025\/06\/asambleas-regionales.jpg?resize=350%2C200&ssl=1 1x, https:\/\/i0.wp.com\/lasprimeras.com.do\/wp-content\/uploads\/2025\/06\/asambleas-regionales.jpg?resize=525%2C300&ssl=1 1.5x, https:\/\/i0.wp.com\/lasprimeras.com.do\/wp-content\/uploads\/2025\/06\/asambleas-regionales.jpg?resize=700%2C400&ssl=1 2x"},"classes":[]},{"id":100145,"url":"https:\/\/lasprimeras.com.do\/index.php\/2025\/06\/02\/implementacion-de-la-linea-organizativa-electoral-en-santiago-y-puerto-plata\/","url_meta":{"origin":101321,"position":1},"title":"Implementaci\u00f3n de la L\u00ednea Organizativa Electoral en Santiago y Puerto Plata","author":"Nelson Feliz","date":"2 de junio de 2025","format":false,"excerpt":"-Es prioridad en el PLD tener un Partido eficientemente organizado y electoralmente preparado. El miembro del Comit\u00e9 Pol\u00edtico del Partido de la Liberaci\u00f3n Dominicana (PLD) y de la Comisi\u00f3n de Implementaci\u00f3n de la L\u00ednea Organizativa y Electoral (LOE), Danilo D\u00edaz, precis\u00f3 que con el nuevo formato organizativo, vinculando las estructura\u2026","rel":"","context":"En \u00abPOLITICA\u00bb","block_context":{"text":"POLITICA","link":"https:\/\/lasprimeras.com.do\/index.php\/category\/politica\/"},"img":{"alt_text":"","src":"https:\/\/i0.wp.com\/lasprimeras.com.do\/wp-content\/uploads\/2025\/06\/Danilo-Diaz.jpg?resize=350%2C200&ssl=1","width":350,"height":200,"srcset":"https:\/\/i0.wp.com\/lasprimeras.com.do\/wp-content\/uploads\/2025\/06\/Danilo-Diaz.jpg?resize=350%2C200&ssl=1 1x, https:\/\/i0.wp.com\/lasprimeras.com.do\/wp-content\/uploads\/2025\/06\/Danilo-Diaz.jpg?resize=525%2C300&ssl=1 1.5x, https:\/\/i0.wp.com\/lasprimeras.com.do\/wp-content\/uploads\/2025\/06\/Danilo-Diaz.jpg?resize=700%2C400&ssl=1 2x"},"classes":[]},{"id":114071,"url":"https:\/\/lasprimeras.com.do\/index.php\/2025\/11\/10\/pld-pasara-balance-a-la-implementacion-de-la-linea-organizativa-y-electoral-loe\/","url_meta":{"origin":101321,"position":2},"title":"PLD pasar\u00e1 balance a la implementaci\u00f3n de la L\u00ednea Organizativa y Electoral (LOE)","author":"Nelson Feliz","date":"10 de noviembre de 2025","format":false,"excerpt":"El Partido de la Liberaci\u00f3n Dominicana (PLD) anunci\u00f3 para el pr\u00f3ximo jueves, 13 noviembre, la realizaci\u00f3n de un encuentro de sus dirigentes para pasar balance a la implementaci\u00f3n de la L\u00ednea Organizativa y Electoral (LOE) aprobada en el X Congreso Ordinario Reinaldo Pared P\u00e9rez. En el encuentro bajo el formato\u2026","rel":"","context":"En \u00abPOLITICA\u00bb","block_context":{"text":"POLITICA","link":"https:\/\/lasprimeras.com.do\/index.php\/category\/politica\/"},"img":{"alt_text":"","src":"https:\/\/i0.wp.com\/lasprimeras.com.do\/wp-content\/uploads\/2024\/05\/CN-PLD.jpg?resize=350%2C200&ssl=1","width":350,"height":200,"srcset":"https:\/\/i0.wp.com\/lasprimeras.com.do\/wp-content\/uploads\/2024\/05\/CN-PLD.jpg?resize=350%2C200&ssl=1 1x, https:\/\/i0.wp.com\/lasprimeras.com.do\/wp-content\/uploads\/2024\/05\/CN-PLD.jpg?resize=525%2C300&ssl=1 1.5x, https:\/\/i0.wp.com\/lasprimeras.com.do\/wp-content\/uploads\/2024\/05\/CN-PLD.jpg?resize=700%2C400&ssl=1 2x"},"classes":[]},{"id":124967,"url":"https:\/\/lasprimeras.com.do\/index.php\/2026\/03\/18\/pld-concluye-segunda-fase-de-implementacion-de-la-linea-loe\/","url_meta":{"origin":101321,"position":3},"title":"PLD concluye segunda fase de implementaci\u00f3n de la L\u00ednea LOE","author":"Nelson Feliz","date":"18 de marzo de 2026","format":false,"excerpt":"Las direcciones del Partido de la Liberaci\u00f3n Dominicana (PLD) de las provincias de la regi\u00f3n Este: El Seibo, Hato Mayor, La Altagracia, La Romana y San Pedro de Macor\u00eds, as\u00ed como las ubicadas en la regi\u00f3n del Cibao: Santiago, Espaillat, La Vega y Puerto Plata, se manifestaron regocijadas con los\u2026","rel":"","context":"En \u00abPOLITICA\u00bb","block_context":{"text":"POLITICA","link":"https:\/\/lasprimeras.com.do\/index.php\/category\/politica\/"},"img":{"alt_text":"","src":"https:\/\/i0.wp.com\/lasprimeras.com.do\/wp-content\/uploads\/2023\/06\/Casa-Nacional-PLD.jpg?resize=350%2C200&ssl=1","width":350,"height":200,"srcset":"https:\/\/i0.wp.com\/lasprimeras.com.do\/wp-content\/uploads\/2023\/06\/Casa-Nacional-PLD.jpg?resize=350%2C200&ssl=1 1x, https:\/\/i0.wp.com\/lasprimeras.com.do\/wp-content\/uploads\/2023\/06\/Casa-Nacional-PLD.jpg?resize=525%2C300&ssl=1 1.5x, https:\/\/i0.wp.com\/lasprimeras.com.do\/wp-content\/uploads\/2023\/06\/Casa-Nacional-PLD.jpg?resize=700%2C400&ssl=1 2x"},"classes":[]},{"id":124627,"url":"https:\/\/lasprimeras.com.do\/index.php\/2026\/03\/15\/pld-avanza-en-su-nueva-linea-organizativa-y-electoral\/","url_meta":{"origin":101321,"position":4},"title":"PLD avanza en su nueva L\u00ednea Organizativa y Electoral","author":"Nelson Feliz","date":"15 de marzo de 2026","format":false,"excerpt":"El Partido de la Liberaci\u00f3n Dominicana (PLD) aprovech\u00f3 el fin de semana para formalizar el posicionamiento de decenas de Comit\u00e9s Intermedios en los recintos electorales, cumpliendo as\u00ed con el mandato de su l\u00ednea organizativa y electoral. La Comisi\u00f3n de Implementaci\u00f3n de la L\u00ednea Organizativa y Electoral recibi\u00f3 los reportes de\u2026","rel":"","context":"En \u00abPOLITICA\u00bb","block_context":{"text":"POLITICA","link":"https:\/\/lasprimeras.com.do\/index.php\/category\/politica\/"},"img":{"alt_text":"","src":"https:\/\/i0.wp.com\/lasprimeras.com.do\/wp-content\/uploads\/2026\/03\/Ocoa.jpg?resize=350%2C200&ssl=1","width":350,"height":200,"srcset":"https:\/\/i0.wp.com\/lasprimeras.com.do\/wp-content\/uploads\/2026\/03\/Ocoa.jpg?resize=350%2C200&ssl=1 1x, https:\/\/i0.wp.com\/lasprimeras.com.do\/wp-content\/uploads\/2026\/03\/Ocoa.jpg?resize=525%2C300&ssl=1 1.5x, https:\/\/i0.wp.com\/lasprimeras.com.do\/wp-content\/uploads\/2026\/03\/Ocoa.jpg?resize=700%2C400&ssl=1 2x"},"classes":[]},{"id":111049,"url":"https:\/\/lasprimeras.com.do\/index.php\/2025\/10\/03\/johnny-pujols-supervision-de-implementacion-de-linea-organizativa-del-pld-en-sdn\/","url_meta":{"origin":101321,"position":5},"title":"Johnny Pujols: Supervisi\u00f3n de Implementaci\u00f3n de L\u00ednea Organizativa del PLD en SDN","author":"Nelson Feliz","date":"3 de octubre de 2025","format":false,"excerpt":"Pujols encabezar\u00e1 reuniones y encuentros este s\u00e1bado en el municipio Santo Domingo Norte. El secretario general del Partido de la Liberaci\u00f3n Dominicana (PLD), Johnny Pujols, agotar\u00e1 este s\u00e1bado una jornada de evaluaci\u00f3n de la implementaci\u00f3n de la L\u00ednea Organizativa y Electoral (LOE) en la Circunscripci\u00f3n Electoral Seis (6) de la\u2026","rel":"","context":"En \u00abPOLITICA\u00bb","block_context":{"text":"POLITICA","link":"https:\/\/lasprimeras.com.do\/index.php\/category\/politica\/"},"img":{"alt_text":"","src":"https:\/\/i0.wp.com\/lasprimeras.com.do\/wp-content\/uploads\/2025\/10\/Johnny-Pujols.jpg?resize=350%2C200&ssl=1","width":350,"height":200,"srcset":"https:\/\/i0.wp.com\/lasprimeras.com.do\/wp-content\/uploads\/2025\/10\/Johnny-Pujols.jpg?resize=350%2C200&ssl=1 1x, https:\/\/i0.wp.com\/lasprimeras.com.do\/wp-content\/uploads\/2025\/10\/Johnny-Pujols.jpg?resize=525%2C300&ssl=1 1.5x, https:\/\/i0.wp.com\/lasprimeras.com.do\/wp-content\/uploads\/2025\/10\/Johnny-Pujols.jpg?resize=700%2C400&ssl=1 2x"},"classes":[]}],"jetpack_sharing_enabled":true,"_links":{"self":[{"href":"https:\/\/lasprimeras.com.do\/index.php\/wp-json\/wp\/v2\/posts\/101321","targetHints":{"allow":["GET"]}}],"collection":[{"href":"https:\/\/lasprimeras.com.do\/index.php\/wp-json\/wp\/v2\/posts"}],"about":[{"href":"https:\/\/lasprimeras.com.do\/index.php\/wp-json\/wp\/v2\/types\/post"}],"author":[{"embeddable":true,"href":"https:\/\/lasprimeras.com.do\/index.php\/wp-json\/wp\/v2\/users\/10"}],"replies":[{"embeddable":true,"href":"https:\/\/lasprimeras.com.do\/index.php\/wp-json\/wp\/v2\/comments?post=101321"}],"version-history":[{"count":1,"href":"https:\/\/lasprimeras.com.do\/index.php\/wp-json\/wp\/v2\/posts\/101321\/revisions"}],"predecessor-version":[{"id":101323,"href":"https:\/\/lasprimeras.com.do\/index.php\/wp-json\/wp\/v2\/posts\/101321\/revisions\/101323"}],"wp:featuredmedia":[{"embeddable":true,"href":"https:\/\/lasprimeras.com.do\/index.php\/wp-json\/wp\/v2\/media\/101322"}],"wp:attachment":[{"href":"https:\/\/lasprimeras.com.do\/index.php\/wp-json\/wp\/v2\/media?parent=101321"}],"wp:term":[{"taxonomy":"category","embeddable":true,"href":"https:\/\/lasprimeras.com.do\/index.php\/wp-json\/wp\/v2\/categories?post=101321"},{"taxonomy":"post_tag","embeddable":true,"href":"https:\/\/lasprimeras.com.do\/index.php\/wp-json\/wp\/v2\/tags?post=101321"}],"curies":[{"name":"wp","href":"https:\/\/api.w.org\/{rel}","templated":true}]}}