{"id":101402,"date":"2025-06-20T13:15:24","date_gmt":"2025-06-20T17:15:24","guid":{"rendered":"https:\/\/lasprimeras.com.do\/?p=101402"},"modified":"2025-06-20T13:15:26","modified_gmt":"2025-06-20T17:15:26","slug":"ciudad-sanitaria-honra-al-dr-julio-manuel-rodriguez-grullon-en-su-iii-jornada-cientifica","status":"publish","type":"post","link":"https:\/\/lasprimeras.com.do\/index.php\/2025\/06\/20\/ciudad-sanitaria-honra-al-dr-julio-manuel-rodriguez-grullon-en-su-iii-jornada-cientifica\/","title":{"rendered":"Ciudad Sanitaria honra al Dr. Julio Manuel Rodr\u00edguez Grull\u00f3n en su III Jornada Cient\u00edfica"},"content":{"rendered":"\n<p>En un emotivo acto celebrado durante la III Jornada Cient\u00edfica del Consejo de Ense\u00f1anza e Investigaciones de la Ciudad Sanitaria Dr. Luis E. Aybar, fue dedicada la edici\u00f3n de este a\u00f1o al destacado pediatra y acad\u00e9mico dominicano, doctor Julio Manuel Rodr\u00edguez Grull\u00f3n.<\/p>\n\n\n\n<p>La actividad, celebrada en el Hotel Catalonia bajo el lema \u201cMedicina de Alta Complejidad y su Impacto Global: Innovaci\u00f3n y Colaboraci\u00f3n Multidisciplinaria\u201d, reuni\u00f3 a profesionales del sector salud para reflexionar sobre los desaf\u00edos y avances de la medicina moderna.<\/p>\n\n\n\n<p>El doctor Rodr\u00edguez Grull\u00f3n, reconocido por su incansable labor como pediatra, hemat\u00f3logo y educador m\u00e9dico, fue homenajeado por su legado en la formaci\u00f3n de generaciones de m\u00e9dicos y su firme compromiso con la excelencia cl\u00ednica y acad\u00e9mica.<\/p>\n\n\n\n<p>Durante su carrera, ha sido fundador de las residencias de Pediatr\u00eda y Perinatolog\u00eda en la Ciudad Sanitaria, adem\u00e1s de desempe\u00f1arse como gerente del Consejo de Ense\u00f1anza e Investigaciones de la instituci\u00f3n.<\/p>\n\n\n\n<p>La dedicatoria tambi\u00e9n resalta su amplia producci\u00f3n cient\u00edfica, con m\u00e1s de 220 publicaciones, incluyendo aportes en revistas de alto prestigio como el New England Journal of Medicine.<\/p>\n\n\n\n<p>Adem\u00e1s, ha sido autor de varios libros sobre historia y sociedad, reflejo de su visi\u00f3n integral de la medicina como herramienta de transformaci\u00f3n social.<\/p>\n\n\n\n<p>M\u00e1s all\u00e1 del \u00e1mbito acad\u00e9mico, el doctor Rodr\u00edguez Grull\u00f3n ha ejercido un liderazgo influyente en organizaciones gremiales como la Sociedad Dominicana de Pediatr\u00eda y la Asociaci\u00f3n M\u00e9dica Dominicana (hoy Colegio M\u00e9dico Dominicano), as\u00ed como en instituciones hospitalarias clave del pa\u00eds.<\/p>\n\n\n\n<p>Su vida profesional ha estado marcada por un profundo compromiso patri\u00f3tico y una \u00e9tica inquebrantable, lo que lo ha convertido en modelo de integridad para la medicina nacional.<\/p>\n\n\n\n<p>Al dedicarle esta jornada, la Ciudad Sanitaria rinde tributo no solo al m\u00e9dico ejemplar, sino tambi\u00e9n al maestro de generaciones y defensor de los valores m\u00e1s nobles de la sociedad dominicana. Su nombre, que ya identifica al Hospital Materno Infantil de la Ciudad Sanitaria, representa un legado vivo que seguir\u00e1 inspirando a futuras generaciones.<\/p>\n\n\n\n<p>Dedicada tambi\u00e9n a Jos\u00e9 Joaqu\u00edn Puello<\/p>\n\n\n\n<p>La III Jornada Cient\u00edfica tambi\u00e9n fue dedicada de manera conjunta al Dr. Jos\u00e9 Joaqu\u00edn Puello Herrera, eminente neurocirujano dominicano y figura clave en el desarrollo del sistema de salud del pa\u00eds.<\/p>\n\n\n\n<p>Reconocido por su vasta trayectoria acad\u00e9mica y profesional, el doctor Puello ha sido pionero en la neurocirug\u00eda nacional y un ferviente defensor de la medicina con enfoque humanista.<\/p>\n\n\n\n<p>Su liderazgo, tanto en la Ciudad Sanitaria como en diversas instituciones m\u00e9dicas y educativas, ha dejado una huella imborrable en m\u00faltiples generaciones de profesionales de la salud, raz\u00f3n por la cual su reconocimiento en este evento resalta el valor de su contribuci\u00f3n al pa\u00eds.<\/p>\n","protected":false},"excerpt":{"rendered":"<p>En un emotivo acto celebrado durante la III Jornada Cient\u00edfica del Consejo de Ense\u00f1anza e Investigaciones de la Ciudad Sanitaria Dr. Luis E. Aybar, fue dedicada la edici\u00f3n de este&hellip;<\/p>\n","protected":false},"author":10,"featured_media":101403,"comment_status":"open","ping_status":"open","sticky":false,"template":"","format":"standard","meta":{"content-type":"","jetpack_post_was_ever_published":false,"_jetpack_newsletter_access":"","_jetpack_dont_email_post_to_subs":false,"_jetpack_newsletter_tier_id":0,"_jetpack_memberships_contains_paywalled_content":false,"_jetpack_memberships_contains_paid_content":false,"footnotes":""},"categories":[16558],"tags":[7828,20726,20727],"class_list":["post-101402","post","type-post","status-publish","format-standard","has-post-thumbnail","hentry","category-salud","tag-ciudad-sanitaria","tag-dr-julio-manuel-rodriguez-grullon","tag-jornada-cientifica"],"jetpack_featured_media_url":"https:\/\/lasprimeras.com.do\/wp-content\/uploads\/2025\/06\/Julio-Manuel-Rodriguez-Grullon-1.jpg","jetpack-related-posts":[{"id":97748,"url":"https:\/\/lasprimeras.com.do\/index.php\/2025\/04\/27\/asamblea-destituye-al-doctor-rodriguez-grullon-como-presidente-del-instituto-duartiano\/","url_meta":{"origin":101402,"position":0},"title":"Asamblea destituye al doctor Rodr\u00edguez Grull\u00f3n como presidente del Instituto Duartiano","author":"Nelson Feliz","date":"27 de abril de 2025","format":false,"excerpt":"La decisi\u00f3n fue tomada por las posturas personales del doctor Julio Manuel Rodr\u00edguez Grull\u00f3n sobre el tema haitiano, que se apartan de la l\u00ednea institucional en defensa de la soberan\u00eda. En una Asamblea General Extraordinaria, el Instituto Duartiano decidi\u00f3 revocar este fin de semana de la presidencia de esa entidad\u2026","rel":"","context":"En \u00abNACIONALES\u00bb","block_context":{"text":"NACIONALES","link":"https:\/\/lasprimeras.com.do\/index.php\/category\/nacionales\/"},"img":{"alt_text":"","src":"https:\/\/i0.wp.com\/lasprimeras.com.do\/wp-content\/uploads\/2025\/04\/Directivos-del-Instituto-Duartiano-luego-de-la-asamblea.jpg?resize=350%2C200&ssl=1","width":350,"height":200,"srcset":"https:\/\/i0.wp.com\/lasprimeras.com.do\/wp-content\/uploads\/2025\/04\/Directivos-del-Instituto-Duartiano-luego-de-la-asamblea.jpg?resize=350%2C200&ssl=1 1x, https:\/\/i0.wp.com\/lasprimeras.com.do\/wp-content\/uploads\/2025\/04\/Directivos-del-Instituto-Duartiano-luego-de-la-asamblea.jpg?resize=525%2C300&ssl=1 1.5x"},"classes":[]},{"id":114613,"url":"https:\/\/lasprimeras.com.do\/index.php\/2025\/08\/15\/gobierno-pone-en-operacion-helipuerto-en-ciudad-sanitaria-dra-evangelina-rodriguez-perozo\/","url_meta":{"origin":101402,"position":1},"title":"Gobierno pone en operaci\u00f3n helipuerto en Ciudad Sanitaria Dra. Evangelina Rodr\u00edguez Perozo","author":"Nelson Feliz","date":"15 de agosto de 2025","format":false,"excerpt":"El director del Servicio Nacional de Salud (SNS), doctor Mario Lama, particip\u00f3 este viernes en la puesta en operaci\u00f3n del nuevo helipuerto construido en la Ciudad Sanitaria Dra. Evangelina Rodr\u00edguez Perozo, infraestructura que fortalecer\u00e1 significativamente la capacidad de respuesta en situaciones de emergencias m\u00e9dicas. Durante el acto, encabezado por el\u2026","rel":"","context":"En \u00abNACIONALES\u00bb","block_context":{"text":"NACIONALES","link":"https:\/\/lasprimeras.com.do\/index.php\/category\/nacionales\/"},"img":{"alt_text":"","src":"https:\/\/i0.wp.com\/lasprimeras.com.do\/wp-content\/uploads\/2025\/11\/operacion-helipuerto.jpg?resize=350%2C200&ssl=1","width":350,"height":200,"srcset":"https:\/\/i0.wp.com\/lasprimeras.com.do\/wp-content\/uploads\/2025\/11\/operacion-helipuerto.jpg?resize=350%2C200&ssl=1 1x, https:\/\/i0.wp.com\/lasprimeras.com.do\/wp-content\/uploads\/2025\/11\/operacion-helipuerto.jpg?resize=525%2C300&ssl=1 1.5x, https:\/\/i0.wp.com\/lasprimeras.com.do\/wp-content\/uploads\/2025\/11\/operacion-helipuerto.jpg?resize=700%2C400&ssl=1 2x"},"classes":[]},{"id":122310,"url":"https:\/\/lasprimeras.com.do\/index.php\/2026\/02\/16\/medicos-de-ee-uu-hacen-un-llamado-de-advertencia-en-contra-tratamiento-del-dr-fadul-sobre-autismo\/","url_meta":{"origin":101402,"position":2},"title":"M\u00e9dicos de EE.UU hacen un llamado de advertencia en contra tratamiento del Dr. Fadul sobre autismo","author":"Nelson Feliz","date":"16 de febrero de 2026","format":false,"excerpt":"Hace dos a\u00f1os, el programa N Investiga investig\u00f3 las afirmaciones del doctorJos\u00e9 Ernesto Fadul, quien aseguraba que \u201ccuraba\u201d el autismo mediante un tratamiento basado en vitaminas y amino\u00e1cidos que vend\u00eda directamente en su consultorio. En aquel momento se analizaron las c\u00e1psulas, se consult\u00f3 a especialistas y se verific\u00f3 que su\u2026","rel":"","context":"En \u00abNACIONALES\u00bb","block_context":{"text":"NACIONALES","link":"https:\/\/lasprimeras.com.do\/index.php\/category\/nacionales\/"},"img":{"alt_text":"","src":"https:\/\/i0.wp.com\/lasprimeras.com.do\/wp-content\/uploads\/2026\/02\/Dr.-Fadul-1140x694-1.jpg?resize=350%2C200&ssl=1","width":350,"height":200,"srcset":"https:\/\/i0.wp.com\/lasprimeras.com.do\/wp-content\/uploads\/2026\/02\/Dr.-Fadul-1140x694-1.jpg?resize=350%2C200&ssl=1 1x, https:\/\/i0.wp.com\/lasprimeras.com.do\/wp-content\/uploads\/2026\/02\/Dr.-Fadul-1140x694-1.jpg?resize=525%2C300&ssl=1 1.5x, https:\/\/i0.wp.com\/lasprimeras.com.do\/wp-content\/uploads\/2026\/02\/Dr.-Fadul-1140x694-1.jpg?resize=700%2C400&ssl=1 2x, https:\/\/i0.wp.com\/lasprimeras.com.do\/wp-content\/uploads\/2026\/02\/Dr.-Fadul-1140x694-1.jpg?resize=1050%2C600&ssl=1 3x"},"classes":[]},{"id":93132,"url":"https:\/\/lasprimeras.com.do\/index.php\/2025\/01\/25\/la-sociedad-de-oncologia-medica-un-nuevo-pilar-en-la-lucha-contra-el-cancer-en-la-republica-dominicana\/","url_meta":{"origin":101402,"position":3},"title":"La Sociedad de Oncolog\u00eda M\u00e9dica: Un Nuevo Pilar en la Lucha contra el C\u00e1ncer en la Rep\u00fablica Dominicana","author":"Nelson Feliz","date":"25 de enero de 2025","format":false,"excerpt":"Por Nicol\u00e1s E. Grull\u00f3n La comunidad m\u00e9dica y cient\u00edfica de la Rep\u00fablica Dominicana celebr\u00f3 un evento trascendental para el sector salud: la presentaci\u00f3n oficial de la Sociedad Dominicana de Oncolog\u00eda M\u00e9dica (SODOM) y el encuentro titulado \u201cTrasladando la Innovaci\u00f3n en C\u00e1ncer de Pulm\u00f3n a la Pr\u00e1ctica\u201d, una jornada que reuni\u00f3\u2026","rel":"","context":"En \u00abSALUD\u00bb","block_context":{"text":"SALUD","link":"https:\/\/lasprimeras.com.do\/index.php\/category\/salud\/"},"img":{"alt_text":"","src":"https:\/\/i0.wp.com\/lasprimeras.com.do\/wp-content\/uploads\/2025\/01\/la-sociedad-de-oncologia-medica-un-nuevo-pilar-en-la-lucha-contra-el-cancer-en-la-republica-dominicana.jpg?resize=350%2C200&ssl=1","width":350,"height":200,"srcset":"https:\/\/i0.wp.com\/lasprimeras.com.do\/wp-content\/uploads\/2025\/01\/la-sociedad-de-oncologia-medica-un-nuevo-pilar-en-la-lucha-contra-el-cancer-en-la-republica-dominicana.jpg?resize=350%2C200&ssl=1 1x, https:\/\/i0.wp.com\/lasprimeras.com.do\/wp-content\/uploads\/2025\/01\/la-sociedad-de-oncologia-medica-un-nuevo-pilar-en-la-lucha-contra-el-cancer-en-la-republica-dominicana.jpg?resize=525%2C300&ssl=1 1.5x, https:\/\/i0.wp.com\/lasprimeras.com.do\/wp-content\/uploads\/2025\/01\/la-sociedad-de-oncologia-medica-un-nuevo-pilar-en-la-lucha-contra-el-cancer-en-la-republica-dominicana.jpg?resize=700%2C400&ssl=1 2x, https:\/\/i0.wp.com\/lasprimeras.com.do\/wp-content\/uploads\/2025\/01\/la-sociedad-de-oncologia-medica-un-nuevo-pilar-en-la-lucha-contra-el-cancer-en-la-republica-dominicana.jpg?resize=1050%2C600&ssl=1 3x"},"classes":[]},{"id":120427,"url":"https:\/\/lasprimeras.com.do\/index.php\/2026\/01\/23\/tsa-ratifica-legitimidad-de-la-presidencia-del-dr-luis-pena-nunez-en-el-cmd\/","url_meta":{"origin":101402,"position":4},"title":"TSA ratifica legitimidad de la presidencia del Dr. Luis Pe\u00f1a N\u00fa\u00f1ez en el CMD","author":"Nelson Feliz","date":"23 de enero de 2026","format":false,"excerpt":"Luis Pe\u00f1a N\u00fa\u00f1ez","rel":"","context":"En \u00abJUSTICIA\u00bb","block_context":{"text":"JUSTICIA","link":"https:\/\/lasprimeras.com.do\/index.php\/category\/justicia\/"},"img":{"alt_text":"Luis Pe\u00f1a N\u00fa\u00f1ez","src":"https:\/\/i0.wp.com\/lasprimeras.com.do\/wp-content\/uploads\/2026\/01\/Luis-Pena-Nunez.jpg?resize=350%2C200&ssl=1","width":350,"height":200,"srcset":"https:\/\/i0.wp.com\/lasprimeras.com.do\/wp-content\/uploads\/2026\/01\/Luis-Pena-Nunez.jpg?resize=350%2C200&ssl=1 1x, https:\/\/i0.wp.com\/lasprimeras.com.do\/wp-content\/uploads\/2026\/01\/Luis-Pena-Nunez.jpg?resize=525%2C300&ssl=1 1.5x, https:\/\/i0.wp.com\/lasprimeras.com.do\/wp-content\/uploads\/2026\/01\/Luis-Pena-Nunez.jpg?resize=700%2C400&ssl=1 2x"},"classes":[]},{"id":85529,"url":"https:\/\/lasprimeras.com.do\/index.php\/2024\/07\/01\/juramentan-nueva-directora-en-hospital-dr-jose-manuel-rodriguez-jimenez-santo-socorro\/","url_meta":{"origin":101402,"position":5},"title":"Juramentan nueva directora en Hospital Dr. Jos\u00e9 Manuel Rodr\u00edguez Jim\u00e9nez (Santo Socorro)","author":"Nelson Feliz","date":"1 de julio de 2024","format":false,"excerpt":"El titular del Servicio Regional de Salud Metropolitano, doctor Edison Feliz, jurament\u00f3 este lunes a Yakaira Garc\u00eda Peralta, como nueva directora del Hospital Infantil Dr. Jos\u00e9 Manuel Rodr\u00edguez Jim\u00e9nez (Santo Socorro). En el acto de juramentaci\u00f3n en la sede del SRSM, el doctor Edison Feliz Feliz exhort\u00f3 a Garc\u00eda Peralta\u2026","rel":"","context":"En \u00abSin categor\u00eda\u00bb","block_context":{"text":"Sin categor\u00eda","link":"https:\/\/lasprimeras.com.do\/index.php\/category\/sin-categoria\/"},"img":{"alt_text":"Edison Feliz vs Yakaira Garc\u00eda Peralta","src":"https:\/\/i0.wp.com\/lasprimeras.com.do\/wp-content\/uploads\/2024\/07\/Edison-Feliz-vs-Yakaira-Garcia-Peralta.jpg?resize=350%2C200&ssl=1","width":350,"height":200,"srcset":"https:\/\/i0.wp.com\/lasprimeras.com.do\/wp-content\/uploads\/2024\/07\/Edison-Feliz-vs-Yakaira-Garcia-Peralta.jpg?resize=350%2C200&ssl=1 1x, https:\/\/i0.wp.com\/lasprimeras.com.do\/wp-content\/uploads\/2024\/07\/Edison-Feliz-vs-Yakaira-Garcia-Peralta.jpg?resize=525%2C300&ssl=1 1.5x, https:\/\/i0.wp.com\/lasprimeras.com.do\/wp-content\/uploads\/2024\/07\/Edison-Feliz-vs-Yakaira-Garcia-Peralta.jpg?resize=700%2C400&ssl=1 2x"},"classes":[]}],"jetpack_sharing_enabled":true,"_links":{"self":[{"href":"https:\/\/lasprimeras.com.do\/index.php\/wp-json\/wp\/v2\/posts\/101402","targetHints":{"allow":["GET"]}}],"collection":[{"href":"https:\/\/lasprimeras.com.do\/index.php\/wp-json\/wp\/v2\/posts"}],"about":[{"href":"https:\/\/lasprimeras.com.do\/index.php\/wp-json\/wp\/v2\/types\/post"}],"author":[{"embeddable":true,"href":"https:\/\/lasprimeras.com.do\/index.php\/wp-json\/wp\/v2\/users\/10"}],"replies":[{"embeddable":true,"href":"https:\/\/lasprimeras.com.do\/index.php\/wp-json\/wp\/v2\/comments?post=101402"}],"version-history":[{"count":1,"href":"https:\/\/lasprimeras.com.do\/index.php\/wp-json\/wp\/v2\/posts\/101402\/revisions"}],"predecessor-version":[{"id":101404,"href":"https:\/\/lasprimeras.com.do\/index.php\/wp-json\/wp\/v2\/posts\/101402\/revisions\/101404"}],"wp:featuredmedia":[{"embeddable":true,"href":"https:\/\/lasprimeras.com.do\/index.php\/wp-json\/wp\/v2\/media\/101403"}],"wp:attachment":[{"href":"https:\/\/lasprimeras.com.do\/index.php\/wp-json\/wp\/v2\/media?parent=101402"}],"wp:term":[{"taxonomy":"category","embeddable":true,"href":"https:\/\/lasprimeras.com.do\/index.php\/wp-json\/wp\/v2\/categories?post=101402"},{"taxonomy":"post_tag","embeddable":true,"href":"https:\/\/lasprimeras.com.do\/index.php\/wp-json\/wp\/v2\/tags?post=101402"}],"curies":[{"name":"wp","href":"https:\/\/api.w.org\/{rel}","templated":true}]}}