{"id":101493,"date":"2025-06-22T23:08:58","date_gmt":"2025-06-23T03:08:58","guid":{"rendered":"https:\/\/lasprimeras.com.do\/?p=101493"},"modified":"2025-06-22T23:08:59","modified_gmt":"2025-06-23T03:08:59","slug":"fundacion-el-democrata-presenta-a-escritor-y-geopolitico-pedro-banos-bajo","status":"publish","type":"post","link":"https:\/\/lasprimeras.com.do\/index.php\/2025\/06\/22\/fundacion-el-democrata-presenta-a-escritor-y-geopolitico-pedro-banos-bajo\/","title":{"rendered":"Fundaci\u00f3n El Dem\u00f3crata presenta a escritor y geopol\u00edtico Pedro Ba\u00f1os Bajo"},"content":{"rendered":"\n<p><strong>Ba\u00f1os Bajos presentar\u00e1 en el pa\u00eds su m\u00e1s reciente obra &#8220;Geohispanidad&#8221;.<\/strong><\/p>\n\n\n\n<p>La Fundaci\u00f3n El Dem\u00f3crata, como una iniciativa para impulsar el debate de los temas globales de mayor incidencia en el actual contexto hist\u00f3rico, y mejorar el debate de ideas en los medios de comunicaci\u00f3n, present\u00f3 este s\u00e1bado al reconocido analista espa\u00f1ol, escritor y autor y m\u00faltiples best sellers a nivel mundial, adem\u00e1s coronel del Ej\u00e9rcito de Tierra, del Arma de Infanter\u00eda, y Diplomado de Estado Mayor, Pedro Ba\u00f1os Bajo.<\/p>\n\n\n\n<p>Ba\u00f1os Bajo, realizar\u00e1 diferentes encuentros privados con tomadores de decisiones, pol\u00edticos, empresarios, intelectuales y acad\u00e9micos, para conversar sobre la realidad global y los temas que impactan directamente a la Rep\u00fablica Dominicana.<\/p>\n\n\n\n<p>El destacado escritor y geopol\u00edtico tambi\u00e9n estar\u00e1 en el pa\u00eds para el lanzamiento de su m\u00e1s reciente libro Geohispanidad,en el cual invita a toda la comunidad hispana a unir fuerzas para afrontar en posici\u00f3n ventajosa el cambio de paradigma geopol\u00edtico y los desaf\u00edos de la reconfiguraci\u00f3n de poderes en el contexto mundial.<\/p>\n\n\n\n<p>Seg\u00fan explic\u00f3, se trata de una visi\u00f3n de largo alcance que levanta las barreras nacionales y proyecta un espacio atl\u00e1ntico igualitario y panhisp\u00e1nico. La idea es construir un \u00e1mbito colectivo que permita tener una voz propia, poderosa e influyente en el mundo, resalta el escritor.<\/p>\n\n\n\n<p>El libro tendr\u00e1 dos lanzamientos en la Rep\u00fablica Dominicana, uno el martes 24 de junio a las 10:30 a.m, en el auditorio de Ciencias de la Salud, en la Pontificia Universidad Cat\u00f3lica Madre y Maestra (PUCMM) en Santiago y otro el jueves 26 de junio a las 6:30 p.m en el auditorio del Instituto Tecnol\u00f3gico de Santo Domingo (INTEC).<\/p>\n\n\n\n<p>Ba\u00f1os ha escrito los libros \u201cAs\u00ed se domina el mundo. Desvelando las claves del poder mundial\u201d, \u201cEl dominio mundial. Elementos del poder y claves geopol\u00edticas\u201d, \u201cEl dominio mental. La geopol\u00edtica de la mente\u201d, \u201cLa encrucijada mundial. Un manual del ma\u00f1ana\u201d y \u201cGeohispanidad.<\/p>\n\n\n\n<p>La potencia hispana en el nuevo orden geopol\u00edtico\u201d, publicados por la editorial Ariel. Y \u201cEl poder. Un estratega lee a Maquiavelo\u201d, de la editorial Rosamer\u00f3n y tiene el canal de YouTube \u201cEl Canal del Coronel\u201d.<\/p>\n","protected":false},"excerpt":{"rendered":"<p>Ba\u00f1os Bajos presentar\u00e1 en el pa\u00eds su m\u00e1s reciente obra &#8220;Geohispanidad&#8221;. La Fundaci\u00f3n El Dem\u00f3crata, como una iniciativa para impulsar el debate de los temas globales de mayor incidencia en&hellip;<\/p>\n","protected":false},"author":2,"featured_media":101494,"comment_status":"open","ping_status":"open","sticky":false,"template":"","format":"standard","meta":{"content-type":"","jetpack_post_was_ever_published":false,"_jetpack_newsletter_access":"","_jetpack_dont_email_post_to_subs":false,"_jetpack_newsletter_tier_id":0,"_jetpack_memberships_contains_paywalled_content":false,"_jetpack_memberships_contains_paid_content":false,"footnotes":""},"categories":[35],"tags":[2737,20771,20772,20773],"class_list":["post-101493","post","type-post","status-publish","format-standard","has-post-thumbnail","hentry","category-nacionales","tag-escritor","tag-fundacion-el-democrata","tag-geopolitico","tag-pedro-banos-bajo"],"jetpack_featured_media_url":"https:\/\/lasprimeras.com.do\/wp-content\/uploads\/2025\/06\/democrata.jpg","jetpack-related-posts":[{"id":124957,"url":"https:\/\/lasprimeras.com.do\/index.php\/2026\/03\/18\/antoliano-peralta-en-conferencia-sobre-ministerio-de-justicia\/","url_meta":{"origin":101493,"position":0},"title":"Antoliano Peralta en conferencia sobre Ministerio de Justicia","author":"Nelson Feliz","date":"18 de marzo de 2026","format":false,"excerpt":"El ministro de Justicia, Antoniano Peralta, disertar\u00e1 como orador invitado a la conferencia \u201cEl Ministerio de Justicia\u00a0en el marco de la administraci\u00f3n p\u00fablica dominicana\u201d. Esta conferencia la auspicia la Fundaci\u00f3n Dominicana Debate Global PI y la Universidad Cat\u00f3lica Santo Domingo (UCSD). La actividad acad\u00e9mica tendr\u00e1 lugar el pr\u00f3ximo viernes 20\u2026","rel":"","context":"En \u00abNACIONALES\u00bb","block_context":{"text":"NACIONALES","link":"https:\/\/lasprimeras.com.do\/index.php\/category\/nacionales\/"},"img":{"alt_text":"","src":"https:\/\/i0.wp.com\/lasprimeras.com.do\/wp-content\/uploads\/2026\/03\/IMG-20260318-WA0267.jpg?resize=350%2C200&ssl=1","width":350,"height":200,"srcset":"https:\/\/i0.wp.com\/lasprimeras.com.do\/wp-content\/uploads\/2026\/03\/IMG-20260318-WA0267.jpg?resize=350%2C200&ssl=1 1x, https:\/\/i0.wp.com\/lasprimeras.com.do\/wp-content\/uploads\/2026\/03\/IMG-20260318-WA0267.jpg?resize=525%2C300&ssl=1 1.5x, https:\/\/i0.wp.com\/lasprimeras.com.do\/wp-content\/uploads\/2026\/03\/IMG-20260318-WA0267.jpg?resize=700%2C400&ssl=1 2x, https:\/\/i0.wp.com\/lasprimeras.com.do\/wp-content\/uploads\/2026\/03\/IMG-20260318-WA0267.jpg?resize=1050%2C600&ssl=1 3x, https:\/\/i0.wp.com\/lasprimeras.com.do\/wp-content\/uploads\/2026\/03\/IMG-20260318-WA0267.jpg?resize=1400%2C800&ssl=1 4x"},"classes":[]},{"id":122823,"url":"https:\/\/lasprimeras.com.do\/index.php\/2026\/02\/23\/republica-dominicana-se-posiciona-como-centro-del-dialogo-global-con-el-concordia-horizon-summit-2026\/","url_meta":{"origin":101493,"position":1},"title":"Rep\u00fablica Dominicana se posiciona como centro del di\u00e1logo global con el Concordia Horizon Summit 2026","author":"Nelson Feliz","date":"23 de febrero de 2026","format":false,"excerpt":"El Centro de Exportaci\u00f3n e Inversi\u00f3n de la Rep\u00fablica Dominicana (ProDominicana) y la organizaci\u00f3n internacional Concordia, se celebr\u00f3 el Concordia Horizon Summit 2026: Rep\u00fablica Dominicana, un foro global de alto nivel que reuni\u00f3 a l\u00edderes del sector p\u00fablico, privado y de la sociedad civil para abordar los principales desaf\u00edos de\u2026","rel":"","context":"En \u00abECONOM\u00cdA\u00bb","block_context":{"text":"ECONOM\u00cdA","link":"https:\/\/lasprimeras.com.do\/index.php\/category\/economia\/"},"img":{"alt_text":"","src":"https:\/\/i0.wp.com\/lasprimeras.com.do\/wp-content\/uploads\/2026\/02\/Panel.jpg?resize=350%2C200&ssl=1","width":350,"height":200,"srcset":"https:\/\/i0.wp.com\/lasprimeras.com.do\/wp-content\/uploads\/2026\/02\/Panel.jpg?resize=350%2C200&ssl=1 1x, https:\/\/i0.wp.com\/lasprimeras.com.do\/wp-content\/uploads\/2026\/02\/Panel.jpg?resize=525%2C300&ssl=1 1.5x, https:\/\/i0.wp.com\/lasprimeras.com.do\/wp-content\/uploads\/2026\/02\/Panel.jpg?resize=700%2C400&ssl=1 2x"},"classes":[]},{"id":123392,"url":"https:\/\/lasprimeras.com.do\/index.php\/2026\/02\/28\/rd-se-posiciona-como-centro-del-dialogo-global-con-el-concordia-horizon-summit-2026\/","url_meta":{"origin":101493,"position":2},"title":"RD se posiciona como centro del di\u00e1logo global con el &#8220;Concordia Horizon Summit 2026&#8221;","author":"Nelson Feliz","date":"28 de febrero de 2026","format":false,"excerpt":"Con la participaci\u00f3n del presidente de la Rep\u00fablica, Luis Abinader, el Centro de Exportaci\u00f3n e Inversi\u00f3n de la Rep\u00fablica Dominicana (ProDominicana) y la organizaci\u00f3n internacional Concordia, celebr\u00f3 el Concordia Horizon Summit 2026: Rep\u00fablica Dominicana, un foro global de alto nivel que reuni\u00f3 a l\u00edderes del sector p\u00fablico, privado y de\u2026","rel":"","context":"En \u00abECONOM\u00cdA\u00bb","block_context":{"text":"ECONOM\u00cdA","link":"https:\/\/lasprimeras.com.do\/index.php\/category\/economia\/"},"img":{"alt_text":"","src":"https:\/\/i0.wp.com\/lasprimeras.com.do\/wp-content\/uploads\/2026\/02\/Concordia-Horizon-Summit.jpg?resize=350%2C200&ssl=1","width":350,"height":200,"srcset":"https:\/\/i0.wp.com\/lasprimeras.com.do\/wp-content\/uploads\/2026\/02\/Concordia-Horizon-Summit.jpg?resize=350%2C200&ssl=1 1x, https:\/\/i0.wp.com\/lasprimeras.com.do\/wp-content\/uploads\/2026\/02\/Concordia-Horizon-Summit.jpg?resize=525%2C300&ssl=1 1.5x, https:\/\/i0.wp.com\/lasprimeras.com.do\/wp-content\/uploads\/2026\/02\/Concordia-Horizon-Summit.jpg?resize=700%2C400&ssl=1 2x"},"classes":[]},{"id":104837,"url":"https:\/\/lasprimeras.com.do\/index.php\/2025\/07\/28\/uasd-y-asociacion-de-ciencias-politicas-analizan-tensiones-geopoliticas-globales-en-2025\/","url_meta":{"origin":101493,"position":3},"title":"UASD y Asociaci\u00f3n de Ciencias Pol\u00edticas analizan tensiones geopol\u00edticas globales en 2025","author":"Nelson Feliz","date":"28 de julio de 2025","format":false,"excerpt":"Panelistas expertos hablan sobre BRICS, OTAN, el G7 y la rivalidad entre Estados Unidos y China: claves del nuevo tablero mundial. La Universidad Aut\u00f3noma de Santo Domingo (UASD), en coordinaci\u00f3n con la Asociaci\u00f3n de Ciencias Pol\u00edticas de la Rep\u00fablica Dominicana, celebr\u00f3 el panel \u00abGeopol\u00edtica en Tensi\u00f3n: Nuevas potencias, viejos conflictos\u2026","rel":"","context":"En \u00abPOLITICA\u00bb","block_context":{"text":"POLITICA","link":"https:\/\/lasprimeras.com.do\/index.php\/category\/politica\/"},"img":{"alt_text":"","src":"https:\/\/i0.wp.com\/lasprimeras.com.do\/wp-content\/uploads\/2025\/07\/Portada-de-la-Noticia.jpg?resize=350%2C200&ssl=1","width":350,"height":200,"srcset":"https:\/\/i0.wp.com\/lasprimeras.com.do\/wp-content\/uploads\/2025\/07\/Portada-de-la-Noticia.jpg?resize=350%2C200&ssl=1 1x, https:\/\/i0.wp.com\/lasprimeras.com.do\/wp-content\/uploads\/2025\/07\/Portada-de-la-Noticia.jpg?resize=525%2C300&ssl=1 1.5x, https:\/\/i0.wp.com\/lasprimeras.com.do\/wp-content\/uploads\/2025\/07\/Portada-de-la-Noticia.jpg?resize=700%2C400&ssl=1 2x"},"classes":[]},{"id":88980,"url":"https:\/\/lasprimeras.com.do\/index.php\/2024\/09\/11\/javier-del-rey-morato-dicta-conferencia-en-funglode-sobre-la-teoria-ludica-de-la-comunicacion-politica\/","url_meta":{"origin":101493,"position":4},"title":"Javier del Rey Morat\u00f3 dicta conferencia en Funglode sobre \u201cla teor\u00eda l\u00fadica de la comunicaci\u00f3n pol\u00edtica\u201d","author":"Nelson Feliz","date":"11 de septiembre de 2024","format":false,"excerpt":"La Fundaci\u00f3n Global Democracia y Desarrollo (Funglode) sirvi\u00f3 de escenario para que la noche de este mi\u00e9rcoles, el destacado catedr\u00e1tico espa\u00f1ol Javier del Rey Morat\u00f3 dictara la conferencia titulada: \"Campa\u00f1as Electorales y la Teor\u00eda L\u00fadica de la Comunicaci\u00f3n Pol\u00edtica\". Javier del Rey Morat\u00f3 es doctor en Ciencias de la Informaci\u00f3n\u2026","rel":"","context":"En \u00abNACIONALES\u00bb","block_context":{"text":"NACIONALES","link":"https:\/\/lasprimeras.com.do\/index.php\/category\/nacionales\/"},"img":{"alt_text":"Javier del Rey Morat\u00f3","src":"https:\/\/i0.wp.com\/lasprimeras.com.do\/wp-content\/uploads\/2024\/09\/Javier-del-Rey-Morato.jpg?resize=350%2C200&ssl=1","width":350,"height":200,"srcset":"https:\/\/i0.wp.com\/lasprimeras.com.do\/wp-content\/uploads\/2024\/09\/Javier-del-Rey-Morato.jpg?resize=350%2C200&ssl=1 1x, https:\/\/i0.wp.com\/lasprimeras.com.do\/wp-content\/uploads\/2024\/09\/Javier-del-Rey-Morato.jpg?resize=525%2C300&ssl=1 1.5x, https:\/\/i0.wp.com\/lasprimeras.com.do\/wp-content\/uploads\/2024\/09\/Javier-del-Rey-Morato.jpg?resize=700%2C400&ssl=1 2x"},"classes":[]},{"id":112208,"url":"https:\/\/lasprimeras.com.do\/index.php\/2025\/10\/19\/joven-muere-electrocutado-mientras-se-banaba-en-una-piscina-en-la-altagracia\/","url_meta":{"origin":101493,"position":5},"title":"Joven muere electrocutado mientras se ba\u00f1aba en una piscina en La Altagracia","author":"Nelson Feliz","date":"19 de octubre de 2025","format":false,"excerpt":"Muerte por posible shock el\u00e9ctrico: V\u00edctor Manuel Pe\u00f1as fallece en tr\u00e1gico incidente acu\u00e1tico en La Altagracia. Un joven de 25 a\u00f1os perdi\u00f3 la vida tr\u00e1gicamente tras recibir una descarga el\u00e9ctrica mientras se ba\u00f1aba en una piscina del residencial Westside, ubicado en Ver\u00f3n Punta Cana, provincia La Altagracia. La v\u00edctima fue\u2026","rel":"","context":"En \u00abNACIONALES\u00bb","block_context":{"text":"NACIONALES","link":"https:\/\/lasprimeras.com.do\/index.php\/category\/nacionales\/"},"img":{"alt_text":"","src":"https:\/\/i0.wp.com\/lasprimeras.com.do\/wp-content\/uploads\/2025\/10\/ambulancia.jpg?resize=350%2C200&ssl=1","width":350,"height":200,"srcset":"https:\/\/i0.wp.com\/lasprimeras.com.do\/wp-content\/uploads\/2025\/10\/ambulancia.jpg?resize=350%2C200&ssl=1 1x, https:\/\/i0.wp.com\/lasprimeras.com.do\/wp-content\/uploads\/2025\/10\/ambulancia.jpg?resize=525%2C300&ssl=1 1.5x, https:\/\/i0.wp.com\/lasprimeras.com.do\/wp-content\/uploads\/2025\/10\/ambulancia.jpg?resize=700%2C400&ssl=1 2x"},"classes":[]}],"jetpack_sharing_enabled":true,"_links":{"self":[{"href":"https:\/\/lasprimeras.com.do\/index.php\/wp-json\/wp\/v2\/posts\/101493","targetHints":{"allow":["GET"]}}],"collection":[{"href":"https:\/\/lasprimeras.com.do\/index.php\/wp-json\/wp\/v2\/posts"}],"about":[{"href":"https:\/\/lasprimeras.com.do\/index.php\/wp-json\/wp\/v2\/types\/post"}],"author":[{"embeddable":true,"href":"https:\/\/lasprimeras.com.do\/index.php\/wp-json\/wp\/v2\/users\/2"}],"replies":[{"embeddable":true,"href":"https:\/\/lasprimeras.com.do\/index.php\/wp-json\/wp\/v2\/comments?post=101493"}],"version-history":[{"count":1,"href":"https:\/\/lasprimeras.com.do\/index.php\/wp-json\/wp\/v2\/posts\/101493\/revisions"}],"predecessor-version":[{"id":101495,"href":"https:\/\/lasprimeras.com.do\/index.php\/wp-json\/wp\/v2\/posts\/101493\/revisions\/101495"}],"wp:featuredmedia":[{"embeddable":true,"href":"https:\/\/lasprimeras.com.do\/index.php\/wp-json\/wp\/v2\/media\/101494"}],"wp:attachment":[{"href":"https:\/\/lasprimeras.com.do\/index.php\/wp-json\/wp\/v2\/media?parent=101493"}],"wp:term":[{"taxonomy":"category","embeddable":true,"href":"https:\/\/lasprimeras.com.do\/index.php\/wp-json\/wp\/v2\/categories?post=101493"},{"taxonomy":"post_tag","embeddable":true,"href":"https:\/\/lasprimeras.com.do\/index.php\/wp-json\/wp\/v2\/tags?post=101493"}],"curies":[{"name":"wp","href":"https:\/\/api.w.org\/{rel}","templated":true}]}}