{"id":101518,"date":"2025-06-23T09:08:58","date_gmt":"2025-06-23T13:08:58","guid":{"rendered":"https:\/\/lasprimeras.com.do\/?p=101518"},"modified":"2025-06-23T09:08:59","modified_gmt":"2025-06-23T13:08:59","slug":"mexico-gana-su-grupo-de-la-copa-oro-de-concacaf-tras-empate-0-0-contra-costa-rica","status":"publish","type":"post","link":"https:\/\/lasprimeras.com.do\/index.php\/2025\/06\/23\/mexico-gana-su-grupo-de-la-copa-oro-de-concacaf-tras-empate-0-0-contra-costa-rica\/","title":{"rendered":"M\u00e9xico gana su grupo de la Copa Oro de CONCACAF tras empate 0-0 contra Costa Rica"},"content":{"rendered":"\n<p>LAS VEGAS (AP) \u2014 M\u00e9xico empat\u00f3 0-0 con Costa Rica el domingo por la noche para ganar el Grupo A de la Copa Oro de la CONCACAF y jugar\u00e1 contra Arabia Saud\u00ed en los cuartos de final.<\/p>\n\n\n\n<p>Santiago Gim\u00e9nez de M\u00e9xico pareci\u00f3 anotar con una chilena en el cuarto minuto del tiempo de descuento del segundo tiempo, pero el gol fue anulado por el \u00e1rbitro guatemalteco Mario Escobar tras una revisi\u00f3n de video.<\/p>\n\n\n\n<p>Gim\u00e9nez parec\u00eda estar en fuera de juego cuando Carlos Rodr\u00edguez elev\u00f3 el bal\u00f3n al \u00e1rea de penalti tras un tiro libre.<\/p>\n\n\n\n<p>El intento de despeje de cabeza de Orlando Galo fue hacia el frente del arco para Gim\u00e9nez.<\/p>\n\n\n\n<p>\u201cEl equipo tiene recursos paulatinamente. Esta semana tuvimos buenos entrenamientos. Hoy Keylor (Navas, portero Tico) hace una atajada espectacular; luego el VAR nos priv\u00f3 de un gol, no hay m\u00e1s\u201d, coment\u00f3 Javier Aguirre sobre el resultado del patido.<\/p>\n\n\n\n<p>M\u00e9xico, invicto en diez partidos de la Copa Oro contra Costa Rica, termin\u00f3 igualado con los Ticos en siete puntos pero gan\u00f3 el grupo por diferencia de goles.<\/p>\n\n\n\n<p>\u201cVamos creciendo, aunque no a la velocidad que me gustar\u00eda\u201d, dijo Aguirre. \u201cFue un buen partido de nuestra parte que no fue coronado con la victoria, nos vamos contentos con el rendimiento. No tengo nada que reprochar a mis jugadores\u201d.<\/p>\n\n\n\n<p>Para Miguel Herrera, t\u00e9cnico mexicano de la selecci\u00f3n de Costa Rica, fue un encuentro muy disputado ante una selecci\u00f3n a la que conoce bien, que por momentos super\u00f3 a su equipo, aunque hizo los ajustes necesarios.<\/p>\n\n\n\n<p>\u201cFue un partido dif\u00edcil, lo dijimos desde antes, fue muy disputado y sab\u00edamos que iba a ser as\u00ed. Entramos desconcentrados, pero ajustamos y mejoramos\u201d, dijo Herrera. \u201cA\u00fan hay que corregir cosas, pero tenemos un equipo muy bueno. Para m\u00ed el mejor de la zona\u201d.<\/p>\n\n\n\n<p>El Tri, que derrot\u00f3 a Rep\u00fablica Dominicana y Surinam en sus dos primeros partidos, jugar\u00e1 contra Arabia Saud\u00ed el pr\u00f3ximo fin de semana, mientras que los costarricenses se enfrentar\u00e1n a Estados Unidos.<\/p>\n\n\n\n<p>\u201cPor un gol quedamos atr\u00e1s (de M\u00e9xico), pero sumar siete de nueve puntos es muy bueno\u201d, dijo Miguel Herrera. \u201cAhora hay que preparar el partido y hacerlo mejor. Queremos llegar a la final\u201d.<\/p>\n\n\n\n<p>Costa Rica estar\u00e1 sin cuatro titulares habituales. El delantero Manfred Ugalde, quien tiene tres goles en el torneo, y el mediocampista Carlos Mora est\u00e1n suspendidos por acumulaci\u00f3n de tarjetas amarillas.<\/p>\n\n\n\n<p>El defensor Ariel Lassiter tiene una fractura en la mano izquierda y el delantero Warren Madrigal una fractura en la pierna izquierda.<\/p>\n\n\n\n<p>Estados Unidos cierra con paso perfecto<\/p>\n\n\n\n<p>Patrick Agyemang anot\u00f3 un gol decisivo a los 75 minutos, y Estados Unidos super\u00f3 un error del portero Matt Freese para vencer 2-1 a Hait\u00edel domingo por la noche y ganar su grupo de la Copa Oro de la CONCACAF con una marca perfecta de 3-0 en la ronda de grupos.<\/p>\n\n\n\n<p>Malik Tillman adelant\u00f3 a Estados Unidos a los 10 minutos con su tercer gol del torneo, pero Freese, quien ha reemplazado a Matt Turner, destac\u00f3 los problemas de porter\u00eda de los estadounidenses a un a\u00f1o del Mundial con un intento fallido de despeje que llev\u00f3 al gol de Louicius Don Deedson a los 19 minutos.<\/p>\n\n\n\n<p>Despu\u00e9s de que Tillman se acercara tres veces en la segunda mitad, Agyemang anot\u00f3 tras recibir un pase largo de John Tolkin. Agyemang toc\u00f3 el bal\u00f3n m\u00e1s all\u00e1 del portero Johny Placide y lo coloc\u00f3 en una red vac\u00eda para su quinto gol internacional y segundo del torneo.<\/p>\n\n\n\n<p>Estados Unidos, que comenz\u00f3 con victorias sobre Trinidad y Tobago y el invitado Arabia Saud\u00ed, gan\u00f3 su grupo por 17ma vez en 18 Copas Oro. Los estadounidenses tienen 43 victorias, una derrota y cinco empates en la fase de grupos, logrando un 3-0 por s\u00e9ptima vez.<\/p>\n\n\n\n<p>Usando en gran medida un equipo B en el torneo, los estadounidenses ya hab\u00edan asegurado un lugar en los cuartos de final contra Costa Rica el pr\u00f3ximo fin de semana.<\/p>\n","protected":false},"excerpt":{"rendered":"<p>LAS VEGAS (AP) \u2014 M\u00e9xico empat\u00f3 0-0 con Costa Rica el domingo por la noche para ganar el Grupo A de la Copa Oro de la CONCACAF y jugar\u00e1 contra&hellip;<\/p>\n","protected":false},"author":10,"featured_media":101519,"comment_status":"open","ping_status":"open","sticky":false,"template":"","format":"standard","meta":{"content-type":"","jetpack_post_was_ever_published":false,"_jetpack_newsletter_access":"","_jetpack_dont_email_post_to_subs":false,"_jetpack_newsletter_tier_id":0,"_jetpack_memberships_contains_paywalled_content":false,"_jetpack_memberships_contains_paid_content":false,"footnotes":""},"categories":[630],"tags":[20788],"class_list":["post-101518","post","type-post","status-publish","format-standard","has-post-thumbnail","hentry","category-deportes","tag-mexico-gana-su-grupo-de-la-copa-oro-de-concacaf-tras-empate-0-0-contra-costa-rica"],"jetpack_featured_media_url":"https:\/\/lasprimeras.com.do\/wp-content\/uploads\/2025\/06\/Mexico-gana-su-grupo-de-la-Copa-Oro-de-CONCACAF.jpg","jetpack-related-posts":[{"id":63540,"url":"https:\/\/lasprimeras.com.do\/index.php\/2023\/10\/13\/cuba-y-honduras-empatan-sin-goles-en-republica-dominicana\/","url_meta":{"origin":101518,"position":0},"title":"Cuba y Honduras empatan sin goles en Rep\u00fablica Dominicana","author":"BIMARY DE JES\u00daS Matos","date":"13 de octubre de 2023","format":false,"excerpt":"Santo Domingo.- Las selecciones de Cuba y Honduras terminaron en empate y sin goles el partido correspondiente a la tercera jornada de la Liga de Naciones de la Concacaf, trascendi\u00f3 hoy aqu\u00ed. Comentaristas deportivos calificaron de crucial este choque, al coincidir en que est\u00e1n en juego los boletos para la\u2026","rel":"","context":"En \u00abSin categor\u00eda\u00bb","block_context":{"text":"Sin categor\u00eda","link":"https:\/\/lasprimeras.com.do\/index.php\/category\/sin-categoria\/"},"img":{"alt_text":"","src":"","width":0,"height":0},"classes":[]},{"id":63598,"url":"https:\/\/lasprimeras.com.do\/index.php\/2023\/10\/13\/cuba-y-honduras-empatan-sin-goles-en-republica-dominicana-2\/","url_meta":{"origin":101518,"position":1},"title":"Cuba y Honduras empatan sin goles en Rep\u00fablica Dominicana","author":"BIMARY DE JES\u00daS Matos","date":"13 de octubre de 2023","format":false,"excerpt":"Santo Domingo.- Las selecciones de Cuba y Honduras terminaron en empate y sin goles el partido correspondiente a la tercera jornada de la Liga de Naciones de la Concacaf, trascendi\u00f3 hoy aqu\u00ed. Comentaristas deportivos calificaron de crucial este choque, al coincidir en que est\u00e1n en juego los boletos para la\u2026","rel":"","context":"En \u00abSin categor\u00eda\u00bb","block_context":{"text":"Sin categor\u00eda","link":"https:\/\/lasprimeras.com.do\/index.php\/category\/sin-categoria\/"},"img":{"alt_text":"","src":"","width":0,"height":0},"classes":[]},{"id":69790,"url":"https:\/\/lasprimeras.com.do\/index.php\/2023\/12\/05\/rd-vence-a-bermudas-y-avanza-al-repechaje-de-la-copa-oro-2024\/","url_meta":{"origin":101518,"position":2},"title":"RD vence a Bermudas y avanza al repechaje de la Copa Oro 2024","author":"Nelson Feliz","date":"5 de diciembre de 2023","format":false,"excerpt":"Alyssa Oviedo y M\u00eda Asenjo marcaron los dos goles para el equipo dominicano La selecci\u00f3n nacional de f\u00fatbol femenina de la Rep\u00fablica Dominicana dio un paso gigantesco al vencer 2-0 a su similar de Bermudas, en un partido celebrado la noche de este martes en el Estadio Panamericano de San\u2026","rel":"","context":"En \u00abSin categor\u00eda\u00bb","block_context":{"text":"Sin categor\u00eda","link":"https:\/\/lasprimeras.com.do\/index.php\/category\/sin-categoria\/"},"img":{"alt_text":"Alyssa Oviedo marc\u00f3 el gol que dio la victoria de RD","src":"https:\/\/i0.wp.com\/lasprimeras.com.do\/wp-content\/uploads\/2023\/12\/Alyssa-Oviedo-marco-el-gol-que-dio-la-victoria-de-RD.jpg?resize=350%2C200&ssl=1","width":350,"height":200,"srcset":"https:\/\/i0.wp.com\/lasprimeras.com.do\/wp-content\/uploads\/2023\/12\/Alyssa-Oviedo-marco-el-gol-que-dio-la-victoria-de-RD.jpg?resize=350%2C200&ssl=1 1x, https:\/\/i0.wp.com\/lasprimeras.com.do\/wp-content\/uploads\/2023\/12\/Alyssa-Oviedo-marco-el-gol-que-dio-la-victoria-de-RD.jpg?resize=525%2C300&ssl=1 1.5x"},"classes":[]},{"id":98070,"url":"https:\/\/lasprimeras.com.do\/index.php\/2025\/05\/01\/whitecaps-vencen-3-1-al-inter-miami-y-eliminan-al-equipo-de-messi-de-copa-de-campeones-de-concacaf\/","url_meta":{"origin":101518,"position":3},"title":"Whitecaps vencen 3-1 al Inter Miami y eliminan al equipo de Messi de Copa de Campeones de Concacaf","author":"Nelson Feliz","date":"1 de mayo de 2025","format":false,"excerpt":"POR ALANIS THAMES FORT LAUDERDALE, Florida, EE.UU. (AP) \u2014 Brian White y el ecuatoriano Pedro Vite anotaron en un tramo de un par de minutos y los Whitecaps de Vancouver sorprendieron el mi\u00e9rcoles al Inter Miami con un 3-1 en el partido de vuelta de la semifinal de la Copa\u2026","rel":"","context":"En \u00abDEPORTES\u00bb","block_context":{"text":"DEPORTES","link":"https:\/\/lasprimeras.com.do\/index.php\/category\/deportes\/"},"img":{"alt_text":"","src":"https:\/\/i0.wp.com\/lasprimeras.com.do\/wp-content\/uploads\/2025\/05\/Lionel-Messi.jpg?resize=350%2C200&ssl=1","width":350,"height":200,"srcset":"https:\/\/i0.wp.com\/lasprimeras.com.do\/wp-content\/uploads\/2025\/05\/Lionel-Messi.jpg?resize=350%2C200&ssl=1 1x, https:\/\/i0.wp.com\/lasprimeras.com.do\/wp-content\/uploads\/2025\/05\/Lionel-Messi.jpg?resize=525%2C300&ssl=1 1.5x, https:\/\/i0.wp.com\/lasprimeras.com.do\/wp-content\/uploads\/2025\/05\/Lionel-Messi.jpg?resize=700%2C400&ssl=1 2x"},"classes":[]},{"id":94953,"url":"https:\/\/lasprimeras.com.do\/index.php\/2025\/03\/07\/sin-messi-nuevamente-inter-miami-vence-2-0-a-cavalier-gracias-a-goles-de-suarez-y-allende\/","url_meta":{"origin":101518,"position":4},"title":"Sin Messi nuevamente, Inter Miami vence 2-0 a Cavalier gracias a goles de Su\u00e1rez y Allende","author":"Nelson Feliz","date":"7 de marzo de 2025","format":false,"excerpt":"FORT LAUDERDALE, Florida, EE.UU. (AP) \u2014 El uruguayo Luis Su\u00e1rez y el argentino Tadeo Allende anotaron en la segunda mitad, observados desde una butaca por un saludable Lionel Messi, y el Inter Miami venci\u00f3 el jueves 2-0 al Cavalier en la ida de los octavos de final de la Copa\u2026","rel":"","context":"En \u00abDEPORTES\u00bb","block_context":{"text":"DEPORTES","link":"https:\/\/lasprimeras.com.do\/index.php\/category\/deportes\/"},"img":{"alt_text":"","src":"https:\/\/i0.wp.com\/lasprimeras.com.do\/wp-content\/uploads\/2025\/03\/El-uruguayo-Luis-Suarez-y-el-argentino-Tadeo-Allende.png?resize=350%2C200&ssl=1","width":350,"height":200,"srcset":"https:\/\/i0.wp.com\/lasprimeras.com.do\/wp-content\/uploads\/2025\/03\/El-uruguayo-Luis-Suarez-y-el-argentino-Tadeo-Allende.png?resize=350%2C200&ssl=1 1x, https:\/\/i0.wp.com\/lasprimeras.com.do\/wp-content\/uploads\/2025\/03\/El-uruguayo-Luis-Suarez-y-el-argentino-Tadeo-Allende.png?resize=525%2C300&ssl=1 1.5x, https:\/\/i0.wp.com\/lasprimeras.com.do\/wp-content\/uploads\/2025\/03\/El-uruguayo-Luis-Suarez-y-el-argentino-Tadeo-Allende.png?resize=700%2C400&ssl=1 2x"},"classes":[]},{"id":62627,"url":"https:\/\/lasprimeras.com.do\/index.php\/2023\/10\/06\/moca-fc-clasifica-a-las-semifinales-de-la-copa-del-caribe-de-concacaf\/","url_meta":{"origin":101518,"position":5},"title":"Moca FC clasifica a las semifinales de la Copa del Caribe de Concacaf","author":"BIMARY DE JES\u00daS Matos","date":"6 de octubre de 2023","format":false,"excerpt":"Santo Domingo.-Moca FC derrot\u00f3 dos goles por cero a Defence Force, en la jornada cinco de la fase de grupos de la Copa del Caribe 2023, y avanz\u00f3 a las semifinales de la competici\u00f3n regional. Los mocanos se quedaron con el segundo lugar en el Grupo A de la Copa\u2026","rel":"","context":"En \u00abSin categor\u00eda\u00bb","block_context":{"text":"Sin categor\u00eda","link":"https:\/\/lasprimeras.com.do\/index.php\/category\/sin-categoria\/"},"img":{"alt_text":"","src":"https:\/\/i0.wp.com\/lasprimeras.com.do\/wp-content\/uploads\/2023\/10\/WhatsApp-Image-2023-10-05-at-9.43.40-PM-3.jpeg?resize=350%2C200&ssl=1","width":350,"height":200,"srcset":"https:\/\/i0.wp.com\/lasprimeras.com.do\/wp-content\/uploads\/2023\/10\/WhatsApp-Image-2023-10-05-at-9.43.40-PM-3.jpeg?resize=350%2C200&ssl=1 1x, https:\/\/i0.wp.com\/lasprimeras.com.do\/wp-content\/uploads\/2023\/10\/WhatsApp-Image-2023-10-05-at-9.43.40-PM-3.jpeg?resize=525%2C300&ssl=1 1.5x, https:\/\/i0.wp.com\/lasprimeras.com.do\/wp-content\/uploads\/2023\/10\/WhatsApp-Image-2023-10-05-at-9.43.40-PM-3.jpeg?resize=700%2C400&ssl=1 2x"},"classes":[]}],"jetpack_sharing_enabled":true,"_links":{"self":[{"href":"https:\/\/lasprimeras.com.do\/index.php\/wp-json\/wp\/v2\/posts\/101518","targetHints":{"allow":["GET"]}}],"collection":[{"href":"https:\/\/lasprimeras.com.do\/index.php\/wp-json\/wp\/v2\/posts"}],"about":[{"href":"https:\/\/lasprimeras.com.do\/index.php\/wp-json\/wp\/v2\/types\/post"}],"author":[{"embeddable":true,"href":"https:\/\/lasprimeras.com.do\/index.php\/wp-json\/wp\/v2\/users\/10"}],"replies":[{"embeddable":true,"href":"https:\/\/lasprimeras.com.do\/index.php\/wp-json\/wp\/v2\/comments?post=101518"}],"version-history":[{"count":1,"href":"https:\/\/lasprimeras.com.do\/index.php\/wp-json\/wp\/v2\/posts\/101518\/revisions"}],"predecessor-version":[{"id":101520,"href":"https:\/\/lasprimeras.com.do\/index.php\/wp-json\/wp\/v2\/posts\/101518\/revisions\/101520"}],"wp:featuredmedia":[{"embeddable":true,"href":"https:\/\/lasprimeras.com.do\/index.php\/wp-json\/wp\/v2\/media\/101519"}],"wp:attachment":[{"href":"https:\/\/lasprimeras.com.do\/index.php\/wp-json\/wp\/v2\/media?parent=101518"}],"wp:term":[{"taxonomy":"category","embeddable":true,"href":"https:\/\/lasprimeras.com.do\/index.php\/wp-json\/wp\/v2\/categories?post=101518"},{"taxonomy":"post_tag","embeddable":true,"href":"https:\/\/lasprimeras.com.do\/index.php\/wp-json\/wp\/v2\/tags?post=101518"}],"curies":[{"name":"wp","href":"https:\/\/api.w.org\/{rel}","templated":true}]}}