{"id":101521,"date":"2025-06-23T09:17:58","date_gmt":"2025-06-23T13:17:58","guid":{"rendered":"https:\/\/lasprimeras.com.do\/?p=101521"},"modified":"2025-06-23T09:18:00","modified_gmt":"2025-06-23T13:18:00","slug":"el-ice-detiene-a-la-esposa-de-un-marine-veterano-que-aun-amamantaba-a-su-bebe","status":"publish","type":"post","link":"https:\/\/lasprimeras.com.do\/index.php\/2025\/06\/23\/el-ice-detiene-a-la-esposa-de-un-marine-veterano-que-aun-amamantaba-a-su-bebe\/","title":{"rendered":"El ICE detiene a la esposa de un marine veterano que a\u00fan amamantaba a su beb\u00e9"},"content":{"rendered":"\n<p>BATON ROUGE, Luisiana, EE.UU. (AP) \u2014 El veterano de la infanter\u00eda de marina Adrian Clouatre no sabe c\u00f3mo decirles a sus hijos ad\u00f3nde fue su madre, despu\u00e9s de que los oficiales de Inmigraci\u00f3n y Control de Aduanas de Estados Unidos la detuvieran el mes pasado.<\/p>\n\n\n\n<p>Cuando su hijo Noah, de casi dos a\u00f1os, pregunta por su madre antes de dormir, Clouatre simplemente le dice: \u201cMam\u00e1 volver\u00e1 pronto\u201d. Cuando su hija Lyn, de tres meses, que est\u00e1 siendo amamantada, tiene hambre, le da un biber\u00f3n con leche de f\u00f3rmula.<\/p>\n\n\n\n<p>Le preocupa c\u00f3mo su reci\u00e9n nacida establecer\u00e1 lazos con su madre sin el contacto piel con piel.<\/p>\n\n\n\n<p>Su esposa, Paola, es una de las decenas de miles de personas detenidas y en riesgo de deportaci\u00f3n mientras el gobierno de Trump presiona a los agentes de inmigraci\u00f3n para que detengan a 3.000 personas al d\u00eda.<\/p>\n\n\n\n<p>Al mismo tiempo que los reclutadores del Cuerpo de Infanter\u00eda de Marina promueven el alistamiento como protecci\u00f3n para las familias sin permiso de residencia, las directrices para una estricta aplicaci\u00f3n de la ley de inmigraci\u00f3n han dejado de lado pr\u00e1cticas de deferencia antes otorgadas a las familias militares, dicen los expertos en leyes de inmigraci\u00f3n.<\/p>\n\n\n\n<p>La agencia federal encargada de ayudar a los miembros de las familias militares a obtener estatus legal ahora los refiere para deportaci\u00f3n, muestran los memorandos del gobierno.<\/p>\n\n\n\n<p>Para visitar a su esposa, Adrian Clouatre tiene que hacer un viaje de ida y vuelta de ocho horas desde su hogar en Baton Rouge, Luisiana, hasta un centro de detenci\u00f3n rural de ICE en Monroe. Clouatre, quien califica como veterano con discapacidad de servicio, va cada vez que puede.<\/p>\n\n\n\n<p>Paola Clouatre, una mexicana de 25 a\u00f1os cuya madre la trajo al pa\u00eds buscando asilo hace m\u00e1s de una d\u00e9cada, conoci\u00f3 a Adrian Clouatre, de 26 a\u00f1os, en un club nocturno del sur de California durante los \u00faltimos meses de sus cinco a\u00f1os de servicio militar en 2022. En menos de un a\u00f1o, se hab\u00edan tatuado los nombres del otro en los brazos.<\/p>\n\n\n\n<p>Despu\u00e9s de casarse en 2024, Paola Clouatre solicit\u00f3 un permiso para vivir y trabajar legalmente en Estados Unidos. Adrian Clouatre dijo que \u201cno es una persona muy pol\u00edtica\u201d pero cree que su esposa merece vivir legalmente en Estados Unidos.<\/p>\n\n\n\n<p>\u201cEstoy totalmente a favor de \u2018sacar a los criminales del pa\u00eds\u2019, \u00bfverdad?\u201d dijo. \u201cPero las personas que est\u00e1n aqu\u00ed trabajando duro, especialmente las que est\u00e1n casadas con estadounidenses, quiero decir, eso siempre ha sido una forma de asegurar una tarjeta verde\u201d.<\/p>\n\n\n\n<p>Detenida en una reuni\u00f3n para la \u201cgreen card\u201d<\/p>\n\n\n\n<p>El proceso para solicitar la \u201cgreen card\u201d, un permiso de residencia permanente para migrantes, fue bien al principio, pero en un momento dado supo que el ICE hab\u00eda emitido una orden de deportaci\u00f3n en 2018 despu\u00e9s de que su madre no se presentara a una vista de inmigraci\u00f3n.<\/p>\n\n\n\n<p>Clouatre y su madre llevaban a\u00f1os distanciadas \u2014Clouatre pas\u00f3 por refugios para personas sin hogar cuando era adolescente\u2014 y hasta hace un par de meses, Clouatre \u201cno ten\u00eda ni idea\u201d sobre la audiencia perdida de su madre o la orden de deportaci\u00f3n, dijo su esposo.<\/p>\n\n\n\n<p>Adrian Clouatre record\u00f3 que un empleado de Servicios de Ciudadan\u00eda e Inmigraci\u00f3n de Estados Unidos pregunt\u00f3 sobre la orden de deportaci\u00f3n durante una cita el 27 de mayo como parte de su solicitud de \u201cgreen card\u201d.<\/p>\n\n\n\n<p>Despu\u00e9s de que Paola Clouatre explic\u00f3 que estaba tratando de reabrir su caso, el empleado le pidi\u00f3 a ella y a su esposo que esperaran en el vest\u00edbulo para recibir documentos sobre una cita de seguimiento, lo cual su esposo dijo que cre\u00eda que era una \u201cestratagema\u201d.<\/p>\n\n\n\n<p>Pronto, llegaron agentes y esposaron a Paola Clouatre, quien entreg\u00f3 su anillo de bodas a su esposo para que lo guardara.<\/p>\n\n\n\n<p>Adrian Clouatre, con los ojos llenos de l\u00e1grimas, dijo que \u00e9l y su esposa hab\u00edan intentado \u201chacer lo correcto\u201d y que sent\u00eda que los agentes de ICE deber\u00edan tener m\u00e1s discreci\u00f3n sobre los arrestos, aunque entend\u00eda que estaban tratando de hacer su trabajo.<\/p>\n\n\n\n<p>\u201cEs una forma terrible de tratar a un veterano\u201d, dijo Carey Holliday, un exjuez de inmigraci\u00f3n que ahora representa a la pareja. &#8220;\u00bfTe llevas a sus esposas y las env\u00edas de regreso a M\u00e9xico?\u201d.<\/p>\n\n\n\n<p>Los Clouatre presentaron una moci\u00f3n para que un juez de inmigraci\u00f3n con sede en California reabra el caso sobre la orden de deportaci\u00f3n de Paola y est\u00e1n esperando una respuesta, dijo Holliday.<\/p>\n\n\n\n<p>Menos protecci\u00f3n para las familias militares<\/p>\n\n\n\n<p>La portavoz del Departamento de Seguridad Nacional, Tricia McLaughlin, dijo en un comunicado por correo electr\u00f3nico que Paola Clouatre \u201cest\u00e1 en el pa\u00eds ilegalmente\u201d y que el gobierno \u201cno va a ignorar el estado de Derecho\u201d.<\/p>\n\n\n\n<p>\u201cIgnorar la orden de un juez de inmigraci\u00f3n de salir de Estados Unidos es una mala idea\u201d, dijo la agencia de Servicios de Ciudadan\u00eda e Inmigraci\u00f3n de Estados Unidos en una publicaci\u00f3n del 9 de junio en X que parec\u00eda referirse al caso de Clouatre.<\/p>\n\n\n\n<p>La agencia agreg\u00f3 que el gobierno \u201ctiene una larga memoria y no tolera la desobediencia cuando se trata de hacer que Estados Unidos vuelva a ser seguro\u201d.<\/p>\n\n\n\n<p>Adrian Clouatre dijo que la publicaci\u00f3n de la agencia en X no refleja con precisi\u00f3n la situaci\u00f3n de su esposa porque ella ingres\u00f3 al pa\u00eds como menor de edad con su madre, buscando asilo.<\/p>\n\n\n\n<p>\u201cElla no estaba al tanto de la orden de deportaci\u00f3n, por lo que no la estaba desobedeciendo conscientemente\u201d, dijo. \u201cSi hubiera sido arrestada, habr\u00eda sido deportada hace mucho tiempo, y nunca nos habr\u00edamos conocido\u201d.<\/p>\n\n\n\n<p>Antes de la campa\u00f1a del gobierno Trump para aumentar las deportaciones, el USCIS daba mucho m\u00e1s margen a los veteranos que buscaban la residencia legal para un miembro de la familia, dijeron Holliday y Margaret Stock, una experta en leyes de inmigraci\u00f3n militar.<\/p>\n\n\n\n<p>En un memorando del 28 de febrero, la agencia dijo que \u201cya no eximir\u00e1&#8221; de la deportaci\u00f3n a personas en grupos que hab\u00edan recibido m\u00e1s indulgencia en el pasado. Esto incluye a las familias del personal militar o veteranos, dijo Stock. A partir del 12 de junio, la agencia dijo que ha referido m\u00e1s de 26.000 casos a ICE para deportaci\u00f3n.<\/p>\n\n\n\n<p>El USCIS todav\u00eda ofrece un programa que permite a los familiares de militares que ingresaron ilegalmente a Estados Unidos permanecer en el pa\u00eds mientras solicitan una \u201cgreen card\u201d. Pero ya no parece haber espacio para la flexibilidad, como dar a la esposa de un veterano como Paola Clouatre la oportunidad de detener su orden de deportaci\u00f3n activa sin ser detenida, dijo Stock.<\/p>\n\n\n\n<p>Pero numerosos reclutadores del Cuerpo de Marines han continuado publicando anuncios en las redes sociales, dirigidos a los latinos, promoviendo el alistamiento como una forma de obtener \u201cprotecci\u00f3n contra la deportaci\u00f3n\u201d para los miembros de la familia.<\/p>\n\n\n\n<p>\u201cCreo que es malo que est\u00e9n anunciando que las personas van a obtener beneficios de inmigraci\u00f3n cuando parece que el gobierno ya no est\u00e1 ofreciendo estos beneficios de inmigraci\u00f3n\u201d, dijo Stock. \u201cEnv\u00eda el mensaje equivocado a los reclutas\u201d.<\/p>\n\n\n\n<p>El portavoz del Cuerpo de Infanter\u00eda de Marina, el sargento maestro Tyler Hlavac, dijo a The Associated Press que los reclutadores ahora han sido informados de que \u201cno son la autoridad adecuada\u201d para \u201cdar a entender que el Cuerpo de Infanter\u00eda de Marina puede asegurar alivio migratorio para los solicitantes o sus familias\u201d.<\/p>\n","protected":false},"excerpt":{"rendered":"<p>BATON ROUGE, Luisiana, EE.UU. (AP) \u2014 El veterano de la infanter\u00eda de marina Adrian Clouatre no sabe c\u00f3mo decirles a sus hijos ad\u00f3nde fue su madre, despu\u00e9s de que los&hellip;<\/p>\n","protected":false},"author":10,"featured_media":101522,"comment_status":"open","ping_status":"open","sticky":false,"template":"","format":"standard","meta":{"content-type":"","jetpack_post_was_ever_published":false,"_jetpack_newsletter_access":"","_jetpack_dont_email_post_to_subs":false,"_jetpack_newsletter_tier_id":0,"_jetpack_memberships_contains_paywalled_content":false,"_jetpack_memberships_contains_paid_content":false,"footnotes":""},"categories":[16289],"tags":[20789,968,20791,912,12493,401,98,17575,4249,20790],"class_list":["post-101521","post","type-post","status-publish","format-standard","has-post-thumbnail","hentry","category-internacionales","tag-adrian-clouatre","tag-aduanas","tag-amamantaba-a-su-bebe","tag-control","tag-detiene","tag-esposa","tag-estados-unidos","tag-ice","tag-inmigracion","tag-marine-veterano"],"jetpack_featured_media_url":"https:\/\/lasprimeras.com.do\/wp-content\/uploads\/2025\/06\/Adrian-Clouatre.jpg","jetpack-related-posts":[{"id":84808,"url":"https:\/\/lasprimeras.com.do\/index.php\/2024\/06\/16\/pediatras-estadounidenses-revierten-un-consejo-de-decadas-contra-la-lactancia-materna-de-las-madres-vih-positivas\/","url_meta":{"origin":101521,"position":0},"title":"Pediatras estadounidenses revierten un consejo de d\u00e9cadas contra la lactancia materna de las madres VIH positivas","author":"Nelson Feliz","date":"16 de junio de 2024","format":false,"excerpt":"POR JONEL ALECCIA Las personas con VIH pueden amamantar a sus beb\u00e9s, siempre y cuando tomen medicamentos que supriman eficazmente el virus que causa el SIDA, dijo el lunes un importante grupo de pediatras de Estados Unidos en un brusco cambio de pol\u00edtica. El nuevo informe de la Academia Estadounidense\u2026","rel":"","context":"En \u00abSin categor\u00eda\u00bb","block_context":{"text":"Sin categor\u00eda","link":"https:\/\/lasprimeras.com.do\/index.php\/category\/sin-categoria\/"},"img":{"alt_text":"","src":"https:\/\/i0.wp.com\/lasprimeras.com.do\/wp-content\/uploads\/2024\/06\/madres.jpg?resize=350%2C200&ssl=1","width":350,"height":200,"srcset":"https:\/\/i0.wp.com\/lasprimeras.com.do\/wp-content\/uploads\/2024\/06\/madres.jpg?resize=350%2C200&ssl=1 1x, https:\/\/i0.wp.com\/lasprimeras.com.do\/wp-content\/uploads\/2024\/06\/madres.jpg?resize=525%2C300&ssl=1 1.5x, https:\/\/i0.wp.com\/lasprimeras.com.do\/wp-content\/uploads\/2024\/06\/madres.jpg?resize=700%2C400&ssl=1 2x"},"classes":[]},{"id":95481,"url":"https:\/\/lasprimeras.com.do\/index.php\/2025\/03\/14\/en-primeros-50-dias-inmigracion-gobierno-trump-arresta-32809-incluidos-cientos-de-dominicanos\/","url_meta":{"origin":101521,"position":1},"title":"En primeros 50 d\u00edas Inmigraci\u00f3n gobierno Trump arresta 32,809, incluidos cientos de dominicanos","author":"Nelson Feliz","date":"14 de marzo de 2025","format":false,"excerpt":"Por Ram\u00f3n Mercedes NUEVA YORK.- En los primeros 50 d\u00edas del Gobierno del presidente Donald Trump, del 20 de enero al 10 de marzo, el Servicio de Control de Inmigraci\u00f3n y Aduanas de los Estados Unidos (ICE) ha efectuado 32.809 arrestos en territorio estadounidense, entre ellos cientos de dominicanos, seg\u00fan\u2026","rel":"","context":"En \u00abINTERNACIONALES\u00bb","block_context":{"text":"INTERNACIONALES","link":"https:\/\/lasprimeras.com.do\/index.php\/category\/sin-categoria\/internacionales\/"},"img":{"alt_text":"En primeros 50 d\u00edas Inmigraci\u00f3n gobierno Trump arresta 32,809, incluidos cientos de dominicanos","src":"https:\/\/i0.wp.com\/lasprimeras.com.do\/wp-content\/uploads\/2025\/03\/WhatsApp-Image-2025-03-13-at-6.35.32-AM-1.jpeg?resize=350%2C200&ssl=1","width":350,"height":200,"srcset":"https:\/\/i0.wp.com\/lasprimeras.com.do\/wp-content\/uploads\/2025\/03\/WhatsApp-Image-2025-03-13-at-6.35.32-AM-1.jpeg?resize=350%2C200&ssl=1 1x, https:\/\/i0.wp.com\/lasprimeras.com.do\/wp-content\/uploads\/2025\/03\/WhatsApp-Image-2025-03-13-at-6.35.32-AM-1.jpeg?resize=525%2C300&ssl=1 1.5x"},"classes":[]},{"id":98448,"url":"https:\/\/lasprimeras.com.do\/index.php\/2025\/05\/07\/madre-cubana-deportada-pide-al-presidente-trump-que-le-permita-reunirse-con-su-familia-en-eeuu\/","url_meta":{"origin":101521,"position":2},"title":"Madre cubana deportada pide al presidente Trump que le permita reunirse con su familia en EEUU","author":"Nelson Feliz","date":"7 de mayo de 2025","format":false,"excerpt":"POR ANDREA RODR\u00cdGUEZ LA HABANA (AP) \u2014 Diez veces al d\u00eda Heidy S\u00e1nchez Tejeda camina dos cuadras desde la casa de sus padres en La Habana buscando conexi\u00f3n a internet para hacer una videollamada con su esposo y cantarle canciones de cuna a su hija de un a\u00f1o. Lo ha\u2026","rel":"","context":"En \u00abINTERNACIONALES\u00bb","block_context":{"text":"INTERNACIONALES","link":"https:\/\/lasprimeras.com.do\/index.php\/category\/sin-categoria\/internacionales\/"},"img":{"alt_text":"","src":"https:\/\/i0.wp.com\/lasprimeras.com.do\/wp-content\/uploads\/2025\/05\/madre.jpg?resize=350%2C200&ssl=1","width":350,"height":200,"srcset":"https:\/\/i0.wp.com\/lasprimeras.com.do\/wp-content\/uploads\/2025\/05\/madre.jpg?resize=350%2C200&ssl=1 1x, https:\/\/i0.wp.com\/lasprimeras.com.do\/wp-content\/uploads\/2025\/05\/madre.jpg?resize=525%2C300&ssl=1 1.5x, https:\/\/i0.wp.com\/lasprimeras.com.do\/wp-content\/uploads\/2025\/05\/madre.jpg?resize=700%2C400&ssl=1 2x"},"classes":[]},{"id":97449,"url":"https:\/\/lasprimeras.com.do\/index.php\/2025\/04\/21\/ice-detiene-en-ny-206-inmigrantes-incluidos-dominicanos-activistas-piden-auxilio-autoridades\/","url_meta":{"origin":101521,"position":3},"title":"ICE detiene en NY 206 inmigrantes, incluidos dominicanos; activistas piden auxilio autoridades","author":"Nelson Feliz","date":"21 de abril de 2025","format":false,"excerpt":"Por Ram\u00f3n Mercedes NUEVA YORK.- El Servicio de Inmigraci\u00f3n y sus socios policiales detuvieron a 206 inmigrantes ilegales durante una operaci\u00f3n intensificada de control migratorio enfocada en delincuentes extranjeros flagrantes en NYC y sus alrededores. Durante la operaci\u00f3n, entre el 6 al 12 del presente mes, se enfocaron en delincuentes\u2026","rel":"","context":"En \u00abINTERNACIONALES\u00bb","block_context":{"text":"INTERNACIONALES","link":"https:\/\/lasprimeras.com.do\/index.php\/category\/sin-categoria\/internacionales\/"},"img":{"alt_text":"ICE detiene en NY 206 inmigrantes, incluidos dominicanos; activistas piden auxilio autoridades","src":"https:\/\/i0.wp.com\/lasprimeras.com.do\/wp-content\/uploads\/2025\/04\/WhatsApp-Image-2025-04-21-at-5.16.10-AM-1.jpeg?resize=350%2C200&ssl=1","width":350,"height":200,"srcset":"https:\/\/i0.wp.com\/lasprimeras.com.do\/wp-content\/uploads\/2025\/04\/WhatsApp-Image-2025-04-21-at-5.16.10-AM-1.jpeg?resize=350%2C200&ssl=1 1x, https:\/\/i0.wp.com\/lasprimeras.com.do\/wp-content\/uploads\/2025\/04\/WhatsApp-Image-2025-04-21-at-5.16.10-AM-1.jpeg?resize=525%2C300&ssl=1 1.5x"},"classes":[]},{"id":117473,"url":"https:\/\/lasprimeras.com.do\/index.php\/2025\/12\/11\/el-gobierno-de-trump-separa-a-miles-de-familias-migrantes-en-eeuu\/","url_meta":{"origin":101521,"position":4},"title":"El gobierno de Trump separa a miles de familias migrantes en EEUU","author":"Nelson Feliz","date":"11 de diciembre de 2025","format":false,"excerpt":"POR GISELA SALOMON MIAMI (AP) \u2014 La pol\u00edtica migratoria de tolerancia cero del presidente Donald Trump separ\u00f3 a m\u00e1s de 5.000 ni\u00f1os de sus familias en la frontera entre Estados Unidos y M\u00e9xico en su primer mandato. Los cruces fronterizos est\u00e1n en un m\u00ednimo hist\u00f3rico casi un a\u00f1o despu\u00e9s del\u2026","rel":"","context":"En \u00abINTERNACIONALES\u00bb","block_context":{"text":"INTERNACIONALES","link":"https:\/\/lasprimeras.com.do\/index.php\/category\/sin-categoria\/internacionales\/"},"img":{"alt_text":"","src":"https:\/\/i0.wp.com\/lasprimeras.com.do\/wp-content\/uploads\/2025\/12\/FAMILIAS.jpg?resize=350%2C200&ssl=1","width":350,"height":200,"srcset":"https:\/\/i0.wp.com\/lasprimeras.com.do\/wp-content\/uploads\/2025\/12\/FAMILIAS.jpg?resize=350%2C200&ssl=1 1x, https:\/\/i0.wp.com\/lasprimeras.com.do\/wp-content\/uploads\/2025\/12\/FAMILIAS.jpg?resize=525%2C300&ssl=1 1.5x, https:\/\/i0.wp.com\/lasprimeras.com.do\/wp-content\/uploads\/2025\/12\/FAMILIAS.jpg?resize=700%2C400&ssl=1 2x"},"classes":[]},{"id":96547,"url":"https:\/\/lasprimeras.com.do\/index.php\/2025\/04\/02\/crece-indignacion-por-la-deportacion-erronea-de-un-hombre-de-maryland-a-una-prision-en-el-salvador\/","url_meta":{"origin":101521,"position":5},"title":"Crece indignaci\u00f3n por la deportaci\u00f3n err\u00f3nea de un hombre de Maryland a una prisi\u00f3n en El Salvador","author":"Nelson Feliz","date":"2 de abril de 2025","format":false,"excerpt":"POR BEN FINLEY En los 22 d\u00edas que han pasado desde que Kilmar Abrego Garc\u00eda, residente en Maryland, fue deportado por error a una violenta prisi\u00f3n de El Salvador, su hijo autista ha buscado consuelo en el aroma de la ropa de su padre. \u201cAunque no puede hablar, me muestra\u2026","rel":"","context":"En \u00abINTERNACIONALES\u00bb","block_context":{"text":"INTERNACIONALES","link":"https:\/\/lasprimeras.com.do\/index.php\/category\/sin-categoria\/internacionales\/"},"img":{"alt_text":"Kilmar Abrego Garc\u00eda","src":"https:\/\/i0.wp.com\/lasprimeras.com.do\/wp-content\/uploads\/2025\/04\/Kilmar-Abrego-Garcia.jpg?resize=350%2C200&ssl=1","width":350,"height":200,"srcset":"https:\/\/i0.wp.com\/lasprimeras.com.do\/wp-content\/uploads\/2025\/04\/Kilmar-Abrego-Garcia.jpg?resize=350%2C200&ssl=1 1x, https:\/\/i0.wp.com\/lasprimeras.com.do\/wp-content\/uploads\/2025\/04\/Kilmar-Abrego-Garcia.jpg?resize=525%2C300&ssl=1 1.5x, https:\/\/i0.wp.com\/lasprimeras.com.do\/wp-content\/uploads\/2025\/04\/Kilmar-Abrego-Garcia.jpg?resize=700%2C400&ssl=1 2x"},"classes":[]}],"jetpack_sharing_enabled":true,"_links":{"self":[{"href":"https:\/\/lasprimeras.com.do\/index.php\/wp-json\/wp\/v2\/posts\/101521","targetHints":{"allow":["GET"]}}],"collection":[{"href":"https:\/\/lasprimeras.com.do\/index.php\/wp-json\/wp\/v2\/posts"}],"about":[{"href":"https:\/\/lasprimeras.com.do\/index.php\/wp-json\/wp\/v2\/types\/post"}],"author":[{"embeddable":true,"href":"https:\/\/lasprimeras.com.do\/index.php\/wp-json\/wp\/v2\/users\/10"}],"replies":[{"embeddable":true,"href":"https:\/\/lasprimeras.com.do\/index.php\/wp-json\/wp\/v2\/comments?post=101521"}],"version-history":[{"count":1,"href":"https:\/\/lasprimeras.com.do\/index.php\/wp-json\/wp\/v2\/posts\/101521\/revisions"}],"predecessor-version":[{"id":101523,"href":"https:\/\/lasprimeras.com.do\/index.php\/wp-json\/wp\/v2\/posts\/101521\/revisions\/101523"}],"wp:featuredmedia":[{"embeddable":true,"href":"https:\/\/lasprimeras.com.do\/index.php\/wp-json\/wp\/v2\/media\/101522"}],"wp:attachment":[{"href":"https:\/\/lasprimeras.com.do\/index.php\/wp-json\/wp\/v2\/media?parent=101521"}],"wp:term":[{"taxonomy":"category","embeddable":true,"href":"https:\/\/lasprimeras.com.do\/index.php\/wp-json\/wp\/v2\/categories?post=101521"},{"taxonomy":"post_tag","embeddable":true,"href":"https:\/\/lasprimeras.com.do\/index.php\/wp-json\/wp\/v2\/tags?post=101521"}],"curies":[{"name":"wp","href":"https:\/\/api.w.org\/{rel}","templated":true}]}}