{"id":101524,"date":"2025-06-23T09:32:19","date_gmt":"2025-06-23T13:32:19","guid":{"rendered":"https:\/\/lasprimeras.com.do\/?p=101524"},"modified":"2025-06-23T09:32:20","modified_gmt":"2025-06-23T13:32:20","slug":"putin-los-ataques-contra-iran-fueron-una-agresion-no-provocada-que-no-tiene-ninguna-justificacion","status":"publish","type":"post","link":"https:\/\/lasprimeras.com.do\/index.php\/2025\/06\/23\/putin-los-ataques-contra-iran-fueron-una-agresion-no-provocada-que-no-tiene-ninguna-justificacion\/","title":{"rendered":"Putin: &#8220;Los ataques contra Ir\u00e1n fueron una agresi\u00f3n no provocada que no tiene ninguna justificaci\u00f3n&#8221;"},"content":{"rendered":"\n<p><strong>El l\u00edder ruso subray\u00f3 que Mosc\u00fa est\u00e1 haciendo esfuerzos para ayudar al pueblo iran\u00ed.<\/strong><\/p>\n\n\n\n<p><strong>Rusia, RT.-<\/strong>.Los ataques contra Ir\u00e1n no tienen justificaci\u00f3n y son una agresi\u00f3n no provocada, afirm\u00f3 este lunes el presidente ruso, Vlad\u00edmir Putin, en una reuni\u00f3n con el canciller iran\u00ed, Abbas Araghchi.<\/p>\n\n\n\n<p>&#8220;Una agresi\u00f3n absolutamente no provocada contra Ir\u00e1n no tiene base ni justificaci\u00f3n&#8221;, afirm\u00f3. Subray\u00f3 que la parte rusa est\u00e1 haciendo esfuerzos para ayudar al pueblo iran\u00ed.<\/p>\n\n\n\n<p>&#8220;Me alegro mucho de que est\u00e9 hoy en Mosc\u00fa. Esto nos dar\u00e1 la oportunidad de debatir estos temas tan agudos y pensar juntos c\u00f3mo podemos salir de la situaci\u00f3n actual&#8221;, a\u00f1adi\u00f3.<\/p>\n\n\n\n<p>Adem\u00e1s, record\u00f3 que Mosc\u00fa conden\u00f3 las acciones de Estados Unidos e Israel tanto a nivel del Ministerio de Asuntos Exteriores como en el marco del Consejo de Seguridad de la ONU.<\/p>\n\n\n\n<p>Por su parte, el jefe de la diplomacia iran\u00ed agradeci\u00f3 la postura de Rusia y constat\u00f3 que est\u00e1 &#8220;en el lado correcto de la historia&#8221;. Tambi\u00e9n se\u00f1al\u00f3 que Ir\u00e1n respondi\u00f3 a la agresi\u00f3n defendiendo su soberan\u00eda y su pa\u00eds.<\/p>\n\n\n\n<p>Anteriormente, el representante permanente de Rusia ante la ONU, Vasili Nebenzia, afirm\u00f3 que, con sus acciones, EE.UU. ha abierto la caja de Pandora, y a\u00fan no est\u00e1 claro qu\u00e9 consecuencias puede tener.<\/p>\n\n\n\n<p>&#8220;Si no se detiene la escalada, Oriente Medio se encontrar\u00e1 en el umbral de un conflicto a gran escala de consecuencias imprevisibles para todo el sistema de seguridad internacional, y el mundo entero podr\u00eda estar al borde de una cat\u00e1strofe nuclear&#8221;, expres\u00f3, instando al cese inmediato de las acciones agresivas de Tel Aviv y Washington, as\u00ed como a la moderaci\u00f3n de todas las partes y el retorno de la situaci\u00f3n al marco de la diplomacia internacional.<\/p>\n","protected":false},"excerpt":{"rendered":"<p>El l\u00edder ruso subray\u00f3 que Mosc\u00fa est\u00e1 haciendo esfuerzos para ayudar al pueblo iran\u00ed. Rusia, RT.-.Los ataques contra Ir\u00e1n no tienen justificaci\u00f3n y son una agresi\u00f3n no provocada, afirm\u00f3 este&hellip;<\/p>\n","protected":false},"author":10,"featured_media":101525,"comment_status":"open","ping_status":"open","sticky":false,"template":"","format":"standard","meta":{"content-type":"","jetpack_post_was_ever_published":false,"_jetpack_newsletter_access":"","_jetpack_dont_email_post_to_subs":false,"_jetpack_newsletter_tier_id":0,"_jetpack_memberships_contains_paywalled_content":false,"_jetpack_memberships_contains_paid_content":false,"footnotes":""},"categories":[16289],"tags":[20793,20792,20794,3868],"class_list":["post-101524","post","type-post","status-publish","format-standard","has-post-thumbnail","hentry","category-internacionales","tag-agresion-no-provocada","tag-los-ataques-contra-iran","tag-no-tiene-ninguna-justificacion","tag-vladimir-putin-2"],"jetpack_featured_media_url":"https:\/\/lasprimeras.com.do\/wp-content\/uploads\/2025\/06\/Los-ataques-contra-Iran.jpg","jetpack-related-posts":[{"id":124039,"url":"https:\/\/lasprimeras.com.do\/index.php\/2026\/03\/08\/rusia-se-mantiene-al-margen-mientras-escala-la-guerra-con-iran-esperando-ganancias-a-largo-plazo\/","url_meta":{"origin":101524,"position":0},"title":"Rusia se mantiene al margen mientras escala la guerra con Ir\u00e1n, esperando ganancias a largo plazo","author":"Nelson Feliz","date":"8 de marzo de 2026","format":false,"excerpt":"POR VLADIMIR ISACHENKOV MOSC\u00da (AP) \u2014 Mientras misiles y bombas de Estados Unidos e Israel caen sobre Ir\u00e1n, Rusia ha respondido con palabras de indignaci\u00f3n, pero sin ninguna acci\u00f3n visible para apoyar a su aliado de Oriente Medio. Esa postura cauta est\u00e1 impulsada por la estrategia del presidente, Vlad\u00edmir Putin,\u2026","rel":"","context":"En \u00abINTERNACIONALES\u00bb","block_context":{"text":"INTERNACIONALES","link":"https:\/\/lasprimeras.com.do\/index.php\/category\/sin-categoria\/internacionales\/"},"img":{"alt_text":"Vlad\u00edmir Putin","src":"https:\/\/i0.wp.com\/lasprimeras.com.do\/wp-content\/uploads\/2026\/03\/Vladimir-Putin.jpg?resize=350%2C200&ssl=1","width":350,"height":200,"srcset":"https:\/\/i0.wp.com\/lasprimeras.com.do\/wp-content\/uploads\/2026\/03\/Vladimir-Putin.jpg?resize=350%2C200&ssl=1 1x, https:\/\/i0.wp.com\/lasprimeras.com.do\/wp-content\/uploads\/2026\/03\/Vladimir-Putin.jpg?resize=525%2C300&ssl=1 1.5x, https:\/\/i0.wp.com\/lasprimeras.com.do\/wp-content\/uploads\/2026\/03\/Vladimir-Putin.jpg?resize=700%2C400&ssl=1 2x"},"classes":[]},{"id":83388,"url":"https:\/\/lasprimeras.com.do\/index.php\/2024\/05\/15\/putin-de-rusia-llega-a-china-para-una-visita-de-estado-en-una-muestra-de-unidad-entre-los-aliados-autoritarios\/","url_meta":{"origin":101524,"position":1},"title":"Putin de Rusia llega a China para una visita de Estado en una muestra de unidad entre los aliados autoritarios","author":"Nelson Feliz","date":"15 de mayo de 2024","format":false,"excerpt":"POR EMILY WANG FUJIYAMA Y CHRIS BODEEN BEIJING (AP) \u2014 El presidente de Rusia, Vladimir Putin, aterriz\u00f3 el jueves en Beijing para realizar una visita de Estado de dos d\u00edas a China, en una muestra de unidad entre los aliados autoritarios mientras Mosc\u00fa avanza con una nueva ofensiva en Ucrania.\u2026","rel":"","context":"En \u00abSin categor\u00eda\u00bb","block_context":{"text":"Sin categor\u00eda","link":"https:\/\/lasprimeras.com.do\/index.php\/category\/sin-categoria\/"},"img":{"alt_text":"","src":"https:\/\/i0.wp.com\/lasprimeras.com.do\/wp-content\/uploads\/2024\/05\/presidentes.jpg?resize=350%2C200&ssl=1","width":350,"height":200,"srcset":"https:\/\/i0.wp.com\/lasprimeras.com.do\/wp-content\/uploads\/2024\/05\/presidentes.jpg?resize=350%2C200&ssl=1 1x, https:\/\/i0.wp.com\/lasprimeras.com.do\/wp-content\/uploads\/2024\/05\/presidentes.jpg?resize=525%2C300&ssl=1 1.5x"},"classes":[]},{"id":104561,"url":"https:\/\/lasprimeras.com.do\/index.php\/2025\/07\/25\/rusia-lanza-con-exito-un-satelite-de-comunicaciones-irani-al-espacio\/","url_meta":{"origin":101524,"position":2},"title":"Rusia lanza con \u00e9xito un sat\u00e9lite de comunicaciones iran\u00ed al espacio","author":"Nelson Feliz","date":"25 de julio de 2025","format":false,"excerpt":"MOSC\u00da (AP) \u2014 Un cohete ruso puso exitosamente en \u00f3rbita el viernes un sat\u00e9lite de comunicaciones iran\u00ed, un lanzamiento que puso de manifiesto los fuertes lazos entre las dos naciones. El cohete Soyuz despeg\u00f3 seg\u00fan lo previsto desde la plataforma de lanzamiento de Vostochny, en el extremo oriental de Rusia.\u2026","rel":"","context":"En \u00abINTERNACIONALES\u00bb","block_context":{"text":"INTERNACIONALES","link":"https:\/\/lasprimeras.com.do\/index.php\/category\/sin-categoria\/internacionales\/"},"img":{"alt_text":"Rusia lanza con \u00e9xito un sat\u00e9lite de comunicaciones iran\u00ed al espacio","src":"https:\/\/i0.wp.com\/lasprimeras.com.do\/wp-content\/uploads\/2025\/07\/Rusia-lanza-con-exito-un-satelite-de-comunicaciones-irani-al-espacio.jpg?resize=350%2C200&ssl=1","width":350,"height":200,"srcset":"https:\/\/i0.wp.com\/lasprimeras.com.do\/wp-content\/uploads\/2025\/07\/Rusia-lanza-con-exito-un-satelite-de-comunicaciones-irani-al-espacio.jpg?resize=350%2C200&ssl=1 1x, https:\/\/i0.wp.com\/lasprimeras.com.do\/wp-content\/uploads\/2025\/07\/Rusia-lanza-con-exito-un-satelite-de-comunicaciones-irani-al-espacio.jpg?resize=525%2C300&ssl=1 1.5x"},"classes":[]},{"id":118758,"url":"https:\/\/lasprimeras.com.do\/index.php\/2026\/01\/03\/rusia-iran-y-cuba-condenan-ataque-de-ee-uu-en-venezuela-tras-captura-de-maduro\/","url_meta":{"origin":101524,"position":3},"title":"Rusia, Ir\u00e1n y Cuba condenan ataque de EE.UU. en Venezuela tras captura de Maduro","author":"Nelson Feliz","date":"3 de enero de 2026","format":false,"excerpt":"Mosc\u00fa conden\u00f3 la acci\u00f3n militar de Estados Unidos, al afirmar que no hab\u00eda justificaci\u00f3n para el ataque y que la \"hostilidad ideol\u00f3gica\" hab\u00eda prevalecido sobre la diplomacia. Rusia, Ir\u00e1n o Cuba encabezan el rechazo del ataque estadounidense de este s\u00e1bado en el que fue capturado y sacado del pa\u00eds Nicol\u00e1s\u2026","rel":"","context":"En \u00abINTERNACIONALES\u00bb","block_context":{"text":"INTERNACIONALES","link":"https:\/\/lasprimeras.com.do\/index.php\/category\/sin-categoria\/internacionales\/"},"img":{"alt_text":"","src":"https:\/\/i0.wp.com\/lasprimeras.com.do\/wp-content\/uploads\/2025\/06\/Vladimir-Putin.jpg?resize=350%2C200&ssl=1","width":350,"height":200,"srcset":"https:\/\/i0.wp.com\/lasprimeras.com.do\/wp-content\/uploads\/2025\/06\/Vladimir-Putin.jpg?resize=350%2C200&ssl=1 1x, https:\/\/i0.wp.com\/lasprimeras.com.do\/wp-content\/uploads\/2025\/06\/Vladimir-Putin.jpg?resize=525%2C300&ssl=1 1.5x, https:\/\/i0.wp.com\/lasprimeras.com.do\/wp-content\/uploads\/2025\/06\/Vladimir-Putin.jpg?resize=700%2C400&ssl=1 2x"},"classes":[]},{"id":74224,"url":"https:\/\/lasprimeras.com.do\/index.php\/2024\/01\/20\/iran-dice-que-respondera-a-israel-por-muerte-de-guardias-revolucionarios-en-siria\/","url_meta":{"origin":101524,"position":4},"title":"Ir\u00e1n dice que responder\u00e1 a Israel por muerte de guardias revolucionarios en Siria","author":"BIMARY DE JES\u00daS Matos","date":"20 de enero de 2024","format":false,"excerpt":"Teher\u00e1n.- Este s\u00e1bado Ir\u00e1n afirm\u00f3 que tiene el \u00abderecho a responder\u00bb a Israel \u201cen el momento y lugar apropiados\u201d por la muerte de cinco miembros de la poderosa Guardia Revolucionaria en un ataque en Siria, unas muertes que se producen medio de una tensi\u00f3n m\u00e1xima en Oriente Medio. \u201cLa Rep\u00fablica\u2026","rel":"","context":"En \u00abSin categor\u00eda\u00bb","block_context":{"text":"Sin categor\u00eda","link":"https:\/\/lasprimeras.com.do\/index.php\/category\/sin-categoria\/"},"img":{"alt_text":"","src":"https:\/\/i0.wp.com\/lasprimeras.com.do\/wp-content\/uploads\/2024\/01\/Diseno-sin-titulo-10.webp?resize=350%2C200&ssl=1","width":350,"height":200,"srcset":"https:\/\/i0.wp.com\/lasprimeras.com.do\/wp-content\/uploads\/2024\/01\/Diseno-sin-titulo-10.webp?resize=350%2C200&ssl=1 1x, https:\/\/i0.wp.com\/lasprimeras.com.do\/wp-content\/uploads\/2024\/01\/Diseno-sin-titulo-10.webp?resize=525%2C300&ssl=1 1.5x"},"classes":[]},{"id":91610,"url":"https:\/\/lasprimeras.com.do\/index.php\/2024\/11\/28\/biden-califica-de-indignante-la-nueva-escalada-rusa-contra-sistema-electrico-de-ucrania\/","url_meta":{"origin":101524,"position":5},"title":"Biden califica de &#8220;indignante&#8221; la nueva escalada rusa contra sistema el\u00e9ctrico de Ucrania","author":"Nelson Feliz","date":"28 de noviembre de 2024","format":false,"excerpt":"El mandatario estadounidense recalc\u00f3 la urgencia e importancia de apoyar al pueblo ucraniano en su defensa contra la agresi\u00f3n rusa. Washington,EFE -El presidente de Estados Unidos, Joe Biden, calific\u00f3 este jueves de \"indignante\" la nueva escalada de Rusia contra el sistema el\u00e9ctrico de Ucrania en el que utiliz\u00f3 misiles cargados\u2026","rel":"","context":"En \u00abINTERNACIONALES\u00bb","block_context":{"text":"INTERNACIONALES","link":"https:\/\/lasprimeras.com.do\/index.php\/category\/sin-categoria\/internacionales\/"},"img":{"alt_text":"","src":"https:\/\/i0.wp.com\/lasprimeras.com.do\/wp-content\/uploads\/2024\/10\/Joe-Biden-2.jpg?resize=350%2C200&ssl=1","width":350,"height":200,"srcset":"https:\/\/i0.wp.com\/lasprimeras.com.do\/wp-content\/uploads\/2024\/10\/Joe-Biden-2.jpg?resize=350%2C200&ssl=1 1x, https:\/\/i0.wp.com\/lasprimeras.com.do\/wp-content\/uploads\/2024\/10\/Joe-Biden-2.jpg?resize=525%2C300&ssl=1 1.5x"},"classes":[]}],"jetpack_sharing_enabled":true,"_links":{"self":[{"href":"https:\/\/lasprimeras.com.do\/index.php\/wp-json\/wp\/v2\/posts\/101524","targetHints":{"allow":["GET"]}}],"collection":[{"href":"https:\/\/lasprimeras.com.do\/index.php\/wp-json\/wp\/v2\/posts"}],"about":[{"href":"https:\/\/lasprimeras.com.do\/index.php\/wp-json\/wp\/v2\/types\/post"}],"author":[{"embeddable":true,"href":"https:\/\/lasprimeras.com.do\/index.php\/wp-json\/wp\/v2\/users\/10"}],"replies":[{"embeddable":true,"href":"https:\/\/lasprimeras.com.do\/index.php\/wp-json\/wp\/v2\/comments?post=101524"}],"version-history":[{"count":1,"href":"https:\/\/lasprimeras.com.do\/index.php\/wp-json\/wp\/v2\/posts\/101524\/revisions"}],"predecessor-version":[{"id":101526,"href":"https:\/\/lasprimeras.com.do\/index.php\/wp-json\/wp\/v2\/posts\/101524\/revisions\/101526"}],"wp:featuredmedia":[{"embeddable":true,"href":"https:\/\/lasprimeras.com.do\/index.php\/wp-json\/wp\/v2\/media\/101525"}],"wp:attachment":[{"href":"https:\/\/lasprimeras.com.do\/index.php\/wp-json\/wp\/v2\/media?parent=101524"}],"wp:term":[{"taxonomy":"category","embeddable":true,"href":"https:\/\/lasprimeras.com.do\/index.php\/wp-json\/wp\/v2\/categories?post=101524"},{"taxonomy":"post_tag","embeddable":true,"href":"https:\/\/lasprimeras.com.do\/index.php\/wp-json\/wp\/v2\/tags?post=101524"}],"curies":[{"name":"wp","href":"https:\/\/api.w.org\/{rel}","templated":true}]}}