{"id":101527,"date":"2025-06-23T09:43:00","date_gmt":"2025-06-23T13:43:00","guid":{"rendered":"https:\/\/lasprimeras.com.do\/?p=101527"},"modified":"2025-06-23T09:43:01","modified_gmt":"2025-06-23T13:43:01","slug":"iran-ee-uu-entro-directamente-en-una-guerra-con-nosotros","status":"publish","type":"post","link":"https:\/\/lasprimeras.com.do\/index.php\/2025\/06\/23\/iran-ee-uu-entro-directamente-en-una-guerra-con-nosotros\/","title":{"rendered":"Ir\u00e1n: &#8220;EE.UU. entr\u00f3 directamente en una guerra con nosotros&#8221;"},"content":{"rendered":"\n<p><strong>La medida ampl\u00eda la lista de objetivos leg\u00edtimos para Teher\u00e1n, afirmaron desde el Comando militar central iran\u00ed.<\/strong><\/p>\n\n\n\n<p><strong>Ir\u00e1n, RT.-.<\/strong>Al apoyar la agresi\u00f3n israel\u00ed contra Ir\u00e1n y atacar las instalaciones nucleares, Estados Unidos entr\u00f3 directamente en guerra con Teh\u00e9ran, afirm\u00f3 este lunes un portavoz del Comando militar central de la naci\u00f3n persa.<\/p>\n\n\n\n<p>&#8220;Los criminales EE.UU., en su continuo apoyo a gran escala a la agresi\u00f3n del r\u00e9gimen sionista, violaron descaradamente la soberan\u00eda de la Rep\u00fablica Isl\u00e1mica de Ir\u00e1n anoche, entrando directamente en guerra con Ir\u00e1n e invadiendo el suelo sagrado iran\u00ed&#8221;, indic\u00f3.<\/p>\n\n\n\n<p>Agreg\u00f3 que este paso &#8220;ampliar\u00e1 el alcance de objetivos leg\u00edtimos y diversos&#8221; para las Fuerzas Armadas de la naci\u00f3n persa y &#8220;sentar\u00e1 las bases para la expansi\u00f3n de la guerra en toda la regi\u00f3n&#8221;.<\/p>\n\n\n\n<p>En este contexto, afirm\u00f3 que &#8220;se llevar\u00e1n a cabo operaciones poderosas y espec\u00edficas que infligir\u00e1n consecuencias graves, lamentables e impredecibles&#8221;.<\/p>\n\n\n\n<p>&#8220;El apostador [Donald] Trump, puede comenzar esta guerra, pero seremos nosotros quienes la terminaremos&#8221;, concluy\u00f3 en ingl\u00e9s.<\/p>\n\n\n\n<p>Subiendo en una espiral de escalada<\/p>\n\n\n\n<p>Desde la madrugada del 13 de junio, cuando Israel lanz\u00f3 un ataque no provocado contra Ir\u00e1n, ambas naciones contin\u00faan intercambiando ataques con misiles y drones.<\/p>\n\n\n\n<p>El presidente de EE.UU., Donald Trump, anunci\u00f3 la noche del 21 de junio que la Fuerza A\u00e9rea de su pa\u00eds hab\u00eda completado un &#8220;exitoso ataque&#8221; contra tres instalaciones nucleares en Ir\u00e1n: Fordo, Natanz e Isfah\u00e1n.<\/p>\n\n\n\n<p>A su vez, Teher\u00e1n reiter\u00f3 su &#8220;leg\u00edtimo derecho&#8221; a defenderse frente a la &#8220;flagrante agresi\u00f3n de EE.UU. y su &#8216;proxy&#8217; israel\u00ed&#8221;.<\/p>\n\n\n\n<p>Numerosos pa\u00edses del mundo han criticado con dureza el operativo israel\u00ed contra Ir\u00e1n. Desde el inicio de las hostilidades, Mosc\u00fa ha condenado en m\u00e1s de una ocasi\u00f3n las acciones israel\u00edes y ha advertido de sus consecuencias aterradoras.<\/p>\n\n\n\n<p>Desde el Ministerio de Asuntos Exteriores ruso advirtieron que &#8220;el riesgo de una escalada del conflicto en Oriente Medio, ya sumido en m\u00faltiples crisis, ha aumentado significativamente&#8221;.<\/p>\n","protected":false},"excerpt":{"rendered":"<p>La medida ampl\u00eda la lista de objetivos leg\u00edtimos para Teher\u00e1n, afirmaron desde el Comando militar central iran\u00ed. Ir\u00e1n, RT.-.Al apoyar la agresi\u00f3n israel\u00ed contra Ir\u00e1n y atacar las instalaciones nucleares,&hellip;<\/p>\n","protected":false},"author":10,"featured_media":101528,"comment_status":"open","ping_status":"open","sticky":false,"template":"","format":"standard","meta":{"content-type":"","jetpack_post_was_ever_published":false,"_jetpack_newsletter_access":"","_jetpack_dont_email_post_to_subs":false,"_jetpack_newsletter_tier_id":0,"_jetpack_memberships_contains_paywalled_content":false,"_jetpack_memberships_contains_paid_content":false,"footnotes":""},"categories":[16289],"tags":[978,206,2060,6186],"class_list":["post-101527","post","type-post","status-publish","format-standard","has-post-thumbnail","hentry","category-internacionales","tag-donald-trump","tag-ee-uu","tag-guerra","tag-iran"],"jetpack_featured_media_url":"https:\/\/lasprimeras.com.do\/wp-content\/uploads\/2025\/06\/banderas-Iran-y-Estados-Unidos.jpg","jetpack-related-posts":[{"id":75776,"url":"https:\/\/lasprimeras.com.do\/index.php\/2024\/02\/05\/biden-advierte-que-podria-tomar-medidas-adicionales-contra-militares-de-elite-iranies\/","url_meta":{"origin":101527,"position":0},"title":"Biden advierte que podr\u00eda tomar &#8220;medidas adicionales&#8221; contra militares de \u00e9lite iran\u00edes","author":"Nelson Feliz","date":"5 de febrero de 2024","format":false,"excerpt":"\"El presidente est\u00e1 decidido a responder con contundencia a los ataques contra nuestro pueblo\", se\u00f1al\u00f3 Jake Sullivan. Washington.-.El presidente de EE.UU., Joe Biden, se\u00f1al\u00f3 que para garantizar la seguridad de su pa\u00eds podr\u00eda adoptar medidas adicionales, incluso contra los Cuerpos de la Guardia Revolucionaria Isl\u00e1mica de Ir\u00e1n (CGRI), una rama\u2026","rel":"","context":"En \u00abSin categor\u00eda\u00bb","block_context":{"text":"Sin categor\u00eda","link":"https:\/\/lasprimeras.com.do\/index.php\/category\/sin-categoria\/"},"img":{"alt_text":"El presidente Joe Biden durante un discurso en la Sala Este de la Casa Blanca, el 19 de enero de 2024, en Washington.AP","src":"https:\/\/i0.wp.com\/lasprimeras.com.do\/wp-content\/uploads\/2024\/01\/Joe-Biden.jpeg?resize=350%2C200&ssl=1","width":350,"height":200,"srcset":"https:\/\/i0.wp.com\/lasprimeras.com.do\/wp-content\/uploads\/2024\/01\/Joe-Biden.jpeg?resize=350%2C200&ssl=1 1x, https:\/\/i0.wp.com\/lasprimeras.com.do\/wp-content\/uploads\/2024\/01\/Joe-Biden.jpeg?resize=525%2C300&ssl=1 1.5x, https:\/\/i0.wp.com\/lasprimeras.com.do\/wp-content\/uploads\/2024\/01\/Joe-Biden.jpeg?resize=700%2C400&ssl=1 2x"},"classes":[]},{"id":78407,"url":"https:\/\/lasprimeras.com.do\/index.php\/2024\/03\/16\/el-g7-advierte-a-iran-sobre-envio-misiles-balisticos-y-drones-a-rusia\/","url_meta":{"origin":101527,"position":1},"title":"El G7 advierte a Ir\u00e1n sobre env\u00edo misiles bal\u00edsticos y drones a Rusia","author":"BIMARY DE JES\u00daS Matos","date":"16 de marzo de 2024","format":false,"excerpt":"KIEV, 16 Mar.- Los l\u00edderes del G7 han amenazado a Ir\u00e1n con nuevas sanciones si decide enviar misiles bal\u00edsticos a Rusia despu\u00e9s de que Teher\u00e1n haya suministrado una cantidad sustancial de drones a Mosc\u00fa en el marco de la guerra de Ucrania. \u00abSi Ir\u00e1n comenzara a entregar misiles bal\u00edsticos o\u2026","rel":"","context":"En \u00abSin categor\u00eda\u00bb","block_context":{"text":"Sin categor\u00eda","link":"https:\/\/lasprimeras.com.do\/index.php\/category\/sin-categoria\/"},"img":{"alt_text":"","src":"https:\/\/i0.wp.com\/lasprimeras.com.do\/wp-content\/uploads\/2024\/03\/Diseno-sin-titulo-3.png?resize=350%2C200&ssl=1","width":350,"height":200,"srcset":"https:\/\/i0.wp.com\/lasprimeras.com.do\/wp-content\/uploads\/2024\/03\/Diseno-sin-titulo-3.png?resize=350%2C200&ssl=1 1x, https:\/\/i0.wp.com\/lasprimeras.com.do\/wp-content\/uploads\/2024\/03\/Diseno-sin-titulo-3.png?resize=525%2C300&ssl=1 1.5x, https:\/\/i0.wp.com\/lasprimeras.com.do\/wp-content\/uploads\/2024\/03\/Diseno-sin-titulo-3.png?resize=700%2C400&ssl=1 2x"},"classes":[]},{"id":80897,"url":"https:\/\/lasprimeras.com.do\/index.php\/2024\/04\/14\/los-israelies-se-inquietan-por-el-ataque-irani-y-temen-una-escalada\/","url_meta":{"origin":101527,"position":2},"title":"Los israel\u00edes se inquietan por el ataque iran\u00ed y temen una escalada","author":"Nelson Feliz","date":"14 de abril de 2024","format":false,"excerpt":"JERUSAL\u00c9N, (Reuters) - El primer ataque directo contra Israel de Ir\u00e1n ha conmocionado a los israel\u00edes y les ha hecho temer que se avecine una guerra mayor. Si bien la poblaci\u00f3n est\u00e1 acostumbrada desde hace tiempo a las sirenas, que advierten de los ataques de Ham\u00e1s, apoyado por Ir\u00e1n, los\u2026","rel":"","context":"En \u00abSin categor\u00eda\u00bb","block_context":{"text":"Sin categor\u00eda","link":"https:\/\/lasprimeras.com.do\/index.php\/category\/sin-categoria\/"},"img":{"alt_text":"ataque","src":"https:\/\/i0.wp.com\/lasprimeras.com.do\/wp-content\/uploads\/2024\/04\/ataque-3.jpg?resize=350%2C200&ssl=1","width":350,"height":200,"srcset":"https:\/\/i0.wp.com\/lasprimeras.com.do\/wp-content\/uploads\/2024\/04\/ataque-3.jpg?resize=350%2C200&ssl=1 1x, https:\/\/i0.wp.com\/lasprimeras.com.do\/wp-content\/uploads\/2024\/04\/ataque-3.jpg?resize=525%2C300&ssl=1 1.5x, https:\/\/i0.wp.com\/lasprimeras.com.do\/wp-content\/uploads\/2024\/04\/ataque-3.jpg?resize=700%2C400&ssl=1 2x"},"classes":[]},{"id":125366,"url":"https:\/\/lasprimeras.com.do\/index.php\/2026\/03\/22\/el-ultimo-aviso-de-iran-a-los-patrocinadores-financieros-de-ee-uu\/","url_meta":{"origin":101527,"position":3},"title":"El &#8220;\u00faltimo aviso&#8221; de Ir\u00e1n a los patrocinadores financieros de EE.UU.","author":"Nelson Feliz","date":"22 de marzo de 2026","format":false,"excerpt":"El presidente del Parlamento persa indic\u00f3 que las instituciones que adquieren bonos del Tesoro de EE.UU. \"est\u00e1n comprando un ataque contra su sede y sus activos\". Ir\u00e1n, RT.-. Las instituciones financieras que invierten en bonos del Gobierno estadounidense son \"objetivos leg\u00edtimos\" de Ir\u00e1n, advirti\u00f3 el presidente del Parlamento de la\u2026","rel":"","context":"En \u00abINTERNACIONALES\u00bb","block_context":{"text":"INTERNACIONALES","link":"https:\/\/lasprimeras.com.do\/index.php\/category\/sin-categoria\/internacionales\/"},"img":{"alt_text":"","src":"https:\/\/i0.wp.com\/lasprimeras.com.do\/wp-content\/uploads\/2026\/03\/MUNDO-DINERO.jpg?resize=350%2C200&ssl=1","width":350,"height":200,"srcset":"https:\/\/i0.wp.com\/lasprimeras.com.do\/wp-content\/uploads\/2026\/03\/MUNDO-DINERO.jpg?resize=350%2C200&ssl=1 1x, https:\/\/i0.wp.com\/lasprimeras.com.do\/wp-content\/uploads\/2026\/03\/MUNDO-DINERO.jpg?resize=525%2C300&ssl=1 1.5x, https:\/\/i0.wp.com\/lasprimeras.com.do\/wp-content\/uploads\/2026\/03\/MUNDO-DINERO.jpg?resize=700%2C400&ssl=1 2x"},"classes":[]},{"id":69451,"url":"https:\/\/lasprimeras.com.do\/index.php\/2023\/12\/03\/iran-advierte-que-el-conflicto-en-gaza-podria-expandirse-si-no-se-pone-fin-a-los-crimenes-de-guerra-israelies\/","url_meta":{"origin":101527,"position":4},"title":"Ir\u00e1n advierte que el conflicto en Gaza podr\u00eda expandirse si no se pone fin a los &#8220;cr\u00edmenes de guerra&#8221; israel\u00edes","author":"Nelson Feliz","date":"3 de diciembre de 2023","format":false,"excerpt":"En una conversaci\u00f3n telef\u00f3nica, el canciller iran\u00ed y el alto representante de la UE para Asuntos Exteriores y Pol\u00edtica de Seguridad se\u00f1alaron la necesidad de poner fin a las hostilidades en Gaza lo antes posible. El ministro de Asuntos Exteriores iran\u00ed, Hossein Amir Abdollahian, en una conversaci\u00f3n telef\u00f3nica con el\u2026","rel":"","context":"En \u00abSin categor\u00eda\u00bb","block_context":{"text":"Sin categor\u00eda","link":"https:\/\/lasprimeras.com.do\/index.php\/category\/sin-categoria\/"},"img":{"alt_text":"La Franja de Gaza tras los bombardeos israel\u00edes, el 3 de diciembre de 2023.","src":"https:\/\/i0.wp.com\/lasprimeras.com.do\/wp-content\/uploads\/2023\/12\/bombardeos-israelies.jpg?resize=350%2C200&ssl=1","width":350,"height":200,"srcset":"https:\/\/i0.wp.com\/lasprimeras.com.do\/wp-content\/uploads\/2023\/12\/bombardeos-israelies.jpg?resize=350%2C200&ssl=1 1x, https:\/\/i0.wp.com\/lasprimeras.com.do\/wp-content\/uploads\/2023\/12\/bombardeos-israelies.jpg?resize=525%2C300&ssl=1 1.5x, https:\/\/i0.wp.com\/lasprimeras.com.do\/wp-content\/uploads\/2023\/12\/bombardeos-israelies.jpg?resize=700%2C400&ssl=1 2x"},"classes":[]},{"id":125452,"url":"https:\/\/lasprimeras.com.do\/index.php\/2026\/03\/23\/trump-aplaza-cualquier-ataque-militar-contra-instalaciones-energeticas-iranies\/","url_meta":{"origin":101527,"position":5},"title":"Trump aplaza &#8220;cualquier ataque militar&#8221; contra instalaciones energ\u00e9ticas iran\u00edes","author":"Nelson Feliz","date":"23 de marzo de 2026","format":false,"excerpt":"La restricci\u00f3n se prolongar\u00e1 durante cinco d\u00edas. Washington, RT.-.El presidente estadounidense, Donald Trump, anunci\u00f3 que ha ordenado al Departamento de Guerra del pa\u00eds posponer todos los ataques dirigidos contra infraestructuras energ\u00e9ticas y centrales el\u00e9ctricas de Ir\u00e1n durante un per\u00edodo de cinco d\u00edas, debido a los resultados \"muy positivos\" de las\u2026","rel":"","context":"En \u00abINTERNACIONALES\u00bb","block_context":{"text":"INTERNACIONALES","link":"https:\/\/lasprimeras.com.do\/index.php\/category\/sin-categoria\/internacionales\/"},"img":{"alt_text":"Donald Trump","src":"https:\/\/i0.wp.com\/lasprimeras.com.do\/wp-content\/uploads\/2026\/03\/Donald-Trump-1-1.jpg?resize=350%2C200&ssl=1","width":350,"height":200,"srcset":"https:\/\/i0.wp.com\/lasprimeras.com.do\/wp-content\/uploads\/2026\/03\/Donald-Trump-1-1.jpg?resize=350%2C200&ssl=1 1x, https:\/\/i0.wp.com\/lasprimeras.com.do\/wp-content\/uploads\/2026\/03\/Donald-Trump-1-1.jpg?resize=525%2C300&ssl=1 1.5x, https:\/\/i0.wp.com\/lasprimeras.com.do\/wp-content\/uploads\/2026\/03\/Donald-Trump-1-1.jpg?resize=700%2C400&ssl=1 2x"},"classes":[]}],"jetpack_sharing_enabled":true,"_links":{"self":[{"href":"https:\/\/lasprimeras.com.do\/index.php\/wp-json\/wp\/v2\/posts\/101527","targetHints":{"allow":["GET"]}}],"collection":[{"href":"https:\/\/lasprimeras.com.do\/index.php\/wp-json\/wp\/v2\/posts"}],"about":[{"href":"https:\/\/lasprimeras.com.do\/index.php\/wp-json\/wp\/v2\/types\/post"}],"author":[{"embeddable":true,"href":"https:\/\/lasprimeras.com.do\/index.php\/wp-json\/wp\/v2\/users\/10"}],"replies":[{"embeddable":true,"href":"https:\/\/lasprimeras.com.do\/index.php\/wp-json\/wp\/v2\/comments?post=101527"}],"version-history":[{"count":1,"href":"https:\/\/lasprimeras.com.do\/index.php\/wp-json\/wp\/v2\/posts\/101527\/revisions"}],"predecessor-version":[{"id":101529,"href":"https:\/\/lasprimeras.com.do\/index.php\/wp-json\/wp\/v2\/posts\/101527\/revisions\/101529"}],"wp:featuredmedia":[{"embeddable":true,"href":"https:\/\/lasprimeras.com.do\/index.php\/wp-json\/wp\/v2\/media\/101528"}],"wp:attachment":[{"href":"https:\/\/lasprimeras.com.do\/index.php\/wp-json\/wp\/v2\/media?parent=101527"}],"wp:term":[{"taxonomy":"category","embeddable":true,"href":"https:\/\/lasprimeras.com.do\/index.php\/wp-json\/wp\/v2\/categories?post=101527"},{"taxonomy":"post_tag","embeddable":true,"href":"https:\/\/lasprimeras.com.do\/index.php\/wp-json\/wp\/v2\/tags?post=101527"}],"curies":[{"name":"wp","href":"https:\/\/api.w.org\/{rel}","templated":true}]}}