{"id":101598,"date":"2025-06-24T09:10:44","date_gmt":"2025-06-24T13:10:44","guid":{"rendered":"https:\/\/lasprimeras.com.do\/?p=101598"},"modified":"2025-06-24T09:10:45","modified_gmt":"2025-06-24T13:10:45","slug":"alberto-diaz-de-salvar-vidas-de-mujeres-a-proteger-jovenes-en-condiciones-de-riesgos","status":"publish","type":"post","link":"https:\/\/lasprimeras.com.do\/index.php\/2025\/06\/24\/alberto-diaz-de-salvar-vidas-de-mujeres-a-proteger-jovenes-en-condiciones-de-riesgos\/","title":{"rendered":"Alberto D\u00edaz: De salvar vidas de mujeres a proteger j\u00f3venes en condiciones de riesgos"},"content":{"rendered":"\n<p>Tras m\u00e1s de 30 a\u00f1os ejerciendo como m\u00e9dico ginec\u00f3logo obstetra, mediante lo cual ha ayudado y salvado la vida de cientos de mujeres, ahora lo hace con j\u00f3venes en condiciones de riesgos, a quienes apoya con talleres y conferencias de crecimiento y desarrollo humano, ense\u00f1\u00e1ndoles t\u00e9cnicas y herramientas que les permiten despertar, descubrirse y visualizar sus objetivos de vida.<\/p>\n\n\n\n<p>El amor por los j\u00f3venes y su inter\u00e9s por conducirlos a cultivar el amor propio, vivir en prop\u00f3sito y convertirlo en ente cr\u00edticos e independientes al servicio de la humanidad, es el motor que lo impulsa a dedicar su tiempo y conocimientos a salvar vidas creando liderazgo y salud en ellos.<\/p>\n\n\n\n<p>Su inspiraci\u00f3n naci\u00f3 ante una sociedad convulsa, caracterizada por el crecimiento de antivalores, cargada de tecnolog\u00eda marcada por una adici\u00f3n a los dispositivos electr\u00f3nicos que, adem\u00e1s de informar, desinforman con contenidos que en nada ayudan a forjar el car\u00e1cter y a cultivar los buenos valores, como el amor, solidaridad y la honestidad.<\/p>\n\n\n\n<p>Enfocado en ese bombardeo de antivalores, el doctor Alberto D\u00edaz empez\u00f3 a visualizar la crisis en los hogares y emprendi\u00f3 para contrarrestarlo, un trabajo espiritual, promoviendo una relaci\u00f3n \u00edntima con Dios.<\/p>\n\n\n\n<p>\u201cCombinar la fe con la transformaci\u00f3n podr\u00eda ser la clave. Dedicar mayor cantidad de tiempo a fortalecer la calidad y unidad de la familia, vi\u00e9ndola como el mejor capital\u201d, ha sido la estrategia adoptada por D\u00edaz para rescatar a los j\u00f3venes y hacer de los hogares un mejor espacio de convivencia.<\/p>\n\n\n\n<p>En ese sentido, est\u00e1 invitando a colocar el amor como el mejor ant\u00eddoto para frenar la violencia.<\/p>\n\n\n\n<p>Al hacer referencia a su trabajo como m\u00e9dico, el doctor Alberto D\u00edaz habl\u00f3 de la forma como ha cambiado el perfil epidemiol\u00f3gico en el pa\u00eds, donde se verifica un aumento significativo de las enfermedades cr\u00f3nicas, como la diabetes, la hipertensi\u00f3n y los trastornos cardiovasculares, al tiempo que lamenta el alto n\u00famero de muertes por accidentes de tr\u00e1nsito, que suman m\u00e1s de 3,000 cada a\u00f1o en edades productivas.<\/p>\n\n\n\n<p>Tambi\u00e9n cit\u00f3, la alta incidencia en trastornos de salud mental e hizo un llamado a las autoridades a poner mayor atenci\u00f3n a ese tema y colocarlo en la agenda de salud. De igual manera, llam\u00f3 a cultivar el amor propio, vivir en prop\u00f3sito, estar al servicio y apoyo de la humanidad.<\/p>\n\n\n\n<p>Destac\u00f3 que, tras m\u00e1s de tres d\u00e9cadas asistiendo mujeres como ginec\u00f3logos, ha escogido como labor fundamental, salvar vidas de j\u00f3venes en condiciones de riesgos, ayud\u00e1ndolos a despertar, descubrir su talento y aprender herramientas que les permitan gestionar sus emociones.<\/p>\n\n\n\n<p>Para ese fin, dicta talleres de liderazgo y transformaci\u00f3n presencial dirigidos a j\u00f3venes y adolescentes entre 11 y 19 a\u00f1os de edad.<\/p>\n\n\n\n<p>Son talleres vivenciales y participativos donde los adolescentes tienen la oportunidad de descubrir su talento y desarrollar una cultura de disciplina y paz.<\/p>\n\n\n\n<p>D\u00edaz apuesta a una generaci\u00f3n de j\u00f3venes con un pensamiento cr\u00edtico e independiente y valores familiares.<\/p>\n\n\n\n<p>\u201cEsto es m\u00e1s que un legado, es una manera de ser y servir a tu pa\u00eds salvando vidas de j\u00f3venes\u201d, narr\u00f3.<\/p>\n\n\n\n<p>Todo lo anterior significa que, la transformaci\u00f3n y redise\u00f1o que est\u00e1 viviendo el doctor Alberto D\u00edaz, quien, luego de destacarse como l\u00edder social, estudiantil, gremial, profesional, pol\u00edtico y acad\u00e9mico escoge inspirarse en la innovaci\u00f3n vista a trav\u00e9s del neurocoaching y la programaci\u00f3n neuro ling\u00fc\u00edstica.<\/p>\n","protected":false},"excerpt":{"rendered":"<p>Tras m\u00e1s de 30 a\u00f1os ejerciendo como m\u00e9dico ginec\u00f3logo obstetra, mediante lo cual ha ayudado y salvado la vida de cientos de mujeres, ahora lo hace con j\u00f3venes en condiciones&hellip;<\/p>\n","protected":false},"author":10,"featured_media":101599,"comment_status":"open","ping_status":"open","sticky":false,"template":"","format":"standard","meta":{"content-type":"","jetpack_post_was_ever_published":false,"_jetpack_newsletter_access":"","_jetpack_dont_email_post_to_subs":false,"_jetpack_newsletter_tier_id":0,"_jetpack_memberships_contains_paywalled_content":false,"_jetpack_memberships_contains_paid_content":false,"footnotes":""},"categories":[16558],"tags":[7249,20817,3899,836,6874],"class_list":["post-101598","post","type-post","status-publish","format-standard","has-post-thumbnail","hentry","category-salud","tag-alberto-diaz","tag-condiciones-de-riesgos","tag-jovenes","tag-mujeres","tag-salvar-vidas"],"jetpack_featured_media_url":"https:\/\/lasprimeras.com.do\/wp-content\/uploads\/2025\/06\/Alberto-Diaz.jpg","jetpack-related-posts":[{"id":85125,"url":"https:\/\/lasprimeras.com.do\/index.php\/2024\/06\/22\/neuro-coaching-impartira-taller-de-liderazgo-y-transformacion\/","url_meta":{"origin":101598,"position":0},"title":"Neuro-coaching impartir\u00e1 taller de liderazgo y transformaci\u00f3n","author":"Nelson Feliz","date":"22 de junio de 2024","format":false,"excerpt":"Aprendizaje para salvar vidas de j\u00f3venes. Como gestionar las emociones y mejorar las relaciones interpersonales con tus familiares y amigos, es el enfoque que dar\u00e1 el doctor, m\u00e1ster neuro-coaching Alberto D\u00edaz, al taller sobre liderazgo y transformaci\u00f3n que dictar\u00e1 los d\u00edas jueves 4, viernes 5, y s\u00e1bado 6 de julio,\u2026","rel":"","context":"En \u00abSin categor\u00eda\u00bb","block_context":{"text":"Sin categor\u00eda","link":"https:\/\/lasprimeras.com.do\/index.php\/category\/sin-categoria\/"},"img":{"alt_text":"Neuro-coaching Alberto D\u00edaz","src":"https:\/\/i0.wp.com\/lasprimeras.com.do\/wp-content\/uploads\/2024\/06\/Neuro-coaching-Alberto-Diaz.jpg?resize=350%2C200&ssl=1","width":350,"height":200,"srcset":"https:\/\/i0.wp.com\/lasprimeras.com.do\/wp-content\/uploads\/2024\/06\/Neuro-coaching-Alberto-Diaz.jpg?resize=350%2C200&ssl=1 1x, https:\/\/i0.wp.com\/lasprimeras.com.do\/wp-content\/uploads\/2024\/06\/Neuro-coaching-Alberto-Diaz.jpg?resize=525%2C300&ssl=1 1.5x, https:\/\/i0.wp.com\/lasprimeras.com.do\/wp-content\/uploads\/2024\/06\/Neuro-coaching-Alberto-Diaz.jpg?resize=700%2C400&ssl=1 2x"},"classes":[]},{"id":68122,"url":"https:\/\/lasprimeras.com.do\/index.php\/2023\/11\/21\/por-que-aumentan-los-accidentes-cerebrovasculares-entre-los-jovenes\/","url_meta":{"origin":101598,"position":1},"title":"\u00bfPor qu\u00e9 aumentan los accidentes cerebrovasculares entre los j\u00f3venes?","author":"Nelson Feliz","date":"21 de noviembre de 2023","format":false,"excerpt":"El estilo de vida sedentario, consumo de sustancias, y el estr\u00e9s son factores de riesgo silenciosos de ACV en adultos j\u00f3venes. Los j\u00f3venes y las personas de mediana edad pueden parecer y sentirse sanos, y creer que est\u00e1n a salvo de sufrir accidentes cerebrovasculares graves. Pero un nuevo estudio de\u2026","rel":"","context":"En \u00abSin categor\u00eda\u00bb","block_context":{"text":"Sin categor\u00eda","link":"https:\/\/lasprimeras.com.do\/index.php\/category\/sin-categoria\/"},"img":{"alt_text":"Christopher David Anderson neur\u00f3logo de Mass General Brigham","src":"https:\/\/i0.wp.com\/lasprimeras.com.do\/wp-content\/uploads\/2023\/11\/Christopher-David-Anderson-neurologo-de-Mass-General-Brigham.jpg?resize=350%2C200&ssl=1","width":350,"height":200,"srcset":"https:\/\/i0.wp.com\/lasprimeras.com.do\/wp-content\/uploads\/2023\/11\/Christopher-David-Anderson-neurologo-de-Mass-General-Brigham.jpg?resize=350%2C200&ssl=1 1x, https:\/\/i0.wp.com\/lasprimeras.com.do\/wp-content\/uploads\/2023\/11\/Christopher-David-Anderson-neurologo-de-Mass-General-Brigham.jpg?resize=525%2C300&ssl=1 1.5x"},"classes":[]},{"id":103105,"url":"https:\/\/lasprimeras.com.do\/index.php\/2025\/07\/11\/hogar-crea-dominicano-impulsa-el-deporte-en-capotillo\/","url_meta":{"origin":101598,"position":2},"title":"Hogar Crea Dominicano impulsa el deporte en Capotillo","author":"Nelson Feliz","date":"11 de julio de 2025","format":false,"excerpt":"Hogar Crea Dominicano desarroll\u00f3 una jornada deportiva en la emblem\u00e1tica calle 42 de Capotillo, del Distrito Nacional, en la que que cientos de j\u00f3venes fueron beneficiados, esto en el marco del Plan de Acci\u00f3n Comunitario de la entidad. Esta iniciativa, que busca promover la recreaci\u00f3n sana y promover el deporte\u2026","rel":"","context":"En \u00abDEPORTES\u00bb","block_context":{"text":"DEPORTES","link":"https:\/\/lasprimeras.com.do\/index.php\/category\/deportes\/"},"img":{"alt_text":"Julio Manuel D\u00edaz Capell\u00e1n","src":"https:\/\/i0.wp.com\/lasprimeras.com.do\/wp-content\/uploads\/2025\/07\/Julio-Manuel-Diaz-Capellan.jpg?resize=350%2C200&ssl=1","width":350,"height":200,"srcset":"https:\/\/i0.wp.com\/lasprimeras.com.do\/wp-content\/uploads\/2025\/07\/Julio-Manuel-Diaz-Capellan.jpg?resize=350%2C200&ssl=1 1x, https:\/\/i0.wp.com\/lasprimeras.com.do\/wp-content\/uploads\/2025\/07\/Julio-Manuel-Diaz-Capellan.jpg?resize=525%2C300&ssl=1 1.5x, https:\/\/i0.wp.com\/lasprimeras.com.do\/wp-content\/uploads\/2025\/07\/Julio-Manuel-Diaz-Capellan.jpg?resize=700%2C400&ssl=1 2x"},"classes":[]},{"id":90268,"url":"https:\/\/lasprimeras.com.do\/index.php\/2024\/10\/17\/revisarte-a-tiempo-es-cool-cool-heaven-promueve-la-prevencion-del-cancer-de-mama\/","url_meta":{"origin":101598,"position":3},"title":"\u201cRevisarte a Tiempo es Cool\u201d: Cool Heaven promueve la prevenci\u00f3n del C\u00e1ncer de Mama","author":"Nelson Feliz","date":"17 de octubre de 2024","format":false,"excerpt":"En conmemoraci\u00f3n del Mes de la Prevenci\u00f3n del C\u00e1ncer de Mama, Industrias San Miguel (ISM), a trav\u00e9s de su reconocida marca Cool Heaven, lanza la campa\u00f1a \"Revisarte a Tiempo es COOL\". Esta iniciativa busca concienciar a la poblaci\u00f3n sobre la importancia de la detecci\u00f3n temprana de esta enfermedad, que afecta\u2026","rel":"","context":"En \u00abSin categor\u00eda\u00bb","block_context":{"text":"Sin categor\u00eda","link":"https:\/\/lasprimeras.com.do\/index.php\/category\/sin-categoria\/"},"img":{"alt_text":"","src":"https:\/\/i0.wp.com\/lasprimeras.com.do\/wp-content\/uploads\/2024\/10\/Cool-Heaven-promueve-la-prevencion-del-Cancer-de-Mama.png?resize=350%2C200&ssl=1","width":350,"height":200,"srcset":"https:\/\/i0.wp.com\/lasprimeras.com.do\/wp-content\/uploads\/2024\/10\/Cool-Heaven-promueve-la-prevencion-del-Cancer-de-Mama.png?resize=350%2C200&ssl=1 1x, https:\/\/i0.wp.com\/lasprimeras.com.do\/wp-content\/uploads\/2024\/10\/Cool-Heaven-promueve-la-prevencion-del-Cancer-de-Mama.png?resize=525%2C300&ssl=1 1.5x, https:\/\/i0.wp.com\/lasprimeras.com.do\/wp-content\/uploads\/2024\/10\/Cool-Heaven-promueve-la-prevencion-del-Cancer-de-Mama.png?resize=700%2C400&ssl=1 2x, https:\/\/i0.wp.com\/lasprimeras.com.do\/wp-content\/uploads\/2024\/10\/Cool-Heaven-promueve-la-prevencion-del-Cancer-de-Mama.png?resize=1050%2C600&ssl=1 3x, https:\/\/i0.wp.com\/lasprimeras.com.do\/wp-content\/uploads\/2024\/10\/Cool-Heaven-promueve-la-prevencion-del-Cancer-de-Mama.png?resize=1400%2C800&ssl=1 4x"},"classes":[]},{"id":85171,"url":"https:\/\/lasprimeras.com.do\/index.php\/2024\/06\/23\/los-peligrosos-riesgos-del-trayecto-migratorio\/","url_meta":{"origin":101598,"position":4},"title":"Los Peligrosos Riesgos del Trayecto Migratorio","author":"Nelson Feliz","date":"23 de junio de 2024","format":false,"excerpt":"Por: Luis Fern\u00e1ndez Los grandes flujos migratorios irregulares que se producen en varias regiones del mundo, ya sea de manera forzada escapando de conflictos, persecuci\u00f3n, violencia o desastres naturales o en busca de mejores condiciones de vida, seguridad y oportunidades econ\u00f3micas para sus familias, son un reflejo de la complejidad\u2026","rel":"","context":"En \u00abOPINI\u00d3N\u00bb","block_context":{"text":"OPINI\u00d3N","link":"https:\/\/lasprimeras.com.do\/index.php\/category\/opinion\/"},"img":{"alt_text":"Luis Fern\u00e1ndez","src":"https:\/\/i0.wp.com\/lasprimeras.com.do\/wp-content\/uploads\/2024\/03\/Luis-Fernandez.jpg?resize=350%2C200&ssl=1","width":350,"height":200,"srcset":"https:\/\/i0.wp.com\/lasprimeras.com.do\/wp-content\/uploads\/2024\/03\/Luis-Fernandez.jpg?resize=350%2C200&ssl=1 1x, https:\/\/i0.wp.com\/lasprimeras.com.do\/wp-content\/uploads\/2024\/03\/Luis-Fernandez.jpg?resize=525%2C300&ssl=1 1.5x"},"classes":[]},{"id":78325,"url":"https:\/\/lasprimeras.com.do\/index.php\/2024\/03\/14\/adolescente-muere-al-acudir-a-un-aborto-inseguro-en-el-seibo\/","url_meta":{"origin":101598,"position":5},"title":"Adolescente muere al acudir a un aborto inseguro en El Seibo","author":"Nelson Feliz","date":"14 de marzo de 2024","format":false,"excerpt":"Coalici\u00f3n exige aprobaci\u00f3n urgente de las tres causales; llama al presidente Luis Abinader y al congreso a priorizar su aprobaci\u00f3n antes de que m\u00e1s ni\u00f1as y mujeres sigan muriendo. La Coalici\u00f3n por los Derechos y la Vida de las Mujeres lament\u00f3 la muerte de una adolescente\u00a0 de 13 a\u00f1os de\u2026","rel":"","context":"En \u00abSin categor\u00eda\u00bb","block_context":{"text":"Sin categor\u00eda","link":"https:\/\/lasprimeras.com.do\/index.php\/category\/sin-categoria\/"},"img":{"alt_text":"aborto","src":"https:\/\/i0.wp.com\/lasprimeras.com.do\/wp-content\/uploads\/2024\/03\/aborto.jpg?resize=350%2C200&ssl=1","width":350,"height":200},"classes":[]}],"jetpack_sharing_enabled":true,"_links":{"self":[{"href":"https:\/\/lasprimeras.com.do\/index.php\/wp-json\/wp\/v2\/posts\/101598","targetHints":{"allow":["GET"]}}],"collection":[{"href":"https:\/\/lasprimeras.com.do\/index.php\/wp-json\/wp\/v2\/posts"}],"about":[{"href":"https:\/\/lasprimeras.com.do\/index.php\/wp-json\/wp\/v2\/types\/post"}],"author":[{"embeddable":true,"href":"https:\/\/lasprimeras.com.do\/index.php\/wp-json\/wp\/v2\/users\/10"}],"replies":[{"embeddable":true,"href":"https:\/\/lasprimeras.com.do\/index.php\/wp-json\/wp\/v2\/comments?post=101598"}],"version-history":[{"count":1,"href":"https:\/\/lasprimeras.com.do\/index.php\/wp-json\/wp\/v2\/posts\/101598\/revisions"}],"predecessor-version":[{"id":101600,"href":"https:\/\/lasprimeras.com.do\/index.php\/wp-json\/wp\/v2\/posts\/101598\/revisions\/101600"}],"wp:featuredmedia":[{"embeddable":true,"href":"https:\/\/lasprimeras.com.do\/index.php\/wp-json\/wp\/v2\/media\/101599"}],"wp:attachment":[{"href":"https:\/\/lasprimeras.com.do\/index.php\/wp-json\/wp\/v2\/media?parent=101598"}],"wp:term":[{"taxonomy":"category","embeddable":true,"href":"https:\/\/lasprimeras.com.do\/index.php\/wp-json\/wp\/v2\/categories?post=101598"},{"taxonomy":"post_tag","embeddable":true,"href":"https:\/\/lasprimeras.com.do\/index.php\/wp-json\/wp\/v2\/tags?post=101598"}],"curies":[{"name":"wp","href":"https:\/\/api.w.org\/{rel}","templated":true}]}}