{"id":101628,"date":"2025-06-23T11:44:51","date_gmt":"2025-06-23T15:44:51","guid":{"rendered":"https:\/\/lasprimeras.com.do\/?p=101628"},"modified":"2025-06-24T11:48:25","modified_gmt":"2025-06-24T15:48:25","slug":"en-nyc-hay-5126009-votantes-registrados-candidatos-dominicanos-recaudan-us91172703","status":"publish","type":"post","link":"https:\/\/lasprimeras.com.do\/index.php\/2025\/06\/23\/en-nyc-hay-5126009-votantes-registrados-candidatos-dominicanos-recaudan-us91172703\/","title":{"rendered":"En NYC hay 5,126,009 votantes registrados; candidatos dominicanos recaudan US$911,727,03"},"content":{"rendered":"\n<p>Por Ram\u00f3n Mercedes<\/p>\n\n\n\n<p>NUEVA YORK.- La cantidad de 5,126,009 neoyorkinos est\u00e1n registrados en el Board of Elections de la ciudad, los cuales pueden ejercer sus votos en las primarias de este martes para elegir como candidato oficialmente a Alcalde, Defensor del Pueblo, Interventor, Presidentes de Condados, Concejales, Fiscal de Distrito, Jueces del Tribunal Supremo y del Tribunal Civil, entre otros cargos menores.<\/p>\n\n\n\n<p>Los votantes en NYC est\u00e1n distribuidos de la siguiente manera: 4,741,026 est\u00e1n activos y 384,983 inactivos. De los activos corresponden al Partido Dem\u00f3crata 3,081,389 y al Republicano 523,178. El resto de votantes est\u00e1 distribuido entre otros peque\u00f1os partidos e inactivos.<\/p>\n\n\n\n<p>Estas estad\u00edsticas son sobre los activos. El condado de Brooklyn tiene un total de 1,598,744 registrados y de ellos solo est\u00e1n activos 1,482,487. De esta \u00faltima cantidad corresponden al PD 1,014,572 y al PR la cantidad de 140,687.<\/p>\n\n\n\n<p>En Queens hay 1,317,966 registrados, de ellos est\u00e1n activos 1,238,303. De esta \u00faltima cantidad corresponden al PD 747,055 y al PR 152,417.<\/p>\n\n\n\n<p>En Manhattan hay 1,100,984 registrados, de ellos est\u00e1n activos 985,915. De esta \u00faltima cantidad corresponden al PD 691,185 y al PR 74,910.<\/p>\n\n\n\n<p>En El Bronx hay 776,342 registrados, de ellos est\u00e1n activos 721,589. De esta \u00faltima cantidad corresponden al PD 509,008 y al PR 53,768.<\/p>\n\n\n\n<p>En Staten Island hay 331,973, de ellos est\u00e1n activos 312,732. De esta \u00faltima cantidad corresponden al PD 119,569 y al PR 101,396.<\/p>\n\n\n\n<p>Las contribuciones econ\u00f3micas a los dominicanos que participan de las primarias, figuran: Antonio Reynoso (reelecci\u00f3n) a la presidencia del condado de Brooklyn con la suma de US$382,071.01.<\/p>\n\n\n\n<p>Christopher Marte (reelecci\u00f3n) por el distrito 1 en Manhattan la suma de US$87,169,37. Abarca el Bajo Manhattan, desde el Distrito Financiero hasta SoHo y desde Tribeca hasta el Lower East Side. Su posici\u00f3n peligra con su contrincante Elizabeth Lewinsohn, exjefa de pol\u00edtica antiterrorista del NYPD y ha recaudado la suma de US$664,877,41.<\/p>\n\n\n\n<p>Shaun Abreu (D-7), cubre los vecindarios de Morningside Heights, West Harlem y el sur de Washington Heights en Manhattan. Recaud\u00f3 US$109,338,93. Es dada como seguroa su reelecci\u00f3n.<\/p>\n\n\n\n<p>Carmen de la Rosa (D-10), abarca el norte de Washington Heights, Inwood y Marble Hill. Recaud\u00f3 US$37,537,00. Es dada como segura su reelecci\u00f3n.<\/p>\n\n\n\n<p>Pierina S\u00e1nchez (D-14), busca la reelecci\u00f3n. Representa los sectores de Kingsbridge, Fordham, University Heights, Mount Eden y Mount Hope, en El Bronx. Recaud\u00f3 US$96,300,74.<\/p>\n\n\n\n<p>Sus contrincantes, Fernando Cabrera, pastor evang\u00e9lico y ex concejal durante dos per\u00edodos por el mismo distrito ha recaudado US$32,915,40. Tambi\u00e9n, Bryan Hodge V\u00e1squez participa como candidato y ha recaudado UD$27,914,83.<\/p>\n\n\n\n<p>Oswald Feliz (D-15), representa los barrios de Fordham, Belmont, East Tremont, partes de West Farms, Van Nest y Allerton, en El Bronx. No tiene contrincante, y recaud\u00f3 UD$35,819,00.<\/p>\n\n\n\n<p>Y Amanda Far\u00edas (D-18), que abarca los barrios de Castle Hill, Clason Point, Parkchester, Unionport y Soundview, en El Bronx. No tiene contrincante, y recaud\u00f3 US$135,576,15.<\/p>\n\n\n\n<p>Los dos principales aspirantes que compiten en las primarias en convertirse en el candidato oficial del Partido Dem\u00f3crata, Andrew Cuomo, ha recaudado US$4,008,743,56 y Zohrank Mamdami la cantidad de US$1,704,104,66.<\/p>\n\n\n\n<p>La ciudad cuenta con m\u00e1s de 1200 centros de votaci\u00f3n y 35 mil trabajadores electorales para las elecciones primarias, seg\u00fan la Junta.<\/p>\n\n\n\n<p>La Junta de Financiamiento de Campa\u00f1as de NYC (CFB) hace cumplir la Ley de Financiamiento de Campa\u00f1as Electorales, que fija l\u00edmites y restricciones en las contribuciones a las campa\u00f1as de los candidatos para cargos locales. Se les exige revelar exactamente la procedencia de las contribuciones y c\u00f3mo se gasta ese dinero.<\/p>\n\n\n\n<p>Es responsable de hacer cumplir las reglas de coordinaci\u00f3n, que conllevan una multa de $10,000 por cada violaci\u00f3n.<\/p>\n\n\n\n<p>Los candidatos tambi\u00e9n deber\u00e1n atenerse a las restricciones de \u00abhacer negocios\u00bb dirigidas a reducir la percepci\u00f3n de la pr\u00e1ctica \u00abpagar para participar en el gobierno local\u00bb.<\/p>\n","protected":false},"excerpt":{"rendered":"<p>Por Ram\u00f3n Mercedes NUEVA YORK.- La cantidad de 5,126,009 neoyorkinos est\u00e1n registrados en el Board of Elections de la ciudad, los cuales pueden ejercer sus votos en las primarias de&hellip;<\/p>\n","protected":false},"author":10,"featured_media":101629,"comment_status":"open","ping_status":"open","sticky":false,"template":"","format":"standard","meta":{"content-type":"","jetpack_post_was_ever_published":false,"_jetpack_newsletter_access":"","_jetpack_dont_email_post_to_subs":false,"_jetpack_newsletter_tier_id":0,"_jetpack_memberships_contains_paywalled_content":false,"_jetpack_memberships_contains_paid_content":false,"footnotes":""},"categories":[16289],"tags":[2621,487,316,20829,10980],"class_list":["post-101628","post","type-post","status-publish","format-standard","has-post-thumbnail","hentry","category-internacionales","tag-candidatos","tag-dominicanos","tag-nyc","tag-registrados","tag-votantes"],"jetpack_featured_media_url":"https:\/\/lasprimeras.com.do\/wp-content\/uploads\/2025\/06\/WhatsApp-Image-2025-06-23-at-4.49.04-AM-1.jpeg","jetpack-related-posts":[{"id":111178,"url":"https:\/\/lasprimeras.com.do\/index.php\/2025\/10\/06\/mas-de-300-mil-dominicanos-nyc-aptos-para-votar-en-elecciones-4-noviembre\/","url_meta":{"origin":101628,"position":0},"title":"M\u00e1s de 300 mil dominicanos NYC aptos para votar en elecciones 4 noviembre","author":"Nelson Feliz","date":"6 de octubre de 2025","format":false,"excerpt":"Por Ram\u00f3n Mercedes NUEVA YORK.- M\u00e1s de 300 mil dominicanos se encuentran aptos en esta ciudad para ejercer el voto en las pr\u00f3ximas elecciones del 4 de noviembre para elegir el Alcalde, Contralor, Defensor del Pueblo, Juez de la Corte Suprema de Justicia, Primer Distrito Judicial, Fiscal de Manhattan, los\u2026","rel":"","context":"En \u00abLA VOZ DE LA DIASPORA\u00bb","block_context":{"text":"LA VOZ DE LA DIASPORA","link":"https:\/\/lasprimeras.com.do\/index.php\/category\/la-voz-de-la-diaspora\/"},"img":{"alt_text":"","src":"https:\/\/i0.wp.com\/lasprimeras.com.do\/wp-content\/uploads\/2025\/10\/Mas-de-300-mil-dominicanos-NYC-aptos-para-votar-en-elecciones-4-noviembre.jpg?resize=350%2C200&ssl=1","width":350,"height":200,"srcset":"https:\/\/i0.wp.com\/lasprimeras.com.do\/wp-content\/uploads\/2025\/10\/Mas-de-300-mil-dominicanos-NYC-aptos-para-votar-en-elecciones-4-noviembre.jpg?resize=350%2C200&ssl=1 1x, https:\/\/i0.wp.com\/lasprimeras.com.do\/wp-content\/uploads\/2025\/10\/Mas-de-300-mil-dominicanos-NYC-aptos-para-votar-en-elecciones-4-noviembre.jpg?resize=525%2C300&ssl=1 1.5x, https:\/\/i0.wp.com\/lasprimeras.com.do\/wp-content\/uploads\/2025\/10\/Mas-de-300-mil-dominicanos-NYC-aptos-para-votar-en-elecciones-4-noviembre.jpg?resize=700%2C400&ssl=1 2x"},"classes":[]},{"id":111554,"url":"https:\/\/lasprimeras.com.do\/index.php\/2025\/10\/10\/cuomo-aumenta-entre-votantes-nyc-mandani-sigue-adelante-sliwa-en-lejano-tercer-lugar\/","url_meta":{"origin":101628,"position":1},"title":"Cuomo aumenta entre votantes NYC; Mandani sigue adelante; Sliwa en lejano tercer lugar","author":"Nelson Feliz","date":"10 de octubre de 2025","format":false,"excerpt":"Por Ram\u00f3n Mercedes NUEVA YORK.- Despu\u00e9s del alcalde Eric Adams retirar su reelecci\u00f3n, el ex gobernador Andrew Cuomo y candidato independiente a la alcald\u00eda de esta ciudad aumenta su simpat\u00eda entre los votantes neoyorkinos, el dem\u00f3crata Zohran Mandani sigue adelante y el republicano, Curtis Sliwa, en un lejano tercer lugar.\u2026","rel":"","context":"En \u00abLA VOZ DE LA DIASPORA\u00bb","block_context":{"text":"LA VOZ DE LA DIASPORA","link":"https:\/\/lasprimeras.com.do\/index.php\/category\/la-voz-de-la-diaspora\/"},"img":{"alt_text":"","src":"https:\/\/i0.wp.com\/lasprimeras.com.do\/wp-content\/uploads\/2025\/10\/Cuomo-aumenta-entre-votantes.jpg?resize=350%2C200&ssl=1","width":350,"height":200,"srcset":"https:\/\/i0.wp.com\/lasprimeras.com.do\/wp-content\/uploads\/2025\/10\/Cuomo-aumenta-entre-votantes.jpg?resize=350%2C200&ssl=1 1x, https:\/\/i0.wp.com\/lasprimeras.com.do\/wp-content\/uploads\/2025\/10\/Cuomo-aumenta-entre-votantes.jpg?resize=525%2C300&ssl=1 1.5x, https:\/\/i0.wp.com\/lasprimeras.com.do\/wp-content\/uploads\/2025\/10\/Cuomo-aumenta-entre-votantes.jpg?resize=700%2C400&ssl=1 2x, https:\/\/i0.wp.com\/lasprimeras.com.do\/wp-content\/uploads\/2025\/10\/Cuomo-aumenta-entre-votantes.jpg?resize=1050%2C600&ssl=1 3x"},"classes":[]},{"id":103798,"url":"https:\/\/lasprimeras.com.do\/index.php\/2025\/07\/18\/seis-candidatos-buscaran-la-alcaldia-nyc\/","url_meta":{"origin":101628,"position":2},"title":"Seis candidatos buscar\u00e1n la alcald\u00eda NYC","author":"Nelson Feliz","date":"18 de julio de 2025","format":false,"excerpt":"Por Ram\u00f3n Mercedes NUEVA YORK.- Con las decisiones del exgobernador Andrew Cuomo y de Joseph Hern\u00e1ndez, de aceptar en esta semana participar en la carrera por la alcald\u00eda de esta ciudad, ya suman seis los candidatos que aspiran a la posici\u00f3n. Cuatro independientes: El actual alcalde Eric Adams que busca\u2026","rel":"","context":"En \u00abINTERNACIONALES\u00bb","block_context":{"text":"INTERNACIONALES","link":"https:\/\/lasprimeras.com.do\/index.php\/category\/sin-categoria\/internacionales\/"},"img":{"alt_text":"","src":"https:\/\/i0.wp.com\/lasprimeras.com.do\/wp-content\/uploads\/2025\/07\/WhatsApp-Image-2025-07-18-at-7.54.09-AM-1.jpeg?resize=350%2C200&ssl=1","width":350,"height":200,"srcset":"https:\/\/i0.wp.com\/lasprimeras.com.do\/wp-content\/uploads\/2025\/07\/WhatsApp-Image-2025-07-18-at-7.54.09-AM-1.jpeg?resize=350%2C200&ssl=1 1x, https:\/\/i0.wp.com\/lasprimeras.com.do\/wp-content\/uploads\/2025\/07\/WhatsApp-Image-2025-07-18-at-7.54.09-AM-1.jpeg?resize=525%2C300&ssl=1 1.5x"},"classes":[]},{"id":101733,"url":"https:\/\/lasprimeras.com.do\/index.php\/2025\/06\/25\/dominicanos-ganan-primarias-democratas-nyc-cuomo-reconoce-su-derrota\/","url_meta":{"origin":101628,"position":3},"title":"Dominicanos ganan primarias dem\u00f3cratas NYC; Cuomo reconoce su derrota","author":"Nelson Feliz","date":"25 de junio de 2025","format":false,"excerpt":"Por Ram\u00f3n Mercedes NUEVA YORK.- Los concejales dominicanos que buscaban ser reelectos durante las primarias dem\u00f3cratas de este martes ganaron y ahora pasan a ser los candidatos oficiales del partido para participar en las elecciones generales a celebrarse el pr\u00f3ximo 4 de noviembre. Para saber qui\u00e9n gana estas contiendas, los\u2026","rel":"","context":"En \u00abINTERNACIONALES\u00bb","block_context":{"text":"INTERNACIONALES","link":"https:\/\/lasprimeras.com.do\/index.php\/category\/sin-categoria\/internacionales\/"},"img":{"alt_text":"","src":"https:\/\/i0.wp.com\/lasprimeras.com.do\/wp-content\/uploads\/2025\/06\/WhatsApp-Image-2025-06-25-at-8.08.08-AM-1.jpeg?resize=350%2C200&ssl=1","width":350,"height":200,"srcset":"https:\/\/i0.wp.com\/lasprimeras.com.do\/wp-content\/uploads\/2025\/06\/WhatsApp-Image-2025-06-25-at-8.08.08-AM-1.jpeg?resize=350%2C200&ssl=1 1x, https:\/\/i0.wp.com\/lasprimeras.com.do\/wp-content\/uploads\/2025\/06\/WhatsApp-Image-2025-06-25-at-8.08.08-AM-1.jpeg?resize=525%2C300&ssl=1 1.5x, https:\/\/i0.wp.com\/lasprimeras.com.do\/wp-content\/uploads\/2025\/06\/WhatsApp-Image-2025-06-25-at-8.08.08-AM-1.jpeg?resize=700%2C400&ssl=1 2x"},"classes":[]},{"id":113568,"url":"https:\/\/lasprimeras.com.do\/index.php\/2025\/11\/04\/4954908-votantes-activos-ejerceran-el-sufragio-en-nyc-figuran-mas-de-300-mil-dominicanos\/","url_meta":{"origin":101628,"position":4},"title":"4,954,908 votantes activos ejercer\u00e1n el sufragio en NYC; figuran m\u00e1s de 300 mil dominicanos","author":"Nelson Feliz","date":"4 de noviembre de 2025","format":false,"excerpt":"Por Ram\u00f3n Mercedes NUEVA YORK.- De un total de 5,316,757 neoyorkinos inscripto en la Junta Electoral, solo 4,954,908 est\u00e1n activos y ejercer\u00e1n el sufragio porque 360,849 figuran como inactivos ya que tienen varias elecciones consecutivas que no acuden a las urnas. Los votantes neoyorkinos tendr\u00e1n la oportunidad de hacer o\u00edr\u2026","rel":"","context":"En \u00abINTERNACIONALES\u00bb","block_context":{"text":"INTERNACIONALES","link":"https:\/\/lasprimeras.com.do\/index.php\/category\/sin-categoria\/internacionales\/"},"img":{"alt_text":"","src":"https:\/\/i0.wp.com\/lasprimeras.com.do\/wp-content\/uploads\/2025\/11\/4954908-votantes-activos-ejerceran-el-sufragio-en-NYC_-figuran-mas-de-300-mil-dominicanos.jpg?resize=350%2C200&ssl=1","width":350,"height":200,"srcset":"https:\/\/i0.wp.com\/lasprimeras.com.do\/wp-content\/uploads\/2025\/11\/4954908-votantes-activos-ejerceran-el-sufragio-en-NYC_-figuran-mas-de-300-mil-dominicanos.jpg?resize=350%2C200&ssl=1 1x, https:\/\/i0.wp.com\/lasprimeras.com.do\/wp-content\/uploads\/2025\/11\/4954908-votantes-activos-ejerceran-el-sufragio-en-NYC_-figuran-mas-de-300-mil-dominicanos.jpg?resize=525%2C300&ssl=1 1.5x, https:\/\/i0.wp.com\/lasprimeras.com.do\/wp-content\/uploads\/2025\/11\/4954908-votantes-activos-ejerceran-el-sufragio-en-NYC_-figuran-mas-de-300-mil-dominicanos.jpg?resize=700%2C400&ssl=1 2x"},"classes":[]},{"id":95487,"url":"https:\/\/lasprimeras.com.do\/index.php\/2025\/03\/14\/la-cuomomania-aumenta-cada-dia-entre-dominicanos-nyc\/","url_meta":{"origin":101628,"position":5},"title":"La Cuomoman\u00eda aumenta cada d\u00eda entre dominicanos NYC","author":"Nelson Feliz","date":"14 de marzo de 2025","format":false,"excerpt":"Por Ram\u00f3n Mercedes NUEVA YORK.- El exgobernador de este estado Andrew Cuomo, ha sido el \u00faltimo en lanzar sus aspiraciones a la alcald\u00eda de esta ciudad, el 1 de este mes y ya ha logrado una gran aceptaci\u00f3n entre los dominicanos en el Alto Manhattan y El Bronx, lugares donde\u2026","rel":"","context":"En \u00abINTERNACIONALES\u00bb","block_context":{"text":"INTERNACIONALES","link":"https:\/\/lasprimeras.com.do\/index.php\/category\/sin-categoria\/internacionales\/"},"img":{"alt_text":"La Cuomoman\u00eda aumenta cada d\u00eda entre dominicanos NYC","src":"https:\/\/i0.wp.com\/lasprimeras.com.do\/wp-content\/uploads\/2025\/03\/WhatsApp-Image-2025-03-14-at-6.26.26-AM.jpeg?resize=350%2C200&ssl=1","width":350,"height":200,"srcset":"https:\/\/i0.wp.com\/lasprimeras.com.do\/wp-content\/uploads\/2025\/03\/WhatsApp-Image-2025-03-14-at-6.26.26-AM.jpeg?resize=350%2C200&ssl=1 1x, https:\/\/i0.wp.com\/lasprimeras.com.do\/wp-content\/uploads\/2025\/03\/WhatsApp-Image-2025-03-14-at-6.26.26-AM.jpeg?resize=525%2C300&ssl=1 1.5x, https:\/\/i0.wp.com\/lasprimeras.com.do\/wp-content\/uploads\/2025\/03\/WhatsApp-Image-2025-03-14-at-6.26.26-AM.jpeg?resize=700%2C400&ssl=1 2x"},"classes":[]}],"jetpack_sharing_enabled":true,"_links":{"self":[{"href":"https:\/\/lasprimeras.com.do\/index.php\/wp-json\/wp\/v2\/posts\/101628","targetHints":{"allow":["GET"]}}],"collection":[{"href":"https:\/\/lasprimeras.com.do\/index.php\/wp-json\/wp\/v2\/posts"}],"about":[{"href":"https:\/\/lasprimeras.com.do\/index.php\/wp-json\/wp\/v2\/types\/post"}],"author":[{"embeddable":true,"href":"https:\/\/lasprimeras.com.do\/index.php\/wp-json\/wp\/v2\/users\/10"}],"replies":[{"embeddable":true,"href":"https:\/\/lasprimeras.com.do\/index.php\/wp-json\/wp\/v2\/comments?post=101628"}],"version-history":[{"count":1,"href":"https:\/\/lasprimeras.com.do\/index.php\/wp-json\/wp\/v2\/posts\/101628\/revisions"}],"predecessor-version":[{"id":101630,"href":"https:\/\/lasprimeras.com.do\/index.php\/wp-json\/wp\/v2\/posts\/101628\/revisions\/101630"}],"wp:featuredmedia":[{"embeddable":true,"href":"https:\/\/lasprimeras.com.do\/index.php\/wp-json\/wp\/v2\/media\/101629"}],"wp:attachment":[{"href":"https:\/\/lasprimeras.com.do\/index.php\/wp-json\/wp\/v2\/media?parent=101628"}],"wp:term":[{"taxonomy":"category","embeddable":true,"href":"https:\/\/lasprimeras.com.do\/index.php\/wp-json\/wp\/v2\/categories?post=101628"},{"taxonomy":"post_tag","embeddable":true,"href":"https:\/\/lasprimeras.com.do\/index.php\/wp-json\/wp\/v2\/tags?post=101628"}],"curies":[{"name":"wp","href":"https:\/\/api.w.org\/{rel}","templated":true}]}}