{"id":101631,"date":"2025-06-23T11:49:24","date_gmt":"2025-06-23T15:49:24","guid":{"rendered":"https:\/\/lasprimeras.com.do\/?p=101631"},"modified":"2025-06-24T11:58:36","modified_gmt":"2025-06-24T15:58:36","slug":"llama-votar-por-cuomo-en-primaras-democratas-de-este-marte-afirma-es-salvacion-para-nyc-como-alcalde","status":"publish","type":"post","link":"https:\/\/lasprimeras.com.do\/index.php\/2025\/06\/23\/llama-votar-por-cuomo-en-primaras-democratas-de-este-marte-afirma-es-salvacion-para-nyc-como-alcalde\/","title":{"rendered":"Llama votar por Cuomo en primaras dem\u00f3cratas de este marte; afirma es salvaci\u00f3n para NYC como alcalde"},"content":{"rendered":"\n<p>Por Ram\u00f3n Mercedes<\/p>\n\n\n\n<p>NUEVA YORK.- El activo y reconocido l\u00edder comunitario en el condado de El Bronx, Haile Rivera, exhort\u00f3 a los neoyorkinos, especialmente a los votantes hispanos en los cinco condados, votar en las primarias dem\u00f3cratas de este martes por Andrew Cuomo.<\/p>\n\n\n\n<p>Rivera afirma que Cuomo es la salvaci\u00f3n para la Gran Manzana como alcalde electo en las elecciones del pr\u00f3ximo 4 de noviembre.<\/p>\n\n\n\n<p>\u00abDebemos apoyar al exgobernador en las primarias para la alcald\u00eda por tener un liderazgo fuerte que da resultados\u00bb. \u00abNo estamos para promesas falsas o de esas que sabemos no son factibles\u00bb, dijo.<\/p>\n\n\n\n<p>&#8220;Nuestra ciudad enfrenta verdaderos desaf\u00edos y necesitamos a alguien con la experiencia, la tenacidad y el coraje para impulsarnos hacia adelante\u201d, precisa.<\/p>\n\n\n\n<p>\u201cHe visto lo que Cuomo puede hacer por los neoyorquinos y s\u00e9 que luchar\u00e1 para que nuestra ciudad sea m\u00e1s segura, fuerte y unida, y como padre de ni\u00f1os peque\u00f1os, me preocupa mucho como vamos\u201d, se\u00f1ala.<\/p>\n\n\n\n<p>Rivera, quien estuvo con Cuomo cuando se postul\u00f3 para Fiscal General en el 2007 y luego para Gobernador en el 2011, ha sido uno de los defensores m\u00e1s agresivos del ex gobernador en esta contienda electoral, principalmente en El Bronx, donde residen m\u00e1s de 500 mil dominicanos, entre ellos m\u00e1s de 300 mil con derecho al voto en Estados Unidos.<\/p>\n\n\n\n<p>Especific\u00f3 que el exgobernador siempre se ha preocupado por los neoyorkinos, citando entre otras cosas: Firm\u00f3 leyes que aumentaron el salario m\u00ednimo a 15 d\u00f3lares; instituy\u00f3 licencias familiares pagadas para los trabajadores y supervis\u00f3 programas de reconstrucci\u00f3n despu\u00e9s de que el hurac\u00e1n Sandy causara da\u00f1os catastr\u00f3ficos en la costa del estado.<\/p>\n\n\n\n<p>Cre\u00f3 un programa de revitalizaci\u00f3n econ\u00f3mica que invirti\u00f3 mil millones de d\u00f3lares en el \u00e1rea metropolitana de B\u00fafalo, reform\u00f3 las terminales del aeropuerto LaGuardia, cre\u00f3 una nueva terminal de trenes en la estaci\u00f3n Pennsylvania y reemplaz\u00f3 un cruce clave del r\u00edo Hudson, el puente Tappan Zee.<\/p>\n\n\n\n<p>Cuando la pandemia del Covid-19, impuso algunas de las reglas de distanciamiento social y cierres m\u00e1s estrictos en USA, y luego estableci\u00f3 sitios de vacunaci\u00f3n en todo el estado.<\/p>\n\n\n\n<p>Adem\u00e1s, ha afirmado que siendo alcalde anular\u00eda la orden ejecutiva de Eric Adams, se compromete a respetar las leyes de Santuario en NYC, que proh\u00edben a la ciudad cooperar con el Servicio de Inmigraci\u00f3n en la mayor\u00eda de los asuntos no penales.<\/p>\n","protected":false},"excerpt":{"rendered":"<p>Por Ram\u00f3n Mercedes NUEVA YORK.- El activo y reconocido l\u00edder comunitario en el condado de El Bronx, Haile Rivera, exhort\u00f3 a los neoyorkinos, especialmente a los votantes hispanos en los&hellip;<\/p>\n","protected":false},"author":10,"featured_media":101632,"comment_status":"open","ping_status":"open","sticky":false,"template":"","format":"standard","meta":{"content-type":"","jetpack_post_was_ever_published":false,"_jetpack_newsletter_access":"","_jetpack_dont_email_post_to_subs":false,"_jetpack_newsletter_tier_id":0,"_jetpack_memberships_contains_paywalled_content":false,"_jetpack_memberships_contains_paid_content":false,"footnotes":""},"categories":[16289],"tags":[161,19531,316,20830,20831,6676],"class_list":["post-101631","post","type-post","status-publish","format-standard","has-post-thumbnail","hentry","category-internacionales","tag-alcalde","tag-andrew-cuomo","tag-nyc","tag-primaras-democratas","tag-salvacion","tag-votar"],"jetpack_featured_media_url":"https:\/\/lasprimeras.com.do\/wp-content\/uploads\/2025\/06\/WhatsApp-Image-2025-06-23-at-4.49.04-AM-2.jpeg","jetpack-related-posts":[{"id":95487,"url":"https:\/\/lasprimeras.com.do\/index.php\/2025\/03\/14\/la-cuomomania-aumenta-cada-dia-entre-dominicanos-nyc\/","url_meta":{"origin":101631,"position":0},"title":"La Cuomoman\u00eda aumenta cada d\u00eda entre dominicanos NYC","author":"Nelson Feliz","date":"14 de marzo de 2025","format":false,"excerpt":"Por Ram\u00f3n Mercedes NUEVA YORK.- El exgobernador de este estado Andrew Cuomo, ha sido el \u00faltimo en lanzar sus aspiraciones a la alcald\u00eda de esta ciudad, el 1 de este mes y ya ha logrado una gran aceptaci\u00f3n entre los dominicanos en el Alto Manhattan y El Bronx, lugares donde\u2026","rel":"","context":"En \u00abINTERNACIONALES\u00bb","block_context":{"text":"INTERNACIONALES","link":"https:\/\/lasprimeras.com.do\/index.php\/category\/sin-categoria\/internacionales\/"},"img":{"alt_text":"La Cuomoman\u00eda aumenta cada d\u00eda entre dominicanos NYC","src":"https:\/\/i0.wp.com\/lasprimeras.com.do\/wp-content\/uploads\/2025\/03\/WhatsApp-Image-2025-03-14-at-6.26.26-AM.jpeg?resize=350%2C200&ssl=1","width":350,"height":200,"srcset":"https:\/\/i0.wp.com\/lasprimeras.com.do\/wp-content\/uploads\/2025\/03\/WhatsApp-Image-2025-03-14-at-6.26.26-AM.jpeg?resize=350%2C200&ssl=1 1x, https:\/\/i0.wp.com\/lasprimeras.com.do\/wp-content\/uploads\/2025\/03\/WhatsApp-Image-2025-03-14-at-6.26.26-AM.jpeg?resize=525%2C300&ssl=1 1.5x, https:\/\/i0.wp.com\/lasprimeras.com.do\/wp-content\/uploads\/2025\/03\/WhatsApp-Image-2025-03-14-at-6.26.26-AM.jpeg?resize=700%2C400&ssl=1 2x"},"classes":[]},{"id":98928,"url":"https:\/\/lasprimeras.com.do\/index.php\/2025\/05\/14\/cuomo-se-perfila-como-seguro-ganador-primarias-democratas-nyc\/","url_meta":{"origin":101631,"position":1},"title":"Cuomo se perfila como seguro ganador primarias dem\u00f3cratas NYC","author":"Nelson Feliz","date":"14 de mayo de 2025","format":false,"excerpt":"Por Ram\u00f3n Mercedes NUEVA YORK.- El aspirante a la alcald\u00eda en esta ciudad, el ex gobernador Andrew Cuomo, se perfila como el seguro ganador de las primarias del Partido Dem\u00f3crata (PD) a celebrarse el pr\u00f3ximo 20 de junio, para convertirse en su candidato oficial para terciar en las elecciones de\u2026","rel":"","context":"En \u00abINTERNACIONALES\u00bb","block_context":{"text":"INTERNACIONALES","link":"https:\/\/lasprimeras.com.do\/index.php\/category\/sin-categoria\/internacionales\/"},"img":{"alt_text":"","src":"https:\/\/i0.wp.com\/lasprimeras.com.do\/wp-content\/uploads\/2025\/05\/WhatsApp-Image-2025-05-14-at-5.56.52-AM.jpeg?resize=350%2C200&ssl=1","width":350,"height":200,"srcset":"https:\/\/i0.wp.com\/lasprimeras.com.do\/wp-content\/uploads\/2025\/05\/WhatsApp-Image-2025-05-14-at-5.56.52-AM.jpeg?resize=350%2C200&ssl=1 1x, https:\/\/i0.wp.com\/lasprimeras.com.do\/wp-content\/uploads\/2025\/05\/WhatsApp-Image-2025-05-14-at-5.56.52-AM.jpeg?resize=525%2C300&ssl=1 1.5x, https:\/\/i0.wp.com\/lasprimeras.com.do\/wp-content\/uploads\/2025\/05\/WhatsApp-Image-2025-05-14-at-5.56.52-AM.jpeg?resize=700%2C400&ssl=1 2x"},"classes":[]},{"id":101167,"url":"https:\/\/lasprimeras.com.do\/index.php\/2025\/06\/17\/congresista-espaillat-vota-anticipadamente-en-primarias-democratas-y-llama-votar-por-cuomo\/","url_meta":{"origin":101631,"position":2},"title":"Congresista Espaillat vota anticipadamente en primarias dem\u00f3cratas y llama votar por Cuomo","author":"Nelson Feliz","date":"17 de junio de 2025","format":false,"excerpt":"https:\/\/www.youtube.com\/watch?v=aUP0UCFjVMc Por Ram\u00f3n Mercedes NUEVA YORK.- El congresista Adriano Espaillat (NY-13) ejerci\u00f3 este lunes su derecho al voto anticipado en las primarias dem\u00f3cratas, en la escuela p\u00fablica Washington Heights Academy PS\/IS 366, ubicada en el 202 de la avenida Sherman, en el Alto Manhattan. Antes de emitir su voto, Espaillat\u2026","rel":"","context":"En \u00abINTERNACIONALES\u00bb","block_context":{"text":"INTERNACIONALES","link":"https:\/\/lasprimeras.com.do\/index.php\/category\/sin-categoria\/internacionales\/"},"img":{"alt_text":"Adriano Espaillat","src":"https:\/\/i0.wp.com\/lasprimeras.com.do\/wp-content\/uploads\/2025\/06\/WhatsApp-Image-2025-06-17-at-6.20.03-AM.jpeg?resize=350%2C200&ssl=1","width":350,"height":200,"srcset":"https:\/\/i0.wp.com\/lasprimeras.com.do\/wp-content\/uploads\/2025\/06\/WhatsApp-Image-2025-06-17-at-6.20.03-AM.jpeg?resize=350%2C200&ssl=1 1x, https:\/\/i0.wp.com\/lasprimeras.com.do\/wp-content\/uploads\/2025\/06\/WhatsApp-Image-2025-06-17-at-6.20.03-AM.jpeg?resize=525%2C300&ssl=1 1.5x"},"classes":[]},{"id":111554,"url":"https:\/\/lasprimeras.com.do\/index.php\/2025\/10\/10\/cuomo-aumenta-entre-votantes-nyc-mandani-sigue-adelante-sliwa-en-lejano-tercer-lugar\/","url_meta":{"origin":101631,"position":3},"title":"Cuomo aumenta entre votantes NYC; Mandani sigue adelante; Sliwa en lejano tercer lugar","author":"Nelson Feliz","date":"10 de octubre de 2025","format":false,"excerpt":"Por Ram\u00f3n Mercedes NUEVA YORK.- Despu\u00e9s del alcalde Eric Adams retirar su reelecci\u00f3n, el ex gobernador Andrew Cuomo y candidato independiente a la alcald\u00eda de esta ciudad aumenta su simpat\u00eda entre los votantes neoyorkinos, el dem\u00f3crata Zohran Mandani sigue adelante y el republicano, Curtis Sliwa, en un lejano tercer lugar.\u2026","rel":"","context":"En \u00abLA VOZ DE LA DIASPORA\u00bb","block_context":{"text":"LA VOZ DE LA DIASPORA","link":"https:\/\/lasprimeras.com.do\/index.php\/category\/la-voz-de-la-diaspora\/"},"img":{"alt_text":"","src":"https:\/\/i0.wp.com\/lasprimeras.com.do\/wp-content\/uploads\/2025\/10\/Cuomo-aumenta-entre-votantes.jpg?resize=350%2C200&ssl=1","width":350,"height":200,"srcset":"https:\/\/i0.wp.com\/lasprimeras.com.do\/wp-content\/uploads\/2025\/10\/Cuomo-aumenta-entre-votantes.jpg?resize=350%2C200&ssl=1 1x, https:\/\/i0.wp.com\/lasprimeras.com.do\/wp-content\/uploads\/2025\/10\/Cuomo-aumenta-entre-votantes.jpg?resize=525%2C300&ssl=1 1.5x, https:\/\/i0.wp.com\/lasprimeras.com.do\/wp-content\/uploads\/2025\/10\/Cuomo-aumenta-entre-votantes.jpg?resize=700%2C400&ssl=1 2x, https:\/\/i0.wp.com\/lasprimeras.com.do\/wp-content\/uploads\/2025\/10\/Cuomo-aumenta-entre-votantes.jpg?resize=1050%2C600&ssl=1 3x"},"classes":[]},{"id":101337,"url":"https:\/\/lasprimeras.com.do\/index.php\/2025\/06\/20\/andrew-cuomo-cuando-gane-alcaldia-nyc-anularia-orden-ejecutiva-alcalde-adams\/","url_meta":{"origin":101631,"position":4},"title":"Andrew Cuomo: Cuando gane alcald\u00eda NYC anular\u00eda orden ejecutiva alcalde Adams","author":"Nelson Feliz","date":"20 de junio de 2025","format":false,"excerpt":"Por Ram\u00f3n Mercedes NUEVA YORK.- Dominicanos residentes en El Bronx manifestaron valorar lo planteado por el ex gobernador de NY, Andrew Cuomo, de que cuando gane las elecciones del pr\u00f3ximo 4 de noviembre anular\u00eda la orden ejecutiva del alcalde Eric Adams. Los quisqueyanos en El Bronx, lugar donde residen m\u00e1s\u2026","rel":"","context":"En \u00abINTERNACIONALES\u00bb","block_context":{"text":"INTERNACIONALES","link":"https:\/\/lasprimeras.com.do\/index.php\/category\/sin-categoria\/internacionales\/"},"img":{"alt_text":"Cuomo Cuando gane alcald\u00eda NYC anular\u00eda orden ejecutiva alcalde Adams","src":"https:\/\/i0.wp.com\/lasprimeras.com.do\/wp-content\/uploads\/2025\/06\/WhatsApp-Image-2025-06-20-at-4.53.50-AM-1.jpeg?resize=350%2C200&ssl=1","width":350,"height":200,"srcset":"https:\/\/i0.wp.com\/lasprimeras.com.do\/wp-content\/uploads\/2025\/06\/WhatsApp-Image-2025-06-20-at-4.53.50-AM-1.jpeg?resize=350%2C200&ssl=1 1x, https:\/\/i0.wp.com\/lasprimeras.com.do\/wp-content\/uploads\/2025\/06\/WhatsApp-Image-2025-06-20-at-4.53.50-AM-1.jpeg?resize=525%2C300&ssl=1 1.5x"},"classes":[]},{"id":113264,"url":"https:\/\/lasprimeras.com.do\/index.php\/2025\/10\/31\/nueva-encuesta-de-marist-muestra-cuomo-gana-terreno-hispanos-alto-manhattan-optimistas\/","url_meta":{"origin":101631,"position":5},"title":"Nueva encuesta de Marist muestra Cuomo gana terreno, hispanos Alto Manhattan optimistas","author":"Nelson Feliz","date":"31 de octubre de 2025","format":false,"excerpt":"Por Ram\u00f3n Mercedes NUEVA YORK.- Una nueva encuesta del Marist College, publicada este jueves, mostr\u00f3 que el exgobernador Andrew Cuomo, candidato independiente a la alcald\u00eda de NYC, est\u00e1 ganando terreno al candidato dem\u00f3crata y favorito, Zohran Mamdani. Cuomo ha recortado seis puntos a Mamdani con respecto a la \u00faltima encuesta\u2026","rel":"","context":"En \u00abLA VOZ DE LA DIASPORA\u00bb","block_context":{"text":"LA VOZ DE LA DIASPORA","link":"https:\/\/lasprimeras.com.do\/index.php\/category\/la-voz-de-la-diaspora\/"},"img":{"alt_text":"","src":"https:\/\/i0.wp.com\/lasprimeras.com.do\/wp-content\/uploads\/2025\/10\/WhatsApp-Image-2025-10-31-at-5.20.40-AM.jpeg?resize=350%2C200&ssl=1","width":350,"height":200,"srcset":"https:\/\/i0.wp.com\/lasprimeras.com.do\/wp-content\/uploads\/2025\/10\/WhatsApp-Image-2025-10-31-at-5.20.40-AM.jpeg?resize=350%2C200&ssl=1 1x, https:\/\/i0.wp.com\/lasprimeras.com.do\/wp-content\/uploads\/2025\/10\/WhatsApp-Image-2025-10-31-at-5.20.40-AM.jpeg?resize=525%2C300&ssl=1 1.5x"},"classes":[]}],"jetpack_sharing_enabled":true,"_links":{"self":[{"href":"https:\/\/lasprimeras.com.do\/index.php\/wp-json\/wp\/v2\/posts\/101631","targetHints":{"allow":["GET"]}}],"collection":[{"href":"https:\/\/lasprimeras.com.do\/index.php\/wp-json\/wp\/v2\/posts"}],"about":[{"href":"https:\/\/lasprimeras.com.do\/index.php\/wp-json\/wp\/v2\/types\/post"}],"author":[{"embeddable":true,"href":"https:\/\/lasprimeras.com.do\/index.php\/wp-json\/wp\/v2\/users\/10"}],"replies":[{"embeddable":true,"href":"https:\/\/lasprimeras.com.do\/index.php\/wp-json\/wp\/v2\/comments?post=101631"}],"version-history":[{"count":2,"href":"https:\/\/lasprimeras.com.do\/index.php\/wp-json\/wp\/v2\/posts\/101631\/revisions"}],"predecessor-version":[{"id":101634,"href":"https:\/\/lasprimeras.com.do\/index.php\/wp-json\/wp\/v2\/posts\/101631\/revisions\/101634"}],"wp:featuredmedia":[{"embeddable":true,"href":"https:\/\/lasprimeras.com.do\/index.php\/wp-json\/wp\/v2\/media\/101632"}],"wp:attachment":[{"href":"https:\/\/lasprimeras.com.do\/index.php\/wp-json\/wp\/v2\/media?parent=101631"}],"wp:term":[{"taxonomy":"category","embeddable":true,"href":"https:\/\/lasprimeras.com.do\/index.php\/wp-json\/wp\/v2\/categories?post=101631"},{"taxonomy":"post_tag","embeddable":true,"href":"https:\/\/lasprimeras.com.do\/index.php\/wp-json\/wp\/v2\/tags?post=101631"}],"curies":[{"name":"wp","href":"https:\/\/api.w.org\/{rel}","templated":true}]}}