{"id":101718,"date":"2025-06-25T12:29:33","date_gmt":"2025-06-25T16:29:33","guid":{"rendered":"https:\/\/lasprimeras.com.do\/?p=101718"},"modified":"2025-06-25T12:29:35","modified_gmt":"2025-06-25T16:29:35","slug":"billy-berroa-considera-wander-franco-sera-condenado-por-abuso-sexual","status":"publish","type":"post","link":"https:\/\/lasprimeras.com.do\/index.php\/2025\/06\/25\/billy-berroa-considera-wander-franco-sera-condenado-por-abuso-sexual\/","title":{"rendered":"Billy Berroa considera Wander Franco ser\u00e1 condenado por abuso sexual"},"content":{"rendered":"\n<p>El cronista deportivo Billy Berroa consider\u00f3 que el suspendido pelotero dominicano de los Rays de Tampa, Wander Franco, ser\u00e1 condenado por abuso sexual contra una menor de 14 a\u00f1os, debido a la cantidad de pruebas en su contra.<\/p>\n\n\n\n<p>A entender del cronista, el hecho de que la madre de la menor est\u00e9 involucrada e inculpada en el caso, es un punto desfavorable para Franco.<\/p>\n\n\n\n<p>\u201cS\u00ed, yo creo que s\u00ed, yo creo que s\u00ed, porque est\u00e1 envuelta la madre que recibi\u00f3 dinero\u201d, contest\u00f3 Berroa al ser cuestionado por el equipo de comentarista del programa Matutino Su Mundo.<\/p>\n\n\n\n<p>No obstante, la defensa del pelotero argumenta que no hay forma de probar que \u00e9ste entreg\u00f3 dinero a la madre de la menor.<\/p>\n\n\n\n<p>Lament\u00f3 la situaci\u00f3n de Franco, ya que, a su entender, estos temas no suman nada a la imagen del pa\u00eds.<\/p>\n\n\n\n<p>Indic\u00f3 que las divulgaciones en plataformas digitales en ocasiones influyen para que la justicia tome decisiones incorrectas.<\/p>\n\n\n\n<p>Sobre el contrato con Tampa<\/p>\n\n\n\n<p>Explic\u00f3 que en la actualidad Wander Franco se encuentra suspendido por el equipo en una lista restringida y no est\u00e1 recibiendo dinero del contrato de 182 millones de d\u00f3lares que firm\u00f3 con la franquicia de las Mantarrayas de Tampa.<\/p>\n\n\n\n<p>Sin embargo, ponder\u00f3 que los Rays podr\u00edan estar dispuestos a darle otra oportunidad a Franco en caso que salga absuelto del caso.<\/p>\n\n\n\n<p>Explic\u00f3 adem\u00e1s, que las organizaciones de Grandes Ligas tienen cierto criterio en cuanto a los casos de abuso a mujeres, ya sea sexual o f\u00edsico, por lo que la posibilidad es que la Liga no permita su regreso.<\/p>\n\n\n\n<p>\u201cYo creo que \u00e9l no regresa, no creo que regrese a Grandes Ligas a pesar que salga absuelto\u201d, manifest\u00f3 Berroa.<\/p>\n\n\n\n<p>El tribunal de Puerto Plata tiene previsto conocer la sentencia sobre la acusaci\u00f3n por abuso sexual de Wander Franco para este jueves 26 de junio.<\/p>\n","protected":false},"excerpt":{"rendered":"<p>El cronista deportivo Billy Berroa consider\u00f3 que el suspendido pelotero dominicano de los Rays de Tampa, Wander Franco, ser\u00e1 condenado por abuso sexual contra una menor de 14 a\u00f1os, debido&hellip;<\/p>\n","protected":false},"author":10,"featured_media":101719,"comment_status":"open","ping_status":"open","sticky":false,"template":"","format":"standard","meta":{"content-type":"","jetpack_post_was_ever_published":false,"_jetpack_newsletter_access":"","_jetpack_dont_email_post_to_subs":false,"_jetpack_newsletter_tier_id":0,"_jetpack_memberships_contains_paywalled_content":false,"_jetpack_memberships_contains_paid_content":false,"footnotes":""},"categories":[630],"tags":[977,20864,3198,470],"class_list":["post-101718","post","type-post","status-publish","format-standard","has-post-thumbnail","hentry","category-deportes","tag-abuso-sexual","tag-billy-berroa","tag-condenado","tag-wander-franco"],"jetpack_featured_media_url":"https:\/\/lasprimeras.com.do\/wp-content\/uploads\/2025\/06\/Billy-Berroa-y-Wander-Franco.png","jetpack-related-posts":[{"id":101804,"url":"https:\/\/lasprimeras.com.do\/index.php\/2025\/06\/27\/dictan-dos-anos-de-prision-suspendida-para-wander-franco\/","url_meta":{"origin":101718,"position":0},"title":"Dictan dos a\u00f1os de prisi\u00f3n suspendida para Wander Franco","author":"Nelson Feliz","date":"27 de junio de 2025","format":false,"excerpt":"El pelotero Wander Franco, acusado de abuso y explotaci\u00f3n contra una menor de 16 a\u00f1os es condenado a dos a\u00f1os de prisi\u00f3n suspendida El Tribunal Colegiado del Distrito Judicial de Puerto Plata le dict\u00f3 dos a\u00f1os de prisi\u00f3n suspendida al pelotero Wander Franco, acusado de abuso y explotaci\u00f3n contra una\u2026","rel":"","context":"En \u00abJUSTICIA\u00bb","block_context":{"text":"JUSTICIA","link":"https:\/\/lasprimeras.com.do\/index.php\/category\/justicia\/"},"img":{"alt_text":"","src":"https:\/\/i0.wp.com\/lasprimeras.com.do\/wp-content\/uploads\/2025\/06\/Wander-Franco-tendra-que-cumplir-una-serie-de-requisitos-impuesto-por-la-jueza-Jakayra-Veras-para-no-cumplir-la-pena-en-prision.jpeg?resize=350%2C200&ssl=1","width":350,"height":200,"srcset":"https:\/\/i0.wp.com\/lasprimeras.com.do\/wp-content\/uploads\/2025\/06\/Wander-Franco-tendra-que-cumplir-una-serie-de-requisitos-impuesto-por-la-jueza-Jakayra-Veras-para-no-cumplir-la-pena-en-prision.jpeg?resize=350%2C200&ssl=1 1x, https:\/\/i0.wp.com\/lasprimeras.com.do\/wp-content\/uploads\/2025\/06\/Wander-Franco-tendra-que-cumplir-una-serie-de-requisitos-impuesto-por-la-jueza-Jakayra-Veras-para-no-cumplir-la-pena-en-prision.jpeg?resize=525%2C300&ssl=1 1.5x, https:\/\/i0.wp.com\/lasprimeras.com.do\/wp-content\/uploads\/2025\/06\/Wander-Franco-tendra-que-cumplir-una-serie-de-requisitos-impuesto-por-la-jueza-Jakayra-Veras-para-no-cumplir-la-pena-en-prision.jpeg?resize=700%2C400&ssl=1 2x"},"classes":[]},{"id":73286,"url":"https:\/\/lasprimeras.com.do\/index.php\/2024\/01\/05\/acusacion-contra-madre-de-la-menor-presuntamente-abusada-por-wander-franco\/","url_meta":{"origin":101718,"position":1},"title":"Acusaci\u00f3n contra madre de la menor presuntamente abusada por Wander Franco","author":"Nelson Feliz","date":"5 de enero de 2024","format":false,"excerpt":"La menor dijo que su madre sac\u00f3 provecho de la relaci\u00f3n que sostuvo con el pelotero. Martha Vanessa Chevalier Almonte es la madre de la menor de edad por la que el pelotero de Grandes Ligas, Wander Franco est\u00e1 siendo procesado por supuestamente haberse involucrado sentimentalmente con ella. La dama\u2026","rel":"","context":"En \u00abJUSTICIA\u00bb","block_context":{"text":"JUSTICIA","link":"https:\/\/lasprimeras.com.do\/index.php\/category\/justicia\/"},"img":{"alt_text":"Martha Venessa extorsionaba a Wander Franco para permitirle la relaci\u00f3n con su hija menor de edad (FUENTE EXTERNA)","src":"https:\/\/i0.wp.com\/lasprimeras.com.do\/wp-content\/uploads\/2024\/01\/Martha-Venessa.jpg?resize=350%2C200&ssl=1","width":350,"height":200,"srcset":"https:\/\/i0.wp.com\/lasprimeras.com.do\/wp-content\/uploads\/2024\/01\/Martha-Venessa.jpg?resize=350%2C200&ssl=1 1x, https:\/\/i0.wp.com\/lasprimeras.com.do\/wp-content\/uploads\/2024\/01\/Martha-Venessa.jpg?resize=525%2C300&ssl=1 1.5x, https:\/\/i0.wp.com\/lasprimeras.com.do\/wp-content\/uploads\/2024\/01\/Martha-Venessa.jpg?resize=700%2C400&ssl=1 2x"},"classes":[]},{"id":72675,"url":"https:\/\/lasprimeras.com.do\/index.php\/2024\/01\/02\/dejan-detenido-al-pelotero-wander-franco\/","url_meta":{"origin":101718,"position":2},"title":"Dejan detenido al pelotero Wander Franco","author":"Nelson Feliz","date":"2 de enero de 2024","format":false,"excerpt":"Tambi\u00e9n a la madre de la adolescente con la que supuestamente ten\u00eda relaciones. El pelotero de Grandes Ligas Wander Samuel Franco Aybar fue dejado detenido este lunes por la Fiscal\u00eda de Puerto Plata luego de que acudiera para responder a la denuncia de que tuvo relaciones sexuales con una adolescente.\u2026","rel":"","context":"En \u00abSin categor\u00eda\u00bb","block_context":{"text":"Sin categor\u00eda","link":"https:\/\/lasprimeras.com.do\/index.php\/category\/sin-categoria\/"},"img":{"alt_text":"Wander Franco","src":"https:\/\/i0.wp.com\/lasprimeras.com.do\/wp-content\/uploads\/2023\/12\/Wander-Franco-1.jpg?resize=350%2C200&ssl=1","width":350,"height":200,"srcset":"https:\/\/i0.wp.com\/lasprimeras.com.do\/wp-content\/uploads\/2023\/12\/Wander-Franco-1.jpg?resize=350%2C200&ssl=1 1x, https:\/\/i0.wp.com\/lasprimeras.com.do\/wp-content\/uploads\/2023\/12\/Wander-Franco-1.jpg?resize=525%2C300&ssl=1 1.5x, https:\/\/i0.wp.com\/lasprimeras.com.do\/wp-content\/uploads\/2023\/12\/Wander-Franco-1.jpg?resize=700%2C400&ssl=1 2x"},"classes":[]},{"id":117500,"url":"https:\/\/lasprimeras.com.do\/index.php\/2025\/12\/11\/corte-de-apelacion-de-puerto-plata-anula-las-condenas-de-wander-franco-y-de-la-madre-de-la-menor\/","url_meta":{"origin":101718,"position":3},"title":"Corte de Apelaci\u00f3n de Puerto Plata anula las condenas de Wander Franco y de la madre de la menor","author":"Nelson Feliz","date":"11 de diciembre de 2025","format":false,"excerpt":"La Corte de Apelaci\u00f3n del Distrito Judicial de Puerto Plata dej\u00f3 sin efecto este martes la sentencia que condenaba al pelotero Wander Franco a dos a\u00f1os de prisi\u00f3n suspendida por el abuso sexual de una menor. La misma decisi\u00f3n tambi\u00e9n revoca la pena de 10 a\u00f1os de c\u00e1rcel impuesta a\u2026","rel":"","context":"En \u00abJUSTICIA\u00bb","block_context":{"text":"JUSTICIA","link":"https:\/\/lasprimeras.com.do\/index.php\/category\/justicia\/"},"img":{"alt_text":"Wander Franco","src":"https:\/\/i0.wp.com\/lasprimeras.com.do\/wp-content\/uploads\/2025\/11\/Wander-Franco.jpg?resize=350%2C200&ssl=1","width":350,"height":200,"srcset":"https:\/\/i0.wp.com\/lasprimeras.com.do\/wp-content\/uploads\/2025\/11\/Wander-Franco.jpg?resize=350%2C200&ssl=1 1x, https:\/\/i0.wp.com\/lasprimeras.com.do\/wp-content\/uploads\/2025\/11\/Wander-Franco.jpg?resize=525%2C300&ssl=1 1.5x, https:\/\/i0.wp.com\/lasprimeras.com.do\/wp-content\/uploads\/2025\/11\/Wander-Franco.jpg?resize=700%2C400&ssl=1 2x, https:\/\/i0.wp.com\/lasprimeras.com.do\/wp-content\/uploads\/2025\/11\/Wander-Franco.jpg?resize=1050%2C600&ssl=1 3x"},"classes":[]},{"id":117265,"url":"https:\/\/lasprimeras.com.do\/index.php\/2025\/12\/09\/wander-franco-corte-de-puerto-plata-anula-sentencia-por-abuso-sexual-y-ordena-nuevo-juicio\/","url_meta":{"origin":101718,"position":4},"title":"Wander Franco: Corte de Puerto Plata anula sentencia por abuso sexual y ordena nuevo juicio","author":"Nelson Feliz","date":"9 de diciembre de 2025","format":false,"excerpt":"Por Enrique Vargas La Corte de Apelaci\u00f3n del Distrito Judicial de Puerto Plata anul\u00f3 este martes la sentencia que condenaba al pelotero Wander Franco a cinco a\u00f1os de prisi\u00f3n suspendida por abuso sexual contra una menor.La decisi\u00f3n adoptada por la sala tambi\u00e9n anula la pena contra Martha Vanessa Chevalier, madre\u2026","rel":"","context":"En \u00abDEPORTES\u00bb","block_context":{"text":"DEPORTES","link":"https:\/\/lasprimeras.com.do\/index.php\/category\/deportes\/"},"img":{"alt_text":"","src":"https:\/\/i0.wp.com\/lasprimeras.com.do\/wp-content\/uploads\/2025\/06\/Wander-Franco.jpg?resize=350%2C200&ssl=1","width":350,"height":200,"srcset":"https:\/\/i0.wp.com\/lasprimeras.com.do\/wp-content\/uploads\/2025\/06\/Wander-Franco.jpg?resize=350%2C200&ssl=1 1x, https:\/\/i0.wp.com\/lasprimeras.com.do\/wp-content\/uploads\/2025\/06\/Wander-Franco.jpg?resize=525%2C300&ssl=1 1.5x, https:\/\/i0.wp.com\/lasprimeras.com.do\/wp-content\/uploads\/2025\/06\/Wander-Franco.jpg?resize=700%2C400&ssl=1 2x"},"classes":[]},{"id":73034,"url":"https:\/\/lasprimeras.com.do\/index.php\/2024\/01\/05\/menor-denuncio-que-su-madre-la-explotaba-sexualmente-con-wander-franco-y-otras-parejas\/","url_meta":{"origin":101718,"position":5},"title":"Menor denunci\u00f3 que su madre la explotaba sexualmente con Wander Franco y otras parejas","author":"Nelson Feliz","date":"5 de enero de 2024","format":false,"excerpt":"De acuerdo al Ministerio P\u00fablico, la mujer recibi\u00f3 siete pagos de RD$100 mil mensuales y un veh\u00edculo para permitirle a su hija una relaci\u00f3n con el pelotero. La adolescente que supuestamente sostuvo una relaci\u00f3n sexual con el torpedero Wander Franco, de los Rays de Tampa Bay, fue v\u00edctima de abuso\u2026","rel":"","context":"En \u00abSin categor\u00eda\u00bb","block_context":{"text":"Sin categor\u00eda","link":"https:\/\/lasprimeras.com.do\/index.php\/category\/sin-categoria\/"},"img":{"alt_text":"","src":"https:\/\/i0.wp.com\/lasprimeras.com.do\/wp-content\/uploads\/2024\/01\/Wander-Franco-1-1.jpg?resize=350%2C200&ssl=1","width":350,"height":200,"srcset":"https:\/\/i0.wp.com\/lasprimeras.com.do\/wp-content\/uploads\/2024\/01\/Wander-Franco-1-1.jpg?resize=350%2C200&ssl=1 1x, https:\/\/i0.wp.com\/lasprimeras.com.do\/wp-content\/uploads\/2024\/01\/Wander-Franco-1-1.jpg?resize=525%2C300&ssl=1 1.5x, https:\/\/i0.wp.com\/lasprimeras.com.do\/wp-content\/uploads\/2024\/01\/Wander-Franco-1-1.jpg?resize=700%2C400&ssl=1 2x"},"classes":[]}],"jetpack_sharing_enabled":true,"_links":{"self":[{"href":"https:\/\/lasprimeras.com.do\/index.php\/wp-json\/wp\/v2\/posts\/101718","targetHints":{"allow":["GET"]}}],"collection":[{"href":"https:\/\/lasprimeras.com.do\/index.php\/wp-json\/wp\/v2\/posts"}],"about":[{"href":"https:\/\/lasprimeras.com.do\/index.php\/wp-json\/wp\/v2\/types\/post"}],"author":[{"embeddable":true,"href":"https:\/\/lasprimeras.com.do\/index.php\/wp-json\/wp\/v2\/users\/10"}],"replies":[{"embeddable":true,"href":"https:\/\/lasprimeras.com.do\/index.php\/wp-json\/wp\/v2\/comments?post=101718"}],"version-history":[{"count":1,"href":"https:\/\/lasprimeras.com.do\/index.php\/wp-json\/wp\/v2\/posts\/101718\/revisions"}],"predecessor-version":[{"id":101720,"href":"https:\/\/lasprimeras.com.do\/index.php\/wp-json\/wp\/v2\/posts\/101718\/revisions\/101720"}],"wp:featuredmedia":[{"embeddable":true,"href":"https:\/\/lasprimeras.com.do\/index.php\/wp-json\/wp\/v2\/media\/101719"}],"wp:attachment":[{"href":"https:\/\/lasprimeras.com.do\/index.php\/wp-json\/wp\/v2\/media?parent=101718"}],"wp:term":[{"taxonomy":"category","embeddable":true,"href":"https:\/\/lasprimeras.com.do\/index.php\/wp-json\/wp\/v2\/categories?post=101718"},{"taxonomy":"post_tag","embeddable":true,"href":"https:\/\/lasprimeras.com.do\/index.php\/wp-json\/wp\/v2\/tags?post=101718"}],"curies":[{"name":"wp","href":"https:\/\/api.w.org\/{rel}","templated":true}]}}