{"id":101727,"date":"2025-06-25T12:52:22","date_gmt":"2025-06-25T16:52:22","guid":{"rendered":"https:\/\/lasprimeras.com.do\/?p=101727"},"modified":"2025-06-25T12:52:24","modified_gmt":"2025-06-25T16:52:24","slug":"camara-de-comercio-la-vega-realizara-vigesimo-novena-version-expo-vega-2025","status":"publish","type":"post","link":"https:\/\/lasprimeras.com.do\/index.php\/2025\/06\/25\/camara-de-comercio-la-vega-realizara-vigesimo-novena-version-expo-vega-2025\/","title":{"rendered":"C\u00e1mara de Comercio La Vega realizar\u00e1 vig\u00e9simo novena versi\u00f3n Expo Vega 2025"},"content":{"rendered":"\n<p><strong>Expo Vega 2025 estar\u00e1 dedicada al ministerio de Agricultura y su titular Limber Cruz.<\/strong><\/p>\n\n\n\n<p>La C\u00e1mara de Comercio y Producci\u00f3n de La Vega anunci\u00f3 la vig\u00e9simo novena feria Expo Vega 2025, con una dedicatoria especial al ministerio de Agricultura y su titular, el economista y productor agr\u00edcola, Limber Cruz.<\/p>\n\n\n\n<p>Expo Vega 2025 se realizar\u00e1 en las instalaciones de La Vega Country Club, del 31 de julio al 3 de agosto, con el lema \u201cDonde la tierra habla, el futuro escucha\u201d.<\/p>\n\n\n\n<p>Odil Morilla, presidenta de la CCPLV mostr\u00f3 su satisfacci\u00f3n por la realizaci\u00f3n de una nueva entrega de Expo Vega, considerada como una de las m\u00e1s importantes ferias multisectoriales del Cibao y el pa\u00eds.<\/p>\n\n\n\n<p>Morilla asegur\u00f3 que la provincia de La Vega juega un papel estelar en la econom\u00eda dominicana y \u201cnos llena de orgullo decir que esta feria no es solo un espacio de negocios; es una vitrina de sue\u00f1os, de esfuerzos y de oportunidades.<\/p>\n\n\n\n<p>Es el escenario donde las ideas se transforman en proyectos, los productos encuentran nuevos mercados, los emprendedores conectan, los productores muestran el fruto de su trabajo, y el p\u00fablico descubre la fuerza y la diversidad de lo que somos capaces de hacer\u201d indic\u00f3.<\/p>\n\n\n\n<p>Expo Vega 2025 est\u00e1 dedicada al Ministerio de Agricultura de la Rep\u00fablica Dominicana y a Limber Cruz, por su visi\u00f3n y trabajo en favor del campo dominicano, tanto en su rol p\u00fablico, como en sus inversiones privadas.<\/p>\n\n\n\n<p>\u201cAl dedicarle esta feria al ministerio de Agricultura, estamos tambi\u00e9n enviando un mensaje claro: valoramos el trabajo de nuestros productores, de los hombres y mujeres del campo, que cada d\u00eda siembran esperanzas, cosechan progreso y sostienen buena parte de nuestra econom\u00eda\u201d expres\u00f3 Odil Morilla.<\/p>\n\n\n\n<p>El ministro de Agricultura Limbert Cruz, es economista vegano, conocido como productor agr\u00edcola, principalmente pl\u00e1tanos y yuca y criador de ganado de alta gen\u00e9tica en la provincia de La Vega, as\u00ed como desarrollador de la zona fronteriza.<\/p>\n\n\n\n<p>Desde el ministerio de Agricultura, Limber Cruz ha impulsado importantes programas para mejorar la producci\u00f3n agr\u00edcola, as\u00ed como iniciativas para proteger a los productores nacionales.<\/p>\n\n\n\n<p>Durante la actividad, celebrada en el sal\u00f3n de eventos del restaurante La Carretera en La Vega, el presidente de feria, Ren\u00e9 Garc\u00eda, dijo que como cada a\u00f1o Expo Vega promueve lo mejor de las empresas y comercios, en un escenario abierto, gratuito, participativo, organizado y seguro para toda la familia.<\/p>\n\n\n\n<p>Dentro de los atractivos mencion\u00f3 la participaci\u00f3n de La Diva Miriam Cruz, el duo del humor dominicano Raymond y Miguel, y El Mejor del Bloque, Don Miguelo.<\/p>\n\n\n\n<p>La C\u00e1mara de Comercio y Producci\u00f3n de La Vega, entidad que organiza Expo Vega, tiene 117 a\u00f1os de fundada, dedicada a fortalecer el desarrollo empresarial y comercial de la provincia.<\/p>\n\n\n\n<p>Adem\u00e1s de Odil Morilla, presidenta de la CCPLV, forman parte de la junta directiva Hugo Concepci\u00f3n, primer vicepresidente; Ram\u00f3n de Jes\u00fas Contreras, segundo vicepresidente; Richard Almonte, tesorero; Eduardo G\u00f3mez, secretario, as\u00ed como los vocales Icelsa Garc\u00eda, Paola Est\u00e9vez, Rub\u00e9n Castillo, Sael Gull\u00f3n, C\u00e9sar Cabral, Luz del Alba Rodr\u00edguez, Oliverio Espaillat, Edison Herrera, con la asesor\u00eda de Carlos \u00c1lvarez y Ren\u00e9 Garc\u00eda.<\/p>\n","protected":false},"excerpt":{"rendered":"<p>Expo Vega 2025 estar\u00e1 dedicada al ministerio de Agricultura y su titular Limber Cruz. La C\u00e1mara de Comercio y Producci\u00f3n de La Vega anunci\u00f3 la vig\u00e9simo novena feria Expo Vega&hellip;<\/p>\n","protected":false},"author":10,"featured_media":101728,"comment_status":"open","ping_status":"open","sticky":false,"template":"","format":"standard","meta":{"content-type":"","jetpack_post_was_ever_published":false,"_jetpack_newsletter_access":"","_jetpack_dont_email_post_to_subs":false,"_jetpack_newsletter_tier_id":0,"_jetpack_memberships_contains_paywalled_content":false,"_jetpack_memberships_contains_paid_content":false,"footnotes":""},"categories":[39],"tags":[11587,20869,940,20868,1810,20867],"class_list":["post-101727","post","type-post","status-publish","format-standard","has-post-thumbnail","hentry","category-economia","tag-camara-de-comercio","tag-expo-vega-2025","tag-la-vega","tag-novena","tag-version","tag-vigesimo"],"jetpack_featured_media_url":"https:\/\/lasprimeras.com.do\/wp-content\/uploads\/2025\/06\/expo-vega.jpg","jetpack-related-posts":[{"id":105317,"url":"https:\/\/lasprimeras.com.do\/index.php\/2025\/08\/01\/onda-impulsa-creatividad-con-registros-gratis-de-obras-en-expo-vega-2025\/","url_meta":{"origin":101727,"position":0},"title":"ONDA impulsa creatividad con registros gratis de obras en Expo Vega 2025","author":"Nelson Feliz","date":"1 de agosto de 2025","format":false,"excerpt":"Autores del Cibao y el norte acuden a registrar sus creaciones en el recinto ferial del Country Club de La Vega Desde el jueves, autores del Cibao y la regi\u00f3n Norte acuden al Country Club de La Vega, donde se celebra la edici\u00f3n n\u00famero 29 de Expo Vega 2025, organizada\u2026","rel":"","context":"En \u00abECONOM\u00cdA\u00bb","block_context":{"text":"ECONOM\u00cdA","link":"https:\/\/lasprimeras.com.do\/index.php\/category\/economia\/"},"img":{"alt_text":"","src":"https:\/\/i0.wp.com\/lasprimeras.com.do\/wp-content\/uploads\/2025\/08\/ONDA-1.jpg?resize=350%2C200&ssl=1","width":350,"height":200,"srcset":"https:\/\/i0.wp.com\/lasprimeras.com.do\/wp-content\/uploads\/2025\/08\/ONDA-1.jpg?resize=350%2C200&ssl=1 1x, https:\/\/i0.wp.com\/lasprimeras.com.do\/wp-content\/uploads\/2025\/08\/ONDA-1.jpg?resize=525%2C300&ssl=1 1.5x, https:\/\/i0.wp.com\/lasprimeras.com.do\/wp-content\/uploads\/2025\/08\/ONDA-1.jpg?resize=700%2C400&ssl=1 2x"},"classes":[]},{"id":98492,"url":"https:\/\/lasprimeras.com.do\/index.php\/2025\/05\/07\/cncp-anuncia-el-lanzamiento-oficial-de-expo-provisiones-2025\/","url_meta":{"origin":101727,"position":1},"title":"CNCP anuncia el Lanzamiento Oficial de Expo Provisiones 2025","author":"Nelson Feliz","date":"7 de mayo de 2025","format":false,"excerpt":"Uniendo el Comercio y la Industria por el Desarrollo Nacional. El Consejo Nacional del Comercio en Provisiones (CNCP) realiz\u00f3 hoy el lanzamiento oficial de Expo Provisiones 2025, la feria m\u00e1s importante del comercio y la industria de provisiones en la Rep\u00fablica Dominicana. El evento se llevar\u00e1 a cabo del 29\u2026","rel":"","context":"En \u00abECONOM\u00cdA\u00bb","block_context":{"text":"ECONOM\u00cdA","link":"https:\/\/lasprimeras.com.do\/index.php\/category\/economia\/"},"img":{"alt_text":"","src":"https:\/\/i0.wp.com\/lasprimeras.com.do\/wp-content\/uploads\/2025\/05\/Expo-Provisiones-2025-1.jpg?resize=350%2C200&ssl=1","width":350,"height":200,"srcset":"https:\/\/i0.wp.com\/lasprimeras.com.do\/wp-content\/uploads\/2025\/05\/Expo-Provisiones-2025-1.jpg?resize=350%2C200&ssl=1 1x, https:\/\/i0.wp.com\/lasprimeras.com.do\/wp-content\/uploads\/2025\/05\/Expo-Provisiones-2025-1.jpg?resize=525%2C300&ssl=1 1.5x, https:\/\/i0.wp.com\/lasprimeras.com.do\/wp-content\/uploads\/2025\/05\/Expo-Provisiones-2025-1.jpg?resize=700%2C400&ssl=1 2x"},"classes":[]},{"id":107343,"url":"https:\/\/lasprimeras.com.do\/index.php\/2025\/08\/26\/senador-franklin-romero-saluda-celebracion-expo-mayorista-2025\/","url_meta":{"origin":101727,"position":2},"title":"Senador Franklin Romero saluda celebraci\u00f3n Expo Mayorista 2025","author":"Nelson Feliz","date":"26 de agosto de 2025","format":false,"excerpt":"El senador por la provincia Duarte, Franklin Romero, salud\u00f3 la celebraci\u00f3n de la versi\u00f3n n\u00famero 29 de la Expo Mayorista 2025, evento que consider\u00f3 como \u201cuna muestra del desarrollo comercial alcanzado por San Francisco de Macor\u00eds en los \u00faltimos 30 a\u00f1os\u201d. La tradicional actividad ser\u00e1 iniciada este mi\u00e9rcoles 27 a\u2026","rel":"","context":"En \u00abECONOM\u00cdA\u00bb","block_context":{"text":"ECONOM\u00cdA","link":"https:\/\/lasprimeras.com.do\/index.php\/category\/economia\/"},"img":{"alt_text":"","src":"https:\/\/i0.wp.com\/lasprimeras.com.do\/wp-content\/uploads\/2025\/08\/Franklin-Romero.jpg?resize=350%2C200&ssl=1","width":350,"height":200,"srcset":"https:\/\/i0.wp.com\/lasprimeras.com.do\/wp-content\/uploads\/2025\/08\/Franklin-Romero.jpg?resize=350%2C200&ssl=1 1x, https:\/\/i0.wp.com\/lasprimeras.com.do\/wp-content\/uploads\/2025\/08\/Franklin-Romero.jpg?resize=525%2C300&ssl=1 1.5x, https:\/\/i0.wp.com\/lasprimeras.com.do\/wp-content\/uploads\/2025\/08\/Franklin-Romero.jpg?resize=700%2C400&ssl=1 2x"},"classes":[]},{"id":96759,"url":"https:\/\/lasprimeras.com.do\/index.php\/2025\/04\/06\/cncp-consolida-relaciones-con-principales-actores-del-comercio-en-la-vega\/","url_meta":{"origin":101727,"position":3},"title":"CNCP consolida relaciones con principales actores del comercio en La Vega","author":"Nelson Feliz","date":"6 de abril de 2025","format":false,"excerpt":"Fijan postura ante la Ley de Residuos. El Consejo Nacional de Comercio en Provisiones (CNCP) celebr\u00f3 un importante encuentro con los principales actores del comercio de la regi\u00f3n Norte en la ciudad de La Vega. El evento tuvo como objetivo fortalecer las relaciones entre el CNCP y los comerciantes de\u2026","rel":"","context":"En \u00abECONOM\u00cdA\u00bb","block_context":{"text":"ECONOM\u00cdA","link":"https:\/\/lasprimeras.com.do\/index.php\/category\/economia\/"},"img":{"alt_text":"","src":"https:\/\/i0.wp.com\/lasprimeras.com.do\/wp-content\/uploads\/2025\/04\/comerciantes-1.jpg?resize=350%2C200&ssl=1","width":350,"height":200,"srcset":"https:\/\/i0.wp.com\/lasprimeras.com.do\/wp-content\/uploads\/2025\/04\/comerciantes-1.jpg?resize=350%2C200&ssl=1 1x, https:\/\/i0.wp.com\/lasprimeras.com.do\/wp-content\/uploads\/2025\/04\/comerciantes-1.jpg?resize=525%2C300&ssl=1 1.5x"},"classes":[]},{"id":57331,"url":"https:\/\/lasprimeras.com.do\/index.php\/2023\/08\/11\/realizaran-en-sfm-vigesima-septima-version-de-expo-mayorista-2023\/","url_meta":{"origin":101727,"position":4},"title":"Realizar\u00e1n en SFM Vig\u00e9sima S\u00e9ptima Versi\u00f3n de Expo Mayorista 2023","author":"Nelson Feliz","date":"11 de agosto de 2023","format":false,"excerpt":"La Asociaci\u00f3n de Comerciantes de San Francisco de Macor\u00eds provincia Duarte, realizar\u00e1 la Vig\u00e9sima s\u00e9ptima versi\u00f3n de Expo Mayorista 2023, con una dedicatoria especial al administrador general del Banreservas Samuel Pereira, reconociendo adem\u00e1s la trayectoria en el periodismo del director del peri\u00f3dico List\u00edn Diario, Miguel Franjul y a nuestra estrella\u2026","rel":"","context":"En \u00abECONOM\u00cdA\u00bb","block_context":{"text":"ECONOM\u00cdA","link":"https:\/\/lasprimeras.com.do\/index.php\/category\/economia\/"},"img":{"alt_text":"Autoridades y comerciantes","src":"https:\/\/i0.wp.com\/lasprimeras.com.do\/wp-content\/uploads\/2023\/08\/Autoridades-y-comerciantes.jpg?resize=350%2C200&ssl=1","width":350,"height":200,"srcset":"https:\/\/i0.wp.com\/lasprimeras.com.do\/wp-content\/uploads\/2023\/08\/Autoridades-y-comerciantes.jpg?resize=350%2C200&ssl=1 1x, https:\/\/i0.wp.com\/lasprimeras.com.do\/wp-content\/uploads\/2023\/08\/Autoridades-y-comerciantes.jpg?resize=525%2C300&ssl=1 1.5x, https:\/\/i0.wp.com\/lasprimeras.com.do\/wp-content\/uploads\/2023\/08\/Autoridades-y-comerciantes.jpg?resize=700%2C400&ssl=1 2x"},"classes":[]},{"id":86895,"url":"https:\/\/lasprimeras.com.do\/index.php\/2024\/08\/02\/abinader-inaugurara-varias-obras-este-fin-de-semana-en-la-vega-dn-y-sd-este\/","url_meta":{"origin":101727,"position":5},"title":"Abinader inaugurar\u00e1 varias obras este fin de semana en La Vega, DN y SD Este","author":"Nelson Feliz","date":"2 de agosto de 2024","format":false,"excerpt":"El presidente Luis Abinader encabezar\u00e1 varias inauguraciones de obras este fin de semana en las provincias de La Vega, Distrito Nacional y Santo Domingo Este. Las obras a inaugurar por el gobernante incluyen, escuela, multiuso, oficinas de la JAC, techado deportivo, Primera Etapa de 25 kil\u00f3metros de asfaltado en La\u2026","rel":"","context":"En \u00abNACIONALES\u00bb","block_context":{"text":"NACIONALES","link":"https:\/\/lasprimeras.com.do\/index.php\/category\/nacionales\/"},"img":{"alt_text":"Luis Abinader","src":"https:\/\/i0.wp.com\/lasprimeras.com.do\/wp-content\/uploads\/2024\/07\/Luis-Abinader-7-1.jpg?resize=350%2C200&ssl=1","width":350,"height":200,"srcset":"https:\/\/i0.wp.com\/lasprimeras.com.do\/wp-content\/uploads\/2024\/07\/Luis-Abinader-7-1.jpg?resize=350%2C200&ssl=1 1x, https:\/\/i0.wp.com\/lasprimeras.com.do\/wp-content\/uploads\/2024\/07\/Luis-Abinader-7-1.jpg?resize=525%2C300&ssl=1 1.5x, https:\/\/i0.wp.com\/lasprimeras.com.do\/wp-content\/uploads\/2024\/07\/Luis-Abinader-7-1.jpg?resize=700%2C400&ssl=1 2x"},"classes":[]}],"jetpack_sharing_enabled":true,"_links":{"self":[{"href":"https:\/\/lasprimeras.com.do\/index.php\/wp-json\/wp\/v2\/posts\/101727","targetHints":{"allow":["GET"]}}],"collection":[{"href":"https:\/\/lasprimeras.com.do\/index.php\/wp-json\/wp\/v2\/posts"}],"about":[{"href":"https:\/\/lasprimeras.com.do\/index.php\/wp-json\/wp\/v2\/types\/post"}],"author":[{"embeddable":true,"href":"https:\/\/lasprimeras.com.do\/index.php\/wp-json\/wp\/v2\/users\/10"}],"replies":[{"embeddable":true,"href":"https:\/\/lasprimeras.com.do\/index.php\/wp-json\/wp\/v2\/comments?post=101727"}],"version-history":[{"count":1,"href":"https:\/\/lasprimeras.com.do\/index.php\/wp-json\/wp\/v2\/posts\/101727\/revisions"}],"predecessor-version":[{"id":101729,"href":"https:\/\/lasprimeras.com.do\/index.php\/wp-json\/wp\/v2\/posts\/101727\/revisions\/101729"}],"wp:featuredmedia":[{"embeddable":true,"href":"https:\/\/lasprimeras.com.do\/index.php\/wp-json\/wp\/v2\/media\/101728"}],"wp:attachment":[{"href":"https:\/\/lasprimeras.com.do\/index.php\/wp-json\/wp\/v2\/media?parent=101727"}],"wp:term":[{"taxonomy":"category","embeddable":true,"href":"https:\/\/lasprimeras.com.do\/index.php\/wp-json\/wp\/v2\/categories?post=101727"},{"taxonomy":"post_tag","embeddable":true,"href":"https:\/\/lasprimeras.com.do\/index.php\/wp-json\/wp\/v2\/tags?post=101727"}],"curies":[{"name":"wp","href":"https:\/\/api.w.org\/{rel}","templated":true}]}}