{"id":101741,"date":"2025-06-26T07:46:38","date_gmt":"2025-06-26T11:46:38","guid":{"rendered":"https:\/\/lasprimeras.com.do\/?p=101741"},"modified":"2025-06-26T07:46:40","modified_gmt":"2025-06-26T11:46:40","slug":"la-fda-exige-ampliar-advertencia-sobre-raro-riesgo-cardiaco-en-el-uso-de-vacunas-contra-el-covid","status":"publish","type":"post","link":"https:\/\/lasprimeras.com.do\/index.php\/2025\/06\/26\/la-fda-exige-ampliar-advertencia-sobre-raro-riesgo-cardiaco-en-el-uso-de-vacunas-contra-el-covid\/","title":{"rendered":"La FDA exige ampliar advertencia sobre raro riesgo cardiaco en el uso de vacunas contra el COVID"},"content":{"rendered":"\n<p>POR MATTHEW PERRONE<\/p>\n\n\n\n<p>WASHINGTON (AP) \u2014 Autoridades de salud de Estados Unidos informaron el mi\u00e9rcoles que han ampliado las advertencias existentes respecto a las dos principales vacunas contra el COVID-19 con respecto a un raro efecto secundario cardiaco que se ha visto principalmente en hombres j\u00f3venes.<\/p>\n\n\n\n<p>La miocarditis, un tipo de inflamaci\u00f3n del coraz\u00f3n que generalmente es leve, surgi\u00f3 como una complicaci\u00f3n despu\u00e9s de que las primeras vacunas estuvieran ampliamente disponibles en 2021.<\/p>\n\n\n\n<p>La informaci\u00f3n de Pfizer y Moderna que acompa\u00f1a a las vacunas ya les avisa a los m\u00e9dicos sobre este problema.<\/p>\n\n\n\n<p>En abril, la Administraci\u00f3n de Alimentos y Medicamentos (FDA, por sus siglas en ingl\u00e9s) envi\u00f3 cartas a ambos fabricantes de medicinas, pidi\u00e9ndoles que actualizaran y ampliaran las advertencias para agregar m\u00e1s detalles sobre el problema y abarcar a un grupo m\u00e1s amplio de pacientes.<\/p>\n\n\n\n<p>Aunque la FDA puede exigir cambios en las etiquetas, a menudo el proceso es m\u00e1s una negociaci\u00f3n con las empresas.<\/p>\n\n\n\n<p>Espec\u00edficamente, la nueva advertencia indica que el riesgo de miocarditis es de 8 casos por cada mill\u00f3n de personas que recibieron las vacunas contra el COVID-19 de 2023 a 2024 entre las edades de 6 meses y 64 a\u00f1os.<\/p>\n\n\n\n<p>La etiqueta tambi\u00e9n se\u00f1ala que el problema ha sido m\u00e1s com\u00fan entre varones de 12 a 24 a\u00f1os. La etiqueta anterior dec\u00eda que el problema ocurr\u00eda principalmente en j\u00f3venes de 12 a 17 a\u00f1os.<\/p>\n\n\n\n<p>El cambio en el etiquetado ordenado por la FDA parece entrar en conflicto con algunos hallazgos previos de cient\u00edficos en otras partes del gobierno de Estados Unidos.<\/p>\n\n\n\n<p>Los Centros para el Control y la Prevenci\u00f3n de Enfermedades (CDC, por sus siglas en ingl\u00e9s) concluyeron previamente que no se detect\u00f3 un aumento del riesgo de miocarditis en las bases de datos gubernamentales de lesiones por vacunas para las vacunas contra el COVID-19 desde 2022.<\/p>\n\n\n\n<p>Los funcionarios tambi\u00e9n se\u00f1alaron que los casos tienden a resolverse r\u00e1pidamente y son menos graves que los vinculados con la propia infecci\u00f3n por COVID-19, que tambi\u00e9n puede causar miocarditis.<\/p>\n\n\n\n<p>La FDA efectu\u00f3 su anuncio en un momento en que nuevos asesores de vacunas nombrados por el secretario de Salud, Robert F. Kennedy Jr., se reunieron para debatir el uso de las vacunas contra el COVID-19 para grupos clave de la poblaci\u00f3n, incluidas las mujeres embarazadas.<\/p>\n\n\n\n<p>Es la primera reuni\u00f3n del panel asesor de los CDC desde que Kennedy despidi\u00f3 abruptamente a los 17 miembros del grupo, nombrando un nuevo panel que incluye a varios miembros con antecedentes de haber efectuado declaraciones antivacunas.<\/p>\n\n\n\n<p>La actualizaci\u00f3n de la etiqueta ordenada por la FDA es la medida m\u00e1s reciente tomada por funcionarios que trabajan bajo la supervisi\u00f3n de Kennedy para restringir o socavar el uso de vacunas.<\/p>\n\n\n\n<p>El comisionado de la FDA, Marty Makary, y un alto subordinado suyo restringieron recientemente el acceso a las vacunas anuales contra el COVID-19 a adultos mayores y otros estadounidenses que corren mayor riesgo si contraen el virus.<\/p>\n\n\n\n<p>Tambi\u00e9n han planteado que los ajustes estacionales para que las vacunas coincidan con las cepas m\u00e1s recientes del virus en circulaci\u00f3n son nuevos productos que requieren aplicarles pruebas adicionales.<\/p>\n\n\n\n<p>Expertos externos dijeron que la nueva advertencia es el enfoque equivocado.<\/p>\n\n\n\n<p>\u201cEllos tienen raz\u00f3n al sugerir que necesitamos tomar en cuenta los riesgos de miocarditis vinculados con la vacuna, pero lo que proponen es exactamente la soluci\u00f3n equivocada\u201d, declar\u00f3 el doctor Robert Morris, especialista en salud p\u00fablica de la Universidad de Washington.<\/p>\n\n\n\n<p>\u201cDeber\u00edamos estar investigando qui\u00e9n es propenso a la miocarditis para ver si podemos pronosticar y mitigar ese riesgo\u201d.<\/p>\n\n\n\n<p>Makary y varios otros funcionarios de la FDA fueron objeto de atenci\u00f3n durante la pandemia al plantear que el gobierno federal exager\u00f3 los beneficios de los refuerzos contra el COVID-19 y minimiz\u00f3 los efectos secundarios graves, incluida la miocarditis.<\/p>\n\n\n\n<p>Antes de sumarse al gobierno, Makary y dos de sus actuales subordinados de la FDA escribieron un art\u00edculo en 2022 que dec\u00eda que exigir que los j\u00f3venes se apliquen refuerzos causar\u00eda m\u00e1s lesiones relacionadas con la vacuna que el n\u00famero de hospitalizaciones que pudiese evitar por infecciones de COVID-19.<\/p>\n\n\n\n<p>La conclusi\u00f3n contradec\u00eda la de muchos expertos l\u00edderes en vacunas y salud p\u00fablica en ese momento, incluidos los de los CDC.<\/p>\n","protected":false},"excerpt":{"rendered":"<p>POR MATTHEW PERRONE WASHINGTON (AP) \u2014 Autoridades de salud de Estados Unidos informaron el mi\u00e9rcoles que han ampliado las advertencias existentes respecto a las dos principales vacunas contra el COVID-19&hellip;<\/p>\n","protected":false},"author":10,"featured_media":101742,"comment_status":"open","ping_status":"open","sticky":false,"template":"","format":"standard","meta":{"content-type":"","jetpack_post_was_ever_published":false,"_jetpack_newsletter_access":"","_jetpack_dont_email_post_to_subs":false,"_jetpack_newsletter_tier_id":0,"_jetpack_memberships_contains_paywalled_content":false,"_jetpack_memberships_contains_paid_content":false,"footnotes":""},"categories":[16558],"tags":[1722,457,737,20877,7916],"class_list":["post-101741","post","type-post","status-publish","format-standard","has-post-thumbnail","hentry","category-salud","tag-advertencia","tag-covid","tag-fda","tag-raro-riesgo-cardiaco-en-el-uso","tag-vacunas"],"jetpack_featured_media_url":"https:\/\/lasprimeras.com.do\/wp-content\/uploads\/2025\/06\/fda.jpg","jetpack-related-posts":[{"id":53174,"url":"https:\/\/lasprimeras.com.do\/index.php\/2023\/06\/24\/solicita-moderna-a-la-fda-la-autorizacion-de-su-vacuna-covid-19-actualizada\/","url_meta":{"origin":101741,"position":0},"title":"Solicita Moderna a la FDA la autorizaci\u00f3n de su vacuna COVID-19 actualizada","author":"Nelson Feliz","date":"24 de junio de 2023","format":false,"excerpt":"Moderna empresa biotecnol\u00f3gica pionera en terapias y vacunas de ARN mensajero (ARNm), anunci\u00f3 que ha completado el proceso de solicitud de autorizaci\u00f3n a la FDA para su vacuna actualizada COVID-19 que contiene prote\u00ednas de pico para el sublinaje XBB.1.5 del SARS-CoV-2 (ARNm-1273.815). \"La agilidad de nuestra plataforma de ARNm nos\u2026","rel":"","context":"En \u00abSin categor\u00eda\u00bb","block_context":{"text":"Sin categor\u00eda","link":"https:\/\/lasprimeras.com.do\/index.php\/category\/sin-categoria\/"},"img":{"alt_text":"vacuna COVID-19 actualizada","src":"https:\/\/i0.wp.com\/lasprimeras.com.do\/wp-content\/uploads\/2023\/06\/MODERNA1-.jpg?resize=350%2C200&ssl=1","width":350,"height":200,"srcset":"https:\/\/i0.wp.com\/lasprimeras.com.do\/wp-content\/uploads\/2023\/06\/MODERNA1-.jpg?resize=350%2C200&ssl=1 1x, https:\/\/i0.wp.com\/lasprimeras.com.do\/wp-content\/uploads\/2023\/06\/MODERNA1-.jpg?resize=525%2C300&ssl=1 1.5x, https:\/\/i0.wp.com\/lasprimeras.com.do\/wp-content\/uploads\/2023\/06\/MODERNA1-.jpg?resize=700%2C400&ssl=1 2x"},"classes":[]},{"id":116820,"url":"https:\/\/lasprimeras.com.do\/index.php\/2025\/12\/04\/una-docena-de-exlideres-de-la-fda-critican-las-afirmaciones-del-actual-jefe-de-vacunas-de-la-agencia\/","url_meta":{"origin":101741,"position":1},"title":"Una docena de exl\u00edderes de la FDA critican las afirmaciones del actual jefe de vacunas de la agencia","author":"Nelson Feliz","date":"4 de diciembre de 2025","format":false,"excerpt":"Por LAURAN NEERGAARD \u200b\u200by LAURA UNGAR WASHINGTON (AP) \u2014 Una docena de exl\u00edderes de la Administraci\u00f3n de Alimentos y Medicamentos de Estados Unidos \u2014designados tanto por republicanos como por dem\u00f3cratas\u2014 emitieron una dura denuncia de las nuevas afirmaciones de la FDA que ponen en duda la seguridad de las vacunas.\u2026","rel":"","context":"En \u00abSALUD\u00bb","block_context":{"text":"SALUD","link":"https:\/\/lasprimeras.com.do\/index.php\/category\/salud\/"},"img":{"alt_text":"FDA","src":"https:\/\/i0.wp.com\/lasprimeras.com.do\/wp-content\/uploads\/2025\/12\/FDA.jpg?resize=350%2C200&ssl=1","width":350,"height":200,"srcset":"https:\/\/i0.wp.com\/lasprimeras.com.do\/wp-content\/uploads\/2025\/12\/FDA.jpg?resize=350%2C200&ssl=1 1x, https:\/\/i0.wp.com\/lasprimeras.com.do\/wp-content\/uploads\/2025\/12\/FDA.jpg?resize=525%2C300&ssl=1 1.5x, https:\/\/i0.wp.com\/lasprimeras.com.do\/wp-content\/uploads\/2025\/12\/FDA.jpg?resize=700%2C400&ssl=1 2x"},"classes":[]},{"id":81854,"url":"https:\/\/lasprimeras.com.do\/index.php\/2024\/04\/25\/lyssette-cardona-la-vacunacion-es-la-mejor-forma-de-prevenir-el-sarampion\/","url_meta":{"origin":101741,"position":2},"title":"Lyssette Cardona: &#8220;La vacunaci\u00f3n es la mejor forma de prevenir el sarampi\u00f3n&#8221;","author":"Nelson Feliz","date":"25 de abril de 2024","format":false,"excerpt":"Esta enfermedad puede afectar a personas de cualquier edad que no hayan sido vacunadas o que no la padecieran antes. En el marco de la Semana Mundial de la Inmunizaci\u00f3n, especialista de enfermedades infecciosas hace un llamado a la poblaci\u00f3n para vacunarse en contra del sarampi\u00f3n, dada la presencia y\u2026","rel":"","context":"En \u00abSin categor\u00eda\u00bb","block_context":{"text":"Sin categor\u00eda","link":"https:\/\/lasprimeras.com.do\/index.php\/category\/sin-categoria\/"},"img":{"alt_text":"Doctora Lyssette Cardona, especialista en enfermedades infecciosas","src":"https:\/\/i0.wp.com\/lasprimeras.com.do\/wp-content\/uploads\/2024\/04\/Doctora-Lyssette-Cardona-especialista-en-enfermedades-infecciosas.jpg?resize=350%2C200&ssl=1","width":350,"height":200,"srcset":"https:\/\/i0.wp.com\/lasprimeras.com.do\/wp-content\/uploads\/2024\/04\/Doctora-Lyssette-Cardona-especialista-en-enfermedades-infecciosas.jpg?resize=350%2C200&ssl=1 1x, https:\/\/i0.wp.com\/lasprimeras.com.do\/wp-content\/uploads\/2024\/04\/Doctora-Lyssette-Cardona-especialista-en-enfermedades-infecciosas.jpg?resize=525%2C300&ssl=1 1.5x"},"classes":[]},{"id":73301,"url":"https:\/\/lasprimeras.com.do\/index.php\/2024\/01\/08\/oms-pide-vuelta-de-las-mascarillas-y-volver-a-vacunarse-contra\/","url_meta":{"origin":101741,"position":3},"title":"OMS pide vuelta de las mascarillas y volver a vacunarse contra el Covid-19","author":"BIMARY DE JES\u00daS Matos","date":"8 de enero de 2024","format":false,"excerpt":"Santo Domingo.-El director general de la Organizaci\u00f3n Mundial de la Salud (OMS), Tedros Adhanom Ghebreyesus, inst\u00f3 al mundo a usar mascarillas. Asimismo, a vacunarse por la creciente incidencia de patolog\u00edas relacionadas con el covid-19. \u201cLas enfermedades respiratorias causadas por covid-19, la gripe y otros pat\u00f3genos aumentaron en muchos pa\u00edses durante\u2026","rel":"","context":"En \u00abSin categor\u00eda\u00bb","block_context":{"text":"Sin categor\u00eda","link":"https:\/\/lasprimeras.com.do\/index.php\/category\/sin-categoria\/"},"img":{"alt_text":"","src":"https:\/\/i0.wp.com\/lasprimeras.com.do\/wp-content\/uploads\/2024\/01\/Noticias-de-energia-2024-01-08T102410.429.jpg?resize=350%2C200&ssl=1","width":350,"height":200,"srcset":"https:\/\/i0.wp.com\/lasprimeras.com.do\/wp-content\/uploads\/2024\/01\/Noticias-de-energia-2024-01-08T102410.429.jpg?resize=350%2C200&ssl=1 1x, https:\/\/i0.wp.com\/lasprimeras.com.do\/wp-content\/uploads\/2024\/01\/Noticias-de-energia-2024-01-08T102410.429.jpg?resize=525%2C300&ssl=1 1.5x"},"classes":[]},{"id":67226,"url":"https:\/\/lasprimeras.com.do\/index.php\/2023\/11\/14\/vacuna-contra-el-covid-19-durante-el-embarazo-es-segura-para-madres-y-bebes\/","url_meta":{"origin":101741,"position":4},"title":"Vacuna contra el COVID-19 durante el embarazo es segura para madres y beb\u00e9s","author":"Nelson Feliz","date":"14 de noviembre de 2023","format":false,"excerpt":"La vacunaci\u00f3n contra COVID-19 antes y durante el embarazo ha demostrado ser efectiva, brindando beneficios tanto para a madre como para el beb\u00e9. Esta fue una de las conclusiones a las que se lleg\u00f3 durante el XX Congreso Latinoamericano de Enfermedades Infecciosas Pedi\u00e1tricas-SLIPE 2023 cuando un panel de especialistas de\u2026","rel":"","context":"En \u00abSin categor\u00eda\u00bb","block_context":{"text":"Sin categor\u00eda","link":"https:\/\/lasprimeras.com.do\/index.php\/category\/sin-categoria\/"},"img":{"alt_text":"","src":"https:\/\/i0.wp.com\/lasprimeras.com.do\/wp-content\/uploads\/2023\/11\/doctor-vacunar-paciente-clinica.jpg?resize=350%2C200&ssl=1","width":350,"height":200,"srcset":"https:\/\/i0.wp.com\/lasprimeras.com.do\/wp-content\/uploads\/2023\/11\/doctor-vacunar-paciente-clinica.jpg?resize=350%2C200&ssl=1 1x, https:\/\/i0.wp.com\/lasprimeras.com.do\/wp-content\/uploads\/2023\/11\/doctor-vacunar-paciente-clinica.jpg?resize=525%2C300&ssl=1 1.5x, https:\/\/i0.wp.com\/lasprimeras.com.do\/wp-content\/uploads\/2023\/11\/doctor-vacunar-paciente-clinica.jpg?resize=700%2C400&ssl=1 2x"},"classes":[]},{"id":73333,"url":"https:\/\/lasprimeras.com.do\/index.php\/2024\/01\/09\/las-vacunas-opcion-para-frenar-virus-respiratorios\/","url_meta":{"origin":101741,"position":5},"title":"Las vacunas, opci\u00f3n para frenar virus respiratorios","author":"BIMARY DE JES\u00daS Matos","date":"9 de enero de 2024","format":false,"excerpt":"Santo Domingo.-Una de las opciones que se plantean los especialistas para hacer frente al repunte de casos por virus respiratorios, es la vacunaci\u00f3n de la poblaci\u00f3n, pero desde la pandemia la confianza en la inmunizaci\u00f3n para diversas enfermedades se ha visto afectada por la campa\u00f1a de los llamados antivacunas. De\u2026","rel":"","context":"En \u00abNACIONALES\u00bb","block_context":{"text":"NACIONALES","link":"https:\/\/lasprimeras.com.do\/index.php\/category\/nacionales\/"},"img":{"alt_text":"","src":"https:\/\/i0.wp.com\/lasprimeras.com.do\/wp-content\/uploads\/2024\/01\/Wander-Franco-sale-de-prision-tras-pagar-garantia-economica-de-2-millones-de-pesos-3-2.webp?resize=350%2C200&ssl=1","width":350,"height":200,"srcset":"https:\/\/i0.wp.com\/lasprimeras.com.do\/wp-content\/uploads\/2024\/01\/Wander-Franco-sale-de-prision-tras-pagar-garantia-economica-de-2-millones-de-pesos-3-2.webp?resize=350%2C200&ssl=1 1x, https:\/\/i0.wp.com\/lasprimeras.com.do\/wp-content\/uploads\/2024\/01\/Wander-Franco-sale-de-prision-tras-pagar-garantia-economica-de-2-millones-de-pesos-3-2.webp?resize=525%2C300&ssl=1 1.5x"},"classes":[]}],"jetpack_sharing_enabled":true,"_links":{"self":[{"href":"https:\/\/lasprimeras.com.do\/index.php\/wp-json\/wp\/v2\/posts\/101741","targetHints":{"allow":["GET"]}}],"collection":[{"href":"https:\/\/lasprimeras.com.do\/index.php\/wp-json\/wp\/v2\/posts"}],"about":[{"href":"https:\/\/lasprimeras.com.do\/index.php\/wp-json\/wp\/v2\/types\/post"}],"author":[{"embeddable":true,"href":"https:\/\/lasprimeras.com.do\/index.php\/wp-json\/wp\/v2\/users\/10"}],"replies":[{"embeddable":true,"href":"https:\/\/lasprimeras.com.do\/index.php\/wp-json\/wp\/v2\/comments?post=101741"}],"version-history":[{"count":1,"href":"https:\/\/lasprimeras.com.do\/index.php\/wp-json\/wp\/v2\/posts\/101741\/revisions"}],"predecessor-version":[{"id":101743,"href":"https:\/\/lasprimeras.com.do\/index.php\/wp-json\/wp\/v2\/posts\/101741\/revisions\/101743"}],"wp:featuredmedia":[{"embeddable":true,"href":"https:\/\/lasprimeras.com.do\/index.php\/wp-json\/wp\/v2\/media\/101742"}],"wp:attachment":[{"href":"https:\/\/lasprimeras.com.do\/index.php\/wp-json\/wp\/v2\/media?parent=101741"}],"wp:term":[{"taxonomy":"category","embeddable":true,"href":"https:\/\/lasprimeras.com.do\/index.php\/wp-json\/wp\/v2\/categories?post=101741"},{"taxonomy":"post_tag","embeddable":true,"href":"https:\/\/lasprimeras.com.do\/index.php\/wp-json\/wp\/v2\/tags?post=101741"}],"curies":[{"name":"wp","href":"https:\/\/api.w.org\/{rel}","templated":true}]}}