{"id":101754,"date":"2025-06-26T08:54:02","date_gmt":"2025-06-26T12:54:02","guid":{"rendered":"https:\/\/lasprimeras.com.do\/?p=101754"},"modified":"2025-06-26T08:54:03","modified_gmt":"2025-06-26T12:54:03","slug":"la-disputa-en-el-senado-por-los-recortes-a-medicaid-amenaza-el-progreso-del-gran-proyecto-de-ley-de-trump","status":"publish","type":"post","link":"https:\/\/lasprimeras.com.do\/index.php\/2025\/06\/26\/la-disputa-en-el-senado-por-los-recortes-a-medicaid-amenaza-el-progreso-del-gran-proyecto-de-ley-de-trump\/","title":{"rendered":"La disputa en el Senado por los recortes a Medicaid amenaza el progreso del gran proyecto de ley de Trump"},"content":{"rendered":"\n<p>Por LISA MASCARO<\/p>\n\n\n\n<p>WASHINGTON (AP) \u2014 Un tema clave sin resolver que frena el progreso del gran proyecto de ley del presidente Donald Trump en el Congreso es particularmente desalentador: \u00bfC\u00f3mo recortar miles de millones de d\u00f3lares en atenci\u00f3n m\u00e9dica sin perjudicar a los estadounidenses ni a los hospitales y otros que brindan atenci\u00f3n?<\/p>\n\n\n\n<p>Los republicanos est\u00e1n luchando por encontrar una soluci\u00f3n al problema de salud que su paquete ha creado. Se estima que 10,9 millones m\u00e1s de personas se quedar\u00edan sin cobertura m\u00e9dica con la versi\u00f3n aprobada por la C\u00e1mara de Representantes. Los senadores republicanos han propuesto recortes m\u00e1s dr\u00e1sticos , que algunos consideran excesivos.<\/p>\n\n\n\n<p>&#8220;Los recortes del Senado a Medicaid son mucho m\u00e1s profundos que los de la C\u00e1mara de Representantes, y creo que eso es problem\u00e1tico&#8221;, dijo la senadora republicana Susan Collins de Maine.<\/p>\n\n\n\n<p>Los senadores se han reunido a puerta cerrada con funcionarios de la administraci\u00f3n Trump mientras se apresuran a finalizar el importante proyecto de ley antes de la fecha l\u00edmite del 4 de julio impuesta por el presidente .<\/p>\n\n\n\n<p>Gran parte del paquete, con sus exenciones fiscales y el aumento del gasto en seguridad fronteriza , est\u00e1 pr\u00e1cticamente redactado. Sin embargo, la magnitud y el alcance de los recortes a la atenci\u00f3n m\u00e9dica se encuentran entre los temas pendientes m\u00e1s dif\u00edciles.<\/p>\n\n\n\n<p>Recuerda al verano de 2017, durante el primer mandato de Trump, cuando los republicanos lucharon por cumplir su promesa de campa\u00f1a de &#8220;derogar y reemplazar&#8221; la Ley de Cuidado de Salud Asequible (Obamacare), solo para ver c\u00f3mo el Partido Republicano se fragmentaba ante la posibilidad de que los estadounidenses perdieran su cobertura m\u00e9dica. Esa legislaci\u00f3n se derrumb\u00f3 cuando el entonces senador John McCain, como es bien sabido, vot\u00f3 en contra.<\/p>\n\n\n\n<p>El l\u00edder de la mayor\u00eda del Senado, John Thune, est\u00e1 decidido a evitar ese resultado, respetando el cronograma y avanzando con la votaci\u00f3n prevista para el final de la semana.<\/p>\n\n\n\n<p>&#8220;Este es un buen proyecto de ley y ser\u00e1 excelente para nuestro pa\u00eds&#8221;, dijo Thune el mi\u00e9rcoles, defendiendo su potencial para impulsar el crecimiento econ\u00f3mico y poner dinero en los bolsillos de la gente.<\/p>\n\n\n\n<p>Siempre se esper\u00f3 que los cambios a los programas federales de salud, en particular Medicaid, se convirtieran en un elemento central del paquete republicano, una forma de compensar los costos de otorgar exenciones fiscales a millones de estadounidenses.<\/p>\n\n\n\n<p>Sin la intervenci\u00f3n del Congreso, los impuestos subir\u00edan el pr\u00f3ximo a\u00f1o cuando expire la legislaci\u00f3n fiscal vigente.<\/p>\n\n\n\n<p>El proyecto de ley aprobado por la C\u00e1mara de Representantes logr\u00f3 un ahorro total de aproximadamente 1,5 billones de d\u00f3lares, gran parte de los cuales provienen de cambios en la atenci\u00f3n m\u00e9dica.<\/p>\n\n\n\n<p>El programa Medicaid se ha expandido dr\u00e1sticamente en los 15 a\u00f1os transcurridos desde la promulgaci\u00f3n de Obamacare y ahora atiende a unos 80 millones de estadounidenses.<\/p>\n\n\n\n<p>Los republicanos afirman que esta cifra es excesiva y quieren reducir el tama\u00f1o del programa para cubrir principalmente a mujeres y ni\u00f1os de bajos recursos.<\/p>\n\n\n\n<p>El l\u00edder dem\u00f3crata de la C\u00e1mara de Representantes , Hakeem Jeffries, afirm\u00f3 que los republicanos est\u00e1n intentando &#8220;quitarle la atenci\u00f3n m\u00e9dica a decenas de millones de estadounidenses&#8221;. Los dem\u00f3cratas se oponen un\u00e1nimemente a lo que llaman el &#8220;proyecto de ley enorme y feo&#8221;.<\/p>\n\n\n\n<p>Gran parte de los ahorros en costos de atenci\u00f3n m\u00e9dica provendr\u00edan de nuevos requisitos de trabajo de 80 horas al mes para quienes reciben beneficios de Medicaid, incluso cuando la mayor\u00eda de los beneficiarios ya trabajan.<\/p>\n\n\n\n<p>Pero otra disposici\u00f3n, el llamado impuesto a los proveedores que casi todos los estados imponen en mayor o menor medida a los hospitales y otros organismos que atienden a pacientes de Medicaid, genera especial preocupaci\u00f3n por los posibles recortes a los hospitales rurales.<\/p>\n\n\n\n<p>El senador Josh Hawley, republicano por Missouri, dijo que varios senadores hablaron el mi\u00e9rcoles durante una reuni\u00f3n privada indicando que a\u00fan no estaban listos para empezar a votar. &#8220;Eso depender\u00e1 de si logramos que el avi\u00f3n aterrice en los hospitales rurales&#8221;, dijo.<\/p>\n\n\n\n<p>Los estados imponen los impuestos para financiar Medicaid, principalmente incrementando los reembolsos que reciben del gobierno federal. Los cr\u00edticos denuncian el sistema como una forma de &#8220;blanqueo&#8221;, pero casi todos los estados, excepto Alaska, lo utilizan para contribuir a la cobertura m\u00e9dica.<\/p>\n\n\n\n<p>El proyecto de ley aprobado por la C\u00e1mara congelar\u00eda los impuestos a los proveedores en los niveles actuales, mientras que la propuesta del Senado va m\u00e1s all\u00e1 al reducir el impuesto que algunos estados pueden imponer.<\/p>\n\n\n\n<p>&#8220;S\u00e9 que los estados son adictos a \u00e9l&#8221;, dijo el senador Roger Marshall, republicano por Kansas. Pero a\u00f1adi\u00f3: &#8220;Obviamente, el impuesto a los proveedores debe desaparecer&#8221;.<\/p>\n\n\n\n<p>Pero varios senadores republicanos y los hospitales y otros proveedores de servicios m\u00e9dicos en sus estados est\u00e1n expresando profundas preocupaciones de que los cambios en los impuestos a los proveedores diezmar\u00edan a los hospitales rurales.<\/p>\n\n\n\n<p>En un llamado a los legisladores, la Asociaci\u00f3n Estadounidense de Hospitales dijo que los recortes no solo afectar\u00e1n a aquellos que reciben cobertura m\u00e9dica a trav\u00e9s de Medicaid, sino que tambi\u00e9n sobrecargar\u00e1n a\u00fan m\u00e1s las salas de emergencia &#8220;a medida que se convierten en el m\u00e9dico de familia de millones de personas recientemente sin seguro&#8221;.<\/p>\n\n\n\n<p>\u201cY lo que es peor, algunos hospitales, especialmente aquellos en comunidades rurales, podr\u00edan verse obligados a cerrar por completo\u201d, dijo Rick Pollack, presidente y director ejecutivo del grupo hospitalario.<\/p>\n\n\n\n<p>La Asociaci\u00f3n Cat\u00f3lica de Salud de Estados Unidos se\u00f1al\u00f3 en su propia carta que Medicaid proporciona cobertura de seguro m\u00e9dico a una de cada cinco personas y a casi la mitad de todos los ni\u00f1os.<\/p>\n\n\n\n<p>\u201cLos cambios propuestos a Medicaid tendr\u00edan consecuencias devastadoras, particularmente para aquellos que viven en pueblos peque\u00f1os y comunidades rurales, donde Medicaid es a menudo la principal fuente de cobertura de atenci\u00f3n m\u00e9dica\u201d, dijo la hermana Mary Haddad, presidenta y directora ejecutiva del grupo.<\/p>\n\n\n\n<p>En un intento por encontrar una soluci\u00f3n al problema, los senadores est\u00e1n considerando crear un fondo para hospitales rurales para ayudar a compensar la p\u00e9rdida de dinero de Medicaid.<\/p>\n\n\n\n<p>Los senadores republicanos hicieron circular una propuesta para destinar 15 mil millones de d\u00f3lares a un nuevo fondo para hospitales rurales. Sin embargo, varios senadores consideraron que la cifra es excesiva, mientras que otros la consideraron insuficiente. Collins propuso que el fondo se fije en 100 mil millones de d\u00f3lares.<\/p>\n\n\n\n<p>&#8220;No ser\u00e1 tan grande, pero habr\u00e1 un fondo&#8221;, dijo Thune.<\/p>\n\n\n\n<p>Hawley, quien ha sido uno de los que m\u00e1s se ha expresado abiertamente sobre los recortes a la atenci\u00f3n m\u00e9dica, dijo que est\u00e1 interesado en el fondo del hospital rural pero necesita escuchar m\u00e1s sobre c\u00f3mo funcionar\u00eda.<\/p>\n\n\n\n<p>Tambi\u00e9n ha expresado su preocupaci\u00f3n por un nuevo copago de 35 d\u00f3lares por servicio que podr\u00eda cobrarse a los beneficiarios de Medicaid, que figura en las versiones del proyecto de ley de la C\u00e1mara de Representantes y del Senado.<\/p>\n\n\n\n<p>\u201cObtener el fondo es positivo. Es importante, un paso adelante\u201d, dijo Hawley. Pero pregunt\u00f3: \u201c\u00bfC\u00f3mo distribuye realmente el dinero el fondo? \u00bfQui\u00e9n lo har\u00e1 llegar a los hospitales? \u00bfO ser\u00e1 solo algo que exista en el papel?\u201d<\/p>\n\n\n\n<p>Un nuevo an\u00e1lisis del Consejo de Asesores Econ\u00f3micos de la Casa Blanca estima que el paquete resultar\u00eda en una reducci\u00f3n del d\u00e9ficit de hasta 2,3 billones de d\u00f3lares en 10 a\u00f1os, una evaluaci\u00f3n marcadamente diferente a la de otros an\u00e1lisis.<\/p>\n\n\n\n<p>En contraste, el an\u00e1lisis din\u00e1mico de la medida aprobada por la C\u00e1mara de Representantes, realizado por la Oficina de Presupuesto del Congreso ( CBO), una entidad no partidista , estima un aumento del d\u00e9ficit de 2,8 billones de d\u00f3lares durante la pr\u00f3xima d\u00e9cada.<\/p>\n","protected":false},"excerpt":{"rendered":"<p>Por LISA MASCARO WASHINGTON (AP) \u2014 Un tema clave sin resolver que frena el progreso del gran proyecto de ley del presidente Donald Trump en el Congreso es particularmente desalentador:&hellip;<\/p>\n","protected":false},"author":10,"featured_media":101755,"comment_status":"open","ping_status":"open","sticky":false,"template":"","format":"standard","meta":{"content-type":"","jetpack_post_was_ever_published":false,"_jetpack_newsletter_access":"","_jetpack_dont_email_post_to_subs":false,"_jetpack_newsletter_tier_id":0,"_jetpack_memberships_contains_paywalled_content":false,"_jetpack_memberships_contains_paid_content":false,"footnotes":""},"categories":[16558],"tags":[6934,978,12123,4126,1992,17638,413],"class_list":["post-101754","post","type-post","status-publish","format-standard","has-post-thumbnail","hentry","category-salud","tag-disputa","tag-donald-trump","tag-medicaid","tag-progreso","tag-proyecto-de-ley","tag-recortes","tag-senado"],"jetpack_featured_media_url":"https:\/\/lasprimeras.com.do\/wp-content\/uploads\/2025\/06\/John-Thune.jpg","jetpack-related-posts":[{"id":99483,"url":"https:\/\/lasprimeras.com.do\/index.php\/2025\/05\/22\/republicanos-de-la-camara-aprueban-el-gran-proyecto-fiscal-de-trump-tras-una-sesion-nocturna\/","url_meta":{"origin":101754,"position":0},"title":"Republicanos de la C\u00e1mara aprueban el gran proyecto fiscal de Trump tras una sesi\u00f3n nocturna","author":"Nelson Feliz","date":"22 de mayo de 2025","format":false,"excerpt":"POR LISA MASCARO, KEVIN FREKING and LEAH ASKARINAM WASHINGTON (AP) \u2014 Los republicanos de la C\u00e1mara de Representantes se quedaron despiertos toda la noche para aprobar su paquete de recortes fiscales de varios billones de d\u00f3lares. El presidente de la C\u00e1mara, Mike Johnson, desafi\u00f3 a los esc\u00e9pticos y unific\u00f3 sus\u2026","rel":"","context":"En \u00abINTERNACIONALES\u00bb","block_context":{"text":"INTERNACIONALES","link":"https:\/\/lasprimeras.com.do\/index.php\/category\/sin-categoria\/internacionales\/"},"img":{"alt_text":"","src":"https:\/\/i0.wp.com\/lasprimeras.com.do\/wp-content\/uploads\/2025\/05\/Mike-Johnson.jpg?resize=350%2C200&ssl=1","width":350,"height":200,"srcset":"https:\/\/i0.wp.com\/lasprimeras.com.do\/wp-content\/uploads\/2025\/05\/Mike-Johnson.jpg?resize=350%2C200&ssl=1 1x, https:\/\/i0.wp.com\/lasprimeras.com.do\/wp-content\/uploads\/2025\/05\/Mike-Johnson.jpg?resize=525%2C300&ssl=1 1.5x, https:\/\/i0.wp.com\/lasprimeras.com.do\/wp-content\/uploads\/2025\/05\/Mike-Johnson.jpg?resize=700%2C400&ssl=1 2x"},"classes":[]},{"id":99523,"url":"https:\/\/lasprimeras.com.do\/index.php\/2025\/05\/22\/camara-de-representantes-aprueba-plan-fiscal-de-trump-sera-enviado-al-senado\/","url_meta":{"origin":101754,"position":1},"title":"C\u00e1mara de Representantes aprueba plan fiscal de Trump: ser\u00e1 enviado al Senado","author":"Nelson Feliz","date":"22 de mayo de 2025","format":false,"excerpt":"La aprobaci\u00f3n se defini\u00f3 por un voto luego de una larga sesi\u00f3n nocturna, la cual gener\u00f3 debate entre los mismos republicanos. Por Jerald Jim\u00e9nez La C\u00e1mara de Representantes aprob\u00f3 luz verde al megaproyecto de recortes fiscales y aumento del gasto p\u00fablico impulsado por el mandatario Donald Trump, que ahora deber\u00e1\u2026","rel":"","context":"En \u00abECONOM\u00cdA\u00bb","block_context":{"text":"ECONOM\u00cdA","link":"https:\/\/lasprimeras.com.do\/index.php\/category\/economia\/"},"img":{"alt_text":"","src":"https:\/\/i0.wp.com\/lasprimeras.com.do\/wp-content\/uploads\/2025\/05\/Camara-de-Representantes.jpg?resize=350%2C200&ssl=1","width":350,"height":200,"srcset":"https:\/\/i0.wp.com\/lasprimeras.com.do\/wp-content\/uploads\/2025\/05\/Camara-de-Representantes.jpg?resize=350%2C200&ssl=1 1x, https:\/\/i0.wp.com\/lasprimeras.com.do\/wp-content\/uploads\/2025\/05\/Camara-de-Representantes.jpg?resize=525%2C300&ssl=1 1.5x, https:\/\/i0.wp.com\/lasprimeras.com.do\/wp-content\/uploads\/2025\/05\/Camara-de-Representantes.jpg?resize=700%2C400&ssl=1 2x"},"classes":[]},{"id":94482,"url":"https:\/\/lasprimeras.com.do\/index.php\/2025\/03\/01\/dominicanos-saldran-perjudicados-con-recortes-al-seguros-de-salud-medicaid\/","url_meta":{"origin":101754,"position":2},"title":"Dominicanos saldr\u00e1n perjudicados con recortes al seguros de salud Medicaid","author":"Nelson Feliz","date":"1 de marzo de 2025","format":false,"excerpt":"Por Ram\u00f3n Mercedes NUEVA YORK.- El especialista en seguros de salud en esta ciudad, Jaime Vargas, alerta sobre recortes en el Medicaid de al menos $880 mil millones de d\u00f3lares, que perjudicar\u00eda a 72 millones de personas que lo poseen, entre ellos cientos de miles de dominicanos, entre otras etnias,\u2026","rel":"","context":"En \u00abSALUD\u00bb","block_context":{"text":"SALUD","link":"https:\/\/lasprimeras.com.do\/index.php\/category\/salud\/"},"img":{"alt_text":"","src":"https:\/\/i0.wp.com\/lasprimeras.com.do\/wp-content\/uploads\/2025\/03\/experto.jpg?resize=350%2C200&ssl=1","width":350,"height":200,"srcset":"https:\/\/i0.wp.com\/lasprimeras.com.do\/wp-content\/uploads\/2025\/03\/experto.jpg?resize=350%2C200&ssl=1 1x, https:\/\/i0.wp.com\/lasprimeras.com.do\/wp-content\/uploads\/2025\/03\/experto.jpg?resize=525%2C300&ssl=1 1.5x"},"classes":[]},{"id":90930,"url":"https:\/\/lasprimeras.com.do\/index.php\/2024\/11\/03\/harris-acusa-a-trump-de-buscar-un-poder-sin-control-y-promete-ayuda-a-la-clase-media\/","url_meta":{"origin":101754,"position":3},"title":"Harris acusa a Trump de &#8220;buscar un poder sin control&#8221; y promete ayuda a la clase media","author":"Nelson Feliz","date":"3 de noviembre de 2024","format":false,"excerpt":"Miami, (EFE).- La vicepresidenta estadounidense y candidata dem\u00f3crata, Kamala Harris, carg\u00f3 este s\u00e1bado en el estado clave de Carolina del Norte contra el expresidente Donald Trump (2017-2021) por \"buscar un poder sin control\", al tiempo que prometi\u00f3 un gran recorte de impuestos que beneficie a la clase media. En un\u2026","rel":"","context":"En \u00abSin categor\u00eda\u00bb","block_context":{"text":"Sin categor\u00eda","link":"https:\/\/lasprimeras.com.do\/index.php\/category\/sin-categoria\/"},"img":{"alt_text":"","src":"https:\/\/i0.wp.com\/lasprimeras.com.do\/wp-content\/uploads\/2024\/11\/Kamala-Harris-9.jpg?resize=350%2C200&ssl=1","width":350,"height":200,"srcset":"https:\/\/i0.wp.com\/lasprimeras.com.do\/wp-content\/uploads\/2024\/11\/Kamala-Harris-9.jpg?resize=350%2C200&ssl=1 1x, https:\/\/i0.wp.com\/lasprimeras.com.do\/wp-content\/uploads\/2024\/11\/Kamala-Harris-9.jpg?resize=525%2C300&ssl=1 1.5x"},"classes":[]},{"id":99928,"url":"https:\/\/lasprimeras.com.do\/index.php\/2025\/05\/29\/musk-deja-su-puesto-en-el-gobierno-de-trump-tras-criticar-proyecto-de-ley-del-presidente\/","url_meta":{"origin":101754,"position":4},"title":"Musk deja su puesto en el gobierno de Trump tras criticar proyecto de ley del presidente","author":"Nelson Feliz","date":"29 de mayo de 2025","format":false,"excerpt":"POR CHRIS MEGERIAN WASHINGTON (AP) \u2014 Elon Musk dejar\u00e1 su cargo en el gobierno como uno de los principales asesores del presidente Donald Trump despu\u00e9s de que estuvo al frente de las labores para reducir y reformar la burocracia federal. El empresario dio a conocer su decisi\u00f3n el mi\u00e9rcoles con\u2026","rel":"","context":"En \u00abSin categor\u00eda\u00bb","block_context":{"text":"Sin categor\u00eda","link":"https:\/\/lasprimeras.com.do\/index.php\/category\/sin-categoria\/"},"img":{"alt_text":"","src":"https:\/\/i0.wp.com\/lasprimeras.com.do\/wp-content\/uploads\/2025\/05\/Elon-Musk.jpg?resize=350%2C200&ssl=1","width":350,"height":200,"srcset":"https:\/\/i0.wp.com\/lasprimeras.com.do\/wp-content\/uploads\/2025\/05\/Elon-Musk.jpg?resize=350%2C200&ssl=1 1x, https:\/\/i0.wp.com\/lasprimeras.com.do\/wp-content\/uploads\/2025\/05\/Elon-Musk.jpg?resize=525%2C300&ssl=1 1.5x, https:\/\/i0.wp.com\/lasprimeras.com.do\/wp-content\/uploads\/2025\/05\/Elon-Musk.jpg?resize=700%2C400&ssl=1 2x"},"classes":[]},{"id":94196,"url":"https:\/\/lasprimeras.com.do\/index.php\/2025\/02\/26\/republicanos-en-la-camara-aprueban-resolucion-de-presupuesto-con-recortes-masivos-de-impuestos\/","url_meta":{"origin":101754,"position":5},"title":"Republicanos en la C\u00e1mara aprueban resoluci\u00f3n de presupuesto con recortes masivos de impuestos","author":"Nelson Feliz","date":"26 de febrero de 2025","format":false,"excerpt":"Lo aprobado este martes sirve como punto de partida para negociar el proyecto de ley de presupuestos. Washington.EFE \u2013 Los republicanos, que controlan la C\u00e1mara de Representantes de Estados Unidos, aprobaron este martes un plan presupuestario que incluye recortes masivos de impuestos y de gastos para cumplir con la agenda\u2026","rel":"","context":"En \u00abINTERNACIONALES\u00bb","block_context":{"text":"INTERNACIONALES","link":"https:\/\/lasprimeras.com.do\/index.php\/category\/sin-categoria\/internacionales\/"},"img":{"alt_text":"John Kennedy","src":"https:\/\/i0.wp.com\/lasprimeras.com.do\/wp-content\/uploads\/2025\/02\/John-Kennedy.png?resize=350%2C200&ssl=1","width":350,"height":200,"srcset":"https:\/\/i0.wp.com\/lasprimeras.com.do\/wp-content\/uploads\/2025\/02\/John-Kennedy.png?resize=350%2C200&ssl=1 1x, https:\/\/i0.wp.com\/lasprimeras.com.do\/wp-content\/uploads\/2025\/02\/John-Kennedy.png?resize=525%2C300&ssl=1 1.5x, https:\/\/i0.wp.com\/lasprimeras.com.do\/wp-content\/uploads\/2025\/02\/John-Kennedy.png?resize=700%2C400&ssl=1 2x"},"classes":[]}],"jetpack_sharing_enabled":true,"_links":{"self":[{"href":"https:\/\/lasprimeras.com.do\/index.php\/wp-json\/wp\/v2\/posts\/101754","targetHints":{"allow":["GET"]}}],"collection":[{"href":"https:\/\/lasprimeras.com.do\/index.php\/wp-json\/wp\/v2\/posts"}],"about":[{"href":"https:\/\/lasprimeras.com.do\/index.php\/wp-json\/wp\/v2\/types\/post"}],"author":[{"embeddable":true,"href":"https:\/\/lasprimeras.com.do\/index.php\/wp-json\/wp\/v2\/users\/10"}],"replies":[{"embeddable":true,"href":"https:\/\/lasprimeras.com.do\/index.php\/wp-json\/wp\/v2\/comments?post=101754"}],"version-history":[{"count":1,"href":"https:\/\/lasprimeras.com.do\/index.php\/wp-json\/wp\/v2\/posts\/101754\/revisions"}],"predecessor-version":[{"id":101756,"href":"https:\/\/lasprimeras.com.do\/index.php\/wp-json\/wp\/v2\/posts\/101754\/revisions\/101756"}],"wp:featuredmedia":[{"embeddable":true,"href":"https:\/\/lasprimeras.com.do\/index.php\/wp-json\/wp\/v2\/media\/101755"}],"wp:attachment":[{"href":"https:\/\/lasprimeras.com.do\/index.php\/wp-json\/wp\/v2\/media?parent=101754"}],"wp:term":[{"taxonomy":"category","embeddable":true,"href":"https:\/\/lasprimeras.com.do\/index.php\/wp-json\/wp\/v2\/categories?post=101754"},{"taxonomy":"post_tag","embeddable":true,"href":"https:\/\/lasprimeras.com.do\/index.php\/wp-json\/wp\/v2\/tags?post=101754"}],"curies":[{"name":"wp","href":"https:\/\/api.w.org\/{rel}","templated":true}]}}