{"id":101762,"date":"2025-06-23T09:23:14","date_gmt":"2025-06-23T13:23:14","guid":{"rendered":"https:\/\/lasprimeras.com.do\/?p=101762"},"modified":"2025-06-26T09:32:03","modified_gmt":"2025-06-26T13:32:03","slug":"rinden-tributo-y-honran-memoria-del-lider-choferil-alfredo-pulinario-cambita","status":"publish","type":"post","link":"https:\/\/lasprimeras.com.do\/index.php\/2025\/06\/23\/rinden-tributo-y-honran-memoria-del-lider-choferil-alfredo-pulinario-cambita\/","title":{"rendered":"Rinden tributo y honran memoria del l\u00edder choferil Alfredo Pulinario (Cambita)"},"content":{"rendered":"\n<p><strong>Cientos de personas se reunieron este lunes para resaltar valores y virtudes de quien fuera presidente de MOCHOTR\u00c1N, Alfredo Pulinario (Cambita), al conmemorarse el primer aniversario de su fallecimiento.<\/strong><\/p>\n\n\n\n<p>Cientos de dirigentes y miembros de empresas y organizaciones del sector transporte se reunieron este lunes, 23 de junio de 2025, para rendir tributo al destacado l\u00edder choferil y empresario Alfredo Pulinario (Cambita), justo al conmemorarse el primer aniversario de su fallecimiento.<\/p>\n\n\n\n<p>La terminal de autobuses de la Central Nacional Movimiento Choferil del Transporte (MOCHOTRAN), sito en el kil\u00f3metro 14 de la autopista Las Am\u00e9ricas, fue el lugar escogido para que sus hijos, nietos, biznietos, hermanos y otros familiares, as\u00ed como quienes le ten\u00edan como su aut\u00e9ntico l\u00edder, con una muy clara expresi\u00f3n de unidad, asumiendo, al mismo tiempo, el compromiso de mantener vivo el legado del destacado l\u00edder choferil y empresario Alfredo Pulinario (Cambita).<\/p>\n\n\n\n<p>Las actividades de recordaci\u00f3n de Alfredo Pulinario (Cambita) se extendieron durante todo el d\u00eda, inici\u00e1ndose en horas de la ma\u00f1ana con una misa, oficiada por el reverendo padre Pablo Daniel Zorrilla, de la Parroquia San Maximiliano Kolbe, templo al que cada domingo el fenecido dirigente choferil asist\u00eda, pues hasta la hora de su muerte se mantuvo como un cat\u00f3lico militante.<\/p>\n\n\n\n<p>\u201cA Cambita siempre lo recordamos y lo recordaremos siempre como un hombre de una fe inquebrantable, un cat\u00f3lico firme y militante, un creyente en Dios que cada domingo ocupaba la primera fila en nuestro templo\u201d, cit\u00f3 el padre Pablo Daniel Zorrilla.<\/p>\n\n\n\n<p>El padre Pablo Daniel Zorrilla record\u00f3 que el 23 de junio de 2024, fecha en que Alfredo Pulinario (Cambita) falleci\u00f3, era precisamente domingo y momentos antes de su muerte, \u201chab\u00eda asistido a misa a adorar el nombre de Dios\u201d.<\/p>\n\n\n\n<p>Al momento de su muerte, Alfredo Pulinario (Cambita) se desempe\u00f1aba como gerente general del Grupo de Empresas del Transporte Mochotr\u00e1n, entidad operadora de los corredores de transporte masivo de pasajeros de las avenidas Charles de Gaulle y Winston Churchil.<\/p>\n\n\n\n<p>Alfredo Pulinario (Cambita) era tambi\u00e9n presidente de la Central Nacional Movimiento Choferil del Transporte (MOCHOTRAN), organizaci\u00f3n que agrupa 157 empresas, sindicatos, cooperativas, asociaciones y rutas, diseminados en todo el territorio de Rep\u00fablica Dominicana, cuyos dirigentes y una buena parte de sus miembros estaban presentes en los actos para recordar su memoria.<\/p>\n\n\n\n<p>\u201cY para recordarle, este lunes, 23 de junio de 2025, nos hemos reunido sus hijos, nietos, biznietos, hermanos y dem\u00e1s familiares, as\u00ed como la gran familia que es MOCHOTR\u00c1N, para rendir un tributo en su honor, as\u00ed como recordar y mantener el gran legado que \u00e9l nos dej\u00f3\u201d, coment\u00f3 su hijo, el actual presidente de MOCHOTR\u00c1N, Alfredo Pulinario Mariot (Tito Cambita), al referirse a la importancia del homenaje rendido a la memoria de su padre.<\/p>\n\n\n\n<p>Alfredo Pulinario Mariot (Tito Cambita) dijo agradecer a todos los presentes el haber acudido a estos actos, especialmente a funcionarios gubernamentales y a dirigentes choferiles, empresarios del transporte y representantes de otros segmentos de la sociedad all\u00ed presentes.<\/p>\n\n\n\n<p>\u00bfQui\u00e9n fue Alfredo Pulinario (Cambita)?<\/p>\n\n\n\n<p>El periodista Vianelo Perdomo, quien fuera amigo de Alfredo Pulinario (Cambita), y asesor de la Central Nacional Movimiento Choferil del Transporte (MOCHOTRAN), ley\u00f3 una breve semblanza, calificando al l\u00edder choferil como \u201cun acorazado\u201d.<\/p>\n\n\n\n<p>\u201cSe\u00f1oras y se\u00f1ores, en las armadas, en los ej\u00e9rcitos de marina, un \u2018acorazado\u2019 es un tipo de barco de guerra grande, y fuertemente blindado, equipado con artiller\u00eda de gran calibre. Como un \u2018acorazado\u2019 era nuestro Alfredo Pulinario (Cambita)\u201d, expres\u00f3 Vianelo Perdomo al rememorar el tipo de hombre que era el l\u00edder de MOCHOTR\u00c1N.<\/p>\n\n\n\n<p>Record\u00f3 que Alfredo Pulinario (Cambita)\u201d, naci\u00f3 en el municipio de Cambita, en la provincia San Crist\u00f3bal, donde pas\u00f3 su ni\u00f1ez y parte de su adolescencia, hasta ingresar como raso del Ej\u00e9rcito Nacional (hoy Ej\u00e9rcito de Rep\u00fablica Dominicana), donde se gradu\u00f3 como especialista en artiller\u00eda llegando a ser operador de tanques de guerra y carros de asalto, adem\u00e1s de llegar a ser instructor en el Centro de Ense\u00f1anza de las Fuerzas Armadas (CEFA), bajo el mando del entonces coronel El\u00edas Wessin y Wessin.<\/p>\n\n\n\n<p>Cit\u00f3 que, a mediados de la d\u00e9cada de los a\u00f1os 70, al salir del Ej\u00e9rcito Nacional (hoy Ej\u00e9rcito de Rep\u00fablica Dominicana), Alfredo Pulinario (Cambita) se vincula al sector transporte p\u00fablico de pasajeros, laborando en diversas rutas del Distrito Nacional, granje\u00e1ndose la simpat\u00eda de sus colegas choferes lo que lo lleva a vincularse al sindicalismo choferil a trav\u00e9s de organizaciones como la Uni\u00f3n de Choferes Independientes (UCHOIN) y de la Uni\u00f3n Nacional de Choferes Independientes (UNACHOSIN).<\/p>\n\n\n\n<p>Posteriormente, entre mediados de la d\u00e9cada de los a\u00f1os 70 y principios de los a\u00f1os, junto al tambi\u00e9n fenecido Ram\u00f3n P\u00e9rez Figuereo, lidera el Frente Nacional de Operadores de Rutas del Transporte, instrumento sindical choferil que lleg\u00f3 a reunir la casi totalidad del liderazgo choferil de Rep\u00fablica Dominicana.<\/p>\n\n\n\n<p>Tras la divisi\u00f3n del Frente Nacional de Operadores de Rutas del Transporte, de cuya divisi\u00f3n surge la Federaci\u00f3n Nacional de Transporte La Nueva Opci\u00f3n (FENATRANO), el l\u00edder choferil Alfredo Pulinario (Cambita) crea el Movimiento Sindical Choferil (MOSICHO), hasta lograr fundar uno de los instrumentos sindicales-choferiles m\u00e1s importante de la actualidad en Rep\u00fablica Dominicana: la Central Nacional Movimiento Choferil del Transporte (MOCHOTRAN), que aglutina 157 entidades a nivel nacional y desde donde se constituye el Grupo de Empresas del Transporte Mochotr\u00e1n, actual operador de los corredores Winston Churchill y Carles de Gaulle.<\/p>\n\n\n\n<p>\u201cEse es parte del legado que este lunes, 23 de junio de 2025, estamos recordando para honrar a Alfredo Pulinario (Cambita), sin duda alguna uno de los pilares del movimiento sindical choferil de la Rep\u00fablica Dominicana\u201d, concluy\u00f3 el periodista Vianelo Perdomo al resaltar la vida del p\u00f3stumamente homenajeado l\u00edder choferil.<\/p>\n","protected":false},"excerpt":{"rendered":"<p>Cientos de personas se reunieron este lunes para resaltar valores y virtudes de quien fuera presidente de MOCHOTR\u00c1N, Alfredo Pulinario (Cambita), al conmemorarse el primer aniversario de su fallecimiento. Cientos&hellip;<\/p>\n","protected":false},"author":10,"featured_media":101763,"comment_status":"open","ping_status":"open","sticky":false,"template":"","format":"standard","meta":{"content-type":"","jetpack_post_was_ever_published":false,"_jetpack_newsletter_access":"","_jetpack_dont_email_post_to_subs":false,"_jetpack_newsletter_tier_id":0,"_jetpack_memberships_contains_paywalled_content":false,"_jetpack_memberships_contains_paid_content":false,"footnotes":""},"categories":[35],"tags":[7631,647,18712,20885,20886],"class_list":["post-101762","post","type-post","status-publish","format-standard","has-post-thumbnail","hentry","category-nacionales","tag-alfredo-pulinario","tag-cambita","tag-honran-memoria","tag-lider-choferil","tag-rinden-tributo"],"jetpack_featured_media_url":"https:\/\/lasprimeras.com.do\/wp-content\/uploads\/2025\/06\/Alfredo-Pulinario-1.jpg","jetpack-related-posts":[{"id":101315,"url":"https:\/\/lasprimeras.com.do\/index.php\/2025\/06\/18\/honraran-memoria-y-recordaran-legado-del-dirigente-choferil-alfredo-pulinario-cambita\/","url_meta":{"origin":101762,"position":0},"title":"Honrar\u00e1n memoria y recordar\u00e1n legado del dirigente choferil Alfredo Pulinario (Cambita)","author":"Nelson Feliz","date":"18 de junio de 2025","format":false,"excerpt":"El destacado l\u00edder choferil y empresario del transporte, Alfredo Pulinario (Cambita), ser\u00e1 objeto de un homenaje p\u00f3stumo el lunes, 23 de junio de 2025, al cumplirse el primer aniversario de su fallecimiento. Al momento de su muerte, el 23 de junio de 2024, Alfredo Pulinario (Cambita) se desempe\u00f1aba como gerente\u2026","rel":"","context":"En \u00abNACIONALES\u00bb","block_context":{"text":"NACIONALES","link":"https:\/\/lasprimeras.com.do\/index.php\/category\/nacionales\/"},"img":{"alt_text":"","src":"https:\/\/i0.wp.com\/lasprimeras.com.do\/wp-content\/uploads\/2025\/06\/Alfredo-Pulinario.jpg?resize=350%2C200&ssl=1","width":350,"height":200,"srcset":"https:\/\/i0.wp.com\/lasprimeras.com.do\/wp-content\/uploads\/2025\/06\/Alfredo-Pulinario.jpg?resize=350%2C200&ssl=1 1x, https:\/\/i0.wp.com\/lasprimeras.com.do\/wp-content\/uploads\/2025\/06\/Alfredo-Pulinario.jpg?resize=525%2C300&ssl=1 1.5x, https:\/\/i0.wp.com\/lasprimeras.com.do\/wp-content\/uploads\/2025\/06\/Alfredo-Pulinario.jpg?resize=700%2C400&ssl=1 2x"},"classes":[]},{"id":85137,"url":"https:\/\/lasprimeras.com.do\/index.php\/2024\/06\/23\/fallece-el-dirigente-choferil-alfredo-pulinario-cambita\/","url_meta":{"origin":101762,"position":1},"title":"Fallece el dirigente choferil Alfredo Pulinario \u00abCambita\u00bb","author":"Nelson Feliz","date":"23 de junio de 2024","format":false,"excerpt":"Falleci\u00f3 este domingo el dirigente choferil Alfredo Pulinario (Cambita), presidente del Movimiento Choferil de Transporte (Mochotr\u00e1n) La infomaci\u00f3n sobre el fallecimiento la ofreci\u00f3 el tambi\u00e9n dirigente choferil y senador por Santiago Rodr\u00edguez, Antonio Marte en su plataforma X (antigua Twitter). \u201cQuiero expresar y a la vez informar a la poblaci\u00f3n\u2026","rel":"","context":"En \u00abNACIONALES\u00bb","block_context":{"text":"NACIONALES","link":"https:\/\/lasprimeras.com.do\/index.php\/category\/nacionales\/"},"img":{"alt_text":"Alfredo Pulinario","src":"https:\/\/i0.wp.com\/lasprimeras.com.do\/wp-content\/uploads\/2024\/04\/Alfredo-Pulinario-1.jpg?resize=350%2C200&ssl=1","width":350,"height":200,"srcset":"https:\/\/i0.wp.com\/lasprimeras.com.do\/wp-content\/uploads\/2024\/04\/Alfredo-Pulinario-1.jpg?resize=350%2C200&ssl=1 1x, https:\/\/i0.wp.com\/lasprimeras.com.do\/wp-content\/uploads\/2024\/04\/Alfredo-Pulinario-1.jpg?resize=525%2C300&ssl=1 1.5x, https:\/\/i0.wp.com\/lasprimeras.com.do\/wp-content\/uploads\/2024\/04\/Alfredo-Pulinario-1.jpg?resize=700%2C400&ssl=1 2x"},"classes":[]},{"id":85253,"url":"https:\/\/lasprimeras.com.do\/index.php\/2024\/06\/26\/sepultan-restos-del-dirigente-choferil-alfredo-pulinario-cambita\/","url_meta":{"origin":101762,"position":2},"title":"Sepultan restos del dirigente choferil Alfredo Pulinario \u201cCambita\u201d","author":"Nelson Feliz","date":"26 de junio de 2024","format":false,"excerpt":"En un ambiente cargado de pesar y tristeza, fueron sepultados este martes, en el cementerio Jard\u00edn Memorial, los restos del dirigente choferil Alfredo Pulinario \u201cCambita\u201d, quien falleci\u00f3 el pasado domingo de un infarto. Los amigos y empleados resaltaron la lucha que libr\u00f3 el presidente del Movimiento Choferil de Trasporte, por\u2026","rel":"","context":"En \u00abNACIONALES\u00bb","block_context":{"text":"NACIONALES","link":"https:\/\/lasprimeras.com.do\/index.php\/category\/nacionales\/"},"img":{"alt_text":"Alfredo Pulinario","src":"https:\/\/i0.wp.com\/lasprimeras.com.do\/wp-content\/uploads\/2024\/04\/Alfredo-Pulinario-1.jpg?resize=350%2C200&ssl=1","width":350,"height":200,"srcset":"https:\/\/i0.wp.com\/lasprimeras.com.do\/wp-content\/uploads\/2024\/04\/Alfredo-Pulinario-1.jpg?resize=350%2C200&ssl=1 1x, https:\/\/i0.wp.com\/lasprimeras.com.do\/wp-content\/uploads\/2024\/04\/Alfredo-Pulinario-1.jpg?resize=525%2C300&ssl=1 1.5x, https:\/\/i0.wp.com\/lasprimeras.com.do\/wp-content\/uploads\/2024\/04\/Alfredo-Pulinario-1.jpg?resize=700%2C400&ssl=1 2x"},"classes":[]},{"id":85216,"url":"https:\/\/lasprimeras.com.do\/index.php\/2024\/06\/25\/sepultaran-a-las-300pm-restos-de-alfredo-pulinario-en-el-cementerio-jardin-memorial\/","url_meta":{"origin":101762,"position":3},"title":"Sepultaran a las 3:00PM, restos de Alfredo Pulinario en el Cementerio Jard\u00edn Memorial","author":"Nelson Feliz","date":"25 de junio de 2024","format":false,"excerpt":"El Grupo de Empresas de Transporte (MOCHOTRAN) informo este martes que el cad\u00e1ver del fenecido empresario choferil Alfredo Pulinario, (Cambita), ser\u00e1 trasladado a la Terminal de Autobuses Mochotran, de la avenida Jacobo Majluta, a partir de la 1:00 P.M. All\u00ed se efectuar\u00e1 una misa de cuerpo presente, para luego darle\u2026","rel":"","context":"En \u00abNACIONALES\u00bb","block_context":{"text":"NACIONALES","link":"https:\/\/lasprimeras.com.do\/index.php\/category\/nacionales\/"},"img":{"alt_text":"Alfredo Pulinario","src":"https:\/\/i0.wp.com\/lasprimeras.com.do\/wp-content\/uploads\/2023\/11\/Alfredo-Pulinario.jpg?resize=350%2C200&ssl=1","width":350,"height":200,"srcset":"https:\/\/i0.wp.com\/lasprimeras.com.do\/wp-content\/uploads\/2023\/11\/Alfredo-Pulinario.jpg?resize=350%2C200&ssl=1 1x, https:\/\/i0.wp.com\/lasprimeras.com.do\/wp-content\/uploads\/2023\/11\/Alfredo-Pulinario.jpg?resize=525%2C300&ssl=1 1.5x, https:\/\/i0.wp.com\/lasprimeras.com.do\/wp-content\/uploads\/2023\/11\/Alfredo-Pulinario.jpg?resize=700%2C400&ssl=1 2x"},"classes":[]},{"id":60732,"url":"https:\/\/lasprimeras.com.do\/index.php\/2023\/09\/18\/alfredo-pulinario-apoya-medidas-del-presidente-abinader-autoriza-cierre-y-militarizacion-de-la-frontera\/","url_meta":{"origin":101762,"position":4},"title":"Alfredo Pulinario apoya medidas del presidente Abinader autoriza cierre y militarizaci\u00f3n de la frontera\u00a0\u00a0\u00a0\u00a0\u00a0\u00a0\u00a0\u00a0\u00a0","author":"Nelson Feliz","date":"18 de septiembre de 2023","format":false,"excerpt":"Por Mart\u00edn Restituyo El Movimiento Choferil del Transporte (MOCHOTRAN) y sus 151 una compa\u00f1\u00edas del transporte a nivel nacional, apoyaron este domingo las medidas adoptadas por el presidente de la Rep\u00fablica, Luis Abinader, de cerrar toda la frontera tanto mar\u00edtima, terrestre y a\u00e9rea, tras el conflicto generado entre Hait\u00ed y\u2026","rel":"","context":"En \u00abNACIONALES\u00bb","block_context":{"text":"NACIONALES","link":"https:\/\/lasprimeras.com.do\/index.php\/category\/nacionales\/"},"img":{"alt_text":"Alfredo Pulinario","src":"https:\/\/i0.wp.com\/lasprimeras.com.do\/wp-content\/uploads\/2023\/09\/Alfredo-Pulinario.jpg?resize=350%2C200&ssl=1","width":350,"height":200,"srcset":"https:\/\/i0.wp.com\/lasprimeras.com.do\/wp-content\/uploads\/2023\/09\/Alfredo-Pulinario.jpg?resize=350%2C200&ssl=1 1x, https:\/\/i0.wp.com\/lasprimeras.com.do\/wp-content\/uploads\/2023\/09\/Alfredo-Pulinario.jpg?resize=525%2C300&ssl=1 1.5x, https:\/\/i0.wp.com\/lasprimeras.com.do\/wp-content\/uploads\/2023\/09\/Alfredo-Pulinario.jpg?resize=700%2C400&ssl=1 2x"},"classes":[]},{"id":118147,"url":"https:\/\/lasprimeras.com.do\/index.php\/2025\/12\/22\/mochotran-reafirma-estabilidad-en-tarifas-y-proyecta-expansion-del-sistema-de-transporte\/","url_meta":{"origin":101762,"position":5},"title":"Mochotran reafirma estabilidad en tarifas y proyecta expansi\u00f3n del sistema de transporte","author":"Nelson Feliz","date":"22 de diciembre de 2025","format":false,"excerpt":"Por Orlando Arias El Grupo de Empresas del Transporte Mochotran asegur\u00f3 que no aplicar\u00e1 aumentos en el precio de los pasajes durante las festividades navide\u00f1as, garantizando as\u00ed estabilidad tarifaria para los miles de usuarios que a diario utilizan sus unidades en el Gran Santo Domingo. El presidente de la entidad,\u2026","rel":"","context":"En \u00abECONOM\u00cdA\u00bb","block_context":{"text":"ECONOM\u00cdA","link":"https:\/\/lasprimeras.com.do\/index.php\/category\/economia\/"},"img":{"alt_text":"Alfredo Pulinario Mariot","src":"https:\/\/i0.wp.com\/lasprimeras.com.do\/wp-content\/uploads\/2025\/12\/Tito-Pulinario.jpg?resize=350%2C200&ssl=1","width":350,"height":200,"srcset":"https:\/\/i0.wp.com\/lasprimeras.com.do\/wp-content\/uploads\/2025\/12\/Tito-Pulinario.jpg?resize=350%2C200&ssl=1 1x, https:\/\/i0.wp.com\/lasprimeras.com.do\/wp-content\/uploads\/2025\/12\/Tito-Pulinario.jpg?resize=525%2C300&ssl=1 1.5x, https:\/\/i0.wp.com\/lasprimeras.com.do\/wp-content\/uploads\/2025\/12\/Tito-Pulinario.jpg?resize=700%2C400&ssl=1 2x"},"classes":[]}],"jetpack_sharing_enabled":true,"_links":{"self":[{"href":"https:\/\/lasprimeras.com.do\/index.php\/wp-json\/wp\/v2\/posts\/101762","targetHints":{"allow":["GET"]}}],"collection":[{"href":"https:\/\/lasprimeras.com.do\/index.php\/wp-json\/wp\/v2\/posts"}],"about":[{"href":"https:\/\/lasprimeras.com.do\/index.php\/wp-json\/wp\/v2\/types\/post"}],"author":[{"embeddable":true,"href":"https:\/\/lasprimeras.com.do\/index.php\/wp-json\/wp\/v2\/users\/10"}],"replies":[{"embeddable":true,"href":"https:\/\/lasprimeras.com.do\/index.php\/wp-json\/wp\/v2\/comments?post=101762"}],"version-history":[{"count":1,"href":"https:\/\/lasprimeras.com.do\/index.php\/wp-json\/wp\/v2\/posts\/101762\/revisions"}],"predecessor-version":[{"id":101764,"href":"https:\/\/lasprimeras.com.do\/index.php\/wp-json\/wp\/v2\/posts\/101762\/revisions\/101764"}],"wp:featuredmedia":[{"embeddable":true,"href":"https:\/\/lasprimeras.com.do\/index.php\/wp-json\/wp\/v2\/media\/101763"}],"wp:attachment":[{"href":"https:\/\/lasprimeras.com.do\/index.php\/wp-json\/wp\/v2\/media?parent=101762"}],"wp:term":[{"taxonomy":"category","embeddable":true,"href":"https:\/\/lasprimeras.com.do\/index.php\/wp-json\/wp\/v2\/categories?post=101762"},{"taxonomy":"post_tag","embeddable":true,"href":"https:\/\/lasprimeras.com.do\/index.php\/wp-json\/wp\/v2\/tags?post=101762"}],"curies":[{"name":"wp","href":"https:\/\/api.w.org\/{rel}","templated":true}]}}