{"id":101765,"date":"2025-06-25T09:36:30","date_gmt":"2025-06-25T13:36:30","guid":{"rendered":"https:\/\/lasprimeras.com.do\/?p=101765"},"modified":"2025-06-26T09:39:58","modified_gmt":"2025-06-26T13:39:58","slug":"liga-la-javilla-se-corona-campeon-del-torneo-municipal-u-8-dona-norma-diaz","status":"publish","type":"post","link":"https:\/\/lasprimeras.com.do\/index.php\/2025\/06\/25\/liga-la-javilla-se-corona-campeon-del-torneo-municipal-u-8-dona-norma-diaz\/","title":{"rendered":"Liga la Javilla se corona campe\u00f3n del torneo municipal U-8 \u201cDo\u00f1a Norma D\u00edaz\u201d"},"content":{"rendered":"\n<p><strong>La Liga la Javilla se proclam\u00f3 campe\u00f3n en el torneo municipal U-8 \u201cDo\u00f1a Norma D\u00edaz\u201d copa Seaboard, organizado por Abeprosado.<\/strong><\/p>\n\n\n\n<p>Los representantes de la Javilla se impusieron en la final sobre Susano Baseball Academy con pizarra 7 por 5 en un partido marcado por las emociones, donde amabas escuadras montaron un gran espect\u00e1culo y nivel de competitividad para todos los presentes.<\/p>\n\n\n\n<p>El ni\u00f1o Jes\u00fas Espinal de la Javilla result\u00f3 ser el jugador m\u00e1s valioso de la final por su destacada actuaci\u00f3n al batear de 2-2, con jonr\u00f3n y doble, adem\u00e1s de empujar tres carreras y anotar dos vueltas.<\/p>\n\n\n\n<p>Los campeones lograron su pase a la \u00faltima instancia al vencer en la primera semifinal a la liga los Disc\u00edpulos 8 por 2, donde Mat\u00edas Santana fue quien encabez\u00f3 la ofensiva de su equipo al conectar un triple y doble produciendo tres carreras y anotando en dos ocasiones para ser electo el MVP.<\/p>\n\n\n\n<p>Mientras que en la segunda semifinal los peque\u00f1os de Susano Baseball Academy superaron 12 por 2 a las Estrellas de los Frailes con el bate de Dylan Reyna que bate\u00f3 de 3-2, con tres enviadas al plato y ser escogido como el m\u00e1s valioso.<\/p>\n\n\n\n<p>Pimentel felicita a campeones<\/p>\n\n\n\n<p>El dirigente Cristian Pimentel presidente de la entidad organizadora, felicit\u00f3 a los campeones de la liga la Javilla, as\u00ed como subcampeones de Susano Baseball Academy, tambi\u00e9n a los dem\u00e1s conjuntos que accionaron en el torneo.<\/p>\n\n\n\n<p>Pimentel aprovech\u00f3 para agradecer el respaldo de SEABOARD \u201cEnerg\u00eda Limpia\u201d, Gatorade, a los Comedores Econ\u00f3micos del Estado, Marcu&#8217;s by Digna Restaurant y la Federaci\u00f3n Dominicana de B\u00e9isbol (FEDOBE).<\/p>\n","protected":false},"excerpt":{"rendered":"<p>La Liga la Javilla se proclam\u00f3 campe\u00f3n en el torneo municipal U-8 \u201cDo\u00f1a Norma D\u00edaz\u201d copa Seaboard, organizado por Abeprosado. Los representantes de la Javilla se impusieron en la final&hellip;<\/p>\n","protected":false},"author":10,"featured_media":101766,"comment_status":"open","ping_status":"open","sticky":false,"template":"","format":"standard","meta":{"content-type":"","jetpack_post_was_ever_published":false,"_jetpack_newsletter_access":"","_jetpack_dont_email_post_to_subs":false,"_jetpack_newsletter_tier_id":0,"_jetpack_memberships_contains_paywalled_content":false,"_jetpack_memberships_contains_paid_content":false,"footnotes":""},"categories":[630],"tags":[3722,15875,20889,20887,20888],"class_list":["post-101765","post","type-post","status-publish","format-standard","has-post-thumbnail","hentry","category-deportes","tag-campeon","tag-corona","tag-dona-norma-diaz","tag-liga-la-javilla","tag-torneo-municipal-u-8"],"jetpack_featured_media_url":"https:\/\/lasprimeras.com.do\/wp-content\/uploads\/2025\/06\/WhatsApp-Image-2025-06-25-at-1.44.26-PM.jpeg","jetpack-related-posts":[{"id":102464,"url":"https:\/\/lasprimeras.com.do\/index.php\/2025\/07\/05\/team-rt-y-team-belen-se-coronan-en-torneo-verano-dominican-prospect-kids\/","url_meta":{"origin":101765,"position":0},"title":"Team RT y Team Bel\u00e9n se coronan en Torneo Verano Dominican Prospect Kids","author":"Nelson Feliz","date":"5 de julio de 2025","format":false,"excerpt":"Los seleccionados de Team RT y Team Bel\u00e9n se coronaron campeones en el Torneo de Verano Dominican Prospect Kids (DPK) 2025, dedicado al profesor Domingo Pineda por su loable labor en favor de la ni\u00f1ez y la juventud deportiva durante m\u00e1s de 50 a\u00f1os, efectuado en el complejo Juan-Jos\u00e9- Vivo-\u2026","rel":"","context":"En \u00abDEPORTES\u00bb","block_context":{"text":"DEPORTES","link":"https:\/\/lasprimeras.com.do\/index.php\/category\/deportes\/"},"img":{"alt_text":"","src":"https:\/\/i0.wp.com\/lasprimeras.com.do\/wp-content\/uploads\/2025\/07\/una.jpg?resize=350%2C200&ssl=1","width":350,"height":200,"srcset":"https:\/\/i0.wp.com\/lasprimeras.com.do\/wp-content\/uploads\/2025\/07\/una.jpg?resize=350%2C200&ssl=1 1x, https:\/\/i0.wp.com\/lasprimeras.com.do\/wp-content\/uploads\/2025\/07\/una.jpg?resize=525%2C300&ssl=1 1.5x, https:\/\/i0.wp.com\/lasprimeras.com.do\/wp-content\/uploads\/2025\/07\/una.jpg?resize=700%2C400&ssl=1 2x"},"classes":[]},{"id":118242,"url":"https:\/\/lasprimeras.com.do\/index.php\/2025\/12\/24\/liga-cristian-serrano-se-lleva-la-copa-nelson-cruz\/","url_meta":{"origin":101765,"position":1},"title":"Liga Cristi\u00e1n Serrano se lleva la Copa Nelson Cruz","author":"Nelson Feliz","date":"24 de diciembre de 2025","format":false,"excerpt":"Liga deportiva Nelson Cruz","rel":"","context":"En \u00abDEPORTES\u00bb","block_context":{"text":"DEPORTES","link":"https:\/\/lasprimeras.com.do\/index.php\/category\/deportes\/"},"img":{"alt_text":"","src":"https:\/\/i0.wp.com\/lasprimeras.com.do\/wp-content\/uploads\/2025\/12\/IMG-20251201-WA0574.jpg?resize=350%2C200&ssl=1","width":350,"height":200,"srcset":"https:\/\/i0.wp.com\/lasprimeras.com.do\/wp-content\/uploads\/2025\/12\/IMG-20251201-WA0574.jpg?resize=350%2C200&ssl=1 1x, https:\/\/i0.wp.com\/lasprimeras.com.do\/wp-content\/uploads\/2025\/12\/IMG-20251201-WA0574.jpg?resize=525%2C300&ssl=1 1.5x, https:\/\/i0.wp.com\/lasprimeras.com.do\/wp-content\/uploads\/2025\/12\/IMG-20251201-WA0574.jpg?resize=700%2C400&ssl=1 2x, https:\/\/i0.wp.com\/lasprimeras.com.do\/wp-content\/uploads\/2025\/12\/IMG-20251201-WA0574.jpg?resize=1050%2C600&ssl=1 3x, https:\/\/i0.wp.com\/lasprimeras.com.do\/wp-content\/uploads\/2025\/12\/IMG-20251201-WA0574.jpg?resize=1400%2C800&ssl=1 4x"},"classes":[]},{"id":52648,"url":"https:\/\/lasprimeras.com.do\/index.php\/2023\/06\/12\/boca-chica-domina-la-gran-final-en-la-division-u-8-del-torneo-de-beisbol-de-abeprosado\/","url_meta":{"origin":101765,"position":2},"title":"Boca Chica domina la Gran Final en la divisi\u00f3n U-8 del torneo de b\u00e9isbol de Abeprosado","author":"prenxa100","date":"12 de junio de 2023","format":false,"excerpt":"Liga Deportiva Mart\u00ednez masacra 22-10 a la Portorreal del municipio Santo Domingo Oeste y se adjudica la Copa Seaboard. El municipio de Boca Chica, representado por la Liga Deportiva Mart\u00ednez, se convirti\u00f3 en el primer monarca del Torneo U-8 de B\u00e9isbol, al disponer este domingo por paliza 22-10 sobre la\u2026","rel":"","context":"En \u00abSin categor\u00eda\u00bb","block_context":{"text":"Sin categor\u00eda","link":"https:\/\/lasprimeras.com.do\/index.php\/category\/sin-categoria\/"},"img":{"alt_text":"","src":"https:\/\/i0.wp.com\/lasprimeras.com.do\/wp-content\/uploads\/2023\/06\/boca-chica-domina-la-gran-final-en-la-division-u-8-del-torneo-de-beisbol-de-abeprosado.jpg?resize=350%2C200&ssl=1","width":350,"height":200,"srcset":"https:\/\/i0.wp.com\/lasprimeras.com.do\/wp-content\/uploads\/2023\/06\/boca-chica-domina-la-gran-final-en-la-division-u-8-del-torneo-de-beisbol-de-abeprosado.jpg?resize=350%2C200&ssl=1 1x, https:\/\/i0.wp.com\/lasprimeras.com.do\/wp-content\/uploads\/2023\/06\/boca-chica-domina-la-gran-final-en-la-division-u-8-del-torneo-de-beisbol-de-abeprosado.jpg?resize=525%2C300&ssl=1 1.5x, https:\/\/i0.wp.com\/lasprimeras.com.do\/wp-content\/uploads\/2023\/06\/boca-chica-domina-la-gran-final-en-la-division-u-8-del-torneo-de-beisbol-de-abeprosado.jpg?resize=700%2C400&ssl=1 2x"},"classes":[]},{"id":103664,"url":"https:\/\/lasprimeras.com.do\/index.php\/2025\/07\/17\/asociacion-de-transporte-javilla-nueva-barquita-ratifica-su-presidente\/","url_meta":{"origin":101765,"position":3},"title":"Asociaci\u00f3n de Transporte \u201cJavilla Nueva Barquita\u201d ratifica su presidente","author":"Nelson Feliz","date":"17 de julio de 2025","format":false,"excerpt":"Por Joselito Pe\u00f1a y Jos\u00e9 Andr\u00e9s de los Santos El presidente de la Asociaci\u00f3n de Transporte \u201cJavilla Nueva Barquita\u201d (ASOTRAJANUBAR), en una Asamblea Eleccionaria denominada \"Unidos por un mismo prop\u00f3sito\" por un periodo de 4 a\u00f1os. El acto inici\u00f3 con una oraci\u00f3n invocando a Dios y de inmediato el dirigente\u2026","rel":"","context":"En \u00abNACIONALES\u00bb","block_context":{"text":"NACIONALES","link":"https:\/\/lasprimeras.com.do\/index.php\/category\/nacionales\/"},"img":{"alt_text":"","src":"https:\/\/i0.wp.com\/lasprimeras.com.do\/wp-content\/uploads\/2025\/07\/Eudy-Sanchez-Marte.jpg?resize=350%2C200&ssl=1","width":350,"height":200,"srcset":"https:\/\/i0.wp.com\/lasprimeras.com.do\/wp-content\/uploads\/2025\/07\/Eudy-Sanchez-Marte.jpg?resize=350%2C200&ssl=1 1x, https:\/\/i0.wp.com\/lasprimeras.com.do\/wp-content\/uploads\/2025\/07\/Eudy-Sanchez-Marte.jpg?resize=525%2C300&ssl=1 1.5x, https:\/\/i0.wp.com\/lasprimeras.com.do\/wp-content\/uploads\/2025\/07\/Eudy-Sanchez-Marte.jpg?resize=700%2C400&ssl=1 2x"},"classes":[]},{"id":115631,"url":"https:\/\/lasprimeras.com.do\/index.php\/2025\/11\/24\/cotui-pimentel-y-norma-diaz-sellan-la-gran-final-u10-de-fedom\/","url_meta":{"origin":101765,"position":4},"title":"Cotu\u00ed, Pimentel y Norma D\u00edaz sellan la gran final U10 de Fedom","author":"Nelson Feliz","date":"24 de noviembre de 2025","format":false,"excerpt":"La Copa Nelson Cruz conocer\u00e1 su nuevo campe\u00f3n este pr\u00f3ximo domingo 30 de noviembre. Los representantes de Cotu\u00ed, la Liga Cristi\u00e1n Serrano y la Liga Norma D\u00edaz sellaron sus pases directos para la gran final del 5to. Campeonato Nacional U10 \u201cCopa Nelson Cruz\u201d que se disputar\u00e1 el domingo 30 de\u2026","rel":"","context":"En \u00abDEPORTES\u00bb","block_context":{"text":"DEPORTES","link":"https:\/\/lasprimeras.com.do\/index.php\/category\/deportes\/"},"img":{"alt_text":"","src":"https:\/\/i0.wp.com\/lasprimeras.com.do\/wp-content\/uploads\/2025\/11\/Norma-Diaz.jpeg?resize=350%2C200&ssl=1","width":350,"height":200,"srcset":"https:\/\/i0.wp.com\/lasprimeras.com.do\/wp-content\/uploads\/2025\/11\/Norma-Diaz.jpeg?resize=350%2C200&ssl=1 1x, https:\/\/i0.wp.com\/lasprimeras.com.do\/wp-content\/uploads\/2025\/11\/Norma-Diaz.jpeg?resize=525%2C300&ssl=1 1.5x, https:\/\/i0.wp.com\/lasprimeras.com.do\/wp-content\/uploads\/2025\/11\/Norma-Diaz.jpeg?resize=700%2C400&ssl=1 2x, https:\/\/i0.wp.com\/lasprimeras.com.do\/wp-content\/uploads\/2025\/11\/Norma-Diaz.jpeg?resize=1050%2C600&ssl=1 3x, https:\/\/i0.wp.com\/lasprimeras.com.do\/wp-content\/uploads\/2025\/11\/Norma-Diaz.jpeg?resize=1400%2C800&ssl=1 4x"},"classes":[]},{"id":114010,"url":"https:\/\/lasprimeras.com.do\/index.php\/2025\/10\/30\/fedom-dedica-campeonato-nacional-u10-a-dona-norma-diaz\/","url_meta":{"origin":101765,"position":5},"title":"Fedom dedica Campeonato Nacional U10 a Do\u00f1a Norma D\u00edaz","author":"Nelson Feliz","date":"30 de octubre de 2025","format":false,"excerpt":"El 5to Campeonato Nacional tendr\u00e1 la participaci\u00f3n de 74 equipos desde este domingo 2 de noviembre en la disputa de la Copa Nelson Cruz. El Comit\u00e9 Ejecutivo de la Federaci\u00f3n Dominicana de B\u00e9isbol a unanimidad anunci\u00f3 que el V Campeonato Nacional U10 \u201cCopa Nelson Cruz\u201d que se estar\u00e1 iniciando este\u2026","rel":"","context":"En \u00abDEPORTES\u00bb","block_context":{"text":"DEPORTES","link":"https:\/\/lasprimeras.com.do\/index.php\/category\/deportes\/"},"img":{"alt_text":"","src":"https:\/\/i0.wp.com\/lasprimeras.com.do\/wp-content\/uploads\/2025\/11\/Dona-Norma-Diaz-1.jpg?resize=350%2C200&ssl=1","width":350,"height":200,"srcset":"https:\/\/i0.wp.com\/lasprimeras.com.do\/wp-content\/uploads\/2025\/11\/Dona-Norma-Diaz-1.jpg?resize=350%2C200&ssl=1 1x, https:\/\/i0.wp.com\/lasprimeras.com.do\/wp-content\/uploads\/2025\/11\/Dona-Norma-Diaz-1.jpg?resize=525%2C300&ssl=1 1.5x, https:\/\/i0.wp.com\/lasprimeras.com.do\/wp-content\/uploads\/2025\/11\/Dona-Norma-Diaz-1.jpg?resize=700%2C400&ssl=1 2x"},"classes":[]}],"jetpack_sharing_enabled":true,"_links":{"self":[{"href":"https:\/\/lasprimeras.com.do\/index.php\/wp-json\/wp\/v2\/posts\/101765","targetHints":{"allow":["GET"]}}],"collection":[{"href":"https:\/\/lasprimeras.com.do\/index.php\/wp-json\/wp\/v2\/posts"}],"about":[{"href":"https:\/\/lasprimeras.com.do\/index.php\/wp-json\/wp\/v2\/types\/post"}],"author":[{"embeddable":true,"href":"https:\/\/lasprimeras.com.do\/index.php\/wp-json\/wp\/v2\/users\/10"}],"replies":[{"embeddable":true,"href":"https:\/\/lasprimeras.com.do\/index.php\/wp-json\/wp\/v2\/comments?post=101765"}],"version-history":[{"count":1,"href":"https:\/\/lasprimeras.com.do\/index.php\/wp-json\/wp\/v2\/posts\/101765\/revisions"}],"predecessor-version":[{"id":101767,"href":"https:\/\/lasprimeras.com.do\/index.php\/wp-json\/wp\/v2\/posts\/101765\/revisions\/101767"}],"wp:featuredmedia":[{"embeddable":true,"href":"https:\/\/lasprimeras.com.do\/index.php\/wp-json\/wp\/v2\/media\/101766"}],"wp:attachment":[{"href":"https:\/\/lasprimeras.com.do\/index.php\/wp-json\/wp\/v2\/media?parent=101765"}],"wp:term":[{"taxonomy":"category","embeddable":true,"href":"https:\/\/lasprimeras.com.do\/index.php\/wp-json\/wp\/v2\/categories?post=101765"},{"taxonomy":"post_tag","embeddable":true,"href":"https:\/\/lasprimeras.com.do\/index.php\/wp-json\/wp\/v2\/tags?post=101765"}],"curies":[{"name":"wp","href":"https:\/\/api.w.org\/{rel}","templated":true}]}}