{"id":101810,"date":"2025-06-27T07:53:49","date_gmt":"2025-06-27T11:53:49","guid":{"rendered":"https:\/\/lasprimeras.com.do\/?p=101810"},"modified":"2025-06-27T07:53:51","modified_gmt":"2025-06-27T11:53:51","slug":"se-preve-que-en-2025-el-turismo-en-el-caribe-aumente-su-aporte-al-pib","status":"publish","type":"post","link":"https:\/\/lasprimeras.com.do\/index.php\/2025\/06\/27\/se-preve-que-en-2025-el-turismo-en-el-caribe-aumente-su-aporte-al-pib\/","title":{"rendered":"Se prev\u00e9 que en 2025 el turismo en el Caribe aumente su aporte al PIB"},"content":{"rendered":"\n<p><strong>El informe del Consejo Mundial de Viajes y Turismo reflej\u00f3 que en 2024 el turismo en Rep\u00fablica Dominicana aport\u00f3 US$20.5 mil millones al Producto Interno Bruto (PIB) nacional.<\/strong><\/p>\n\n\n\n<p>La Asociaci\u00f3n de Hoteles y Turismo de la Rep\u00fablica Dominicana dio a conocer ayer un informe donde reflejan que en 2025 se prev\u00e9 un aumento en el turismo en el Caribe de US$86 mil millones en el Producto Interno Bruto (PIB), marcando un precedente en la econom\u00eda.<\/p>\n\n\n\n<p>Seg\u00fan el informe del Consejo Mundial de Viajes y Turismo (WTTC, en ingl\u00e9s), elaborado junto a Oxford Economics, se espera que el empleo tur\u00edstico en la regi\u00f3n supere los 3 millones de puestos, equivalentes al 16.1 % del total regional.<\/p>\n\n\n\n<p>El WTTC estima que, al t\u00e9rmino de este a\u00f1o, la contribuci\u00f3n del turismo al PIB dominicano superar\u00e1 los US$21 mil millones, lo que representar\u00e1 un 15.8 % de la econom\u00eda nacional. Asimismo, se proyecta que el empleo tur\u00edstico alcance los 893 mil puestos de trabajo, equivalentes al 17.9 % de la fuerza laboral del pa\u00eds.<\/p>\n\n\n\n<p>En el sentido internacional, se espera que el turismo genere US$11.4 mil millones, mientras que el turismo interno alcanzar\u00eda los US$4.1 mil millones, fortaleciendo tanto la proyecci\u00f3n internacional del destino como el mercado dom\u00e9stico.<\/p>\n\n\n\n<p>Datos del turismo en 2024<\/p>\n\n\n\n<p>El informe refleja que en 2024 el turismo en Rep\u00fablica Dominicana aport\u00f3 US$20.5 mil millones al Producto Interno Bruto (PIB) nacional, lo que represent\u00f3 el 16.1% de la econom\u00eda del pa\u00eds.<\/p>\n\n\n\n<p>Este informe fue presentado por Roxana Puente, gerente general de WTTC, donde explic\u00f3 que este desempe\u00f1o reafirma el papel clave del sector en el desarrollo econ\u00f3mico y social dominicano.<\/p>\n\n\n\n<p>Dijo tambi\u00e9n que el turismo gener\u00f3 m\u00e1s de 876 mil empleos, lo que equivale al 17.6% del total del empleo nacional.<\/p>\n\n\n\n<p>En t\u00e9rminos de gasto, el turismo internacional alcanz\u00f3 los 11.2 mil millones de d\u00f3lares, mientras que el turismo dom\u00e9stico sum\u00f3 3.9 mil millones, cifras que representan aumentos del 17.6% y 12.3%, respectivamente, en comparaci\u00f3n con los niveles pre pandemia de 2019.<\/p>\n\n\n\n<p>\u201cLas proyecciones para 2025 son reflejo de sus grandes esfuerzos en materia de conectividad y promoci\u00f3n, as\u00ed como del trabajo entre el sector p\u00fablico y privado, que sigue fortaleci\u00e9ndose, con impactos reales en la econom\u00eda y el empleo\u201d, explic\u00f3 Puente durante su presentaci\u00f3n ante miembros de Asonahores y empresarios del sector hotelero.<\/p>\n\n\n\n<p>De igual manera, destac\u00f3 que Rep\u00fablica Dominicana est\u00e1 por encima del 70% en recepci\u00f3n internacional, haciendo representaci\u00f3n de US$11 millones en visitantes internacionales.<\/p>\n\n\n\n<p>En este sentido, en 2023 se registr\u00f3 un incremento de un 9% y el 17% en 2019, mientras que en lo que va del 2025 se ha registrado un incremento de un 12%.<\/p>\n\n\n\n<p>Perspectivas del turismo para 2035<\/p>\n\n\n\n<p>Por otro lado, a mediano y largo plazo, las proyecciones del WTTC apuntan a un crecimiento constante. Para el a\u00f1o 2035, se estima que el sector tur\u00edstico en Rep\u00fablica Dominicana aportar\u00e1 m\u00e1s de 29 mil millones de d\u00f3lares al PIB, con una tasa de crecimiento anual promedio del 3.3 %.<br>Esta expansi\u00f3n se refleja tambi\u00e9n en el empleo, con cerca de 980 mil personas trabajando en el sector, lo que implicar\u00eda la creaci\u00f3n de m\u00e1s de 87 mil nuevos empleos en la pr\u00f3xima d\u00e9cada.<\/p>\n\n\n\n<p>La vicepresidenta ejecutiva de Asonahores, Aguie Lendor, dijo que este detalla que el turismo es vital para el crecimiento de Rep\u00fablica Dominicana. Por eso, el pa\u00eds seguir\u00e1 apoyando iniciativas que hagan el turismo m\u00e1s sostenible, inclusivo y de alta calidad, para que siga siendo un destino tur\u00edstico l\u00edder en la regi\u00f3n.<\/p>\n\n\n\n<p>Fuente Listin Diario<\/p>\n","protected":false},"excerpt":{"rendered":"<p>El informe del Consejo Mundial de Viajes y Turismo reflej\u00f3 que en 2024 el turismo en Rep\u00fablica Dominicana aport\u00f3 US$20.5 mil millones al Producto Interno Bruto (PIB) nacional. La Asociaci\u00f3n&hellip;<\/p>\n","protected":false},"author":10,"featured_media":101811,"comment_status":"open","ping_status":"open","sticky":false,"template":"","format":"standard","meta":{"content-type":"","jetpack_post_was_ever_published":false,"_jetpack_newsletter_access":"","_jetpack_dont_email_post_to_subs":false,"_jetpack_newsletter_tier_id":0,"_jetpack_memberships_contains_paywalled_content":false,"_jetpack_memberships_contains_paid_content":false,"footnotes":""},"categories":[39],"tags":[],"class_list":["post-101810","post","type-post","status-publish","format-standard","has-post-thumbnail","hentry","category-economia"],"jetpack_featured_media_url":"https:\/\/lasprimeras.com.do\/wp-content\/uploads\/2025\/06\/Roxana-Puente.jpeg","jetpack-related-posts":[{"id":127776,"url":"https:\/\/lasprimeras.com.do\/index.php\/2026\/04\/15\/republica-dominicana-logra-hito-al-superar-la-barrera-de-los-us1400-millones-exportados-en-un-solo-mes\/","url_meta":{"origin":101810,"position":0},"title":"Rep\u00fablica Dominicana logra hito al superar la barrera de los US$1,400 millones exportados en un solo mes","author":"Nelson Feliz","date":"15 de abril de 2026","format":false,"excerpt":"Rep\u00fablica Dominicana se proyecta como el primer pa\u00eds con mayor crecimiento promedio proyectado del PIB en Am\u00e9rica Latina y primero en Centroam\u00e9rica y el Caribe, para el a\u00f1o 2026, seg\u00fan informe del Banco Mundial La Rep\u00fablica Dominicana ha marcado un precedente hist\u00f3rico al alcanzar los US$1,448.6 millones en exportaciones durante\u2026","rel":"","context":"En \u00abECONOM\u00cdA\u00bb","block_context":{"text":"ECONOM\u00cdA","link":"https:\/\/lasprimeras.com.do\/index.php\/category\/economia\/"},"img":{"alt_text":"Rep\u00fablica Dominicana","src":"https:\/\/i0.wp.com\/lasprimeras.com.do\/wp-content\/uploads\/2026\/04\/Republica-Dominicana.jpg?resize=350%2C200&ssl=1","width":350,"height":200,"srcset":"https:\/\/i0.wp.com\/lasprimeras.com.do\/wp-content\/uploads\/2026\/04\/Republica-Dominicana.jpg?resize=350%2C200&ssl=1 1x, https:\/\/i0.wp.com\/lasprimeras.com.do\/wp-content\/uploads\/2026\/04\/Republica-Dominicana.jpg?resize=525%2C300&ssl=1 1.5x, https:\/\/i0.wp.com\/lasprimeras.com.do\/wp-content\/uploads\/2026\/04\/Republica-Dominicana.jpg?resize=700%2C400&ssl=1 2x"},"classes":[]},{"id":108555,"url":"https:\/\/lasprimeras.com.do\/index.php\/2025\/09\/08\/republica-dominicana-presenta-oportunidades-de-inversion-en-foro-de-negocios-en-beijing\/","url_meta":{"origin":101810,"position":1},"title":"Rep\u00fablica Dominicana presenta oportunidades de inversi\u00f3n en Foro de Negocios en Beijing","author":"Nelson Feliz","date":"8 de septiembre de 2025","format":false,"excerpt":"Beijing, China \u2013 La Rep\u00fablica Dominicana celebr\u00f3 con \u00e9xito en Beijing el Foro de Negocios de la Rep\u00fablica Dominicana, encabezado por representantes oficiales del pa\u00eds y centrado en el clima de inversi\u00f3n y las oportunidades de cooperaci\u00f3n. El evento, organizado por la Embajada de la Rep\u00fablica Dominicana en China, atrajo\u2026","rel":"","context":"En \u00abECONOM\u00cdA\u00bb","block_context":{"text":"ECONOM\u00cdA","link":"https:\/\/lasprimeras.com.do\/index.php\/category\/economia\/"},"img":{"alt_text":"","src":"https:\/\/i0.wp.com\/lasprimeras.com.do\/wp-content\/uploads\/2025\/09\/Biviana-Riveiro-Disla-directora-ejecutiva-de-ProDominicana.jpg?resize=350%2C200&ssl=1","width":350,"height":200,"srcset":"https:\/\/i0.wp.com\/lasprimeras.com.do\/wp-content\/uploads\/2025\/09\/Biviana-Riveiro-Disla-directora-ejecutiva-de-ProDominicana.jpg?resize=350%2C200&ssl=1 1x, https:\/\/i0.wp.com\/lasprimeras.com.do\/wp-content\/uploads\/2025\/09\/Biviana-Riveiro-Disla-directora-ejecutiva-de-ProDominicana.jpg?resize=525%2C300&ssl=1 1.5x, https:\/\/i0.wp.com\/lasprimeras.com.do\/wp-content\/uploads\/2025\/09\/Biviana-Riveiro-Disla-directora-ejecutiva-de-ProDominicana.jpg?resize=700%2C400&ssl=1 2x"},"classes":[]},{"id":120305,"url":"https:\/\/lasprimeras.com.do\/index.php\/2026\/01\/22\/banreservas-financia-inversiones-espanolas-en-turismo-por-mas-de-us175-millones-y-aportara-9500-habitaciones-adicionales\/","url_meta":{"origin":101810,"position":2},"title":"Banreservas financia inversiones espa\u00f1olas en turismo por m\u00e1s de US$175 millones y aportar\u00e1 9,500 habitaciones adicionales","author":"Nelson Feliz","date":"22 de enero de 2026","format":false,"excerpt":"Madrid, Espa\u00f1a.\u2013 El Banco de Reservas ha desembolsado m\u00e1s de US$175 millones para respaldar diversos proyectos tur\u00edsticos de capital espa\u00f1ol, los cuales contemplan la construcci\u00f3n de aproximadamente 9,500 habitaciones hoteleras en distintas localidades de la Rep\u00fablica Dominicana. La informaci\u00f3n fue ofrecida por el doctor Leonardo Aguilera, presidente ejecutivo de Banreservas,\u2026","rel":"","context":"En \u00abECONOM\u00cdA\u00bb","block_context":{"text":"ECONOM\u00cdA","link":"https:\/\/lasprimeras.com.do\/index.php\/category\/economia\/"},"img":{"alt_text":"Leonardo Aguilera","src":"https:\/\/i0.wp.com\/lasprimeras.com.do\/wp-content\/uploads\/2026\/01\/Leonardo-Aguilera.jpg?resize=350%2C200&ssl=1","width":350,"height":200,"srcset":"https:\/\/i0.wp.com\/lasprimeras.com.do\/wp-content\/uploads\/2026\/01\/Leonardo-Aguilera.jpg?resize=350%2C200&ssl=1 1x, https:\/\/i0.wp.com\/lasprimeras.com.do\/wp-content\/uploads\/2026\/01\/Leonardo-Aguilera.jpg?resize=525%2C300&ssl=1 1.5x, https:\/\/i0.wp.com\/lasprimeras.com.do\/wp-content\/uploads\/2026\/01\/Leonardo-Aguilera.jpg?resize=700%2C400&ssl=1 2x"},"classes":[]},{"id":50253,"url":"https:\/\/lasprimeras.com.do\/index.php\/2023\/05\/18\/collado-pide-a-ministros-de-turismo-de-la-omt-a-buscar-una-solucion-conjunta-al-tema-del-sargazo\/","url_meta":{"origin":101810,"position":3},"title":"Collado pide a ministros de turismo de la OMT a buscar una soluci\u00f3n conjunta al tema del Sargazo","author":"prenxa100","date":"18 de mayo de 2023","format":false,"excerpt":"Dice que las acciones individuales no solucionar\u00e1n el problema que afecta la regi\u00f3n. Punta Cana, La Altagracia. -El ministro de Turismo de Rep\u00fablica Dominicana, David Collado, hizo un ferviente llamado a los miembros del Consejo Ejecutivo de la Organizaci\u00f3n Mundial del Turismo (OMT), que se encuentra reunidos en el pa\u00eds,\u2026","rel":"","context":"En \u00abTURISMO\u00bb","block_context":{"text":"TURISMO","link":"https:\/\/lasprimeras.com.do\/index.php\/category\/turismo\/"},"img":{"alt_text":"","src":"","width":0,"height":0},"classes":[]},{"id":87743,"url":"https:\/\/lasprimeras.com.do\/index.php\/2024\/08\/16\/abinader-dice-crecimiento-economico-rd-se-situa-por-encima-de-la-media-de-la-region\/","url_meta":{"origin":101810,"position":4},"title":"Abinader dice crecimiento econ\u00f3mico RD se sit\u00faa por encima de la media de la regi\u00f3n","author":"Nelson Feliz","date":"16 de agosto de 2024","format":false,"excerpt":"En 2023, la inversi\u00f3n extranjera directa super\u00f3 los US$ 4,390 millones y las Zonas Francas aportaron casi 200,000 puestos de trabajo y unos US$8 mil millones de d\u00f3lares en exportaciones. Sector turismo proyecta en 2024 m\u00e1s de 11 millones de visitantes. El crecimiento econ\u00f3mico de la Rep\u00fablica Dominicana fue otro\u2026","rel":"","context":"En \u00abECONOM\u00cdA\u00bb","block_context":{"text":"ECONOM\u00cdA","link":"https:\/\/lasprimeras.com.do\/index.php\/category\/economia\/"},"img":{"alt_text":"","src":"https:\/\/i0.wp.com\/lasprimeras.com.do\/wp-content\/uploads\/2024\/08\/Luis-Abinader-1-1.jpg?resize=350%2C200&ssl=1","width":350,"height":200,"srcset":"https:\/\/i0.wp.com\/lasprimeras.com.do\/wp-content\/uploads\/2024\/08\/Luis-Abinader-1-1.jpg?resize=350%2C200&ssl=1 1x, https:\/\/i0.wp.com\/lasprimeras.com.do\/wp-content\/uploads\/2024\/08\/Luis-Abinader-1-1.jpg?resize=525%2C300&ssl=1 1.5x"},"classes":[]},{"id":86752,"url":"https:\/\/lasprimeras.com.do\/index.php\/2024\/07\/31\/presidente-abinader-afirma-rd-se-convierte-en-una-nacion-logistica\/","url_meta":{"origin":101810,"position":5},"title":"Presidente Abinader afirma RD se convierte en una \u201cnaci\u00f3n log\u00edstica\u201d","author":"Nelson Feliz","date":"31 de julio de 2024","format":false,"excerpt":"Mandatario asiste a panel por el 62 aniversario de ASONAHORES. El presidente Luis Abinader, afirm\u00f3 que el pa\u00eds se encamina a convertirse en una \u201cnaci\u00f3n log\u00edstica\u201d, dadas las mejoras operativas y seguridad que impulsa la Direcci\u00f3n General de Aduanas (DGA) con la implementaci\u00f3n de tecnolog\u00eda, lo cual llevar\u00e1 al sector\u2026","rel":"","context":"En \u00abECONOM\u00cdA\u00bb","block_context":{"text":"ECONOM\u00cdA","link":"https:\/\/lasprimeras.com.do\/index.php\/category\/economia\/"},"img":{"alt_text":"Luis Abinader","src":"https:\/\/i0.wp.com\/lasprimeras.com.do\/wp-content\/uploads\/2024\/07\/Luis-Abinader-12.jpg?resize=350%2C200&ssl=1","width":350,"height":200,"srcset":"https:\/\/i0.wp.com\/lasprimeras.com.do\/wp-content\/uploads\/2024\/07\/Luis-Abinader-12.jpg?resize=350%2C200&ssl=1 1x, https:\/\/i0.wp.com\/lasprimeras.com.do\/wp-content\/uploads\/2024\/07\/Luis-Abinader-12.jpg?resize=525%2C300&ssl=1 1.5x"},"classes":[]}],"jetpack_sharing_enabled":true,"_links":{"self":[{"href":"https:\/\/lasprimeras.com.do\/index.php\/wp-json\/wp\/v2\/posts\/101810","targetHints":{"allow":["GET"]}}],"collection":[{"href":"https:\/\/lasprimeras.com.do\/index.php\/wp-json\/wp\/v2\/posts"}],"about":[{"href":"https:\/\/lasprimeras.com.do\/index.php\/wp-json\/wp\/v2\/types\/post"}],"author":[{"embeddable":true,"href":"https:\/\/lasprimeras.com.do\/index.php\/wp-json\/wp\/v2\/users\/10"}],"replies":[{"embeddable":true,"href":"https:\/\/lasprimeras.com.do\/index.php\/wp-json\/wp\/v2\/comments?post=101810"}],"version-history":[{"count":1,"href":"https:\/\/lasprimeras.com.do\/index.php\/wp-json\/wp\/v2\/posts\/101810\/revisions"}],"predecessor-version":[{"id":101812,"href":"https:\/\/lasprimeras.com.do\/index.php\/wp-json\/wp\/v2\/posts\/101810\/revisions\/101812"}],"wp:featuredmedia":[{"embeddable":true,"href":"https:\/\/lasprimeras.com.do\/index.php\/wp-json\/wp\/v2\/media\/101811"}],"wp:attachment":[{"href":"https:\/\/lasprimeras.com.do\/index.php\/wp-json\/wp\/v2\/media?parent=101810"}],"wp:term":[{"taxonomy":"category","embeddable":true,"href":"https:\/\/lasprimeras.com.do\/index.php\/wp-json\/wp\/v2\/categories?post=101810"},{"taxonomy":"post_tag","embeddable":true,"href":"https:\/\/lasprimeras.com.do\/index.php\/wp-json\/wp\/v2\/tags?post=101810"}],"curies":[{"name":"wp","href":"https:\/\/api.w.org\/{rel}","templated":true}]}}