{"id":101825,"date":"2025-06-27T08:43:31","date_gmt":"2025-06-27T12:43:31","guid":{"rendered":"https:\/\/lasprimeras.com.do\/?p=101825"},"modified":"2025-06-27T08:43:33","modified_gmt":"2025-06-27T12:43:33","slug":"trump-dice-que-eeuu-firmo-un-acuerdo-sobre-comercio-con-china-pero-no-ofrece-mas-detalles","status":"publish","type":"post","link":"https:\/\/lasprimeras.com.do\/index.php\/2025\/06\/27\/trump-dice-que-eeuu-firmo-un-acuerdo-sobre-comercio-con-china-pero-no-ofrece-mas-detalles\/","title":{"rendered":"Trump dice que EEUU firm\u00f3 un acuerdo sobre comercio con China pero no ofrece m\u00e1s detalles"},"content":{"rendered":"\n<p>POR ELAINE KURTENBACH and ASSOCIATED PRESS<\/p>\n\n\n\n<p>BANGKOK (AP) \u2014 Estados Unidos y China han firmado un acuerdo comercial, seg\u00fan anunci\u00f3 Donald Trump, quien a\u00f1adi\u00f3 que espera alcanzar pronto un pacto con India.<\/p>\n\n\n\n<p>El secretario de Comercio, Howard Lutnick, dijo en declaraciones a Bloomberg TV que el acuerdo se firm\u00f3 a principios de esta semana. Ni Lutnick ni el presidente estadounidense ofrecieron m\u00e1s detalles.<\/p>\n\n\n\n<p>\u201cAcabamos de firmar con China el otro d\u00eda\u201d, afirm\u00f3 Trump el jueves por la noche.<\/p>\n\n\n\n<p>Lutnick coment\u00f3 que el acuerdo se hab\u00eda \u201cfirmado y sellado\u201d dos d\u00edas antes.<\/p>\n\n\n\n<p>No estaba claro si el \u00faltimo acuerdo era distinto al que anunci\u00f3 Trump dos semanas atr\u00e1s y que, seg\u00fan \u00e9l, facilitar\u00eda a las industrias estadounidenses la obtenci\u00f3n de imanes y minerales de tierras raras muy necesarios.<\/p>\n\n\n\n<p>Ese pacto despej\u00f3 el camino para que continuaran las conversaciones, mientras que la Casa Blanca accedi\u00f3 a dejar de intentar revocar las visas de los ciudadanos chinos en campus universitarios estadounidenses.<\/p>\n\n\n\n<p>El Ministerio de Comercio de China dijo el viernes que ambas partes hab\u00edan \u201cconfirmado m\u00e1s detalles del acuerdo marco\u201d, pero no mencion\u00f3 de forma expl\u00edcita el acceso de Estados Unidos a las tierras raras, los minerales utilizados en aplicaciones de alta tecnolog\u00eda que han estado en el centro de las negociaciones.<\/p>\n\n\n\n<p>\u201cChina aprobar\u00e1 las solicitudes de exportaci\u00f3n de art\u00edculos controlados que cumplan con las condiciones de acuerdo con la ley. Estados Unidos cancelar\u00e1 una serie de medidas restrictivas tomadas contra China en consecuencia. Se espera que Estados Unidos y China se encuentren a medio camino\u201d, apunt\u00f3.<\/p>\n\n\n\n<p>Esto se produjo tras las conversaciones iniciales entre Washington y Beijing a principios de mayo en Ginebra, que llevaron a ambas partes a demorar unas enormes subidas de aranceles que amenazaban con congelar gran parte del comercio entre los dos pa\u00edses.<\/p>\n\n\n\n<p>En reuniones posteriores en Londres se estableci\u00f3 un marco para las negociaciones y el pacto mencionado por Trump parec\u00eda formalizar ese acuerdo.<\/p>\n\n\n\n<p>\u201cAl presidente le gusta cerrar estos acuerdos \u00e9l mismo. Es un negociador. Vamos a tener un acuerdo tras otro\u201d, manifest\u00f3 Lutnick.<\/p>\n\n\n\n<p>China no ha anunciado ning\u00fan nuevo acuerdo, pero a principios de semana se\u00f1al\u00f3 que iba a acelerar las aprobaciones de exportaci\u00f3n de tierras raras, materiales que se emplean en productos de alta tecnolog\u00eda como veh\u00edculos el\u00e9ctricos.<\/p>\n\n\n\n<p>Los l\u00edmites de Beijing a las exportaciones de tierras raras han sido un punto clave de fricci\u00f3n.<\/p>\n\n\n\n<p>El Ministerio de Comercio chino apunt\u00f3 el jueves que Beijing estaba acelerando la revisi\u00f3n de las solicitudes de licencias de exportaci\u00f3n para tierras raras y hab\u00eda aprobado \u201cun cierto n\u00famero de solicitudes conformes\u201d.<\/p>\n\n\n\n<p>Los controles de exportaci\u00f3n de estos minerales habr\u00edan eclipsado a los aranceles en la \u00faltima ronda de negociaciones comerciales entre Beijing y Washington despu\u00e9s de que China impuso requisitos de autorizaci\u00f3n a siete elementos de tierras raras en abril, lo que amenazaba con interrumpir la producci\u00f3n de autom\u00f3viles, robots, turbinas e\u00f3licas y otros productos de alta tecnolog\u00eda en Estados Unidos y en todo el mundo.<\/p>\n\n\n\n<p>China tambi\u00e9n tom\u00f3 recientemente medidas acerca del fentanilo. La semana pasada anunci\u00f3 que designar\u00eda dos sustancias m\u00e1s como precursores qu\u00edmicos del fentanilo, lo que las someter\u00eda a regulaciones de producci\u00f3n, transporte y exportaci\u00f3n.<\/p>\n\n\n\n<p>Trump ha exigido que Beijing haga m\u00e1s para detener el flujo de estos elementos precursores a los carteles de la droga mexicanos, que los utilizan para fabricar fentanilo para su venta en Estados Unidos.<\/p>\n\n\n\n<p>El mandatario impuso aranceles del 20% a las importaciones chinas a causa del fentanilo, la mayor parte de los aranceles generales actuales del 30% a los productos chinos.<\/p>\n\n\n\n<p>El acuerdo alcanzado en mayo en Ginebra ped\u00eda a ambas partes reducir las subidas arancelarias punitivas impuestas mientras Trump recrudec\u00eda su guerra comercial y elevaba dr\u00e1sticamente los derechos de importaci\u00f3n.<\/p>\n\n\n\n<p>Algunos de los grav\u00e1menes estadounidenses m\u00e1s altos, como los relacionados con el comercio de fentanilo y el aluminio y el acero, siguen vigentes.<\/p>\n\n\n\n<p>Los r\u00e1pidos cambios en la estrategia pol\u00edtica est\u00e1n pasando factura a las dos mayores econom\u00edas del mundo.<\/p>\n\n\n\n<p>La econom\u00eda estadounidense se contrajo a un ritmo anual del 0,5% entre enero y marzo, en parte por el incremento de las importaciones mientras las empresas y los hogares se apresuraban a comprar productos extranjeros antes de que pudieran ser gravados por Trump.<\/p>\n\n\n\n<p>En China, los beneficios de las f\u00e1bricas cayeron m\u00e1s del 9% en mayo en comparaci\u00f3n con el a\u00f1o anterior, con las automotrices como las m\u00e1s afectadas. El descenso para el periodo entre enero y mayo se situ\u00f3 en m\u00e1s del 1% interanual.<\/p>\n\n\n\n<p>Trump y otros funcionarios estadounidenses han se\u00f1alado que esperan alcanzar acuerdos comerciales con muchos otros pa\u00edses, incluida India.<\/p>\n\n\n\n<p>\u201cVamos a tener un acuerdo tras otro\u201d, dijo Lutnick.<\/p>\n","protected":false},"excerpt":{"rendered":"<p>POR ELAINE KURTENBACH and ASSOCIATED PRESS BANGKOK (AP) \u2014 Estados Unidos y China han firmado un acuerdo comercial, seg\u00fan anunci\u00f3 Donald Trump, quien a\u00f1adi\u00f3 que espera alcanzar pronto un pacto&hellip;<\/p>\n","protected":false},"author":10,"featured_media":101826,"comment_status":"open","ping_status":"open","sticky":false,"template":"","format":"standard","meta":{"content-type":"","jetpack_post_was_ever_published":false,"_jetpack_newsletter_access":"","_jetpack_dont_email_post_to_subs":false,"_jetpack_newsletter_tier_id":0,"_jetpack_memberships_contains_paywalled_content":false,"_jetpack_memberships_contains_paid_content":false,"footnotes":""},"categories":[39],"tags":[583,1143,978,979,20915],"class_list":["post-101825","post","type-post","status-publish","format-standard","has-post-thumbnail","hentry","category-economia","tag-china","tag-comercio","tag-donald-trump","tag-eeuu","tag-firmo-un-acuerdo"],"jetpack_featured_media_url":"https:\/\/lasprimeras.com.do\/wp-content\/uploads\/2025\/06\/aranceles.jpg","jetpack-related-posts":[{"id":97145,"url":"https:\/\/lasprimeras.com.do\/index.php\/2025\/04\/16\/trump-participa-en-conversaciones-arancelarias-con-japon\/","url_meta":{"origin":101825,"position":0},"title":"Trump participa en conversaciones arancelarias con Jap\u00f3n","author":"Nelson Feliz","date":"16 de abril de 2025","format":false,"excerpt":"POR DARLENE SUPERVILLE, MARI YAMAGUCHI and JOSH BOAK WASHINGTON (AP) \u2014 El presidente estadounidense, Donald Trump, se involucr\u00f3 directamente el mi\u00e9rcoles en las conversaciones comerciales con funcionarios japoneses, una se\u00f1al de la importancia del tema para Estados Unidos despu\u00e9s de que sus aranceles sacudieran la econom\u00eda y llevaran al gobierno\u2026","rel":"","context":"En \u00abECONOM\u00cdA\u00bb","block_context":{"text":"ECONOM\u00cdA","link":"https:\/\/lasprimeras.com.do\/index.php\/category\/economia\/"},"img":{"alt_text":"Donald Trump","src":"https:\/\/i0.wp.com\/lasprimeras.com.do\/wp-content\/uploads\/2025\/04\/Donald-Trump.jpg?resize=350%2C200&ssl=1","width":350,"height":200,"srcset":"https:\/\/i0.wp.com\/lasprimeras.com.do\/wp-content\/uploads\/2025\/04\/Donald-Trump.jpg?resize=350%2C200&ssl=1 1x, https:\/\/i0.wp.com\/lasprimeras.com.do\/wp-content\/uploads\/2025\/04\/Donald-Trump.jpg?resize=525%2C300&ssl=1 1.5x, https:\/\/i0.wp.com\/lasprimeras.com.do\/wp-content\/uploads\/2025\/04\/Donald-Trump.jpg?resize=700%2C400&ssl=1 2x"},"classes":[]},{"id":94136,"url":"https:\/\/lasprimeras.com.do\/index.php\/2025\/02\/25\/eeuu-y-ucrania-llegan-a-un-acuerdo-sobre-minerales\/","url_meta":{"origin":101825,"position":1},"title":"EEUU y Ucrania llegan a un acuerdo sobre minerales","author":"Nelson Feliz","date":"25 de febrero de 2025","format":false,"excerpt":"LONDRES\/NUEVA YORK, (Reuters) -Estados Unidos y Ucrania alcanzaron los t\u00e9rminos de un acuerdo sobre minerales que es fundamental para la presi\u00f3n de Kiev para ganar el apoyo de Estados Unidos mientras el presidente Donald Trump busca poner fin r\u00e1pidamente a la guerra con Rusia, dijeron el martes dos fuentes con\u2026","rel":"","context":"En \u00abINTERNACIONALES\u00bb","block_context":{"text":"INTERNACIONALES","link":"https:\/\/lasprimeras.com.do\/index.php\/category\/sin-categoria\/internacionales\/"},"img":{"alt_text":"","src":"https:\/\/i0.wp.com\/lasprimeras.com.do\/wp-content\/uploads\/2025\/02\/zelenski-y-trump.jpg?resize=350%2C200&ssl=1","width":350,"height":200,"srcset":"https:\/\/i0.wp.com\/lasprimeras.com.do\/wp-content\/uploads\/2025\/02\/zelenski-y-trump.jpg?resize=350%2C200&ssl=1 1x, https:\/\/i0.wp.com\/lasprimeras.com.do\/wp-content\/uploads\/2025\/02\/zelenski-y-trump.jpg?resize=525%2C300&ssl=1 1.5x, https:\/\/i0.wp.com\/lasprimeras.com.do\/wp-content\/uploads\/2025\/02\/zelenski-y-trump.jpg?resize=700%2C400&ssl=1 2x"},"classes":[]},{"id":98527,"url":"https:\/\/lasprimeras.com.do\/index.php\/2025\/05\/08\/el-banco-de-inglaterra-baja-las-tasas-eeuu-y-reino-unido-anunciaran-acuerdo-comercial\/","url_meta":{"origin":101825,"position":2},"title":"El Banco de Inglaterra baja las tasas; EEUU y Reino Unido anunciar\u00e1n acuerdo comercial","author":"Nelson Feliz","date":"8 de mayo de 2025","format":false,"excerpt":"POR PAN PYLAS LONDRES (AP) \u2014 El Banco de Inglaterra redujo su principal tasa de inter\u00e9s en un cuarto de punto porcentual, situ\u00e1ndola en 4,25%, ante las preocupaciones sobre el posible impacto negativo en el crecimiento mundial derivado de las pol\u00edticas arancelarias de la administraci\u00f3n del presidente estadounidense Donald Trump.\u2026","rel":"","context":"En \u00abECONOM\u00cdA\u00bb","block_context":{"text":"ECONOM\u00cdA","link":"https:\/\/lasprimeras.com.do\/index.php\/category\/economia\/"},"img":{"alt_text":"Andrew Bailey","src":"https:\/\/i0.wp.com\/lasprimeras.com.do\/wp-content\/uploads\/2025\/05\/Andrew-Bailey.jpg?resize=350%2C200&ssl=1","width":350,"height":200,"srcset":"https:\/\/i0.wp.com\/lasprimeras.com.do\/wp-content\/uploads\/2025\/05\/Andrew-Bailey.jpg?resize=350%2C200&ssl=1 1x, https:\/\/i0.wp.com\/lasprimeras.com.do\/wp-content\/uploads\/2025\/05\/Andrew-Bailey.jpg?resize=525%2C300&ssl=1 1.5x, https:\/\/i0.wp.com\/lasprimeras.com.do\/wp-content\/uploads\/2025\/05\/Andrew-Bailey.jpg?resize=700%2C400&ssl=1 2x"},"classes":[]},{"id":93291,"url":"https:\/\/lasprimeras.com.do\/index.php\/2025\/02\/06\/eeuu-incautaria-avion-de-maduro-retenido-en-rd-durante-visita-de-rubio\/","url_meta":{"origin":101825,"position":3},"title":"EEUU incautar\u00eda avi\u00f3n de Maduro retenido en RD durante visita de Rubio","author":"Nelson Feliz","date":"6 de febrero de 2025","format":false,"excerpt":"El gobierno del presidente estadounidense Donald Trump planea confiscar un segundo avi\u00f3n perteneciente al gobierno del mandatario venezolano Nicol\u00e1s Maduro que actualmente se encuentra en la Rep\u00fablica Dominicana. El secretario de Estado Marco Rubio pretende anunciar la incautaci\u00f3n el jueves durante una visita a Santo Domingo, la \u00faltima parada de\u2026","rel":"","context":"En \u00abNACIONALES\u00bb","block_context":{"text":"NACIONALES","link":"https:\/\/lasprimeras.com.do\/index.php\/category\/nacionales\/"},"img":{"alt_text":"","src":"https:\/\/i0.wp.com\/lasprimeras.com.do\/wp-content\/uploads\/2025\/02\/mm.jpg?resize=350%2C200&ssl=1","width":350,"height":200,"srcset":"https:\/\/i0.wp.com\/lasprimeras.com.do\/wp-content\/uploads\/2025\/02\/mm.jpg?resize=350%2C200&ssl=1 1x, https:\/\/i0.wp.com\/lasprimeras.com.do\/wp-content\/uploads\/2025\/02\/mm.jpg?resize=525%2C300&ssl=1 1.5x, https:\/\/i0.wp.com\/lasprimeras.com.do\/wp-content\/uploads\/2025\/02\/mm.jpg?resize=700%2C400&ssl=1 2x"},"classes":[]},{"id":94536,"url":"https:\/\/lasprimeras.com.do\/index.php\/2025\/03\/02\/zelenski-dice-que-ucrania-esta-lista-para-firmar-el-acuerdo-de-minerales-con-ee-uu\/","url_meta":{"origin":101825,"position":4},"title":"Zelenski dice que Ucrania est\u00e1 lista para firmar el acuerdo de minerales con EE.UU.","author":"Nelson Feliz","date":"2 de marzo de 2025","format":false,"excerpt":"Londres,EFE.-.El presidente ucraniano, Volod\u00edmir Zelenski, se mostr\u00f3 este domingo dispuesto a volver a sentarse con su hom\u00f3logo estadounidense, Donald Trump, y que su pa\u00eds firme el acuerdo sobre minerales que hab\u00eda pactado con Estados Unidos, que fue paralizado tras el choque dial\u00e9ctico que ambos mantuvieron en la Casa Blanca. En\u2026","rel":"","context":"En \u00abINTERNACIONALES\u00bb","block_context":{"text":"INTERNACIONALES","link":"https:\/\/lasprimeras.com.do\/index.php\/category\/sin-categoria\/internacionales\/"},"img":{"alt_text":"","src":"https:\/\/i0.wp.com\/lasprimeras.com.do\/wp-content\/uploads\/2025\/03\/Donald-Trump-y-Volodimir-Zelenski.jpeg?resize=350%2C200&ssl=1","width":350,"height":200,"srcset":"https:\/\/i0.wp.com\/lasprimeras.com.do\/wp-content\/uploads\/2025\/03\/Donald-Trump-y-Volodimir-Zelenski.jpeg?resize=350%2C200&ssl=1 1x, https:\/\/i0.wp.com\/lasprimeras.com.do\/wp-content\/uploads\/2025\/03\/Donald-Trump-y-Volodimir-Zelenski.jpeg?resize=525%2C300&ssl=1 1.5x, https:\/\/i0.wp.com\/lasprimeras.com.do\/wp-content\/uploads\/2025\/03\/Donald-Trump-y-Volodimir-Zelenski.jpeg?resize=700%2C400&ssl=1 2x"},"classes":[]},{"id":117314,"url":"https:\/\/lasprimeras.com.do\/index.php\/2025\/12\/09\/embajadora-de-canada-en-eeuu-renunciara-antes-de-la-revision-del-acuerdo-de-libre-comercio\/","url_meta":{"origin":101825,"position":5},"title":"Embajadora de Canad\u00e1 en EEUU renunciar\u00e1 antes de la revisi\u00f3n del acuerdo de libre comercio","author":"Nelson Feliz","date":"9 de diciembre de 2025","format":false,"excerpt":"POR ROB GILLIES TORONTO (AP) \u2014 La embajadora de Canad\u00e1 en Estados Unidos durante los \u00faltimos seis a\u00f1os, Kirsten Hillman, anunci\u00f3 el martes que renunciar\u00e1 a su cargo el pr\u00f3ximo a\u00f1o mientras ambas naciones se disponen a revisar su tratado de libre comercio. Hillman afirm\u00f3 en una carta que es\u2026","rel":"","context":"En \u00abINTERNACIONALES\u00bb","block_context":{"text":"INTERNACIONALES","link":"https:\/\/lasprimeras.com.do\/index.php\/category\/sin-categoria\/internacionales\/"},"img":{"alt_text":"Kirsten Hillman","src":"https:\/\/i0.wp.com\/lasprimeras.com.do\/wp-content\/uploads\/2025\/12\/Kirsten-Hillman.jpg?resize=350%2C200&ssl=1","width":350,"height":200,"srcset":"https:\/\/i0.wp.com\/lasprimeras.com.do\/wp-content\/uploads\/2025\/12\/Kirsten-Hillman.jpg?resize=350%2C200&ssl=1 1x, https:\/\/i0.wp.com\/lasprimeras.com.do\/wp-content\/uploads\/2025\/12\/Kirsten-Hillman.jpg?resize=525%2C300&ssl=1 1.5x, https:\/\/i0.wp.com\/lasprimeras.com.do\/wp-content\/uploads\/2025\/12\/Kirsten-Hillman.jpg?resize=700%2C400&ssl=1 2x"},"classes":[]}],"jetpack_sharing_enabled":true,"_links":{"self":[{"href":"https:\/\/lasprimeras.com.do\/index.php\/wp-json\/wp\/v2\/posts\/101825","targetHints":{"allow":["GET"]}}],"collection":[{"href":"https:\/\/lasprimeras.com.do\/index.php\/wp-json\/wp\/v2\/posts"}],"about":[{"href":"https:\/\/lasprimeras.com.do\/index.php\/wp-json\/wp\/v2\/types\/post"}],"author":[{"embeddable":true,"href":"https:\/\/lasprimeras.com.do\/index.php\/wp-json\/wp\/v2\/users\/10"}],"replies":[{"embeddable":true,"href":"https:\/\/lasprimeras.com.do\/index.php\/wp-json\/wp\/v2\/comments?post=101825"}],"version-history":[{"count":1,"href":"https:\/\/lasprimeras.com.do\/index.php\/wp-json\/wp\/v2\/posts\/101825\/revisions"}],"predecessor-version":[{"id":101827,"href":"https:\/\/lasprimeras.com.do\/index.php\/wp-json\/wp\/v2\/posts\/101825\/revisions\/101827"}],"wp:featuredmedia":[{"embeddable":true,"href":"https:\/\/lasprimeras.com.do\/index.php\/wp-json\/wp\/v2\/media\/101826"}],"wp:attachment":[{"href":"https:\/\/lasprimeras.com.do\/index.php\/wp-json\/wp\/v2\/media?parent=101825"}],"wp:term":[{"taxonomy":"category","embeddable":true,"href":"https:\/\/lasprimeras.com.do\/index.php\/wp-json\/wp\/v2\/categories?post=101825"},{"taxonomy":"post_tag","embeddable":true,"href":"https:\/\/lasprimeras.com.do\/index.php\/wp-json\/wp\/v2\/tags?post=101825"}],"curies":[{"name":"wp","href":"https:\/\/api.w.org\/{rel}","templated":true}]}}