{"id":101858,"date":"2025-06-27T11:48:53","date_gmt":"2025-06-27T15:48:53","guid":{"rendered":"https:\/\/lasprimeras.com.do\/?p=101858"},"modified":"2025-06-27T11:48:54","modified_gmt":"2025-06-27T15:48:54","slug":"proponen-implementar-el-vaporetto-autobus-maritimo-del-concho-en-el-gran-santo-domingo","status":"publish","type":"post","link":"https:\/\/lasprimeras.com.do\/index.php\/2025\/06\/27\/proponen-implementar-el-vaporetto-autobus-maritimo-del-concho-en-el-gran-santo-domingo\/","title":{"rendered":"Proponen implementar el vaporetto, autob\u00fas mar\u00edtimo del concho en el Gran Santo Domingo"},"content":{"rendered":"\n<p class=\"wp-block-paragraph\">El presidente de la Uni\u00f3n Dem\u00f3crata Cristiana (UDC), Luis Acosta Moreta, Luis \u201cEl Gallo\u201d, propuso este jueves una soluci\u00f3n moderna, ecol\u00f3gica y efectiva al caos del transporte en el Gran Santo Domingo: la implementaci\u00f3n del vaporetto, un sistema de autob\u00fas mar\u00edtimo que aprovechar\u00eda los r\u00edos Isabela y Ozama, as\u00ed como el litoral del mar Caribe, para transportar pasajeros de forma r\u00e1pida, econ\u00f3mica y segura.<\/p>\n\n\n\n<p class=\"wp-block-paragraph\">Acosta Moreta explic\u00f3 que el vaporetto es ampliamente utilizado en ciudades europeas como Venecia, Lisboa o Par\u00eds, donde el transporte mar\u00edtimo urbano forma parte del sistema p\u00fablico.<\/p>\n\n\n\n<p class=\"wp-block-paragraph\">Se\u00f1al\u00f3 que el mismo concepto puede ser adaptado al contexto dominicano, creando rutas desde la confluencia de los r\u00edos Ozama e Isabela hasta Haina, bordeando toda la costa sur de la capital, lo que permitir\u00eda descongestionar las principales v\u00edas terrestres de acceso.<\/p>\n\n\n\n<p class=\"wp-block-paragraph\">\u201cEl tr\u00e1nsito en Santo Domingo se ha convertido en una pesadilla diaria para miles de ciudadanos. Proponemos aprovechar nuestros recursos naturales, los r\u00edos y el mar, para mover personas de forma eficiente y sin generar contaminaci\u00f3n adicional. Este proyecto no solo alivia los tapones, sino que ofrece empleo, mejora la movilidad urbana y proyecta una imagen moderna del pa\u00eds\u201d, afirm\u00f3.<\/p>\n\n\n\n<p class=\"wp-block-paragraph\">El l\u00edder de la UDC se\u00f1al\u00f3 que el sistema podr\u00eda funcionar con embarcaciones tipo barcazas, lanchas r\u00e1pidas, ferris y yolas adaptadas, integradas a estaciones de transferencia donde los pasajeros puedan combinar con autobuses, el Metro y el Telef\u00e9rico. Esto, adem\u00e1s, permitir\u00eda el desarrollo de nodos de transporte en puntos estrat\u00e9gicos del litoral y las m\u00e1rgenes de los r\u00edos.<\/p>\n\n\n\n<p class=\"wp-block-paragraph\">Luis \u201cEl Gallo\u201d subray\u00f3 que esta iniciativa ser\u00eda tambi\u00e9n una oportunidad para fomentar el turismo fluvial y costero. \u201cUn vaporetto desde la Zona Colonial hasta el Puerto de Haina, pasando por puntos emblem\u00e1ticos como Villa Duarte, el Faro a Col\u00f3n y la avenida del Puerto, ofrecer\u00eda una nueva forma de conocer la ciudad y revitalizar\u00eda el comercio en esos sectores\u201d, indic\u00f3.<\/p>\n\n\n\n<p class=\"wp-block-paragraph\">Record\u00f3 que en comunidades como Villa Duarte y Sabana Perdida, hist\u00f3ricamente las yolas han sido utilizadas por los residentes como medio de transporte diario, lo cual demuestra que existe una cultura y una necesidad real de transporte acu\u00e1tico, que solo necesita ser formalizada y modernizada.<\/p>\n\n\n\n<p class=\"wp-block-paragraph\">Finalmente, hizo un llamado al gobierno central, al sector empresarial y a las autoridades municipales a acoger esta propuesta con visi\u00f3n de futuro y compromiso ciudadano.<\/p>\n\n\n\n<p class=\"wp-block-paragraph\">\u201cEl vaporetto no es un lujo, es una necesidad. No podemos seguir apostando solo al cemento y al asfalto. El transporte mar\u00edtimo urbano es una realidad en el mundo moderno, y en Rep\u00fablica Dominicana tambi\u00e9n puede serlo\u201d, concluy\u00f3.<\/p>\n","protected":false},"excerpt":{"rendered":"<p>El presidente de la Uni\u00f3n Dem\u00f3crata Cristiana (UDC), Luis Acosta Moreta, Luis \u201cEl Gallo\u201d, propuso este jueves una soluci\u00f3n moderna, ecol\u00f3gica y efectiva al caos del transporte en el Gran&hellip;<\/p>\n","protected":false},"author":10,"featured_media":101859,"comment_status":"open","ping_status":"open","sticky":false,"template":"","format":"standard","meta":{"content-type":"","_jetpack_newsletter_access":"","_jetpack_dont_email_post_to_subs":false,"_jetpack_newsletter_tier_id":0,"_jetpack_memberships_contains_paywalled_content":false,"_jetpack_feature_clip_id":0,"_jetpack_memberships_contains_paid_content":false,"footnotes":"","jetpack_post_was_ever_published":false},"categories":[16559],"tags":[20929,15440,927,1208,2234,15438],"class_list":["post-101858","post","type-post","status-publish","format-standard","has-post-thumbnail","hentry","category-politica","tag-autobus-maritimo","tag-concho","tag-gran-santo-domingo","tag-luis-el-gallo","tag-udc","tag-vaporetto"],"jetpack-related-posts":[{"id":89156,"url":"https:\/\/lasprimeras.com.do\/index.php\/2024\/09\/18\/proponen-agilizar-el-transito-el-vaporetto-autobus-maritimo-del-concho\/","url_meta":{"origin":101858,"position":0},"title":"Proponen agilizar el tr\u00e1nsito, el vaporetto, autob\u00fas mar\u00edtimo del concho","author":"Nelson Feliz","date":"18 de septiembre de 2024","format":false,"excerpt":"El presidente de la Uni\u00f3n Dem\u00f3crata Cristiana \u2013UDC-, Luis Acosta Moreta, Luis \u201cEl Gallo\u201d, propuso hoy para agilizar el transporte p\u00fablico de pasajeros, la creaci\u00f3n del vaporetto, el autob\u00fas mar\u00edtimo del concho.- Dijo que el vaporetto se utiliza en las principales ciudades de Europa que tienen costas, Desde el litoral\u2026","rel":"","context":"En \u00abTURISMO\u00bb","block_context":{"text":"TURISMO","link":"https:\/\/lasprimeras.com.do\/index.php\/category\/turismo\/"},"img":{"alt_text":"","src":"https:\/\/i0.wp.com\/lasprimeras.com.do\/wp-content\/uploads\/2024\/09\/el-vaporetto.jpg?resize=350%2C200&ssl=1","width":350,"height":200,"srcset":"https:\/\/i0.wp.com\/lasprimeras.com.do\/wp-content\/uploads\/2024\/09\/el-vaporetto.jpg?resize=350%2C200&ssl=1 1x, https:\/\/i0.wp.com\/lasprimeras.com.do\/wp-content\/uploads\/2024\/09\/el-vaporetto.jpg?resize=525%2C300&ssl=1 1.5x"},"classes":[]},{"id":128108,"url":"https:\/\/lasprimeras.com.do\/index.php\/2026\/04\/19\/luis-el-gallo-pide-unidad-para-controlar-precios-de-alimentos\/","url_meta":{"origin":101858,"position":1},"title":"Luis \u201cEl Gallo\u201d pide unidad para controlar precios de alimentos","author":"Nelson Feliz","date":"19 de abril de 2026","format":false,"excerpt":"El presidente de la Uni\u00f3n Dem\u00f3crata Cristiana -UDC-, Luis Acosta Moreta, Luis \u201cEl Gallo\u201d, pidi\u00f3 hoy al sector empresarial que una sus esfuerzos con el gobierno, para establecer precios asequibles a los comestibles de la canasta familiar. A\u00f1adi\u00f3 que los precios de los art\u00edculos se mantienen por las nubes, alejando\u2026","rel":"","context":"En \u00abPOLITICA\u00bb","block_context":{"text":"POLITICA","link":"https:\/\/lasprimeras.com.do\/index.php\/category\/politica\/"},"img":{"alt_text":"Luis Acosta Moreta","src":"https:\/\/i0.wp.com\/lasprimeras.com.do\/wp-content\/uploads\/2026\/04\/Luis-Acosta-Moreta.jpg?resize=350%2C200&ssl=1","width":350,"height":200,"srcset":"https:\/\/i0.wp.com\/lasprimeras.com.do\/wp-content\/uploads\/2026\/04\/Luis-Acosta-Moreta.jpg?resize=350%2C200&ssl=1 1x, https:\/\/i0.wp.com\/lasprimeras.com.do\/wp-content\/uploads\/2026\/04\/Luis-Acosta-Moreta.jpg?resize=525%2C300&ssl=1 1.5x, https:\/\/i0.wp.com\/lasprimeras.com.do\/wp-content\/uploads\/2026\/04\/Luis-Acosta-Moreta.jpg?resize=700%2C400&ssl=1 2x"},"classes":[]},{"id":70060,"url":"https:\/\/lasprimeras.com.do\/index.php\/2023\/12\/08\/udc-llega-a-barrios-marginados-con-aguinaldo-y-encendido-arbolito-navideno\/","url_meta":{"origin":101858,"position":2},"title":"UDC llega a barrios marginados, con Aguinaldo y encendido \u00e1rbolito Navide\u00f1o","author":"Nelson Feliz","date":"8 de diciembre de 2023","format":false,"excerpt":"En un verdadero ba\u00f1o de pueblo, Luis \u201cEl Gallo\u201d lleg\u00f3 a los barrios marginados de Santo Domingo, llevando alegr\u00eda con su Aguinaldo y encendido de \u00e1rbolitos Navide\u00f1os. Luis Acosta Moreta, Luis \u201cEl Gallo\u201d, puso a bailar ritmos navide\u00f1os a ni\u00f1os, adultos y personas de la tercera edad, en el primer\u2026","rel":"","context":"En \u00abENTRETENIMIENTO\u00bb","block_context":{"text":"ENTRETENIMIENTO","link":"https:\/\/lasprimeras.com.do\/index.php\/category\/entretenimiento\/"},"img":{"alt_text":"encendido \u00e1rbolito Navide\u00f1o","src":"https:\/\/i0.wp.com\/lasprimeras.com.do\/wp-content\/uploads\/2023\/12\/encendido-arbolito-Navideno.jpg?resize=350%2C200&ssl=1","width":350,"height":200,"srcset":"https:\/\/i0.wp.com\/lasprimeras.com.do\/wp-content\/uploads\/2023\/12\/encendido-arbolito-Navideno.jpg?resize=350%2C200&ssl=1 1x, https:\/\/i0.wp.com\/lasprimeras.com.do\/wp-content\/uploads\/2023\/12\/encendido-arbolito-Navideno.jpg?resize=525%2C300&ssl=1 1.5x, https:\/\/i0.wp.com\/lasprimeras.com.do\/wp-content\/uploads\/2023\/12\/encendido-arbolito-Navideno.jpg?resize=700%2C400&ssl=1 2x"},"classes":[]},{"id":122687,"url":"https:\/\/lasprimeras.com.do\/index.php\/2026\/02\/20\/udc-pide-se-impulse-artesania-local-en-la-ruta-del-encuentro-de-dos-civilizaciones\/","url_meta":{"origin":101858,"position":3},"title":"UDC pide se impulse artesan\u00eda local en la ruta del encuentro de dos civilizaciones","author":"Nelson Feliz","date":"20 de febrero de 2026","format":false,"excerpt":"El l\u00edder de la Uni\u00f3n Dem\u00f3crata Cristiana \u2013UDC-, Luis Acosta Moreta, Luis \u201cEl Gallo\u201d, salud\u00f3 hoy la presentaci\u00f3n por el presidente Luis Abinader de la Ruta del Encuentro de Dos Civilizaciones, que impulsar\u00e1 el desarrollo del turismo. Al mismo tiempo reclam\u00f3 que se impulse a la artesan\u00eda local, incluyendo al\u2026","rel":"","context":"En \u00abPOLITICA\u00bb","block_context":{"text":"POLITICA","link":"https:\/\/lasprimeras.com.do\/index.php\/category\/politica\/"},"img":{"alt_text":"","src":"https:\/\/i0.wp.com\/lasprimeras.com.do\/wp-content\/uploads\/2026\/02\/IMG-20260210-WA1032.jpg?resize=350%2C200&ssl=1","width":350,"height":200,"srcset":"https:\/\/i0.wp.com\/lasprimeras.com.do\/wp-content\/uploads\/2026\/02\/IMG-20260210-WA1032.jpg?resize=350%2C200&ssl=1 1x, https:\/\/i0.wp.com\/lasprimeras.com.do\/wp-content\/uploads\/2026\/02\/IMG-20260210-WA1032.jpg?resize=525%2C300&ssl=1 1.5x, https:\/\/i0.wp.com\/lasprimeras.com.do\/wp-content\/uploads\/2026\/02\/IMG-20260210-WA1032.jpg?resize=700%2C400&ssl=1 2x"},"classes":[]},{"id":126950,"url":"https:\/\/lasprimeras.com.do\/index.php\/2026\/04\/07\/luis-el-gallo-respalda-propuesta-presidente-abinader-de-un-gran-acuerdo-nacional\/","url_meta":{"origin":101858,"position":4},"title":"Luis \u201cEl Gallo\u201d respalda propuesta presidente Abinader de un gran acuerdo nacional","author":"Nelson Feliz","date":"7 de abril de 2026","format":false,"excerpt":"El l\u00edder de la Uni\u00f3n Dem\u00f3crata Cristiana \u2013UDC-, Luis Acosta Moreta, Luis \u201cEl Gallo\u201d, apoy\u00f3 hoy la propuesta del presidente Luis Abinader de propiciar un gran acuerdo nacional para prevenir una crisis econ\u00f3mica, impulsada por problemas internacionales. Felicit\u00f3 y se adhiri\u00f3 a la propuesta del presidente Abinader, e hizo un\u2026","rel":"","context":"En \u00abPOLITICA\u00bb","block_context":{"text":"POLITICA","link":"https:\/\/lasprimeras.com.do\/index.php\/category\/politica\/"},"img":{"alt_text":"Luis Acosta Moreta","src":"https:\/\/i0.wp.com\/lasprimeras.com.do\/wp-content\/uploads\/2025\/07\/Luis-Acosta-Moreta.png?resize=350%2C200&ssl=1","width":350,"height":200},"classes":[]},{"id":126547,"url":"https:\/\/lasprimeras.com.do\/index.php\/2026\/04\/02\/luis-el-gallo-reparte-habichuelas-con-dulce-bajo-lluvia\/","url_meta":{"origin":101858,"position":5},"title":"Luis \u201cEl Gallo\u201d reparte habichuelas con dulce bajo lluvia","author":"Nelson Feliz","date":"2 de abril de 2026","format":false,"excerpt":"En medio de intensas lluvias, el presidente de la Uni\u00f3n Dem\u00f3crata Cristiana \u2013UDC\u2010, Luis Acosta Moreta, encabez\u00f3 este jueves un amplio operativo de asistencia social con motivo de la Semana Santa, llevando la tradicional habichuela con dulce y raciones alimenticias a los barrios m\u00e1s vulnerables del Gran Santo Domingo. La\u2026","rel":"","context":"En \u00abPOLITICA\u00bb","block_context":{"text":"POLITICA","link":"https:\/\/lasprimeras.com.do\/index.php\/category\/politica\/"},"img":{"alt_text":"Luis Acosta Moreta","src":"https:\/\/i0.wp.com\/lasprimeras.com.do\/wp-content\/uploads\/2026\/04\/Luis-Acosta-Moreta-1.jpg?resize=350%2C200&ssl=1","width":350,"height":200,"srcset":"https:\/\/i0.wp.com\/lasprimeras.com.do\/wp-content\/uploads\/2026\/04\/Luis-Acosta-Moreta-1.jpg?resize=350%2C200&ssl=1 1x, https:\/\/i0.wp.com\/lasprimeras.com.do\/wp-content\/uploads\/2026\/04\/Luis-Acosta-Moreta-1.jpg?resize=525%2C300&ssl=1 1.5x, https:\/\/i0.wp.com\/lasprimeras.com.do\/wp-content\/uploads\/2026\/04\/Luis-Acosta-Moreta-1.jpg?resize=700%2C400&ssl=1 2x"},"classes":[]}],"jetpack_sharing_enabled":true,"jetpack_featured_media_url":"https:\/\/lasprimeras.com.do\/wp-content\/uploads\/2025\/06\/vaporetto-1.jpg","_links":{"self":[{"href":"https:\/\/lasprimeras.com.do\/index.php\/wp-json\/wp\/v2\/posts\/101858","targetHints":{"allow":["GET"]}}],"collection":[{"href":"https:\/\/lasprimeras.com.do\/index.php\/wp-json\/wp\/v2\/posts"}],"about":[{"href":"https:\/\/lasprimeras.com.do\/index.php\/wp-json\/wp\/v2\/types\/post"}],"author":[{"embeddable":true,"href":"https:\/\/lasprimeras.com.do\/index.php\/wp-json\/wp\/v2\/users\/10"}],"replies":[{"embeddable":true,"href":"https:\/\/lasprimeras.com.do\/index.php\/wp-json\/wp\/v2\/comments?post=101858"}],"version-history":[{"count":1,"href":"https:\/\/lasprimeras.com.do\/index.php\/wp-json\/wp\/v2\/posts\/101858\/revisions"}],"predecessor-version":[{"id":101860,"href":"https:\/\/lasprimeras.com.do\/index.php\/wp-json\/wp\/v2\/posts\/101858\/revisions\/101860"}],"wp:featuredmedia":[{"embeddable":true,"href":"https:\/\/lasprimeras.com.do\/index.php\/wp-json\/wp\/v2\/media\/101859"}],"wp:attachment":[{"href":"https:\/\/lasprimeras.com.do\/index.php\/wp-json\/wp\/v2\/media?parent=101858"}],"wp:term":[{"taxonomy":"category","embeddable":true,"href":"https:\/\/lasprimeras.com.do\/index.php\/wp-json\/wp\/v2\/categories?post=101858"},{"taxonomy":"post_tag","embeddable":true,"href":"https:\/\/lasprimeras.com.do\/index.php\/wp-json\/wp\/v2\/tags?post=101858"}],"curies":[{"name":"wp","href":"https:\/\/api.w.org\/{rel}","templated":true}]}}