{"id":101861,"date":"2025-06-27T12:04:51","date_gmt":"2025-06-27T16:04:51","guid":{"rendered":"https:\/\/lasprimeras.com.do\/?p=101861"},"modified":"2025-06-27T12:04:53","modified_gmt":"2025-06-27T16:04:53","slug":"jose-joaquin-puello-es-insostenible-el-pago-de-75-de-honorarios-de-cecanot-a-los-medicos","status":"publish","type":"post","link":"https:\/\/lasprimeras.com.do\/index.php\/2025\/06\/27\/jose-joaquin-puello-es-insostenible-el-pago-de-75-de-honorarios-de-cecanot-a-los-medicos\/","title":{"rendered":"Jos\u00e9 Joaqu\u00edn Puello: &#8220;Es insostenible el pago de 75% de honorarios de Cecanot a los m\u00e9dicos&#8221;"},"content":{"rendered":"\n<p>El presidente de la Ciudad Sanitaria Luis Eduardo Aybar, doctor Jos\u00e9 Joaqu\u00edn Puello afirm\u00f3 que el modo de incentivo que solicita el Departamento de Oftalmolog\u00eda del Centro Cardio-Neuro Oftalmol\u00f3gico y Trasplante (CECANOT) es insostenible en la actualidad, por lo que podr\u00eda poner en peligro el futuro de este.<\/p>\n\n\n\n<p>El doctor Puello explic\u00f3 que fueron detectadas remuneraciones que no se corresponden con la realidad.<\/p>\n\n\n\n<p>&#8220;Esto oblig\u00f3 a revisar y ajustar los incentivos basados en la productividad, proceso consensuado con las autoridades competentes&#8221;, aclar\u00f3.<\/p>\n\n\n\n<p>Mientras, el director de CECANOT, doctor Cleto Rafael Ram\u00edrez, expres\u00f3 que se han distinguido dentro de los hospitales de la Red P\u00fablica, \u201cPor tener incentivos de productividad, lo que ha sido uno de los pilares de calidad y eficiencia en el cumplimiento de las labores de nuestro personal asistencial altamente especializado y estos incentivos l\u00f3gicamente se han visto afectados por la situaci\u00f3n detectada\u201d.<\/p>\n\n\n\n<p>Agreg\u00f3 que junto al Colegio M\u00e9dico Dominicano, han sostenido encuentros para abordar la situaci\u00f3n expuesta.<\/p>\n\n\n\n<p>Este centro reitera su compromiso con mantener los altos est\u00e1ndares de calidad que le ha caracterizado y asegura cuenta con los recursos para ofrecer atenci\u00f3n oportuna a la poblaci\u00f3n.<\/p>\n","protected":false},"excerpt":{"rendered":"<p>El presidente de la Ciudad Sanitaria Luis Eduardo Aybar, doctor Jos\u00e9 Joaqu\u00edn Puello afirm\u00f3 que el modo de incentivo que solicita el Departamento de Oftalmolog\u00eda del Centro Cardio-Neuro Oftalmol\u00f3gico y&hellip;<\/p>\n","protected":false},"author":10,"featured_media":101862,"comment_status":"open","ping_status":"open","sticky":false,"template":"","format":"standard","meta":{"content-type":"","jetpack_post_was_ever_published":false,"_jetpack_newsletter_access":"","_jetpack_dont_email_post_to_subs":false,"_jetpack_newsletter_tier_id":0,"_jetpack_memberships_contains_paywalled_content":false,"_jetpack_memberships_contains_paid_content":false,"footnotes":""},"categories":[16558],"tags":[16145,20930,8225,709,961,1797],"class_list":["post-101861","post","type-post","status-publish","format-standard","has-post-thumbnail","hentry","category-salud","tag-cecanot","tag-honorarios","tag-insostenible","tag-jose-joaquin-puello","tag-medicos","tag-pago"],"jetpack_featured_media_url":"https:\/\/lasprimeras.com.do\/wp-content\/uploads\/2025\/06\/Jose-Joaquin-Puello.jpg","jetpack-related-posts":[{"id":61287,"url":"https:\/\/lasprimeras.com.do\/index.php\/2023\/09\/25\/jose-joaquin-puello-dice-que-la-ciudad-sanitaria-cuenta-con-equipos-de-alta-tecnologia\/","url_meta":{"origin":101861,"position":0},"title":"Jos\u00e9 Joaqu\u00edn Puello dice que la Ciudad Sanitaria cuenta con equipos de alta tecnolog\u00eda","author":"Nelson Feliz","date":"25 de septiembre de 2023","format":false,"excerpt":"El m\u00e9dico neurocirujano, Jos\u00e9 Joaqu\u00edn Puello, afirm\u00f3 que la ciudad sanitaria Doctor Luis E. Aybar es el principal centro de salud del pa\u00eds y cuenta con equipos de alta tecnolog\u00eda. El director de la ciudad sanitaria, dijo que ese centro cuenta con 13 instalaciones con equipos ultra modernos, adem\u00e1s es\u2026","rel":"","context":"En \u00abPORTADA\u00bb","block_context":{"text":"PORTADA","link":"https:\/\/lasprimeras.com.do\/index.php\/category\/portada\/"},"img":{"alt_text":"Jos\u00e9 Joaqu\u00edn Puello","src":"https:\/\/i0.wp.com\/lasprimeras.com.do\/wp-content\/uploads\/2023\/09\/Jose-Joaquin-Puello.jpg?resize=350%2C200&ssl=1","width":350,"height":200,"srcset":"https:\/\/i0.wp.com\/lasprimeras.com.do\/wp-content\/uploads\/2023\/09\/Jose-Joaquin-Puello.jpg?resize=350%2C200&ssl=1 1x, https:\/\/i0.wp.com\/lasprimeras.com.do\/wp-content\/uploads\/2023\/09\/Jose-Joaquin-Puello.jpg?resize=525%2C300&ssl=1 1.5x"},"classes":[]},{"id":64499,"url":"https:\/\/lasprimeras.com.do\/index.php\/2023\/10\/20\/complejo-luis-e-aybar-sin-fecha-de-terminacion-a-nueve-anos-inicio-trabajos\/","url_meta":{"origin":101861,"position":1},"title":"Complejo Luis E. Aybar sin fecha de terminaci\u00f3n a nueve a\u00f1os inicio trabajos","author":"BIMARY DE JES\u00daS Matos","date":"20 de octubre de 2023","format":false,"excerpt":"Santo Domingo.-En limpieza de malezas, restauraci\u00f3n de espacios con filtraciones y pintura se encontraban los trabajos en la Ciudad Sanitaria Luis Eduardo Aybar, donde antes de finalizar el a\u00f1o pretenden entregar dos de los edificios que componen el complejo. \u201cLa idea es lograr para fin de a\u00f1o que el \u00fanico\u2026","rel":"","context":"En \u00abPORTADA\u00bb","block_context":{"text":"PORTADA","link":"https:\/\/lasprimeras.com.do\/index.php\/category\/portada\/"},"img":{"alt_text":"","src":"https:\/\/i0.wp.com\/lasprimeras.com.do\/wp-content\/uploads\/2023\/10\/WhatsApp-Image-2023-10-19-at-12.04.14-PM.jpeg?resize=350%2C200&ssl=1","width":350,"height":200,"srcset":"https:\/\/i0.wp.com\/lasprimeras.com.do\/wp-content\/uploads\/2023\/10\/WhatsApp-Image-2023-10-19-at-12.04.14-PM.jpeg?resize=350%2C200&ssl=1 1x, https:\/\/i0.wp.com\/lasprimeras.com.do\/wp-content\/uploads\/2023\/10\/WhatsApp-Image-2023-10-19-at-12.04.14-PM.jpeg?resize=525%2C300&ssl=1 1.5x, https:\/\/i0.wp.com\/lasprimeras.com.do\/wp-content\/uploads\/2023\/10\/WhatsApp-Image-2023-10-19-at-12.04.14-PM.jpeg?resize=700%2C400&ssl=1 2x, https:\/\/i0.wp.com\/lasprimeras.com.do\/wp-content\/uploads\/2023\/10\/WhatsApp-Image-2023-10-19-at-12.04.14-PM.jpeg?resize=1050%2C600&ssl=1 3x"},"classes":[]},{"id":114939,"url":"https:\/\/lasprimeras.com.do\/index.php\/2025\/10\/14\/sns-juramenta-nuevas-autoridades-hospital-clinico-quirurgico-jose-joaquin-puello-de-la-ciudad-sanitaria-dr-luis-eduardo-aybar\/","url_meta":{"origin":101861,"position":2},"title":"SNS juramenta nuevas autoridades Hospital Cl\u00ednico Quir\u00fargico Jos\u00e9 Joaqu\u00edn Puello de la Ciudad Sanitaria Dr. Luis Eduardo Aybar","author":"Nelson Feliz","date":"14 de octubre de 2025","format":false,"excerpt":"El director del Servicio Nacional de Salud (SNS), doctor Mario Lama, jurament\u00f3 este martes al doctor Ram\u00f3n Feliz Jim\u00e9nez como nuevo director del Hospital Jos\u00e9 Joaqu\u00edn Puello y a la doctora Patricia \u00c1lvarez como subdirectora del centro, ubicado en la Ciudad Sanitaria Dr. Luis Eduardo Aybar. Al juramentarlos, el doctor\u2026","rel":"","context":"En \u00abPORTADA\u00bb","block_context":{"text":"PORTADA","link":"https:\/\/lasprimeras.com.do\/index.php\/category\/portada\/"},"img":{"alt_text":"","src":"https:\/\/i0.wp.com\/lasprimeras.com.do\/wp-content\/uploads\/2025\/11\/Ciudad-Sanitaria-Dr.-Luis-Eduardo-Aybar.jpg?resize=350%2C200&ssl=1","width":350,"height":200,"srcset":"https:\/\/i0.wp.com\/lasprimeras.com.do\/wp-content\/uploads\/2025\/11\/Ciudad-Sanitaria-Dr.-Luis-Eduardo-Aybar.jpg?resize=350%2C200&ssl=1 1x, https:\/\/i0.wp.com\/lasprimeras.com.do\/wp-content\/uploads\/2025\/11\/Ciudad-Sanitaria-Dr.-Luis-Eduardo-Aybar.jpg?resize=525%2C300&ssl=1 1.5x, https:\/\/i0.wp.com\/lasprimeras.com.do\/wp-content\/uploads\/2025\/11\/Ciudad-Sanitaria-Dr.-Luis-Eduardo-Aybar.jpg?resize=700%2C400&ssl=1 2x"},"classes":[]},{"id":90591,"url":"https:\/\/lasprimeras.com.do\/index.php\/2024\/10\/24\/cecanot-y-codesop-benefician-a-ninos-con-consulta-de-ambliopia\/","url_meta":{"origin":101861,"position":3},"title":"CECANOT y CODESOP benefician a ni\u00f1os con consulta de Ambliop\u00eda","author":"Nelson Feliz","date":"24 de octubre de 2024","format":false,"excerpt":"El Centro Cardio Neuro Oftalmol\u00f3gico y Trasplante (CECANOT) y el Consejo Dominicano de Estrabismo y Oftalmolog\u00eda Pedi\u00e1trica (CODESOP) realizaron este jueves su operativo anual de detecci\u00f3n de Ambliop\u00eda, en conmemoraci\u00f3n del D\u00eda Internacional de la Ambliop\u00eda, celebrado el 15 de octubre. El operativo, que se realiza cada a\u00f1o, tuvo lugar\u2026","rel":"","context":"En \u00abSin categor\u00eda\u00bb","block_context":{"text":"Sin categor\u00eda","link":"https:\/\/lasprimeras.com.do\/index.php\/category\/sin-categoria\/"},"img":{"alt_text":"","src":"https:\/\/i0.wp.com\/lasprimeras.com.do\/wp-content\/uploads\/2024\/10\/operat.jpg?resize=350%2C200&ssl=1","width":350,"height":200,"srcset":"https:\/\/i0.wp.com\/lasprimeras.com.do\/wp-content\/uploads\/2024\/10\/operat.jpg?resize=350%2C200&ssl=1 1x, https:\/\/i0.wp.com\/lasprimeras.com.do\/wp-content\/uploads\/2024\/10\/operat.jpg?resize=525%2C300&ssl=1 1.5x, https:\/\/i0.wp.com\/lasprimeras.com.do\/wp-content\/uploads\/2024\/10\/operat.jpg?resize=700%2C400&ssl=1 2x"},"classes":[]},{"id":49032,"url":"https:\/\/lasprimeras.com.do\/index.php\/2023\/05\/07\/doctor-puello-el-covid-19-aumento-diagnostico-de-cancer-diabetes-trastornos-cardiovasculares-e-hipertension-en-rd\/","url_meta":{"origin":101861,"position":4},"title":"Doctor Puello: \u201cEl COVID-19 aument\u00f3 diagn\u00f3stico de c\u00e1ncer, diabetes, trastornos cardiovasculares e hipertensi\u00f3n en RD","author":"prenxa100","date":"7 de mayo de 2023","format":false,"excerpt":"Presidente de la Ciudad Sanitaria afirma que el COVID-19 atac\u00f3 de manera \u201cinmisericorde\u201d el sistema inmunol\u00f3gico de todos los dominicanos. Santo Domingo.-. A pesar de que la\u00a0 Organizaci\u00f3n Mundial de la Salud (OMS) se\u00f1al\u00f3 el viernes que el COVID-19 ya no califica como una emergencia global, marcando un final simb\u00f3lico\u2026","rel":"","context":"En \u00abPORTADA\u00bb","block_context":{"text":"PORTADA","link":"https:\/\/lasprimeras.com.do\/index.php\/category\/portada\/"},"img":{"alt_text":"","src":"","width":0,"height":0},"classes":[]},{"id":60699,"url":"https:\/\/lasprimeras.com.do\/index.php\/2023\/09\/17\/doctor-puello-herrera-llama-a-fortalecer-la-salud-y-la-educacion\/","url_meta":{"origin":101861,"position":5},"title":"Doctor Puello Herrera llama a fortalecer la salud y la educaci\u00f3n","author":"Nelson Feliz","date":"17 de septiembre de 2023","format":false,"excerpt":"El doctor Jos\u00e9 Joaqu\u00edn Puello Herrera afirm\u00f3 anoche que conservar la salud y recibir una buena educaci\u00f3n, son los aspectos fundamentales para el ser humano y para la supervivencia de la actual civilizaci\u00f3n. El maestro de neurocirug\u00eda consider\u00f3 que fomentar una buena educaci\u00f3n, basada en el conocimiento de la historia\u2026","rel":"","context":"En \u00abSin categor\u00eda\u00bb","block_context":{"text":"Sin categor\u00eda","link":"https:\/\/lasprimeras.com.do\/index.php\/category\/sin-categoria\/"},"img":{"alt_text":"Jos\u00e9 Joaqu\u00edn Puello Herrera","src":"https:\/\/i0.wp.com\/lasprimeras.com.do\/wp-content\/uploads\/2023\/09\/Jose-Joaquin-Puello-Herrera.jpg?resize=350%2C200&ssl=1","width":350,"height":200},"classes":[]}],"jetpack_sharing_enabled":true,"_links":{"self":[{"href":"https:\/\/lasprimeras.com.do\/index.php\/wp-json\/wp\/v2\/posts\/101861","targetHints":{"allow":["GET"]}}],"collection":[{"href":"https:\/\/lasprimeras.com.do\/index.php\/wp-json\/wp\/v2\/posts"}],"about":[{"href":"https:\/\/lasprimeras.com.do\/index.php\/wp-json\/wp\/v2\/types\/post"}],"author":[{"embeddable":true,"href":"https:\/\/lasprimeras.com.do\/index.php\/wp-json\/wp\/v2\/users\/10"}],"replies":[{"embeddable":true,"href":"https:\/\/lasprimeras.com.do\/index.php\/wp-json\/wp\/v2\/comments?post=101861"}],"version-history":[{"count":1,"href":"https:\/\/lasprimeras.com.do\/index.php\/wp-json\/wp\/v2\/posts\/101861\/revisions"}],"predecessor-version":[{"id":101863,"href":"https:\/\/lasprimeras.com.do\/index.php\/wp-json\/wp\/v2\/posts\/101861\/revisions\/101863"}],"wp:featuredmedia":[{"embeddable":true,"href":"https:\/\/lasprimeras.com.do\/index.php\/wp-json\/wp\/v2\/media\/101862"}],"wp:attachment":[{"href":"https:\/\/lasprimeras.com.do\/index.php\/wp-json\/wp\/v2\/media?parent=101861"}],"wp:term":[{"taxonomy":"category","embeddable":true,"href":"https:\/\/lasprimeras.com.do\/index.php\/wp-json\/wp\/v2\/categories?post=101861"},{"taxonomy":"post_tag","embeddable":true,"href":"https:\/\/lasprimeras.com.do\/index.php\/wp-json\/wp\/v2\/tags?post=101861"}],"curies":[{"name":"wp","href":"https:\/\/api.w.org\/{rel}","templated":true}]}}