{"id":101870,"date":"2025-06-27T12:29:17","date_gmt":"2025-06-27T16:29:17","guid":{"rendered":"https:\/\/lasprimeras.com.do\/?p=101870"},"modified":"2025-06-27T12:29:18","modified_gmt":"2025-06-27T16:29:18","slug":"fuerza-magisterial-en-el-dn-se-prepara-para-intensificar-acciones-en-defensa-de-la-educacion","status":"publish","type":"post","link":"https:\/\/lasprimeras.com.do\/index.php\/2025\/06\/27\/fuerza-magisterial-en-el-dn-se-prepara-para-intensificar-acciones-en-defensa-de-la-educacion\/","title":{"rendered":"Fuerza Magisterial en el DN se prepara para intensificar acciones en defensa de la educaci\u00f3n"},"content":{"rendered":"\n<p class=\"wp-block-paragraph\">La corriente Fuerza Magisterial contin\u00faa consolidando su presencia en el Distrito Nacional con la realizaci\u00f3n de una asamblea de orientaci\u00f3n dirigida a dirigentes y militantes del magisterio pertenecientes a la Seccional Noreste. La actividad, celebrada este mi\u00e9rcoles, reuni\u00f3 a m\u00e1s de 70 coordinadores y l\u00edderes escolares comprometidos con las causas educativas.<\/p>\n\n\n\n<p class=\"wp-block-paragraph\">Pese al receso acad\u00e9mico por las vacaciones, los maestros demostraron su disposici\u00f3n de mantenerse activos y organizados, participando en estos espacios que buscan fortalecer la defensa del sistema educativo dominicano y las condiciones laborales del profesorado.<\/p>\n\n\n\n<p class=\"wp-block-paragraph\">En la asamblea estuvieron presentes figuras clave de la Fuerza Magisterial, entre ellas Norman Paredes, secretario nacional de Organizaci\u00f3n, quien ofreci\u00f3 una panor\u00e1mica del papel estrat\u00e9gico que juega la corriente en la Asociaci\u00f3n Dominicana de Profesores (ADP), la Coopnama y en la vida gremial en general.<\/p>\n\n\n\n<p class=\"wp-block-paragraph\">Tambi\u00e9n particip\u00f3 el presidente del partido en la Circunscripci\u00f3n 2, Nelson G\u00f3mez, quien motiv\u00f3 a los docentes a integrarse en los procesos pol\u00edticos y resalt\u00f3 los avances logrados durante los gobiernos del expresidente Leonel Fern\u00e1ndez en favor del magisterio.<\/p>\n\n\n\n<p class=\"wp-block-paragraph\">Mientras que Miguel Mercedes, coordinador municipal de la Seccional Noreste de la Fuerza Magisterial y dirigente de la ADP, inst\u00f3 a los participantes a no bajar la guardia. \u201cDebemos seguir organiz\u00e1ndonos, sin descanso, hasta lograr un cambio real para los maestros y maestras de nuestro pa\u00eds\u201d, expres\u00f3.<\/p>\n\n\n\n<p class=\"wp-block-paragraph\">Como parte de su agenda de movilizaci\u00f3n, la Fuerza Magisterial tambi\u00e9n llev\u00f3 a cabo este lunes una jornada de encendidos de velas en distintas provincias del sur, as\u00ed como frente a la sede del Ministerio de Educaci\u00f3n, en el Distrito Nacional. Estas acciones simb\u00f3licas reiteran el compromiso del movimiento con la mejora del sistema educativo y la defensa de los derechos docentes.<\/p>\n\n\n\n<p class=\"wp-block-paragraph\">Desde Fuerza Magisterial se reafirma el compromiso de continuar trabajando a favor de una educaci\u00f3n p\u00fablica de calidad, con maestros dignificados y comunidades escolares fortalecidas.<\/p>\n","protected":false},"excerpt":{"rendered":"<p>La corriente Fuerza Magisterial contin\u00faa consolidando su presencia en el Distrito Nacional con la realizaci\u00f3n de una asamblea de orientaci\u00f3n dirigida a dirigentes y militantes del magisterio pertenecientes a la&hellip;<\/p>\n","protected":false},"author":10,"featured_media":101871,"comment_status":"open","ping_status":"open","sticky":false,"template":"","format":"standard","meta":{"content-type":"","_jetpack_newsletter_access":"","_jetpack_dont_email_post_to_subs":false,"_jetpack_newsletter_tier_id":0,"_jetpack_memberships_contains_paywalled_content":false,"_jetpack_feature_clip_id":0,"_jetpack_memberships_contains_paid_content":false,"footnotes":"","jetpack_post_was_ever_published":false},"categories":[16559],"tags":[353,2162,893,15275],"class_list":["post-101870","post","type-post","status-publish","format-standard","has-post-thumbnail","hentry","category-politica","tag-defensa","tag-dn","tag-educacion","tag-fuerza-magisterial"],"jetpack-related-posts":[{"id":96133,"url":"https:\/\/lasprimeras.com.do\/index.php\/2025\/03\/25\/secretaria-de-educacion-de-la-fp-y-la-corriente-fuerza-magisterial-celebran-asamblea-nacional-de-dirigentes\/","url_meta":{"origin":101870,"position":0},"title":"Secretar\u00eda de Educaci\u00f3n de la FP y la corriente Fuerza Magisterial celebran Asamblea Nacional de dirigentes","author":"Nelson Feliz","date":"25 de marzo de 2025","format":false,"excerpt":"El encuentro abord\u00f3 el Congreso Elector \u201cManolo Tav\u00e1rez Justo\u201d y el fortalecimiento de las estructuras de base en los centros educativos. Con una amplia representaci\u00f3n a nivel nacional, la corriente Fuerza Magisterial y la Secretar\u00eda de Educaci\u00f3n del partido Fuerza del Pueblo (FP) realizaron una Asamblea Ordinaria que reuni\u00f3 a\u2026","rel":"","context":"En \u00abPOLITICA\u00bb","block_context":{"text":"POLITICA","link":"https:\/\/lasprimeras.com.do\/index.php\/category\/politica\/"},"img":{"alt_text":"","src":"https:\/\/i0.wp.com\/lasprimeras.com.do\/wp-content\/uploads\/2025\/03\/PLD-1.jpg?resize=350%2C200&ssl=1","width":350,"height":200,"srcset":"https:\/\/i0.wp.com\/lasprimeras.com.do\/wp-content\/uploads\/2025\/03\/PLD-1.jpg?resize=350%2C200&ssl=1 1x, https:\/\/i0.wp.com\/lasprimeras.com.do\/wp-content\/uploads\/2025\/03\/PLD-1.jpg?resize=525%2C300&ssl=1 1.5x"},"classes":[]},{"id":119828,"url":"https:\/\/lasprimeras.com.do\/index.php\/2026\/01\/17\/fuerza-magisterial-realiza-masiva-asamblea-nacional-en-la-sede-de-la-adp\/","url_meta":{"origin":101870,"position":1},"title":"Fuerza Magisterial realiza masiva asamblea nacional en la sede de la ADP","author":"Nelson Feliz","date":"17 de enero de 2026","format":false,"excerpt":"Maestros de FP aprueban estatutos internos y dejan instalada comisi\u00f3n electoral. La Corriente Fuerza Magisterial realiz\u00f3 este s\u00e1bado una masiva y entusiasta asamblea nacional, en la que participaron 157 de 174 coordinadores, equivalentes a m\u00e1s del 90 %, provenientes de unas 25 provincias del pa\u00eds, con la finalidad de aprobar\u2026","rel":"","context":"En \u00abNACIONALES\u00bb","block_context":{"text":"NACIONALES","link":"https:\/\/lasprimeras.com.do\/index.php\/category\/nacionales\/"},"img":{"alt_text":"","src":"https:\/\/i0.wp.com\/lasprimeras.com.do\/wp-content\/uploads\/2026\/01\/ADP-1.jpg?resize=350%2C200&ssl=1","width":350,"height":200,"srcset":"https:\/\/i0.wp.com\/lasprimeras.com.do\/wp-content\/uploads\/2026\/01\/ADP-1.jpg?resize=350%2C200&ssl=1 1x, https:\/\/i0.wp.com\/lasprimeras.com.do\/wp-content\/uploads\/2026\/01\/ADP-1.jpg?resize=525%2C300&ssl=1 1.5x, https:\/\/i0.wp.com\/lasprimeras.com.do\/wp-content\/uploads\/2026\/01\/ADP-1.jpg?resize=700%2C400&ssl=1 2x"},"classes":[]},{"id":129662,"url":"https:\/\/lasprimeras.com.do\/index.php\/2026\/05\/05\/no-se-puede-inaugurar-asi-fuerza-magisterial-cuestiona-condiciones-del-entorno-de-liceo-en-rio-san-juan\/","url_meta":{"origin":101870,"position":2},"title":"\u201cNo se puede inaugurar as\u00ed\u201d: Fuerza Magisterial cuestiona condiciones del entorno de liceo en R\u00edo San Juan","author":"Nelson Feliz","date":"5 de mayo de 2026","format":false,"excerpt":"Adhamilka Espinal advierte que el acceso al centro educativo no garantiza seguridad ni condiciones dignas para estudiantes y docentes. La coordinadora nacional de la Fuerza Magisterial y miembro del Comit\u00e9 Ejecutivo Nacional de la Asociaci\u00f3n Dominicana de Profesores (ADP), Adhamilka Espinal, cuestion\u00f3 las condiciones del entorno en que fue inaugurado\u2026","rel":"","context":"En \u00abPOLITICA\u00bb","block_context":{"text":"POLITICA","link":"https:\/\/lasprimeras.com.do\/index.php\/category\/politica\/"},"img":{"alt_text":"","src":"https:\/\/i0.wp.com\/lasprimeras.com.do\/wp-content\/uploads\/2026\/05\/IMG-20260505-WA0339.jpg?resize=350%2C200&ssl=1","width":350,"height":200,"srcset":"https:\/\/i0.wp.com\/lasprimeras.com.do\/wp-content\/uploads\/2026\/05\/IMG-20260505-WA0339.jpg?resize=350%2C200&ssl=1 1x, https:\/\/i0.wp.com\/lasprimeras.com.do\/wp-content\/uploads\/2026\/05\/IMG-20260505-WA0339.jpg?resize=525%2C300&ssl=1 1.5x, https:\/\/i0.wp.com\/lasprimeras.com.do\/wp-content\/uploads\/2026\/05\/IMG-20260505-WA0339.jpg?resize=700%2C400&ssl=1 2x, https:\/\/i0.wp.com\/lasprimeras.com.do\/wp-content\/uploads\/2026\/05\/IMG-20260505-WA0339.jpg?resize=1050%2C600&ssl=1 3x, https:\/\/i0.wp.com\/lasprimeras.com.do\/wp-content\/uploads\/2026\/05\/IMG-20260505-WA0339.jpg?resize=1400%2C800&ssl=1 4x"},"classes":[]},{"id":101928,"url":"https:\/\/lasprimeras.com.do\/index.php\/2025\/06\/29\/maestros-de-la-fuerza-del-pueblo-rinden-tributo-a-juan-bosch-por-el-dia-del-maestro\/","url_meta":{"origin":101870,"position":3},"title":"Maestros de la Fuerza del Pueblo rinden tributo a Juan Bosch por el D\u00eda del Maestro","author":"Nelson Feliz","date":"29 de junio de 2025","format":false,"excerpt":"En la v\u00edspera del natalicio del profesor Juan Bosch y en conmemoraci\u00f3n del D\u00eda del Maestro en la Rep\u00fablica Dominicana, los docentes del partido Fuerza del Pueblo realizaron una ofrenda floral para honrar la memoria de este ilustre dominicano, s\u00edmbolo de la honestidad, la democracia y la educaci\u00f3n en el\u2026","rel":"","context":"En \u00abNACIONALES\u00bb","block_context":{"text":"NACIONALES","link":"https:\/\/lasprimeras.com.do\/index.php\/category\/nacionales\/"},"img":{"alt_text":"","src":"https:\/\/i0.wp.com\/lasprimeras.com.do\/wp-content\/uploads\/2025\/06\/fuerza.jpg?resize=350%2C200&ssl=1","width":350,"height":200,"srcset":"https:\/\/i0.wp.com\/lasprimeras.com.do\/wp-content\/uploads\/2025\/06\/fuerza.jpg?resize=350%2C200&ssl=1 1x, https:\/\/i0.wp.com\/lasprimeras.com.do\/wp-content\/uploads\/2025\/06\/fuerza.jpg?resize=525%2C300&ssl=1 1.5x, https:\/\/i0.wp.com\/lasprimeras.com.do\/wp-content\/uploads\/2025\/06\/fuerza.jpg?resize=700%2C400&ssl=1 2x"},"classes":[]},{"id":105796,"url":"https:\/\/lasprimeras.com.do\/index.php\/2025\/08\/07\/fuerza-magisterial-advierte-que-escuelas-no-estan-listas-para-iniciar-el-ano-escolar-2025-2026\/","url_meta":{"origin":101870,"position":4},"title":"Fuerza Magisterial advierte que escuelas no est\u00e1n listas para iniciar el a\u00f1o escolar 2025-2026","author":"Nelson Feliz","date":"7 de agosto de 2025","format":false,"excerpt":"Denuncia condiciones cr\u00edticas en infraestructuras escolares: \u201cNuestros ni\u00f1os merecen educaci\u00f3n en espacios dignos y seguros\u201d. La Fuerza Magisterial, corriente del magisterio organizada en la Asociaci\u00f3n Dominicana de Profesores (ADP), advirti\u00f3 que, tras un levantamiento realizado en las 174 seccionales del pa\u00eds, la mayor\u00eda de las escuelas no est\u00e1n en condiciones\u2026","rel":"","context":"En \u00abPOLITICA\u00bb","block_context":{"text":"POLITICA","link":"https:\/\/lasprimeras.com.do\/index.php\/category\/politica\/"},"img":{"alt_text":"","src":"https:\/\/i0.wp.com\/lasprimeras.com.do\/wp-content\/uploads\/2025\/08\/Fuerza-Magisterial.jpg?resize=350%2C200&ssl=1","width":350,"height":200,"srcset":"https:\/\/i0.wp.com\/lasprimeras.com.do\/wp-content\/uploads\/2025\/08\/Fuerza-Magisterial.jpg?resize=350%2C200&ssl=1 1x, https:\/\/i0.wp.com\/lasprimeras.com.do\/wp-content\/uploads\/2025\/08\/Fuerza-Magisterial.jpg?resize=525%2C300&ssl=1 1.5x, https:\/\/i0.wp.com\/lasprimeras.com.do\/wp-content\/uploads\/2025\/08\/Fuerza-Magisterial.jpg?resize=700%2C400&ssl=1 2x"},"classes":[]},{"id":130793,"url":"https:\/\/lasprimeras.com.do\/index.php\/2026\/05\/16\/leonel-juramenta-docentes-la-educacion-sera-prioridad\/","url_meta":{"origin":101870,"position":5},"title":"Leonel juramenta docentes: &#8220;La educaci\u00f3n ser\u00e1 prioridad&#8221;","author":"Nelson Feliz","date":"16 de mayo de 2026","format":false,"excerpt":"El l\u00edder opositor plantea transformar a RD en una econom\u00eda del conocimiento y llama a fortalecer la formaci\u00f3n docente. El presidente del partido Fuerza del Pueblo (FP), Leonel Fern\u00e1ndez, jurament\u00f3 este s\u00e1bado a un amplio grupo de dirigentes magisteriales provenientes de distintas demarcaciones del pa\u00eds, asegurando que la educaci\u00f3n ser\u00e1\u2026","rel":"","context":"En \u00abPOLITICA\u00bb","block_context":{"text":"POLITICA","link":"https:\/\/lasprimeras.com.do\/index.php\/category\/politica\/"},"img":{"alt_text":"Leonel Fern\u00e1ndez","src":"https:\/\/i0.wp.com\/lasprimeras.com.do\/wp-content\/uploads\/2026\/05\/Leonel-Fernandez-2.jpg?resize=350%2C200&ssl=1","width":350,"height":200,"srcset":"https:\/\/i0.wp.com\/lasprimeras.com.do\/wp-content\/uploads\/2026\/05\/Leonel-Fernandez-2.jpg?resize=350%2C200&ssl=1 1x, https:\/\/i0.wp.com\/lasprimeras.com.do\/wp-content\/uploads\/2026\/05\/Leonel-Fernandez-2.jpg?resize=525%2C300&ssl=1 1.5x, https:\/\/i0.wp.com\/lasprimeras.com.do\/wp-content\/uploads\/2026\/05\/Leonel-Fernandez-2.jpg?resize=700%2C400&ssl=1 2x"},"classes":[]}],"jetpack_sharing_enabled":true,"jetpack_featured_media_url":"https:\/\/lasprimeras.com.do\/wp-content\/uploads\/2025\/06\/edu.jpg","_links":{"self":[{"href":"https:\/\/lasprimeras.com.do\/index.php\/wp-json\/wp\/v2\/posts\/101870","targetHints":{"allow":["GET"]}}],"collection":[{"href":"https:\/\/lasprimeras.com.do\/index.php\/wp-json\/wp\/v2\/posts"}],"about":[{"href":"https:\/\/lasprimeras.com.do\/index.php\/wp-json\/wp\/v2\/types\/post"}],"author":[{"embeddable":true,"href":"https:\/\/lasprimeras.com.do\/index.php\/wp-json\/wp\/v2\/users\/10"}],"replies":[{"embeddable":true,"href":"https:\/\/lasprimeras.com.do\/index.php\/wp-json\/wp\/v2\/comments?post=101870"}],"version-history":[{"count":1,"href":"https:\/\/lasprimeras.com.do\/index.php\/wp-json\/wp\/v2\/posts\/101870\/revisions"}],"predecessor-version":[{"id":101872,"href":"https:\/\/lasprimeras.com.do\/index.php\/wp-json\/wp\/v2\/posts\/101870\/revisions\/101872"}],"wp:featuredmedia":[{"embeddable":true,"href":"https:\/\/lasprimeras.com.do\/index.php\/wp-json\/wp\/v2\/media\/101871"}],"wp:attachment":[{"href":"https:\/\/lasprimeras.com.do\/index.php\/wp-json\/wp\/v2\/media?parent=101870"}],"wp:term":[{"taxonomy":"category","embeddable":true,"href":"https:\/\/lasprimeras.com.do\/index.php\/wp-json\/wp\/v2\/categories?post=101870"},{"taxonomy":"post_tag","embeddable":true,"href":"https:\/\/lasprimeras.com.do\/index.php\/wp-json\/wp\/v2\/tags?post=101870"}],"curies":[{"name":"wp","href":"https:\/\/api.w.org\/{rel}","templated":true}]}}