{"id":101892,"date":"2025-06-27T23:20:09","date_gmt":"2025-06-28T03:20:09","guid":{"rendered":"https:\/\/lasprimeras.com.do\/?p=101892"},"modified":"2025-06-27T23:20:09","modified_gmt":"2025-06-28T03:20:09","slug":"sisalril-reitera-propuesta-de-per-capita-diferenciadoa-ars-no-afecta-a-los-afiliados","status":"publish","type":"post","link":"https:\/\/lasprimeras.com.do\/index.php\/2025\/06\/27\/sisalril-reitera-propuesta-de-per-capita-diferenciadoa-ars-no-afecta-a-los-afiliados\/","title":{"rendered":"SISALRIL reitera propuesta de per c\u00e1pita diferenciadoa ARS no afecta a los afiliados"},"content":{"rendered":"\n<p>La Superintendencia de Salud y Riesgos Laborales (SISALRIL) reitera que la propuesta de per c\u00e1pita diferenciado, que tiene como prop\u00f3sito asegurar un sistema m\u00e1s justo y eficiente, no perjudica ni afecta a los afiliados del R\u00e9gimen Contributivo en el Seguro Familiar de Salud (SFS).<\/p>\n\n\n\n<p>La propuesta mantiene todos los beneficios, coberturas de salud, acceso a la atenci\u00f3n m\u00e9dica, as\u00ed como la calidad de los servicios y las condiciones del Plan B\u00e1sico de Salud actuales de la poblaci\u00f3n asegurada.<\/p>\n\n\n\n<p>El proyecto de per c\u00e1pita diferenciado busca fortalecer la sostenibilidad financiera y social del SFS al asegurar que los recursos entre las ARS se distribuyan de manera equilibrada, basado en la siniestralidad y el perfil de riesgo de sus afiliados, inicialmente partiendo de su edad y sexo.<\/p>\n\n\n\n<p>Es decir, que las ARS con personas de avanzada edad y mujeres en etapas reproductivas, recibir\u00edan una asignaci\u00f3n econ\u00f3mica acorde a las necesidades de sus afiliados, en un marco de equidad y sostenibilidad.<\/p>\n\n\n\n<p>La iniciativa refuerza la estabilidad del sistema en su conjunto sin afectar la operatividad de ning\u00fan actor, ni para destruir empleos. Un sistema m\u00e1s justo y robusto asegura la permanencia y desarrollo del mercado de las ARS.<\/p>\n\n\n\n<p>El modelo de per c\u00e1pita diferenciado se encuentra establecido en el art\u00edculo 169 de la Ley 87-01 que crea el Sistema Dominicano de Seguridad Social, la cual faculta a la Superintendencia de Salud y Riesgos Laborales a realizar estudios t\u00e9cnicos correspondientes para presentar una propuesta ante el Consejo Nacional de Seguridad Social (CNSS), entidad que tiene la potestad de establecer el valor por cada persona afiliada en funci\u00f3n del riesgo individual de los mismos.<\/p>\n\n\n\n<p>La SISALRIL rechaza los alegatos infundados de una supuesta agrupaci\u00f3n, sin registro formal, ni activismo y desconocida por los actores del sistema, para intentar confundir a la poblaci\u00f3n, especialmente a los trabajadores, sobre un tema tan crucial como la sostenibilidad del Seguro Familiar de Salud.<\/p>\n\n\n\n<p>El proyecto entregado, fue ordenado por el Consejo Nacional de Seguridad Social que determinar\u00e1 su implementaci\u00f3n, luego de que la SISALRIL agotara una jornada de consultas y mesas de trabajo con los diferentes actores interesados del sistema, incluyendo las 17 ARS reguladas por la instituci\u00f3n.<\/p>\n","protected":false},"excerpt":{"rendered":"<p>La Superintendencia de Salud y Riesgos Laborales (SISALRIL) reitera que la propuesta de per c\u00e1pita diferenciado, que tiene como prop\u00f3sito asegurar un sistema m\u00e1s justo y eficiente, no perjudica ni&hellip;<\/p>\n","protected":false},"author":2,"featured_media":101893,"comment_status":"open","ping_status":"open","sticky":false,"template":"","format":"standard","meta":{"content-type":"","jetpack_post_was_ever_published":false,"_jetpack_newsletter_access":"","_jetpack_dont_email_post_to_subs":false,"_jetpack_newsletter_tier_id":0,"_jetpack_memberships_contains_paywalled_content":false,"_jetpack_memberships_contains_paid_content":false,"footnotes":""},"categories":[16558],"tags":[2104,19214,20941,1274,7863],"class_list":["post-101892","post","type-post","status-publish","format-standard","has-post-thumbnail","hentry","category-salud","tag-afiliados","tag-ars","tag-per-capita","tag-propuesta","tag-sisalril"],"jetpack_featured_media_url":"https:\/\/lasprimeras.com.do\/wp-content\/uploads\/2025\/06\/SISALRIL-4.jpg","jetpack-related-posts":[{"id":100283,"url":"https:\/\/lasprimeras.com.do\/index.php\/2025\/06\/04\/sisalril-garantiza-la-sostenibilidad-financiera-y-social-del-seguro-familiar-de-salud\/","url_meta":{"origin":101892,"position":0},"title":"SISALRIL garantiza la sostenibilidad financiera y social del Seguro Familiar de Salud","author":"Nelson Feliz","date":"4 de junio de 2025","format":false,"excerpt":"Busca equidad y sostenibilidad en salud con propuesta de per c\u00e1pita diferenciado. La Superintendencia de Salud y Riesgos Laborales (SISALRIL) busca garantizar la sostenibilidad financiera y social del Seguro Familiar de Salud (SFS), con el avance de una propuesta de distribuci\u00f3n equitativa de los recursos a las Administradoras de Riesgos\u2026","rel":"","context":"En \u00abSALUD\u00bb","block_context":{"text":"SALUD","link":"https:\/\/lasprimeras.com.do\/index.php\/category\/salud\/"},"img":{"alt_text":"","src":"https:\/\/i0.wp.com\/lasprimeras.com.do\/wp-content\/uploads\/2025\/06\/Sisalril.jpg?resize=350%2C200&ssl=1","width":350,"height":200,"srcset":"https:\/\/i0.wp.com\/lasprimeras.com.do\/wp-content\/uploads\/2025\/06\/Sisalril.jpg?resize=350%2C200&ssl=1 1x, https:\/\/i0.wp.com\/lasprimeras.com.do\/wp-content\/uploads\/2025\/06\/Sisalril.jpg?resize=525%2C300&ssl=1 1.5x, https:\/\/i0.wp.com\/lasprimeras.com.do\/wp-content\/uploads\/2025\/06\/Sisalril.jpg?resize=700%2C400&ssl=1 2x"},"classes":[]},{"id":124023,"url":"https:\/\/lasprimeras.com.do\/index.php\/2026\/03\/07\/sisalril-profundiza-con-especialistas-modelo-de-per-capita-diferenciado\/","url_meta":{"origin":101892,"position":1},"title":"SISALRIL profundiza con especialistas modelo de per c\u00e1pita diferenciado","author":"Nelson Feliz","date":"7 de marzo de 2026","format":false,"excerpt":"La instituci\u00f3n llev\u00f3 a cabo la tercera edici\u00f3n de Aula SISALRIL, espacio que promovi\u00f3 el an\u00e1lisis y estudio del nuevo esquema de redistribuci\u00f3n de recursos a las ARS. Con el tema \u201cModelo de per c\u00e1pita diferenciado y su v\u00ednculo con los principios y derechos de la Seguridad Social\u201d, la Superintendencia\u2026","rel":"","context":"En \u00abSALUD\u00bb","block_context":{"text":"SALUD","link":"https:\/\/lasprimeras.com.do\/index.php\/category\/salud\/"},"img":{"alt_text":"","src":"https:\/\/i0.wp.com\/lasprimeras.com.do\/wp-content\/uploads\/2026\/03\/Miguel-Ceara-Hatton-durante-discurso.jpg?resize=350%2C200&ssl=1","width":350,"height":200,"srcset":"https:\/\/i0.wp.com\/lasprimeras.com.do\/wp-content\/uploads\/2026\/03\/Miguel-Ceara-Hatton-durante-discurso.jpg?resize=350%2C200&ssl=1 1x, https:\/\/i0.wp.com\/lasprimeras.com.do\/wp-content\/uploads\/2026\/03\/Miguel-Ceara-Hatton-durante-discurso.jpg?resize=525%2C300&ssl=1 1.5x, https:\/\/i0.wp.com\/lasprimeras.com.do\/wp-content\/uploads\/2026\/03\/Miguel-Ceara-Hatton-durante-discurso.jpg?resize=700%2C400&ssl=1 2x"},"classes":[]},{"id":113571,"url":"https:\/\/lasprimeras.com.do\/index.php\/2025\/11\/04\/ceara-hatton-per-capita-diferenciada-beneficia-a-los-afiliados-mas-vulnerables\/","url_meta":{"origin":101892,"position":2},"title":"Ceara Hatton: Per c\u00e1pita diferenciada beneficia a los afiliados m\u00e1s vulnerables","author":"Nelson Feliz","date":"4 de noviembre de 2025","format":false,"excerpt":"La disposici\u00f3n, aprobada recientemente por el CNSS, no afecta a los afiliados ni altera sus beneficios en salud. Este modelo de redistribuci\u00f3n de recursos a las ARS asegura un sistema de salud m\u00e1s justo y sostenible. El superintendente de Salud y Riesgos Laborales (SISALRIL), Miguel Ceara Hatton, afirm\u00f3 que la\u2026","rel":"","context":"En \u00abECONOM\u00cdA\u00bb","block_context":{"text":"ECONOM\u00cdA","link":"https:\/\/lasprimeras.com.do\/index.php\/category\/economia\/"},"img":{"alt_text":"","src":"https:\/\/i0.wp.com\/lasprimeras.com.do\/wp-content\/uploads\/2025\/11\/Miguel-Ceara-Hatton.jpg?resize=350%2C200&ssl=1","width":350,"height":200,"srcset":"https:\/\/i0.wp.com\/lasprimeras.com.do\/wp-content\/uploads\/2025\/11\/Miguel-Ceara-Hatton.jpg?resize=350%2C200&ssl=1 1x, https:\/\/i0.wp.com\/lasprimeras.com.do\/wp-content\/uploads\/2025\/11\/Miguel-Ceara-Hatton.jpg?resize=525%2C300&ssl=1 1.5x, https:\/\/i0.wp.com\/lasprimeras.com.do\/wp-content\/uploads\/2025\/11\/Miguel-Ceara-Hatton.jpg?resize=700%2C400&ssl=1 2x"},"classes":[]},{"id":113091,"url":"https:\/\/lasprimeras.com.do\/index.php\/2025\/10\/29\/seis-ars-se-oponen-a-propuesta-de-la-sisalril-y-proponen-otro-modelo-de-distribucion-de-fondos\/","url_meta":{"origin":101892,"position":3},"title":"Seis ARS se oponen a propuesta de la Sisalril y proponen otro modelo de distribuci\u00f3n de fondos","author":"Nelson Feliz","date":"29 de octubre de 2025","format":false,"excerpt":"Las seis empresas agrupadas bajo la Asociaci\u00f3n de Iguales M\u00e9dicas y Administradoras de Riesgos de Salud (Adimars) rechazaron la propuesta de per c\u00e1pita diferenciada de la Superintendencia de Salud y Riesgos Laborales (Sisalril), a punto de aprobarse, y plantearon un nuevo modelo que afectar\u00eda menos sus ingresos. Adimars se opone\u2026","rel":"","context":"En \u00abECONOM\u00cdA\u00bb","block_context":{"text":"ECONOM\u00cdA","link":"https:\/\/lasprimeras.com.do\/index.php\/category\/economia\/"},"img":{"alt_text":"","src":"https:\/\/i0.wp.com\/lasprimeras.com.do\/wp-content\/uploads\/2025\/10\/seis-ars-se-oponen-a-propuesta-de-la-sisalril-y-proponen-otro-modelo-de-distribucion-de-fondos.jpg?resize=350%2C200&ssl=1","width":350,"height":200,"srcset":"https:\/\/i0.wp.com\/lasprimeras.com.do\/wp-content\/uploads\/2025\/10\/seis-ars-se-oponen-a-propuesta-de-la-sisalril-y-proponen-otro-modelo-de-distribucion-de-fondos.jpg?resize=350%2C200&ssl=1 1x, https:\/\/i0.wp.com\/lasprimeras.com.do\/wp-content\/uploads\/2025\/10\/seis-ars-se-oponen-a-propuesta-de-la-sisalril-y-proponen-otro-modelo-de-distribucion-de-fondos.jpg?resize=525%2C300&ssl=1 1.5x"},"classes":[]},{"id":122944,"url":"https:\/\/lasprimeras.com.do\/index.php\/2026\/02\/23\/sisalril-presenta-logros-y-avances-en-la-proteccion-de-la-salud-y-riesgos-laborales-en-2025\/","url_meta":{"origin":101892,"position":4},"title":"SISALRIL presenta logros y avances en la protecci\u00f3n de la salud y riesgos laborales en 2025","author":"Nelson Feliz","date":"23 de febrero de 2026","format":false,"excerpt":"-La instituci\u00f3n destac\u00f3 que el 97.5% de la poblaci\u00f3n cuenta con cobertura en el Seguro Familiar de Salud (SFS). -M\u00e1s de 40 nuevos medicamentos, cirug\u00edas de reducci\u00f3n de senos, antirretrovirales, entre otros tratamientos y beneficios en el Plan B\u00e1sico de Salud. -Aumento de cobertura para atenci\u00f3n por accidentes de tr\u00e1nsito\u2026","rel":"","context":"En \u00abECONOM\u00cdA\u00bb","block_context":{"text":"ECONOM\u00cdA","link":"https:\/\/lasprimeras.com.do\/index.php\/category\/economia\/"},"img":{"alt_text":"SISALRIL","src":"https:\/\/i0.wp.com\/lasprimeras.com.do\/wp-content\/uploads\/2026\/02\/SISALRIL-fachada-1-1.jpg?resize=350%2C200&ssl=1","width":350,"height":200,"srcset":"https:\/\/i0.wp.com\/lasprimeras.com.do\/wp-content\/uploads\/2026\/02\/SISALRIL-fachada-1-1.jpg?resize=350%2C200&ssl=1 1x, https:\/\/i0.wp.com\/lasprimeras.com.do\/wp-content\/uploads\/2026\/02\/SISALRIL-fachada-1-1.jpg?resize=525%2C300&ssl=1 1.5x, https:\/\/i0.wp.com\/lasprimeras.com.do\/wp-content\/uploads\/2026\/02\/SISALRIL-fachada-1-1.jpg?resize=700%2C400&ssl=1 2x"},"classes":[]},{"id":113704,"url":"https:\/\/lasprimeras.com.do\/index.php\/2025\/11\/05\/sisalril-avanza-cobertura-de-medicamentos-de-alto-costo-en-el-seguro-familiar-de-salud\/","url_meta":{"origin":101892,"position":5},"title":"SISALRIL avanza cobertura de medicamentos de alto costo en el Seguro Familiar de Salud","author":"Nelson Feliz","date":"5 de noviembre de 2025","format":false,"excerpt":"Las iniciativas buscan mejorar el acceso, sostenibilidad y eficiencia en la atenci\u00f3n de enfermedades catastr\u00f3ficas. La Superintendencia de Salud y Riesgos Laborales (SISALRIL) avanza en la formulaci\u00f3n de dos propuestas orientadas a mejorar el acceso, sostenibilidad y eficiencia en la cobertura de medicamentos de alto costo en el Seguro Familiar\u2026","rel":"","context":"En \u00abSALUD\u00bb","block_context":{"text":"SALUD","link":"https:\/\/lasprimeras.com.do\/index.php\/category\/salud\/"},"img":{"alt_text":"","src":"https:\/\/i0.wp.com\/lasprimeras.com.do\/wp-content\/uploads\/2025\/11\/SISALRIL.jpg?resize=350%2C200&ssl=1","width":350,"height":200,"srcset":"https:\/\/i0.wp.com\/lasprimeras.com.do\/wp-content\/uploads\/2025\/11\/SISALRIL.jpg?resize=350%2C200&ssl=1 1x, https:\/\/i0.wp.com\/lasprimeras.com.do\/wp-content\/uploads\/2025\/11\/SISALRIL.jpg?resize=525%2C300&ssl=1 1.5x, https:\/\/i0.wp.com\/lasprimeras.com.do\/wp-content\/uploads\/2025\/11\/SISALRIL.jpg?resize=700%2C400&ssl=1 2x"},"classes":[]}],"jetpack_sharing_enabled":true,"_links":{"self":[{"href":"https:\/\/lasprimeras.com.do\/index.php\/wp-json\/wp\/v2\/posts\/101892","targetHints":{"allow":["GET"]}}],"collection":[{"href":"https:\/\/lasprimeras.com.do\/index.php\/wp-json\/wp\/v2\/posts"}],"about":[{"href":"https:\/\/lasprimeras.com.do\/index.php\/wp-json\/wp\/v2\/types\/post"}],"author":[{"embeddable":true,"href":"https:\/\/lasprimeras.com.do\/index.php\/wp-json\/wp\/v2\/users\/2"}],"replies":[{"embeddable":true,"href":"https:\/\/lasprimeras.com.do\/index.php\/wp-json\/wp\/v2\/comments?post=101892"}],"version-history":[{"count":1,"href":"https:\/\/lasprimeras.com.do\/index.php\/wp-json\/wp\/v2\/posts\/101892\/revisions"}],"predecessor-version":[{"id":101894,"href":"https:\/\/lasprimeras.com.do\/index.php\/wp-json\/wp\/v2\/posts\/101892\/revisions\/101894"}],"wp:featuredmedia":[{"embeddable":true,"href":"https:\/\/lasprimeras.com.do\/index.php\/wp-json\/wp\/v2\/media\/101893"}],"wp:attachment":[{"href":"https:\/\/lasprimeras.com.do\/index.php\/wp-json\/wp\/v2\/media?parent=101892"}],"wp:term":[{"taxonomy":"category","embeddable":true,"href":"https:\/\/lasprimeras.com.do\/index.php\/wp-json\/wp\/v2\/categories?post=101892"},{"taxonomy":"post_tag","embeddable":true,"href":"https:\/\/lasprimeras.com.do\/index.php\/wp-json\/wp\/v2\/tags?post=101892"}],"curies":[{"name":"wp","href":"https:\/\/api.w.org\/{rel}","templated":true}]}}