{"id":101931,"date":"2025-06-29T16:03:56","date_gmt":"2025-06-29T20:03:56","guid":{"rendered":"https:\/\/lasprimeras.com.do\/?p=101931"},"modified":"2025-06-29T18:39:43","modified_gmt":"2025-06-29T22:39:43","slug":"danilo-medina-reitera-que-con-el-pld-se-vivia-mejor-video","status":"publish","type":"post","link":"https:\/\/lasprimeras.com.do\/index.php\/2025\/06\/29\/danilo-medina-reitera-que-con-el-pld-se-vivia-mejor-video\/","title":{"rendered":"Danilo Medina reitera que con el PLD se viv\u00eda mejor | Video"},"content":{"rendered":"\n<p><strong>Danilo Medina presagia el retorno del Partido de la Liberaci\u00f3n Dominicana al Poder amarrado de la bandera morada, la estrella amarilla y sus siglas PLD.<\/strong><\/p>\n\n\n\n<figure class=\"wp-block-embed is-type-rich is-provider-twitter wp-block-embed-twitter\"><div class=\"wp-block-embed__wrapper\">\n<div class=\"embed-twitter\"><blockquote class=\"twitter-tweet\" data-width=\"500\" data-dnt=\"true\"><p lang=\"es\" dir=\"ltr\"><a href=\"https:\/\/twitter.com\/hashtag\/DelPartidoPLD?src=hash&amp;ref_src=twsrc%5Etfw\">#DelPartidoPLD<\/a> | <a href=\"https:\/\/twitter.com\/DaniloMedina?ref_src=twsrc%5Etfw\">@DaniloMedina<\/a> en asamblea en San Crist\u00f3bal exclama: \u201cVolvemos al Poder con la Bandera Morada y la Estrella Amarilla del <a href=\"https:\/\/twitter.com\/hashtag\/PLD?src=hash&amp;ref_src=twsrc%5Etfw\">#PLD<\/a>\u201d. <a href=\"https:\/\/t.co\/ObvwXQMNgJ\">pic.twitter.com\/ObvwXQMNgJ<\/a><\/p>&mdash; PLD (@PLDenlinea) <a href=\"https:\/\/twitter.com\/PLDenlinea\/status\/1939406713511416262?ref_src=twsrc%5Etfw\">June 29, 2025<\/a><\/blockquote><script async src=\"https:\/\/platform.twitter.com\/widgets.js\" charset=\"utf-8\"><\/script><\/div>\n<\/div><\/figure>\n\n\n\n<p>El ex presidente de la Rep\u00fablica y Presidente del Partido de la liberaci\u00f3n Dominicana (PLD) Danilo Medina, declar\u00f3 no sentirse extra\u00f1ado con el aumento decretado al Gas Licuado del Petr\u00f3leo y otros carburantes anunciado por el Gobierno este fin de semana<\/p>\n\n\n\n<p>El Presidente del PLD hizo referencia al alza de ese fundamental combustible para los hogares y el transporte de pasajeros al responder preguntas de los periodistas que le abordaron al concluir una asamblea provincial de dirigentes del PLD en San Crist\u00f3bal<\/p>\n\n\n\n<p>\u00ab\u00a1No me extra\u00f1a! \u00bfQu\u00e9 es lo que no ha subido?\u00bb, respondi\u00f3 a las preguntas de los periodistas al salir de la masiva asamblea.<\/p>\n\n\n\n<p>Danilo Medina en el transcurso del encuentro de los dirigentes del PLD en San Crist\u00f3bal, le correspondi\u00f3 cerrar con sus palabras la actividad desarrollada con un sal\u00f3n repleto de miembros del Comit\u00e9 Central, presidentes de Comit\u00e9s Intermedios y de base de los municipios de la provincia San Crist\u00f3bal.<\/p>\n\n\n\n<p>En sus palabras invit\u00f3 a los presentes a trabajar en sinton\u00eda con los lineamientos estrat\u00e9gicos trazados por la organizaci\u00f3n para reconquistar el favor del pueblo.<\/p>\n\n\n\n<p>Con lo que observ\u00f3 en la asamblea y lo que ha visto en otros encuentros en provincias y municipios, no tiene duda alguna a de que \u201cen el a\u00f1o 2028 el PLD volver\u00e1 a gobernar\u201d,<\/p>\n\n\n\n<p>Dijo que eso se est\u00e1 observando en el comportamiento de la gente y se siente en el clamor de que \u201cCon el PLD se Viv\u00eda Mejor\u201d, expresi\u00f3n que se escucha en todos los rincones del pa\u00eds.<\/p>\n\n\n\n<p>\u201cEs que el PLD es un partido de realizaciones, no se cuentos\u201d, enunciando en este aspectos las obras realizadas en las provincias, junto al dinamismo dado a San Crist\u00f3bal con el programa de Visitas Sorpr, realizando solo all\u00ed 18 de esos encuentros en los que se llevaban soluciones y alternativas para generar recursos.<\/p>\n\n\n\n<p>Danilo Medina al invitar a los dirigentes a doblar el trabajo para retomar al Gobierno explic\u00f3 que los electores reconocen y siguen reconociendo que se equivocaron y que la alternativa es el Partido de la Liberaci\u00f3n Dominicana por el referente de presidir un gobierno de realizaciones.<\/p>\n\n\n\n<p>Mientras motivaba a los presentes a seguir al pie de la letra las recomendaciones del X Congreso Reinaldo Pared P\u00e9rez en la aplicaci\u00f3n de una nueva l\u00ednea organizativa y electoral el presidente del PLD resalt\u00f3 la fortaleza de la organizaci\u00f3n como la \u00fanica con estructuras real y efectiva en el territorio nacional, la que ya lidera la oposici\u00f3n pol\u00edtica, tal y como se refleja en todas las mediciones.<\/p>\n\n\n\n<p>\u00abEl \u00fanico partido que est\u00e1 creciendo desde las elecciones hasta hoy es el PLD. Seg\u00fan los estudios de mercado que poseemos, el PLD volvi\u00f3 a ocupar la segunda posici\u00f3n de partidos en la Rep\u00fablica Dominicana\u00bb, explic\u00f3 Danilo Medina<\/p>\n\n\n\n<p>En este momento invit\u00f3 a los presentes y a todos los peledeistas a no dejarse confundir por otros sectores: \u201cNo pueden dejarse confundir. Volvemos al Poder con la Bandera Morada y la Estrella Amarilla. Las y los peledeistas somos morados; no tenemos otro color al que seguir en nuestro pa\u00eds. Es morado con la estrella amarilla y con las siglas de P L D\u201d dijo.<\/p>\n\n\n\n<p>Desarrollo de la asamblea<\/p>\n\n\n\n<p>Danilo Medina, junto Johnny Pujols arribaron al lugar de la asamblea a 10.15 de la ma\u00f1ana y de inmediato se integraron a la l\u00ednea de direcci\u00f3n del encuentro.<\/p>\n\n\n\n<p>Junto al Presidente y Secretario general del PLD dirigeron la asamblea Zoraima Cuello, Vicepresidenta, Melanio Paredes, del Comit\u00e9 Pol\u00edtico, Diego Aquino, Enlace provincial, Julio Cesar Diaz, Presidente Provincial, Leonardo Reynoso, Presidente Municipal, los titulares de Secretar\u00edas del PLD naturales de San Crist\u00f3bal, Carolina Wegmuller, Cristina Rodr\u00edguez y Junior Fructuoso, tambi\u00e9n el diputado Saulo Vega y los alcaldes Jos\u00e9 Miguel Mendez (Luis Pavolo), Nelson Bristo y Danielito Isabel.<\/p>\n\n\n\n<p>Del Comit\u00e9 Pol\u00edtico participaron Miriam Cabral, Yomaira Medina, Radhames Camacho, Danilo D\u00edaz, Alexis Lantigua, Sim\u00f3n Lizardo, El\u00edas Cornelio Mayobanex Escoto. Maribel Acosta, Domingo Jim\u00e9nez, Robert de la Cruz, H\u00e9ctor Olivo y Rub\u00e9n Bichara, este \u00faltimo quien explic\u00f3 en su intervenci\u00f3n los lineamientos de las L\u00edneas. Organizativa y Electoral (LOE).<\/p>\n\n\n\n<p>Participaron tambi\u00e9n los miembros del Comit\u00e9 Central y los regidores de los diferentes ayuntamientos de los municipios y distritos municipales de la sure\u00f1a provincia<\/p>\n\n\n\n<p>Marina Mari\u00f1ez, del Comit\u00e9 Central pronunci\u00f3 la invocatoria, Leonardo Reynoso, presidente Municipal abri\u00f3 la asamblea, seguido de Julio Cesar D\u00edaz, presidente provincial, Melanio Paredes, del Comit\u00e9 Pol\u00edtico y Rub\u00e9n Bichara con el tema de la implementaci\u00f3n de la LOE, Hector Olivo y Andres de las Mercedes, se alternaron la maestr\u00eda de ceremonia.<\/p>\n\n\n\n<p>Danilo Medina recibi\u00f3 sendos pergaminos de reconocimiento de la direcci\u00f3n del distrito municipal de Hatillo y de una asociaci\u00f3n de no videntes y otras discapacidades de la provincia, organizado por la Secretar\u00eda de Participaci\u00f3n e Inclusi\u00f3n del PLD, por los aportes de su gobierno al impulso de la comunidad y por el trabajo a favor de las y los discapacitados, incluyendo la promulgaci\u00f3n de la Ley que los protege.<\/p>\n","protected":false},"excerpt":{"rendered":"<p>Danilo Medina presagia el retorno del Partido de la Liberaci\u00f3n Dominicana al Poder amarrado de la bandera morada, la estrella amarilla y sus siglas PLD. El ex presidente de la&hellip;<\/p>\n","protected":false},"author":2,"featured_media":101951,"comment_status":"open","ping_status":"open","sticky":false,"template":"","format":"standard","meta":{"content-type":"","jetpack_post_was_ever_published":false,"_jetpack_newsletter_access":"","_jetpack_dont_email_post_to_subs":false,"_jetpack_newsletter_tier_id":0,"_jetpack_memberships_contains_paywalled_content":false,"_jetpack_memberships_contains_paid_content":false,"footnotes":""},"categories":[16559,25],"tags":[501,269,20581],"class_list":["post-101931","post","type-post","status-publish","format-standard","has-post-thumbnail","hentry","category-politica","category-portada","tag-danilo-medina","tag-pld","tag-se-vivia-mejor"],"jetpack_featured_media_url":"https:\/\/lasprimeras.com.do\/wp-content\/uploads\/2025\/06\/as-sc-2.jpg","jetpack-related-posts":[{"id":107798,"url":"https:\/\/lasprimeras.com.do\/index.php\/2025\/08\/31\/danilo-medina-la-gente-reconoce-que-con-el-pld-se-vivia-mejor\/","url_meta":{"origin":101931,"position":0},"title":"Danilo Medina : La gente reconoce que con el PLD se vivia mejor","author":"Nelson Feliz","date":"31 de agosto de 2025","format":false,"excerpt":"Danilo Medina: \u201cTenemos la certeza de que el a\u00f1o que viene, a m\u00e1s tardar, el PLD estar\u00e1 encabezando la preferencia electoral en la Rep\u00fablica Dominicana\u201d. El expresidente de la Rep\u00fablica y actual presidente del Partido de la Liberaci\u00f3n Dominicana (PLD), Danilo Medina, afirm\u00f3 que el repunte que muestran las recientes\u2026","rel":"","context":"En \u00abPOLITICA\u00bb","block_context":{"text":"POLITICA","link":"https:\/\/lasprimeras.com.do\/index.php\/category\/politica\/"},"img":{"alt_text":"","src":"https:\/\/i0.wp.com\/lasprimeras.com.do\/wp-content\/uploads\/2025\/08\/DANILO-MEDINA-1-1.jpg?resize=350%2C200&ssl=1","width":350,"height":200,"srcset":"https:\/\/i0.wp.com\/lasprimeras.com.do\/wp-content\/uploads\/2025\/08\/DANILO-MEDINA-1-1.jpg?resize=350%2C200&ssl=1 1x, https:\/\/i0.wp.com\/lasprimeras.com.do\/wp-content\/uploads\/2025\/08\/DANILO-MEDINA-1-1.jpg?resize=525%2C300&ssl=1 1.5x, https:\/\/i0.wp.com\/lasprimeras.com.do\/wp-content\/uploads\/2025\/08\/DANILO-MEDINA-1-1.jpg?resize=700%2C400&ssl=1 2x"},"classes":[]},{"id":101074,"url":"https:\/\/lasprimeras.com.do\/index.php\/2025\/06\/15\/danilo-medina-la-gente-reconoce-que-con-el-pld-se-vivia-mejor-video\/","url_meta":{"origin":101931,"position":1},"title":"Danilo Medina: La gente reconoce que con el PLD se viv\u00eda mejor | Video","author":"Nelson Feliz","date":"15 de junio de 2025","format":false,"excerpt":"Danilo Medina encabeza un encuentro en Barahona trata el tema relativo a la l\u00ednea organizativa y electoral del PLD con los miembros del Comit\u00e9 Central de all\u00ed. https:\/\/twitter.com\/i\/status\/1934343489531109712 El ex presidente de la Rep\u00fablica, Danilo Medina, apunt\u00f3 este domingo la atenci\u00f3n que sobre el Partido de la Liberaci\u00f3n Dominicana tienen\u2026","rel":"","context":"En \u00abPOLITICA\u00bb","block_context":{"text":"POLITICA","link":"https:\/\/lasprimeras.com.do\/index.php\/category\/politica\/"},"img":{"alt_text":"Danilo Medina","src":"https:\/\/i0.wp.com\/lasprimeras.com.do\/wp-content\/uploads\/2025\/06\/Danilo-Medina.jpg?resize=350%2C200&ssl=1","width":350,"height":200,"srcset":"https:\/\/i0.wp.com\/lasprimeras.com.do\/wp-content\/uploads\/2025\/06\/Danilo-Medina.jpg?resize=350%2C200&ssl=1 1x, https:\/\/i0.wp.com\/lasprimeras.com.do\/wp-content\/uploads\/2025\/06\/Danilo-Medina.jpg?resize=525%2C300&ssl=1 1.5x, https:\/\/i0.wp.com\/lasprimeras.com.do\/wp-content\/uploads\/2025\/06\/Danilo-Medina.jpg?resize=700%2C400&ssl=1 2x"},"classes":[]},{"id":109559,"url":"https:\/\/lasprimeras.com.do\/index.php\/2025\/09\/19\/danilo-medina-juramenta-dirigentes-que-regresan-al-pld-en-el-programa-de-vuelta-a-casa\/","url_meta":{"origin":101931,"position":2},"title":"Danilo Medina juramenta dirigentes que regresan al PLD en el programa \u201cDe Vuelta a Casa\u201d","author":"Nelson Feliz","date":"19 de septiembre de 2025","format":false,"excerpt":"El Presidente del Partido de la Liberaci\u00f3n Dominicana (PLD), Danilo Medina, tom\u00f3 el juramento de reingreso a la organizaci\u00f3n pol\u00edtica de varios dirigentes provenientes de otros partidos pol\u00edticos, entre ellos el PRM. Con estas juramentaciones realizadas por separado en las oficinas de la Presidencia del PLD, se da continuidad al\u2026","rel":"","context":"En \u00abPOLITICA\u00bb","block_context":{"text":"POLITICA","link":"https:\/\/lasprimeras.com.do\/index.php\/category\/politica\/"},"img":{"alt_text":"","src":"https:\/\/i0.wp.com\/lasprimeras.com.do\/wp-content\/uploads\/2025\/09\/dm.jpg?resize=350%2C200&ssl=1","width":350,"height":200,"srcset":"https:\/\/i0.wp.com\/lasprimeras.com.do\/wp-content\/uploads\/2025\/09\/dm.jpg?resize=350%2C200&ssl=1 1x, https:\/\/i0.wp.com\/lasprimeras.com.do\/wp-content\/uploads\/2025\/09\/dm.jpg?resize=525%2C300&ssl=1 1.5x, https:\/\/i0.wp.com\/lasprimeras.com.do\/wp-content\/uploads\/2025\/09\/dm.jpg?resize=700%2C400&ssl=1 2x"},"classes":[]},{"id":107629,"url":"https:\/\/lasprimeras.com.do\/index.php\/2025\/08\/28\/danilo-medina-reafirma-los-simbolos-historicos-del-pld\/","url_meta":{"origin":101931,"position":3},"title":"Danilo Medina reafirma los s\u00edmbolos hist\u00f3ricos del PLD","author":"Nelson Feliz","date":"28 de agosto de 2025","format":false,"excerpt":"Danilo Medina: \u201cSolo existe un Partido de la Liberaci\u00f3n Dominicana, es el de la bandera morada con la estrella amarilla y las siglas PLD\u201d. \u201cSolo existe un Partido de la Liberaci\u00f3n Dominicana, es el de la bandera morada con la estrella amarilla y las siglas PLD\u201d, la aseveraci\u00f3n es del\u2026","rel":"","context":"En \u00abPOLITICA\u00bb","block_context":{"text":"POLITICA","link":"https:\/\/lasprimeras.com.do\/index.php\/category\/politica\/"},"img":{"alt_text":"","src":"https:\/\/i0.wp.com\/lasprimeras.com.do\/wp-content\/uploads\/2025\/08\/Danilo-en-Moca.jpg?resize=350%2C200&ssl=1","width":350,"height":200,"srcset":"https:\/\/i0.wp.com\/lasprimeras.com.do\/wp-content\/uploads\/2025\/08\/Danilo-en-Moca.jpg?resize=350%2C200&ssl=1 1x, https:\/\/i0.wp.com\/lasprimeras.com.do\/wp-content\/uploads\/2025\/08\/Danilo-en-Moca.jpg?resize=525%2C300&ssl=1 1.5x, https:\/\/i0.wp.com\/lasprimeras.com.do\/wp-content\/uploads\/2025\/08\/Danilo-en-Moca.jpg?resize=700%2C400&ssl=1 2x"},"classes":[]},{"id":114697,"url":"https:\/\/lasprimeras.com.do\/index.php\/2025\/11\/16\/danilo-medina-arremete-contra-gestion-del-gobierno\/","url_meta":{"origin":101931,"position":4},"title":"Danilo Medina arremete contra gesti\u00f3n del Gobierno","author":"Nelson Feliz","date":"16 de noviembre de 2025","format":false,"excerpt":"El expresidente de la Rep\u00fablica y presidente del Partido de la Liberaci\u00f3n Dominicana (PLD), Danilo Medina, encabez\u00f3 una asamblea de miembros y dirigentes de la organizaci\u00f3n opositora, donde jurament\u00f3 a m\u00e1s de 300 nuevos simpatizantes que, a partir de la fecha, engrosan las filas del partido. Durante el encuentro, Medina\u2026","rel":"","context":"En \u00abPOLITICA\u00bb","block_context":{"text":"POLITICA","link":"https:\/\/lasprimeras.com.do\/index.php\/category\/politica\/"},"img":{"alt_text":"","src":"https:\/\/i0.wp.com\/lasprimeras.com.do\/wp-content\/uploads\/2025\/09\/danilo-medina-1.jpg?resize=350%2C200&ssl=1","width":350,"height":200,"srcset":"https:\/\/i0.wp.com\/lasprimeras.com.do\/wp-content\/uploads\/2025\/09\/danilo-medina-1.jpg?resize=350%2C200&ssl=1 1x, https:\/\/i0.wp.com\/lasprimeras.com.do\/wp-content\/uploads\/2025\/09\/danilo-medina-1.jpg?resize=525%2C300&ssl=1 1.5x, https:\/\/i0.wp.com\/lasprimeras.com.do\/wp-content\/uploads\/2025\/09\/danilo-medina-1.jpg?resize=700%2C400&ssl=1 2x"},"classes":[]},{"id":112195,"url":"https:\/\/lasprimeras.com.do\/index.php\/2025\/10\/19\/danilo-medina-el-pld-ganara-las-proximas-elecciones\/","url_meta":{"origin":101931,"position":5},"title":"Danilo Medina: \u201cEl PLD Ganar\u00e1 las pr\u00f3ximas elecciones\u201d","author":"Nelson Feliz","date":"19 de octubre de 2025","format":false,"excerpt":"Danilo Medina denuncia que la gente no la est\u00e1 pasando bien en el gobierno del PRM. El ex presidente de la Republica, Danilo Medina, Presidente del Partido de la Liberaci\u00f3n Dominicana (PLD), adelant\u00f3 que esa organizaci\u00f3n pol\u00edtica ser\u00e1 la indiscutible ganadora de las pr\u00f3ximas elecciones porque as\u00ed lo est\u00e1n demostrando\u2026","rel":"","context":"En \u00abPOLITICA\u00bb","block_context":{"text":"POLITICA","link":"https:\/\/lasprimeras.com.do\/index.php\/category\/politica\/"},"img":{"alt_text":"","src":"https:\/\/i0.wp.com\/lasprimeras.com.do\/wp-content\/uploads\/2025\/10\/Danilo-Medina-1-1.jpg?resize=350%2C200&ssl=1","width":350,"height":200,"srcset":"https:\/\/i0.wp.com\/lasprimeras.com.do\/wp-content\/uploads\/2025\/10\/Danilo-Medina-1-1.jpg?resize=350%2C200&ssl=1 1x, https:\/\/i0.wp.com\/lasprimeras.com.do\/wp-content\/uploads\/2025\/10\/Danilo-Medina-1-1.jpg?resize=525%2C300&ssl=1 1.5x, https:\/\/i0.wp.com\/lasprimeras.com.do\/wp-content\/uploads\/2025\/10\/Danilo-Medina-1-1.jpg?resize=700%2C400&ssl=1 2x"},"classes":[]}],"jetpack_sharing_enabled":true,"_links":{"self":[{"href":"https:\/\/lasprimeras.com.do\/index.php\/wp-json\/wp\/v2\/posts\/101931","targetHints":{"allow":["GET"]}}],"collection":[{"href":"https:\/\/lasprimeras.com.do\/index.php\/wp-json\/wp\/v2\/posts"}],"about":[{"href":"https:\/\/lasprimeras.com.do\/index.php\/wp-json\/wp\/v2\/types\/post"}],"author":[{"embeddable":true,"href":"https:\/\/lasprimeras.com.do\/index.php\/wp-json\/wp\/v2\/users\/2"}],"replies":[{"embeddable":true,"href":"https:\/\/lasprimeras.com.do\/index.php\/wp-json\/wp\/v2\/comments?post=101931"}],"version-history":[{"count":1,"href":"https:\/\/lasprimeras.com.do\/index.php\/wp-json\/wp\/v2\/posts\/101931\/revisions"}],"predecessor-version":[{"id":101933,"href":"https:\/\/lasprimeras.com.do\/index.php\/wp-json\/wp\/v2\/posts\/101931\/revisions\/101933"}],"wp:featuredmedia":[{"embeddable":true,"href":"https:\/\/lasprimeras.com.do\/index.php\/wp-json\/wp\/v2\/media\/101951"}],"wp:attachment":[{"href":"https:\/\/lasprimeras.com.do\/index.php\/wp-json\/wp\/v2\/media?parent=101931"}],"wp:term":[{"taxonomy":"category","embeddable":true,"href":"https:\/\/lasprimeras.com.do\/index.php\/wp-json\/wp\/v2\/categories?post=101931"},{"taxonomy":"post_tag","embeddable":true,"href":"https:\/\/lasprimeras.com.do\/index.php\/wp-json\/wp\/v2\/tags?post=101931"}],"curies":[{"name":"wp","href":"https:\/\/api.w.org\/{rel}","templated":true}]}}