{"id":101937,"date":"2025-06-29T18:12:37","date_gmt":"2025-06-29T22:12:37","guid":{"rendered":"https:\/\/lasprimeras.com.do\/?p=101937"},"modified":"2025-06-29T18:12:39","modified_gmt":"2025-06-29T22:12:39","slug":"abinader-entrega-titulos-de-propiedad-a-familias-de-la-yaguita-del-pastor-santiago","status":"publish","type":"post","link":"https:\/\/lasprimeras.com.do\/index.php\/2025\/06\/29\/abinader-entrega-titulos-de-propiedad-a-familias-de-la-yaguita-del-pastor-santiago\/","title":{"rendered":"Abinader entrega t\u00edtulos de propiedad a familias de La Yag\u00fcita del Pastor, Santiago"},"content":{"rendered":"\n<p>El presidente Luis Abinader entreg\u00f3 este domingo 537 t\u00edtulos de propiedad a residentes en la Yaguita de Pastor, Santiago, como parte de llevarles justicia social, esperanza y transformaci\u00f3n a las comunidades.<\/p>\n\n\n\n<p>Con sonrisas en sus rostros, los beneficiarios recibieron al mandatario y le agradecieron por hacer posible este momento, en el que pueden llamarse due\u00f1os de sus casas, terrenos o solares.<\/p>\n\n\n\n<p>\u201cEste proyecto es parte de una revoluci\u00f3n silenciosa pero poderosa, que hemos emprendido con hechos, no con discursos. Una revoluci\u00f3n de dignidad, seguridad y progreso\u201d, exclam\u00f3 el jefe de Estado, al momento de hacer entrega de los t\u00edtulos.<\/p>\n\n\n\n<p>Les dijo tambi\u00e9n que un t\u00edtulo de propiedad significa seguridad jur\u00eddica, protecci\u00f3n, mayor valor de sus inmuebles y acceso al cr\u00e9dito formal para invertir y mejorar sus viviendas.<\/p>\n\n\n\n<p>De su lado, el director ejecutivo de la UTECT, Duarte M\u00e9ndez, reconoci\u00f3 el firme y decidido liderazgo del presidente Abinader, \u201cque ha hecho de la titulaci\u00f3n de terrenos una prioridad nacional, y que, gracias a su visi\u00f3n, m\u00e1s familias dominicanas est\u00e1n viendo asegurado su patrimonio, con la tranquilidad que solo un t\u00edtulo de propiedad puede ofrecer\u201d.<\/p>\n\n\n\n<p><strong>Proyecto contempla total de 1,055 t\u00edtulos<\/strong><\/p>\n\n\n\n<p>Este proyecto contempla un total de 1,055 t\u00edtulos de propiedad, de los cuales 518 est\u00e1n a\u00fan pendientes.<\/p>\n\n\n\n<p>Ante esta situaci\u00f3n, Duarte M\u00e9ndez, dijo que continuar\u00e1n trabajando arduamente para que cada familia reciba su t\u00edtulo y poder resolver diversos procesos legales y administrativos.<\/p>\n\n\n\n<p>El ahorro colectivo de los beneficiarios supera los RD$84,400,000.00. Estos t\u00edtulos pertenecen a las parcelas 197, 198 y 199 del Distrito Catastral No. 07, representando m\u00e1s de 122,000 metros cuadrados.<\/p>\n\n\n\n<p>Esta gran labor de justicia social en favor de familias trabajadoras es gracias a la Unidad T\u00e9cnica Ejecutora de Titulaci\u00f3n de Terrenos del Estado junto a la Direcci\u00f3n General de Bienes Nacionales y la Jurisdicci\u00f3n Inmobiliaria.<\/p>\n\n\n\n<p>Las palabras de agradecimiento en nombre de todos los favorecidos estuvieron a cargo del se\u00f1or Jorge de Jes\u00fas Mel\u00e9ndez:<\/p>\n\n\n\n<p>\u201cSe\u00f1or Presidente, quiero darle las gracias en nombre de todos los beneficiarios. Usted ha hecho lo que ning\u00fan otro presidente hab\u00eda hecho: acordarse de un barrio olvidado, un barrio marginado que no estaba en nada\u2026 y hoy es un barrio que el mundo reconoce, gracias a su esfuerzo y su voluntad.\u201d enfatiz\u00f3 en nombre de los beneficiados.<\/p>\n","protected":false},"excerpt":{"rendered":"<p>El presidente Luis Abinader entreg\u00f3 este domingo 537 t\u00edtulos de propiedad a residentes en la Yaguita de Pastor, Santiago, como parte de llevarles justicia social, esperanza y transformaci\u00f3n a las&hellip;<\/p>\n","protected":false},"author":2,"featured_media":101938,"comment_status":"open","ping_status":"open","sticky":false,"template":"","format":"standard","meta":{"content-type":"","jetpack_post_was_ever_published":false,"_jetpack_newsletter_access":"","_jetpack_dont_email_post_to_subs":false,"_jetpack_newsletter_tier_id":0,"_jetpack_memberships_contains_paywalled_content":false,"_jetpack_memberships_contains_paid_content":false,"footnotes":""},"categories":[35,25],"tags":[1061,20961,67,1049,5838],"class_list":["post-101937","post","type-post","status-publish","format-standard","has-post-thumbnail","hentry","category-nacionales","category-portada","tag-familias","tag-la-yaguita-del-pastor","tag-luis-abinader","tag-santiago","tag-titulos-de-propiedad"],"jetpack_featured_media_url":"https:\/\/lasprimeras.com.do\/wp-content\/uploads\/2025\/06\/Luis-Abinader-3-1.jpg","jetpack-related-posts":[{"id":95042,"url":"https:\/\/lasprimeras.com.do\/index.php\/2025\/03\/09\/abinader-entrega-819-titulos-de-propiedad-en-esperanza-provincia-valverde\/","url_meta":{"origin":101937,"position":0},"title":"Abinader entrega 819 t\u00edtulos de propiedad en Esperanza, provincia Valverde","author":"Nelson Feliz","date":"9 de marzo de 2025","format":false,"excerpt":"El presidente de la Rep\u00fablica, Luis Abinader, encabez\u00f3 hoy la entrega de 819 t\u00edtulos de propiedad a familias del municipio de Esperanza, en la provincia Valverde, como parte de un proyecto que beneficiar\u00e1 a cerca de 7,900 personas. Si cada beneficiario hubiera realizado el proceso por cuenta propia para conseguir\u2026","rel":"","context":"En \u00abECONOM\u00cdA\u00bb","block_context":{"text":"ECONOM\u00cdA","link":"https:\/\/lasprimeras.com.do\/index.php\/category\/economia\/"},"img":{"alt_text":"Luis Abinader","src":"https:\/\/i0.wp.com\/lasprimeras.com.do\/wp-content\/uploads\/2025\/03\/Luis-Abinader-1.jpg?resize=350%2C200&ssl=1","width":350,"height":200,"srcset":"https:\/\/i0.wp.com\/lasprimeras.com.do\/wp-content\/uploads\/2025\/03\/Luis-Abinader-1.jpg?resize=350%2C200&ssl=1 1x, https:\/\/i0.wp.com\/lasprimeras.com.do\/wp-content\/uploads\/2025\/03\/Luis-Abinader-1.jpg?resize=525%2C300&ssl=1 1.5x, https:\/\/i0.wp.com\/lasprimeras.com.do\/wp-content\/uploads\/2025\/03\/Luis-Abinader-1.jpg?resize=700%2C400&ssl=1 2x"},"classes":[]},{"id":126223,"url":"https:\/\/lasprimeras.com.do\/index.php\/2026\/03\/31\/abinader-entrega-1025-titulos-de-propiedad-en-hato-del-yaque-santiago\/","url_meta":{"origin":101937,"position":1},"title":"Abinader entrega 1,025 t\u00edtulos de propiedad en Hato del Yaque -Santiago","author":"Nelson Feliz","date":"31 de marzo de 2026","format":false,"excerpt":"Destaca que m\u00e1s de 167,000 t\u00edtulos han sido entregados a nivel nacional y anuncia nuevas jornadas en todo el pa\u00eds, para seguir llevando justicia social, tranquilidad, paz y desarrollo. El presidente Luis Abinader, junto a la primera dama Raquel Arbaje, entreg\u00f3 este lunes 1,025 certificados de t\u00edtulos de propiedad a\u2026","rel":"","context":"En \u00abNACIONALES\u00bb","block_context":{"text":"NACIONALES","link":"https:\/\/lasprimeras.com.do\/index.php\/category\/nacionales\/"},"img":{"alt_text":"","src":"https:\/\/i0.wp.com\/lasprimeras.com.do\/wp-content\/uploads\/2026\/03\/titulos.jpg?resize=350%2C200&ssl=1","width":350,"height":200,"srcset":"https:\/\/i0.wp.com\/lasprimeras.com.do\/wp-content\/uploads\/2026\/03\/titulos.jpg?resize=350%2C200&ssl=1 1x, https:\/\/i0.wp.com\/lasprimeras.com.do\/wp-content\/uploads\/2026\/03\/titulos.jpg?resize=525%2C300&ssl=1 1.5x, https:\/\/i0.wp.com\/lasprimeras.com.do\/wp-content\/uploads\/2026\/03\/titulos.jpg?resize=700%2C400&ssl=1 2x"},"classes":[]},{"id":116225,"url":"https:\/\/lasprimeras.com.do\/index.php\/2025\/11\/28\/abinader-sostendra-almuerzo-este-sabado-con-militares-en-el-ministerio-de-defensa\/","url_meta":{"origin":101937,"position":2},"title":"Abinader sostendr\u00e1 almuerzo este s\u00e1bado con militares en el Ministerio de Defensa","author":"Nelson Feliz","date":"28 de noviembre de 2025","format":false,"excerpt":"Tambi\u00e9n en Santiago de los Caballeros inaugurar\u00e1 un centro educativo, dos polideportivos, el Centro Cultural Banreservas, sostendr\u00e1 encuentros con comerciantes e industriales y supervisar\u00e1 el programa de asfaltado en el sector Los Solares. El presidente Luis Abinader encabezar\u00e1 este s\u00e1bado y domingo una serie de actividades en el Distrito Nacional\u2026","rel":"","context":"En \u00abNACIONALES\u00bb","block_context":{"text":"NACIONALES","link":"https:\/\/lasprimeras.com.do\/index.php\/category\/nacionales\/"},"img":{"alt_text":"","src":"https:\/\/i0.wp.com\/lasprimeras.com.do\/wp-content\/uploads\/2025\/11\/Luis-Abinader-10.jpg?resize=350%2C200&ssl=1","width":350,"height":200,"srcset":"https:\/\/i0.wp.com\/lasprimeras.com.do\/wp-content\/uploads\/2025\/11\/Luis-Abinader-10.jpg?resize=350%2C200&ssl=1 1x, https:\/\/i0.wp.com\/lasprimeras.com.do\/wp-content\/uploads\/2025\/11\/Luis-Abinader-10.jpg?resize=525%2C300&ssl=1 1.5x, https:\/\/i0.wp.com\/lasprimeras.com.do\/wp-content\/uploads\/2025\/11\/Luis-Abinader-10.jpg?resize=700%2C400&ssl=1 2x"},"classes":[]},{"id":111507,"url":"https:\/\/lasprimeras.com.do\/index.php\/2025\/10\/09\/abinader-entrega-3100-titulos-de-propiedad-de-un-total-de-5636-a-familias-en-palmarejo-villa-linda\/","url_meta":{"origin":101937,"position":3},"title":"Abinader entrega 3,100 t\u00edtulos de propiedad, de un total de 5,636, a familias en Palmarejo-Villa Linda","author":"Nelson Feliz","date":"9 de octubre de 2025","format":false,"excerpt":"M\u00e1s de 12 mil dominicanos reciben la seguridad jur\u00eddica de sus hogares gracias al Plan Nacional de Titulaci\u00f3n. Duarte M\u00e9ndez afirma que hasta hoy, este es el proyecto m\u00e1s grande que ha entregado la Unidad T\u00e9cnica de Titulaci\u00f3n en todo el territorio nacional. El presidente Luis Abinader encabez\u00f3 la entrega\u2026","rel":"","context":"En \u00abNACIONALES\u00bb","block_context":{"text":"NACIONALES","link":"https:\/\/lasprimeras.com.do\/index.php\/category\/nacionales\/"},"img":{"alt_text":"","src":"https:\/\/i0.wp.com\/lasprimeras.com.do\/wp-content\/uploads\/2025\/10\/luis-1.jpg?resize=350%2C200&ssl=1","width":350,"height":200,"srcset":"https:\/\/i0.wp.com\/lasprimeras.com.do\/wp-content\/uploads\/2025\/10\/luis-1.jpg?resize=350%2C200&ssl=1 1x, https:\/\/i0.wp.com\/lasprimeras.com.do\/wp-content\/uploads\/2025\/10\/luis-1.jpg?resize=525%2C300&ssl=1 1.5x, https:\/\/i0.wp.com\/lasprimeras.com.do\/wp-content\/uploads\/2025\/10\/luis-1.jpg?resize=700%2C400&ssl=1 2x"},"classes":[]},{"id":74089,"url":"https:\/\/lasprimeras.com.do\/index.php\/2024\/01\/18\/abinader-entrega-3100-titulos-de-propiedad-a-residentes-del-tamarindo\/","url_meta":{"origin":101937,"position":4},"title":"Abinader entrega 3100 t\u00edtulos de propiedad a residentes del Tamarindo","author":"Nelson Feliz","date":"18 de enero de 2024","format":false,"excerpt":"El presidente Luis Abinader entreg\u00f3 3100 t\u00edtulos de propiedad del proyecto Tamarindo I, Santo Domingo Este, que impactar\u00e1 de forma directa en la vida de m\u00e1s de 17,000 personas. Con este acto de entrega de t\u00edtulos de propiedad se benefician los sectores de Villa Tropicalia, Corambal, Casita de los Padres,\u2026","rel":"","context":"En \u00abNACIONALES\u00bb","block_context":{"text":"NACIONALES","link":"https:\/\/lasprimeras.com.do\/index.php\/category\/nacionales\/"},"img":{"alt_text":"Luis Abinader","src":"https:\/\/i0.wp.com\/lasprimeras.com.do\/wp-content\/uploads\/2024\/01\/Luis-Abinader-2.jpg?resize=350%2C200&ssl=1","width":350,"height":200,"srcset":"https:\/\/i0.wp.com\/lasprimeras.com.do\/wp-content\/uploads\/2024\/01\/Luis-Abinader-2.jpg?resize=350%2C200&ssl=1 1x, https:\/\/i0.wp.com\/lasprimeras.com.do\/wp-content\/uploads\/2024\/01\/Luis-Abinader-2.jpg?resize=525%2C300&ssl=1 1.5x"},"classes":[]},{"id":108443,"url":"https:\/\/lasprimeras.com.do\/index.php\/2025\/09\/07\/abinader-inicia-titulacion-de-mas-de-5-mil-terrenos-en-puerto-plata\/","url_meta":{"origin":101937,"position":5},"title":"Abinader inicia titulaci\u00f3n de m\u00e1s de 5 mil terrenos en Puerto Plata","author":"Nelson Feliz","date":"7 de septiembre de 2025","format":false,"excerpt":"El presidente de la Rep\u00fablica, Luis Abinader, encabez\u00f3 el acto de inicio de un proceso de titulaci\u00f3n de terrenos en Puerto Plata, beneficiando inicialmente a m\u00e1s de 5,000 familias que hab\u00edan esperado m\u00e1s de 30 a\u00f1os por la entrega de sus t\u00edtulos de propiedad. La actividad impactar\u00e1 aproximadamente a 25,000\u2026","rel":"","context":"En \u00abECONOM\u00cdA\u00bb","block_context":{"text":"ECONOM\u00cdA","link":"https:\/\/lasprimeras.com.do\/index.php\/category\/economia\/"},"img":{"alt_text":"","src":"https:\/\/i0.wp.com\/lasprimeras.com.do\/wp-content\/uploads\/2025\/09\/LUIS-ABINADER-2.jpg?resize=350%2C200&ssl=1","width":350,"height":200,"srcset":"https:\/\/i0.wp.com\/lasprimeras.com.do\/wp-content\/uploads\/2025\/09\/LUIS-ABINADER-2.jpg?resize=350%2C200&ssl=1 1x, https:\/\/i0.wp.com\/lasprimeras.com.do\/wp-content\/uploads\/2025\/09\/LUIS-ABINADER-2.jpg?resize=525%2C300&ssl=1 1.5x, https:\/\/i0.wp.com\/lasprimeras.com.do\/wp-content\/uploads\/2025\/09\/LUIS-ABINADER-2.jpg?resize=700%2C400&ssl=1 2x"},"classes":[]}],"jetpack_sharing_enabled":true,"_links":{"self":[{"href":"https:\/\/lasprimeras.com.do\/index.php\/wp-json\/wp\/v2\/posts\/101937","targetHints":{"allow":["GET"]}}],"collection":[{"href":"https:\/\/lasprimeras.com.do\/index.php\/wp-json\/wp\/v2\/posts"}],"about":[{"href":"https:\/\/lasprimeras.com.do\/index.php\/wp-json\/wp\/v2\/types\/post"}],"author":[{"embeddable":true,"href":"https:\/\/lasprimeras.com.do\/index.php\/wp-json\/wp\/v2\/users\/2"}],"replies":[{"embeddable":true,"href":"https:\/\/lasprimeras.com.do\/index.php\/wp-json\/wp\/v2\/comments?post=101937"}],"version-history":[{"count":1,"href":"https:\/\/lasprimeras.com.do\/index.php\/wp-json\/wp\/v2\/posts\/101937\/revisions"}],"predecessor-version":[{"id":101939,"href":"https:\/\/lasprimeras.com.do\/index.php\/wp-json\/wp\/v2\/posts\/101937\/revisions\/101939"}],"wp:featuredmedia":[{"embeddable":true,"href":"https:\/\/lasprimeras.com.do\/index.php\/wp-json\/wp\/v2\/media\/101938"}],"wp:attachment":[{"href":"https:\/\/lasprimeras.com.do\/index.php\/wp-json\/wp\/v2\/media?parent=101937"}],"wp:term":[{"taxonomy":"category","embeddable":true,"href":"https:\/\/lasprimeras.com.do\/index.php\/wp-json\/wp\/v2\/categories?post=101937"},{"taxonomy":"post_tag","embeddable":true,"href":"https:\/\/lasprimeras.com.do\/index.php\/wp-json\/wp\/v2\/tags?post=101937"}],"curies":[{"name":"wp","href":"https:\/\/api.w.org\/{rel}","templated":true}]}}