{"id":101947,"date":"2025-06-29T18:33:46","date_gmt":"2025-06-29T22:33:46","guid":{"rendered":"https:\/\/lasprimeras.com.do\/?p=101947"},"modified":"2025-06-29T18:35:21","modified_gmt":"2025-06-29T22:35:21","slug":"pld-en-nueva-jersey-celebra-la-confraternidad-peledeista","status":"publish","type":"post","link":"https:\/\/lasprimeras.com.do\/index.php\/2025\/06\/29\/pld-en-nueva-jersey-celebra-la-confraternidad-peledeista\/","title":{"rendered":"PLD en Nueva Jersey celebra la Confraternidad Peledeista"},"content":{"rendered":"\n<p><strong>El Partido de la Liberaci\u00f3n Dominicana en Nueva Jersey en el tributo al profesor Juan Bosch en el 116 aniversario de su natalicio.<\/strong><\/p>\n\n\n\n<p>Ondeando la bandera nacional y con las notas del himno nacional los dirigentes y miembros del PLD rindieron tributo, con su tradicional ofrenda floral, al l\u00edder hist\u00f3rico y gu\u00eda pelede\u00edsta, el Profesor Juan Bosch en la celebraci\u00f3n del D\u00eda de la Confraternidad Peledeista.<\/p>\n\n\n\n<p>\u201cDesde el estado jard\u00edn, todos los dominicanos que somos representantes de la di\u00e1spora dominicana en el Nueva Jersey reconocemos los aportes de nuestro l\u00edder hist\u00f3rico, en el \u00e1rea de educaci\u00f3n, la literatura y las ciencias sociales por ser un educador innato siempre preocupado por su pueblo\u201d resaltaron tanto Macos Montilla como Juan Aquino en las palabras pronunciadas luego del dep\u00f3sito del arreglo floral en honor al ex Presidente de la Rep\u00fablica, Profesor Juan Bosch.<\/p>\n\n\n\n<p>Los participantes del tradicional acto se congregaron frente al busto del Patricio Juan Pablo Duarte, situado en la plaza que lleva su nombre, como muestra de tributo al profesor Juan Bosch al conmemorarse el 116 aniversario de su nacimiento.<\/p>\n\n\n\n<p>La actividad estuvo encabezada por Ronney Martinez, Presidente Regional , Marcos Montilla, Presidente Seccional y Juan Aquino, secretario General.<\/p>\n\n\n\n<p>A pesar del calor intenso y la humedad, la direcci\u00f3n del PLD en el Estado Jard\u00edn cumpli\u00f3 con la tradici\u00f3n de honrar al profesor Juan Bosch en la fecha de su cumplea\u00f1os<\/p>\n\n\n\n<p>Entre los asistentes estuvieron presentes los miembros del Comit\u00e9 Central Juan Sim\u00e9, Fernando Cordero tambi\u00e9n Leonel Melo Cairo, suplente del delegado pol\u00edtico ante JCE en el Estado de Nueva Jersey, H\u00e9ctor Vicioso, Mirian Suero y Antonia Suero, dirigentes de Paterson y Juan F\u00e9lix dirigente de Passaic.<\/p>\n","protected":false},"excerpt":{"rendered":"<p>El Partido de la Liberaci\u00f3n Dominicana en Nueva Jersey en el tributo al profesor Juan Bosch en el 116 aniversario de su natalicio. Ondeando la bandera nacional y con las&hellip;<\/p>\n","protected":false},"author":2,"featured_media":101949,"comment_status":"open","ping_status":"open","sticky":false,"template":"","format":"standard","meta":{"content-type":"","jetpack_post_was_ever_published":false,"_jetpack_newsletter_access":"","_jetpack_dont_email_post_to_subs":false,"_jetpack_newsletter_tier_id":0,"_jetpack_memberships_contains_paywalled_content":false,"_jetpack_memberships_contains_paid_content":false,"footnotes":""},"categories":[16559],"tags":[1304,20963,2441,269],"class_list":["post-101947","post","type-post","status-publish","format-standard","has-post-thumbnail","hentry","category-politica","tag-celebra","tag-confraternidad-peledeista","tag-nueva-jersey","tag-pld"],"jetpack_featured_media_url":"https:\/\/lasprimeras.com.do\/wp-content\/uploads\/2025\/06\/OFRENDA-nj.jpg","jetpack-related-posts":[{"id":85496,"url":"https:\/\/lasprimeras.com.do\/index.php\/2024\/06\/30\/pld-en-new-jersey-celebra-el-115-aniversario-del-natalicio-de-juan-bosch\/","url_meta":{"origin":101947,"position":0},"title":"PLD en New Jersey celebra el 115 aniversario del natalicio de Juan Bosch","author":"Nelson Feliz","date":"30 de junio de 2024","format":false,"excerpt":"El PLD en New Jersey realiza ofrenda floral ante el busto del patricio Juan Pablo Duarte, celebrando la Confraternidad Pelede\u00edsta. La Seccional del Partido de la Liberaci\u00f3n Dominicana (PLD) en New Jersey, Estado Jard\u00edn, y desafiando la altas temperaturas de un verano altamente caluroso y humedad intensa, los dirigentes del\u2026","rel":"","context":"En \u00abSin categor\u00eda\u00bb","block_context":{"text":"Sin categor\u00eda","link":"https:\/\/lasprimeras.com.do\/index.php\/category\/sin-categoria\/"},"img":{"alt_text":"","src":"https:\/\/i0.wp.com\/lasprimeras.com.do\/wp-content\/uploads\/2024\/06\/New-Jersey-2.jpg?resize=350%2C200&ssl=1","width":350,"height":200,"srcset":"https:\/\/i0.wp.com\/lasprimeras.com.do\/wp-content\/uploads\/2024\/06\/New-Jersey-2.jpg?resize=350%2C200&ssl=1 1x, https:\/\/i0.wp.com\/lasprimeras.com.do\/wp-content\/uploads\/2024\/06\/New-Jersey-2.jpg?resize=525%2C300&ssl=1 1.5x, https:\/\/i0.wp.com\/lasprimeras.com.do\/wp-content\/uploads\/2024\/06\/New-Jersey-2.jpg?resize=700%2C400&ssl=1 2x"},"classes":[]},{"id":85323,"url":"https:\/\/lasprimeras.com.do\/index.php\/2024\/06\/28\/pld-da-a-conocer-actividades-sobre-el-aniversario-del-natalicio-de-juan-bosch-video\/","url_meta":{"origin":101947,"position":1},"title":"PLD da a conocer actividades sobre el Aniversario del natalicio de Juan Bosch | Video","author":"Nelson Feliz","date":"28 de junio de 2024","format":false,"excerpt":"El PLD da a conocer las actividades de celebraci\u00f3n del 115 aniversario del nacimiento del ex Presidente de la Rep\u00fablica, Profesor Juan Bosch. La coordinadora de la Comisi\u00f3n de Celebraciones y Conmemoraciones del Partido de la Liberaci\u00f3n Dominicana Cristina Lizardo, anunci\u00f3 el programa de actividades con motivo de los 115\u2026","rel":"","context":"En \u00abSin categor\u00eda\u00bb","block_context":{"text":"Sin categor\u00eda","link":"https:\/\/lasprimeras.com.do\/index.php\/category\/sin-categoria\/"},"img":{"alt_text":"Aniversario del natalicio de Juan Bosch","src":"https:\/\/i0.wp.com\/lasprimeras.com.do\/wp-content\/uploads\/2024\/06\/Aniversario-del-natalicio-de-Juan-Bosch.jpeg?resize=350%2C200&ssl=1","width":350,"height":200,"srcset":"https:\/\/i0.wp.com\/lasprimeras.com.do\/wp-content\/uploads\/2024\/06\/Aniversario-del-natalicio-de-Juan-Bosch.jpeg?resize=350%2C200&ssl=1 1x, https:\/\/i0.wp.com\/lasprimeras.com.do\/wp-content\/uploads\/2024\/06\/Aniversario-del-natalicio-de-Juan-Bosch.jpeg?resize=525%2C300&ssl=1 1.5x, https:\/\/i0.wp.com\/lasprimeras.com.do\/wp-content\/uploads\/2024\/06\/Aniversario-del-natalicio-de-Juan-Bosch.jpeg?resize=700%2C400&ssl=1 2x, https:\/\/i0.wp.com\/lasprimeras.com.do\/wp-content\/uploads\/2024\/06\/Aniversario-del-natalicio-de-Juan-Bosch.jpeg?resize=1050%2C600&ssl=1 3x, https:\/\/i0.wp.com\/lasprimeras.com.do\/wp-content\/uploads\/2024\/06\/Aniversario-del-natalicio-de-Juan-Bosch.jpeg?resize=1400%2C800&ssl=1 4x"},"classes":[]},{"id":102055,"url":"https:\/\/lasprimeras.com.do\/index.php\/2025\/06\/30\/pld-destaca-legado-etico-y-politico-del-profesor-juan-bosch\/","url_meta":{"origin":101947,"position":2},"title":"PLD destaca legado \u00e9tico y pol\u00edtico del Profesor Juan Bosch","author":"Nelson Feliz","date":"30 de junio de 2025","format":false,"excerpt":"\u201cEl PLD ha sido el instrumento pol\u00edtico que m\u00e1s ha contribuido al incremento de la riqueza nacional y al desarrollo institucional del pa\u00eds durante sus gobiernos\u201d, afirm\u00f3 Rafael Calder\u00f3n. En ocasi\u00f3n del 116 aniversario del natalicio del Profesor Juan Bosch, fundador del Partido de la Liberaci\u00f3n Dominicana (PLD), el titular\u2026","rel":"","context":"En \u00abPOLITICA\u00bb","block_context":{"text":"POLITICA","link":"https:\/\/lasprimeras.com.do\/index.php\/category\/politica\/"},"img":{"alt_text":"","src":"https:\/\/i0.wp.com\/lasprimeras.com.do\/wp-content\/uploads\/2025\/06\/Rafael-Calderon.jpg?resize=350%2C200&ssl=1","width":350,"height":200,"srcset":"https:\/\/i0.wp.com\/lasprimeras.com.do\/wp-content\/uploads\/2025\/06\/Rafael-Calderon.jpg?resize=350%2C200&ssl=1 1x, https:\/\/i0.wp.com\/lasprimeras.com.do\/wp-content\/uploads\/2025\/06\/Rafael-Calderon.jpg?resize=525%2C300&ssl=1 1.5x, https:\/\/i0.wp.com\/lasprimeras.com.do\/wp-content\/uploads\/2025\/06\/Rafael-Calderon.jpg?resize=700%2C400&ssl=1 2x"},"classes":[]},{"id":101385,"url":"https:\/\/lasprimeras.com.do\/index.php\/2025\/06\/20\/maestros-preparan-homenaje-al-profesor-juan-bosch\/","url_meta":{"origin":101947,"position":3},"title":"Maestros preparan homenaje al Profesor Juan Bosch","author":"Nelson Feliz","date":"20 de junio de 2025","format":false,"excerpt":"Secretaria de Asuntos Magisteriales del Partido de la Liberaci\u00f3n Dominicana (PLD) eval\u00faa su plan de trabajo. La Secretaria de Asuntos Magisteriales del Partido de la Liberaci\u00f3n Dominicana (PLD) en su reuni\u00f3n de esta semana pas\u00f3 balance a la ejecutoria de su plan de trabajo del a\u00f1o en curso, aprovechando el\u2026","rel":"","context":"En \u00abPOLITICA\u00bb","block_context":{"text":"POLITICA","link":"https:\/\/lasprimeras.com.do\/index.php\/category\/politica\/"},"img":{"alt_text":"","src":"https:\/\/i0.wp.com\/lasprimeras.com.do\/wp-content\/uploads\/2025\/06\/PLD.jpg?resize=350%2C200&ssl=1","width":350,"height":200,"srcset":"https:\/\/i0.wp.com\/lasprimeras.com.do\/wp-content\/uploads\/2025\/06\/PLD.jpg?resize=350%2C200&ssl=1 1x, https:\/\/i0.wp.com\/lasprimeras.com.do\/wp-content\/uploads\/2025\/06\/PLD.jpg?resize=525%2C300&ssl=1 1.5x, https:\/\/i0.wp.com\/lasprimeras.com.do\/wp-content\/uploads\/2025\/06\/PLD.jpg?resize=700%2C400&ssl=1 2x"},"classes":[]},{"id":65956,"url":"https:\/\/lasprimeras.com.do\/index.php\/2023\/11\/01\/pld-rinde-homenaje-al-profesor-juan-boschen-el-22-aniversario-de-su-fallecimiento\/","url_meta":{"origin":101947,"position":4},"title":"PLD rinde homenaje al profesor Juan Boschen el 22 aniversario de su fallecimiento","author":"Nelson Feliz","date":"1 de noviembre de 2023","format":false,"excerpt":"El secretario general del Partido de la Liberaci\u00f3n Dominicana (PLD), Charles Mariotti, en un acto de homenaje al profesor Juan Bosch, su fundador y l\u00edder hist\u00f3rico, describi\u00f3 esa organizaci\u00f3n pol\u00edtica como una edificaci\u00f3n tan fortificada que \u00abel terremoto perreme\u00edsta no ha podido derrumbar\u00bb. En el acto en que intervino el\u2026","rel":"","context":"En \u00abPORTADA\u00bb","block_context":{"text":"PORTADA","link":"https:\/\/lasprimeras.com.do\/index.php\/category\/portada\/"},"img":{"alt_text":"","src":"https:\/\/i0.wp.com\/lasprimeras.com.do\/wp-content\/uploads\/2023\/11\/pld.jpeg?resize=350%2C200&ssl=1","width":350,"height":200,"srcset":"https:\/\/i0.wp.com\/lasprimeras.com.do\/wp-content\/uploads\/2023\/11\/pld.jpeg?resize=350%2C200&ssl=1 1x, https:\/\/i0.wp.com\/lasprimeras.com.do\/wp-content\/uploads\/2023\/11\/pld.jpeg?resize=525%2C300&ssl=1 1.5x, https:\/\/i0.wp.com\/lasprimeras.com.do\/wp-content\/uploads\/2023\/11\/pld.jpeg?resize=700%2C400&ssl=1 2x"},"classes":[]},{"id":90827,"url":"https:\/\/lasprimeras.com.do\/index.php\/2024\/10\/30\/pld-se-prepara-para-la-conmemoracion-del-23-aniversario-fallecimiento-de-juan-bosch\/","url_meta":{"origin":101947,"position":5},"title":"PLD se prepara para la conmemoraci\u00f3n del 23 aniversario fallecimiento de Juan Bosch","author":"Nelson Feliz","date":"30 de octubre de 2024","format":false,"excerpt":"En medio de los preparativos finales del X Congreso Ordinario Reinaldo Pared P\u00e9rez, el Partido de la Liberaci\u00f3n Dominicana se prepara para la conmemoraci\u00f3n del 23 aniversario del fallecimiento de su l\u00edder hist\u00f3rico, el Profesor Juan Bosch. Juan Bosch falleci\u00f3 el primero de noviembre de 2001, arribando este viernes al\u2026","rel":"","context":"En \u00abNACIONALES\u00bb","block_context":{"text":"NACIONALES","link":"https:\/\/lasprimeras.com.do\/index.php\/category\/nacionales\/"},"img":{"alt_text":"","src":"https:\/\/i0.wp.com\/lasprimeras.com.do\/wp-content\/uploads\/2024\/10\/23-anos-Bosch.jpg?resize=350%2C200&ssl=1","width":350,"height":200,"srcset":"https:\/\/i0.wp.com\/lasprimeras.com.do\/wp-content\/uploads\/2024\/10\/23-anos-Bosch.jpg?resize=350%2C200&ssl=1 1x, https:\/\/i0.wp.com\/lasprimeras.com.do\/wp-content\/uploads\/2024\/10\/23-anos-Bosch.jpg?resize=525%2C300&ssl=1 1.5x, https:\/\/i0.wp.com\/lasprimeras.com.do\/wp-content\/uploads\/2024\/10\/23-anos-Bosch.jpg?resize=700%2C400&ssl=1 2x, https:\/\/i0.wp.com\/lasprimeras.com.do\/wp-content\/uploads\/2024\/10\/23-anos-Bosch.jpg?resize=1050%2C600&ssl=1 3x"},"classes":[]}],"jetpack_sharing_enabled":true,"_links":{"self":[{"href":"https:\/\/lasprimeras.com.do\/index.php\/wp-json\/wp\/v2\/posts\/101947","targetHints":{"allow":["GET"]}}],"collection":[{"href":"https:\/\/lasprimeras.com.do\/index.php\/wp-json\/wp\/v2\/posts"}],"about":[{"href":"https:\/\/lasprimeras.com.do\/index.php\/wp-json\/wp\/v2\/types\/post"}],"author":[{"embeddable":true,"href":"https:\/\/lasprimeras.com.do\/index.php\/wp-json\/wp\/v2\/users\/2"}],"replies":[{"embeddable":true,"href":"https:\/\/lasprimeras.com.do\/index.php\/wp-json\/wp\/v2\/comments?post=101947"}],"version-history":[{"count":1,"href":"https:\/\/lasprimeras.com.do\/index.php\/wp-json\/wp\/v2\/posts\/101947\/revisions"}],"predecessor-version":[{"id":101948,"href":"https:\/\/lasprimeras.com.do\/index.php\/wp-json\/wp\/v2\/posts\/101947\/revisions\/101948"}],"wp:featuredmedia":[{"embeddable":true,"href":"https:\/\/lasprimeras.com.do\/index.php\/wp-json\/wp\/v2\/media\/101949"}],"wp:attachment":[{"href":"https:\/\/lasprimeras.com.do\/index.php\/wp-json\/wp\/v2\/media?parent=101947"}],"wp:term":[{"taxonomy":"category","embeddable":true,"href":"https:\/\/lasprimeras.com.do\/index.php\/wp-json\/wp\/v2\/categories?post=101947"},{"taxonomy":"post_tag","embeddable":true,"href":"https:\/\/lasprimeras.com.do\/index.php\/wp-json\/wp\/v2\/tags?post=101947"}],"curies":[{"name":"wp","href":"https:\/\/api.w.org\/{rel}","templated":true}]}}