{"id":101990,"date":"2025-06-30T07:56:23","date_gmt":"2025-06-30T11:56:23","guid":{"rendered":"https:\/\/lasprimeras.com.do\/?p=101990"},"modified":"2025-06-30T07:56:24","modified_gmt":"2025-06-30T11:56:24","slug":"las-naciones-se-reunen-para-recaudar-billones-contra-la-pobreza-pero-eeuu-no-participa","status":"publish","type":"post","link":"https:\/\/lasprimeras.com.do\/index.php\/2025\/06\/30\/las-naciones-se-reunen-para-recaudar-billones-contra-la-pobreza-pero-eeuu-no-participa\/","title":{"rendered":"Las naciones se re\u00fanen para recaudar billones contra la pobreza, pero EEUU no participa"},"content":{"rendered":"\n<p>POR JOSEPH WILSON and EDITH M. LEDERER<\/p>\n\n\n\n<p>BARCELONA (AP) \u2014 Muchas de las naciones del mundo se reun\u00edan en Espa\u00f1a a partir del lunes para una conferencia de alto nivel con el objetivo de abordar la creciente brecha entre las naciones ricas y pobres y tratar de reunir los billones de d\u00f3lares necesarios para cerrarla. Estados Unidos, antes un importante contribuyente, se retir\u00f3 del evento, por lo que encontrar financiamiento ser\u00e1 dif\u00edcil.<\/p>\n\n\n\n<p>La reuni\u00f3n de cuatro d\u00edas de Financiaci\u00f3n para el Desarrollo en la ciudad sure\u00f1a de Sevilla se celebraba mientras muchos pa\u00edses enfrentan cargas de deuda crecientes, inversiones menguantes, disminuci\u00f3n de la ayuda internacional y barreras comerciales en aumento.<\/p>\n\n\n\n<p>\u201cEl financiamiento es el motor del desarrollo. Y en este momento, este motor est\u00e1 fallando\u201d, dijo el Secretario General de las Naciones Unidas, Ant\u00f3nio Guterres, en sus comentarios de apertura en la conferencia.<\/p>\n\n\n\n<p>\u201cEstamos aqu\u00ed en Sevilla para cambiar de rumbo, para reparar y acelerar el motor del desarrollo para impulsar la inversi\u00f3n a la escala y velocidad requeridas\u201d, afirm\u00f3.<\/p>\n\n\n\n<p>La ONU y Espa\u00f1a, coanfitriones de la conferencia, creen que la reuni\u00f3n es una oportunidad para revertir la espiral descendente, cerrar la enrome brecha de financiamiento anual de cuatro billones de d\u00f3lares para promover el desarrollo, sacar a millones de personas de la pobreza y ayudar a alcanzar los amplios y rezagados Objetivos de Desarrollo Sostenible de la ONU para 2030.<\/p>\n\n\n\n<p>Aunque la reuni\u00f3n se produce en medio de la incertidumbre econ\u00f3mica global y altas tensiones geopol\u00edticas, los anfitriones tienen la esperanza de que el mundo pueda abordar uno de los desaf\u00edos globales m\u00e1s importantes: garantizar que todas las personas tengan acceso a alimentos, atenci\u00f3n m\u00e9dica, educaci\u00f3n y agua.<\/p>\n\n\n\n<p>\u201cCreemos desde el Gobierno de Espa\u00f1a que esta Cumbre es una oportunidad para corregir el rumbo, para alzar nuestra voz frente a los que buscan convencernos que la rivalidad y la competencia van a marcarle el paso a la humanidad y su futuro\u201d, dijo el presidente del gobierno espa\u00f1ol, Pedro S\u00e1nchez, a los delegados al inaugurar la conferencia.<\/p>\n\n\n\n<p>El ambicioso paquete busca revertir el declive en el desarrollo<\/p>\n\n\n\n<p>Delegaciones de alto nivel, incluidos m\u00e1s de 70 l\u00edderes mundiales, asistir\u00e1n a la cita en Sevilla, dijo la ONU, junto con varios miles de personas de instituciones financieras internacionales, bancos de desarrollo, organizaciones filantr\u00f3picas, el sector privado y la sociedad civil.<\/p>\n\n\n\n<p>En su \u00faltima reuni\u00f3n preparatoria el 17 de junio, Estados Unidos rechaz\u00f3 el documento de resultados de 38 p\u00e1ginas que hab\u00edan negociado durante meses las 193 naciones miembros de la ONU y anunci\u00f3 su retirada del proceso y de la conferencia de Sevilla.<\/p>\n\n\n\n<p>El resto de los pa\u00edses aprobaron entonces el documento por consenso y lo enviaron a Sevilla, donde se espera que sea adoptado por los participantes de la conferencia sin cambios. Se conocer\u00e1 como el Compromiso de Sevilla.<\/p>\n\n\n\n<p>El documento dice que los l\u00edderes y representantes de alto nivel han decidido lanzar \u201cun paquete ambicioso de reformas y acciones para cerrar la brecha de financiamiento con urgencia\u201d, diciendo que ahora se estima en cuatro billones de d\u00f3lares al a\u00f1o.<\/p>\n\n\n\n<p>Entre las propuestas y acciones, se pide un ingreso fiscal m\u00ednimo del 15% del producto interno bruto de un pa\u00eds para aumentar los recursos gubernamentales, triplicar los pr\u00e9stamos de los bancos de desarrollo multilaterales y aumentar el financiamiento privado proporcionando incentivos para invertir en \u00e1reas cr\u00edticas como la infraestructura.<\/p>\n\n\n\n<p>Tambi\u00e9n se pide una serie de reformas para ayudar a los pa\u00edses a lidiar con el aumento de la deuda.<\/p>\n\n\n\n<p>La jefa de comercio de la ONU, Rebeca Grynspan, dijo recientemente que \u201cel desarrollo est\u00e1 retrocediendo\u201d y la crisis de la deuda global ha empeorado.<\/p>\n\n\n\n<p>El a\u00f1o pasado, 3.300 millones de personas viv\u00edan en pa\u00edses que pagan m\u00e1s intereses por sus deudas de lo que gastan en salud o educaci\u00f3n, y el n\u00famero aumentar\u00e1 a 3.400 millones de personas este a\u00f1o, seg\u00fan Grynspan. Y los pa\u00edses en desarrollo pagar\u00e1n 947.000 millones de d\u00f3lares para devolver deudas este a\u00f1o, frente a 847.000 millones de d\u00f3lares el a\u00f1o pasado.<\/p>\n\n\n\n<p>Grynspan habl\u00f3 en una conferencia de prensa donde un grupo de expertos en deuda designado por Guterres present\u00f3 11 recomendaciones que, seg\u00fan ellos, pueden resolver la crisis de la deuda, empoderar a los pa\u00edses prestatarios y crear un sistema m\u00e1s justo.<\/p>\n\n\n\n<p>Objeciones de Estados Unidos al documento<\/p>\n\n\n\n<p>Aunque Estados Unidos se opuso a muchas acciones en el documento de resultados, el diplom\u00e1tico estadounidense Jonathan Shrier dijo en la reuni\u00f3n del 17 de junio que \u201cnuestro compromiso con la cooperaci\u00f3n internacional y el desarrollo econ\u00f3mico a largo plazo sigue siendo firme\u201d.<\/p>\n\n\n\n<p>Sin embargo, dijo que el texto \u201ccruza muchas de nuestras l\u00edneas rojas\u201d, como interferir con la gobernanza de las instituciones financieras internacionales, triplicar la capacidad de pr\u00e9stamo anual de los bancos de desarrollo multilaterales y propuestas que prev\u00e9n un papel para la ONU en la arquitectura de la deuda global.<\/p>\n\n\n\n<p>Shrier tambi\u00e9n objet\u00f3 propuestas sobre comercio, impuestos e innovaci\u00f3n que no est\u00e1n en l\u00ednea con la pol\u00edtica de Estados Unidos, as\u00ed como el lenguaje sobre un convenio marco de la ONU sobre cooperaci\u00f3n fiscal internacional.<\/p>\n\n\n\n<p>Estados Unidos era el mayor pagador individual de ayuda exterior en el mundo. El gobierno de Trump ha desmantelado su principal agencia de ayuda, la Agencia de los Estados Unidos para el Desarrollo Internacional, mientras recorta dr\u00e1sticamente la financiaci\u00f3n de asistencia exterior, que tacha de derrochadora y contraria al programa del presidente republicano. Otros donantes occidentales tambi\u00e9n han reducido la ayuda internacional.<\/p>\n\n\n\n<p>La vicesecretaria general de la ONU, Amina Mohammed, dijo la semana pasada que la retirada de Estados Unidos de la conferencia fue \u201cdesafortunada\u201d, enfatizando que \u201cmuchas de las recomendaciones que ven no pueden desarrollarse sin un compromiso continuo con Estados Unidos\u201d.<\/p>\n\n\n\n<p>Despu\u00e9s de Sevilla, \u201cvolveremos a comprometernos con Estados Unidos y esperamos poder argumentar que sean parte del \u00e9xito de sacar a millones de personas de la pobreza\u201d.<\/p>\n\n\n\n<p>Lederer inform\u00f3 desde Naciones Unidas.<\/p>\n","protected":false},"excerpt":{"rendered":"<p>POR JOSEPH WILSON and EDITH M. LEDERER BARCELONA (AP) \u2014 Muchas de las naciones del mundo se reun\u00edan en Espa\u00f1a a partir del lunes para una conferencia de alto nivel&hellip;<\/p>\n","protected":false},"author":10,"featured_media":101991,"comment_status":"open","ping_status":"open","sticky":false,"template":"","format":"standard","meta":{"content-type":"","jetpack_post_was_ever_published":false,"_jetpack_newsletter_access":"","_jetpack_dont_email_post_to_subs":false,"_jetpack_newsletter_tier_id":0,"_jetpack_memberships_contains_paywalled_content":false,"_jetpack_memberships_contains_paid_content":false,"footnotes":""},"categories":[39],"tags":[20983,20984,20982,1436,4592],"class_list":["post-101990","post","type-post","status-publish","format-standard","has-post-thumbnail","hentry","category-economia","tag-billones","tag-eeuu-no-participa","tag-las-naciones","tag-pobreza","tag-recaudar"],"jetpack_featured_media_url":"https:\/\/lasprimeras.com.do\/wp-content\/uploads\/2025\/06\/Pedro-Sanchez-Y-Antonio-Guterres.jpg","jetpack-related-posts":[{"id":111350,"url":"https:\/\/lasprimeras.com.do\/index.php\/2025\/10\/08\/dgii-recauda-rd-67707-millones-en-septiembre-acumula-3-8-billones-recaudados-en-cinco-anos\/","url_meta":{"origin":101990,"position":0},"title":"DGII recauda RD 67,707 millones en septiembre; acumula 3.8 billones recaudados en cinco a\u00f1os","author":"Nelson Feliz","date":"8 de octubre de 2025","format":false,"excerpt":"La Direcci\u00f3n General de Impuestos Internos (DGII) inform\u00f3 que durante el mes de septiembre de 2025 recaud\u00f3 RD 67,707.4 millones, cifra que representa un crecimiento de 6.7% en comparaci\u00f3n con igual mes del a\u00f1o anterior, equivalente a RD 4,271.9 millones adicionales. El monto recaudado super\u00f3 en RD 527 millones la\u2026","rel":"","context":"En \u00abECONOM\u00cdA\u00bb","block_context":{"text":"ECONOM\u00cdA","link":"https:\/\/lasprimeras.com.do\/index.php\/category\/economia\/"},"img":{"alt_text":"","src":"https:\/\/i0.wp.com\/lasprimeras.com.do\/wp-content\/uploads\/2025\/10\/DGII.jpg?resize=350%2C200&ssl=1","width":350,"height":200,"srcset":"https:\/\/i0.wp.com\/lasprimeras.com.do\/wp-content\/uploads\/2025\/10\/DGII.jpg?resize=350%2C200&ssl=1 1x, https:\/\/i0.wp.com\/lasprimeras.com.do\/wp-content\/uploads\/2025\/10\/DGII.jpg?resize=525%2C300&ssl=1 1.5x, https:\/\/i0.wp.com\/lasprimeras.com.do\/wp-content\/uploads\/2025\/10\/DGII.jpg?resize=700%2C400&ssl=1 2x"},"classes":[]},{"id":112515,"url":"https:\/\/lasprimeras.com.do\/index.php\/2025\/10\/23\/ee-uu-alcanza-los-38-billones-de-dolares-en-deuda-tras-la-acumulacion-mas-rapida-de-1-billon-de-dolares-fuera-de-la-pandemia\/","url_meta":{"origin":101990,"position":1},"title":"EE.UU. alcanza los 38 billones de d\u00f3lares en deuda, tras la acumulaci\u00f3n m\u00e1s r\u00e1pida de 1 bill\u00f3n de d\u00f3lares fuera de la pandemia","author":"Nelson Feliz","date":"23 de octubre de 2025","format":false,"excerpt":"Por F\u00c1TIMA HUSSEIN WASHINGTON (AP) \u2014 En medio de un cierre del gobierno federal, la deuda nacional bruta del gobierno estadounidense super\u00f3 el mi\u00e9rcoles los 38 billones de d\u00f3lares, una cifra r\u00e9cord que pone de relieve la acelerada acumulaci\u00f3n de deuda en el balance general de Estados Unidos. Tambi\u00e9n es\u2026","rel":"","context":"En \u00abECONOM\u00cdA\u00bb","block_context":{"text":"ECONOM\u00cdA","link":"https:\/\/lasprimeras.com.do\/index.php\/category\/economia\/"},"img":{"alt_text":"","src":"https:\/\/i0.wp.com\/lasprimeras.com.do\/wp-content\/uploads\/2025\/10\/Kent-Smetters.jpg?resize=350%2C200&ssl=1","width":350,"height":200,"srcset":"https:\/\/i0.wp.com\/lasprimeras.com.do\/wp-content\/uploads\/2025\/10\/Kent-Smetters.jpg?resize=350%2C200&ssl=1 1x, https:\/\/i0.wp.com\/lasprimeras.com.do\/wp-content\/uploads\/2025\/10\/Kent-Smetters.jpg?resize=525%2C300&ssl=1 1.5x, https:\/\/i0.wp.com\/lasprimeras.com.do\/wp-content\/uploads\/2025\/10\/Kent-Smetters.jpg?resize=700%2C400&ssl=1 2x"},"classes":[]},{"id":108720,"url":"https:\/\/lasprimeras.com.do\/index.php\/2025\/09\/10\/adafp-se-reune-con-mision-del-fmi-para-analizar-los-avances-y-retos-del-sistema-de-pensiones\/","url_meta":{"origin":101990,"position":2},"title":"ADAFP se re\u00fane con &#8220;Misi\u00f3n del FMI&#8221; para analizar los avances y retos del sistema de pensiones","author":"Nelson Feliz","date":"10 de septiembre de 2025","format":false,"excerpt":"En el encuentro realizado en la sede de ADAFP, se analizaron los avances y retos del sistema cuyo patrimonio supera DOP 1.180 Billones, clave en el crecimiento y desarrollo econ\u00f3mico del pa\u00eds y ha favorecido a m\u00e1s de 495 mil personas. La Asociaci\u00f3n Dominicana de Administradoras de Fondos de Pensiones\u2026","rel":"","context":"En \u00abECONOM\u00cdA\u00bb","block_context":{"text":"ECONOM\u00cdA","link":"https:\/\/lasprimeras.com.do\/index.php\/category\/economia\/"},"img":{"alt_text":"","src":"https:\/\/i0.wp.com\/lasprimeras.com.do\/wp-content\/uploads\/2025\/09\/ADAFP.jpg?resize=350%2C200&ssl=1","width":350,"height":200,"srcset":"https:\/\/i0.wp.com\/lasprimeras.com.do\/wp-content\/uploads\/2025\/09\/ADAFP.jpg?resize=350%2C200&ssl=1 1x, https:\/\/i0.wp.com\/lasprimeras.com.do\/wp-content\/uploads\/2025\/09\/ADAFP.jpg?resize=525%2C300&ssl=1 1.5x, https:\/\/i0.wp.com\/lasprimeras.com.do\/wp-content\/uploads\/2025\/09\/ADAFP.jpg?resize=700%2C400&ssl=1 2x"},"classes":[]},{"id":113015,"url":"https:\/\/lasprimeras.com.do\/index.php\/2025\/10\/29\/nvidia-esta-en-camino-de-convertirse-en-la-primera-empresa-de-5-billones-de-dolares\/","url_meta":{"origin":101990,"position":3},"title":"Nvidia est\u00e1 en camino de convertirse en la primera empresa de 5 billones de d\u00f3lares","author":"Nelson Feliz","date":"29 de octubre de 2025","format":false,"excerpt":"Por Michelle Chapman Nvidia est\u00e1 en camino de convertirse en la primera empresa de 5 billones de d\u00f3lares, apenas tres meses despu\u00e9s de que el fabricante de chips de Silicon Valley fuera el primero en superar la barrera de los 4 billones de d\u00f3lares . Alcanzar este nuevo hito pone\u2026","rel":"","context":"En \u00abTECNOL\u00d3GIA\u00bb","block_context":{"text":"TECNOL\u00d3GIA","link":"https:\/\/lasprimeras.com.do\/index.php\/category\/tecnologia\/"},"img":{"alt_text":"","src":"https:\/\/i0.wp.com\/lasprimeras.com.do\/wp-content\/uploads\/2025\/10\/Nvidia.jpg?resize=350%2C200&ssl=1","width":350,"height":200,"srcset":"https:\/\/i0.wp.com\/lasprimeras.com.do\/wp-content\/uploads\/2025\/10\/Nvidia.jpg?resize=350%2C200&ssl=1 1x, https:\/\/i0.wp.com\/lasprimeras.com.do\/wp-content\/uploads\/2025\/10\/Nvidia.jpg?resize=525%2C300&ssl=1 1.5x, https:\/\/i0.wp.com\/lasprimeras.com.do\/wp-content\/uploads\/2025\/10\/Nvidia.jpg?resize=700%2C400&ssl=1 2x"},"classes":[]},{"id":109863,"url":"https:\/\/lasprimeras.com.do\/index.php\/2025\/09\/23\/en-la-onu-lideres-mundiales-se-reunen-para-intentar-mejorar-un-planeta-en-problemas-lo-lograran\/","url_meta":{"origin":101990,"position":4},"title":"En la ONU, l\u00edderes mundiales se re\u00fanen para intentar mejorar un planeta en problemas. \u00bfLo lograr\u00e1n?","author":"Nelson Feliz","date":"23 de septiembre de 2025","format":false,"excerpt":"POR EDITH M. LEDERER, JENNIFER PELTZ and FARNOUSH AMIRI NACIONES UNIDAS (AP) \u2014 En medio de un creciente apoyo global a un estado palestino, se espera que la devastadora guerra de Israel en Gaza ocupe un lugar central cuando la reuni\u00f3n de l\u00edderes mundiales de la ONU entre en pleno\u2026","rel":"","context":"En \u00abINTERNACIONALES\u00bb","block_context":{"text":"INTERNACIONALES","link":"https:\/\/lasprimeras.com.do\/index.php\/category\/sin-categoria\/internacionales\/"},"img":{"alt_text":"","src":"https:\/\/i0.wp.com\/lasprimeras.com.do\/wp-content\/uploads\/2025\/09\/onu-1.jpg?resize=350%2C200&ssl=1","width":350,"height":200,"srcset":"https:\/\/i0.wp.com\/lasprimeras.com.do\/wp-content\/uploads\/2025\/09\/onu-1.jpg?resize=350%2C200&ssl=1 1x, https:\/\/i0.wp.com\/lasprimeras.com.do\/wp-content\/uploads\/2025\/09\/onu-1.jpg?resize=525%2C300&ssl=1 1.5x, https:\/\/i0.wp.com\/lasprimeras.com.do\/wp-content\/uploads\/2025\/09\/onu-1.jpg?resize=700%2C400&ssl=1 2x"},"classes":[]},{"id":120018,"url":"https:\/\/lasprimeras.com.do\/index.php\/2026\/01\/20\/activos-de-banreservas-superan-el-billon-282-mil-millones-de-pesos\/","url_meta":{"origin":101990,"position":5},"title":"Activos de Banreservas superan el bill\u00f3n 282 mil millones de pesos","author":"Nelson Feliz","date":"20 de enero de 2026","format":false,"excerpt":"La cartera de financiamiento del Banco lider\u00f3 en 2025 con el 45 % del total de cr\u00e9ditos al sector tur\u00edstico dominicano MADRID, Espa\u00f1a.\u2013 El vicepresidente del Consejo de Directores del Banco de Reservas, Jean Antonio Hach\u00e9, destac\u00f3 el liderazgo de la instituci\u00f3n en el mercado financiero dominicano e inform\u00f3 que,\u2026","rel":"","context":"En \u00abECONOM\u00cdA\u00bb","block_context":{"text":"ECONOM\u00cdA","link":"https:\/\/lasprimeras.com.do\/index.php\/category\/economia\/"},"img":{"alt_text":"","src":"https:\/\/i0.wp.com\/lasprimeras.com.do\/wp-content\/uploads\/2026\/01\/IMG-20260120-WA0132.jpg?resize=350%2C200&ssl=1","width":350,"height":200,"srcset":"https:\/\/i0.wp.com\/lasprimeras.com.do\/wp-content\/uploads\/2026\/01\/IMG-20260120-WA0132.jpg?resize=350%2C200&ssl=1 1x, https:\/\/i0.wp.com\/lasprimeras.com.do\/wp-content\/uploads\/2026\/01\/IMG-20260120-WA0132.jpg?resize=525%2C300&ssl=1 1.5x, https:\/\/i0.wp.com\/lasprimeras.com.do\/wp-content\/uploads\/2026\/01\/IMG-20260120-WA0132.jpg?resize=700%2C400&ssl=1 2x, https:\/\/i0.wp.com\/lasprimeras.com.do\/wp-content\/uploads\/2026\/01\/IMG-20260120-WA0132.jpg?resize=1050%2C600&ssl=1 3x"},"classes":[]}],"jetpack_sharing_enabled":true,"_links":{"self":[{"href":"https:\/\/lasprimeras.com.do\/index.php\/wp-json\/wp\/v2\/posts\/101990","targetHints":{"allow":["GET"]}}],"collection":[{"href":"https:\/\/lasprimeras.com.do\/index.php\/wp-json\/wp\/v2\/posts"}],"about":[{"href":"https:\/\/lasprimeras.com.do\/index.php\/wp-json\/wp\/v2\/types\/post"}],"author":[{"embeddable":true,"href":"https:\/\/lasprimeras.com.do\/index.php\/wp-json\/wp\/v2\/users\/10"}],"replies":[{"embeddable":true,"href":"https:\/\/lasprimeras.com.do\/index.php\/wp-json\/wp\/v2\/comments?post=101990"}],"version-history":[{"count":1,"href":"https:\/\/lasprimeras.com.do\/index.php\/wp-json\/wp\/v2\/posts\/101990\/revisions"}],"predecessor-version":[{"id":101992,"href":"https:\/\/lasprimeras.com.do\/index.php\/wp-json\/wp\/v2\/posts\/101990\/revisions\/101992"}],"wp:featuredmedia":[{"embeddable":true,"href":"https:\/\/lasprimeras.com.do\/index.php\/wp-json\/wp\/v2\/media\/101991"}],"wp:attachment":[{"href":"https:\/\/lasprimeras.com.do\/index.php\/wp-json\/wp\/v2\/media?parent=101990"}],"wp:term":[{"taxonomy":"category","embeddable":true,"href":"https:\/\/lasprimeras.com.do\/index.php\/wp-json\/wp\/v2\/categories?post=101990"},{"taxonomy":"post_tag","embeddable":true,"href":"https:\/\/lasprimeras.com.do\/index.php\/wp-json\/wp\/v2\/tags?post=101990"}],"curies":[{"name":"wp","href":"https:\/\/api.w.org\/{rel}","templated":true}]}}