{"id":102033,"date":"2025-06-30T11:21:16","date_gmt":"2025-06-30T15:21:16","guid":{"rendered":"https:\/\/lasprimeras.com.do\/?p=102033"},"modified":"2025-06-30T11:21:17","modified_gmt":"2025-06-30T15:21:17","slug":"gobierno-indeniza-productores-porcinos-del-cibao-afectados-por-la-peste-africana","status":"publish","type":"post","link":"https:\/\/lasprimeras.com.do\/index.php\/2025\/06\/30\/gobierno-indeniza-productores-porcinos-del-cibao-afectados-por-la-peste-africana\/","title":{"rendered":"Gobierno indeniza productores porcinos del Cibao afectados por la peste africana"},"content":{"rendered":"\n<p>La Direcci\u00f3n General de Ganader\u00eda (DIGEGA) realiz\u00f3 este lunes la entrega formal de RD$80 millones en cheques a 29 productores porcinos de las provincias que forman la regi\u00f3n Cibao Central, como parte del plan de compensaci\u00f3n a quienes resultaron afectados por la peste porcina africana.<\/p>\n\n\n\n<p>El acto estuvo encabezado por el director general de Ganader\u00eda, Abel Madera, quien reafirm\u00f3 el compromiso del Gobierno dominicano de responder con acciones concretas a los desaf\u00edos que enfrenta el sector porcino nacional.<\/p>\n\n\n\n<p>\u201cHoy estamos cumpliendo con nuestra palabra. Esta compensaci\u00f3n no solo es una ayuda econ\u00f3mica, sino una se\u00f1al de que nuestros productores no est\u00e1n solos. Este Gobierno cree en la producci\u00f3n nacional y en la dignidad del trabajo agropecuario\u201d, expres\u00f3 Madera.<\/p>\n\n\n\n<p>Explic\u00f3 que los beneficiarios fueron seleccionados tras cumplir con los requisitos establecidos por la instituci\u00f3n, incluyendo el levantamiento oficial de da\u00f1os, la confirmaci\u00f3n diagn\u00f3stica de PPA y la inclusi\u00f3n en el listado oficial de elegibles.<\/p>\n\n\n\n<p>\u201cLa transparencia ha sido clave en este proceso. Cada centavo entregado hoy responde a un protocolo t\u00e9cnico riguroso, que garantiza justicia y equidad\u201d, indic\u00f3 el funcionario.<\/p>\n\n\n\n<p>Durante el evento, varios productores de La Vega, Santiago, Moca y San Francisco de Macor\u00eds agradecieron el respaldo recibido y destacaron la importancia de continuar fortaleciendo los mecanismos de prevenci\u00f3n y respuesta ante enfermedades que amenazan la producci\u00f3n animal.<\/p>\n\n\n\n<p>La entrega forma parte del Plan Nacional de Recuperaci\u00f3n y Fortalecimiento del Sector Porcino, implementado por el Gobierno a trav\u00e9s de la DIGEGA, en coordinaci\u00f3n con otras entidades del sector agropecuario.<\/p>\n\n\n\n<p>Madera reiter\u00f3 el llamado a los porcicultores a mantenerse en contacto con las oficinas provinciales de la instituci\u00f3n, realizar las pruebas de detecci\u00f3n de PPA cuando corresponda y cumplir con los protocolos establecidos para garantizar el acceso a futuras compensaciones.<\/p>\n\n\n\n<p>\u201cNuestro objetivo es reconstruir, fortalecer y proteger la porcicultura nacional, con sanidad, responsabilidad y el apoyo decidido del Estado dominicano\u201d, concluy\u00f3.<\/p>\n\n\n\n<p>Los interesados en conocer m\u00e1s detalles sobre los requisitos o procesos pueden acceder al portal oficial de la DIGEGA o comunicarse con los t\u00e9cnicos locales de la instituci\u00f3n.<\/p>\n","protected":false},"excerpt":{"rendered":"<p>La Direcci\u00f3n General de Ganader\u00eda (DIGEGA) realiz\u00f3 este lunes la entrega formal de RD$80 millones en cheques a 29 productores porcinos de las provincias que forman la regi\u00f3n Cibao Central,&hellip;<\/p>\n","protected":false},"author":10,"featured_media":102034,"comment_status":"open","ping_status":"open","sticky":false,"template":"","format":"standard","meta":{"content-type":"","jetpack_post_was_ever_published":false,"_jetpack_newsletter_access":"","_jetpack_dont_email_post_to_subs":false,"_jetpack_newsletter_tier_id":0,"_jetpack_memberships_contains_paywalled_content":false,"_jetpack_memberships_contains_paid_content":false,"footnotes":""},"categories":[39],"tags":[18435,18231,171,21010,21009,21008,1217],"class_list":["post-102033","post","type-post","status-publish","format-standard","has-post-thumbnail","hentry","category-economia","tag-africana","tag-cibao-central","tag-gobierno","tag-peste","tag-porcina","tag-porcinos","tag-productores"],"jetpack_featured_media_url":"https:\/\/lasprimeras.com.do\/wp-content\/uploads\/2025\/06\/DIGEGA-1.jpg","jetpack-related-posts":[{"id":106428,"url":"https:\/\/lasprimeras.com.do\/index.php\/2025\/08\/14\/gobierno-refuerza-apoyo-economico-a-pequenos-porcicultores-afectados-por-la-peste-porcina-africana\/","url_meta":{"origin":102033,"position":0},"title":"Gobierno refuerza apoyo econ\u00f3mico a peque\u00f1os porcicultores afectados por la Peste Porcina Africana","author":"Nelson Feliz","date":"14 de agosto de 2025","format":false,"excerpt":"La Direcci\u00f3n General de Ganader\u00eda (Digega) reforz\u00f3 el apoyo econ\u00f3mico a peque\u00f1os productores porcinos de distintas provincias del pa\u00eds que fueron afectados por la Peste Porcina Africana (PPA). La iniciativa que cuenta con una inversi\u00f3n total de RD$ 110 millones en una primera etapa forma parte del programa de compensaci\u00f3n\u2026","rel":"","context":"En \u00abECONOM\u00cdA\u00bb","block_context":{"text":"ECONOM\u00cdA","link":"https:\/\/lasprimeras.com.do\/index.php\/category\/economia\/"},"img":{"alt_text":"","src":"https:\/\/i0.wp.com\/lasprimeras.com.do\/wp-content\/uploads\/2025\/08\/digega.jpg?resize=350%2C200&ssl=1","width":350,"height":200,"srcset":"https:\/\/i0.wp.com\/lasprimeras.com.do\/wp-content\/uploads\/2025\/08\/digega.jpg?resize=350%2C200&ssl=1 1x, https:\/\/i0.wp.com\/lasprimeras.com.do\/wp-content\/uploads\/2025\/08\/digega.jpg?resize=525%2C300&ssl=1 1.5x, https:\/\/i0.wp.com\/lasprimeras.com.do\/wp-content\/uploads\/2025\/08\/digega.jpg?resize=700%2C400&ssl=1 2x"},"classes":[]},{"id":112143,"url":"https:\/\/lasprimeras.com.do\/index.php\/2025\/10\/17\/ganaderia-indemniza-a-porcicultores-afectados-por-la-peste-porcina-africana\/","url_meta":{"origin":102033,"position":1},"title":"Ganader\u00eda indemniza a porcicultores afectados por la Peste Porcina Africana","author":"Nelson Feliz","date":"17 de octubre de 2025","format":false,"excerpt":"La Direcci\u00f3n General de Ganader\u00eda (DIGEGA), entreg\u00f3 este viernes m\u00e1s de RD$130 millones en cheques de indemnizaci\u00f3n a porcicultores de diferentes zonas del pa\u00eds, como parte del compromiso asumido por el gobierno para compensar a los productores afectados por la Peste Porcina Africana (PPA). La entrega, realizada en un acto\u2026","rel":"","context":"En \u00abECONOM\u00cdA\u00bb","block_context":{"text":"ECONOM\u00cdA","link":"https:\/\/lasprimeras.com.do\/index.php\/category\/economia\/"},"img":{"alt_text":"","src":"https:\/\/i0.wp.com\/lasprimeras.com.do\/wp-content\/uploads\/2025\/10\/CHEQUES-1.jpg?resize=350%2C200&ssl=1","width":350,"height":200,"srcset":"https:\/\/i0.wp.com\/lasprimeras.com.do\/wp-content\/uploads\/2025\/10\/CHEQUES-1.jpg?resize=350%2C200&ssl=1 1x, https:\/\/i0.wp.com\/lasprimeras.com.do\/wp-content\/uploads\/2025\/10\/CHEQUES-1.jpg?resize=525%2C300&ssl=1 1.5x, https:\/\/i0.wp.com\/lasprimeras.com.do\/wp-content\/uploads\/2025\/10\/CHEQUES-1.jpg?resize=700%2C400&ssl=1 2x"},"classes":[]},{"id":96222,"url":"https:\/\/lasprimeras.com.do\/index.php\/2025\/03\/26\/pld-propone-plan-nacional-de-emergencia-para-la-erradicar-peste-porcina-africana\/","url_meta":{"origin":102033,"position":2},"title":"PLD propone Plan Nacional de Emergencia para la Erradicar Peste Porcina Africana","author":"Nelson Feliz","date":"26 de marzo de 2025","format":false,"excerpt":"El Partido de la Liberaci\u00f3n Dominicana (PLD) expres\u00f3 su profunda preocupaci\u00f3n por el manejo \u00abimprovisado e irresponsable\u00bb del gobierno del PRM frente a la crisis generada por la Peste Porcina Africana (PPA), que seg\u00fan alertaron est\u00e1 empujando a millas de productores dominicanos a la ruina y provocando un aumento dram\u00e1tico\u2026","rel":"","context":"En \u00abPOLITICA\u00bb","block_context":{"text":"POLITICA","link":"https:\/\/lasprimeras.com.do\/index.php\/category\/politica\/"},"img":{"alt_text":"","src":"https:\/\/i0.wp.com\/lasprimeras.com.do\/wp-content\/uploads\/2025\/03\/PUJOLS.jpg?resize=350%2C200&ssl=1","width":350,"height":200,"srcset":"https:\/\/i0.wp.com\/lasprimeras.com.do\/wp-content\/uploads\/2025\/03\/PUJOLS.jpg?resize=350%2C200&ssl=1 1x, https:\/\/i0.wp.com\/lasprimeras.com.do\/wp-content\/uploads\/2025\/03\/PUJOLS.jpg?resize=525%2C300&ssl=1 1.5x"},"classes":[]},{"id":99167,"url":"https:\/\/lasprimeras.com.do\/index.php\/2025\/05\/18\/digega-inicia-pago-de-indemnizacion-a-productores-porcinos-afectados-por-la-ppa\/","url_meta":{"origin":102033,"position":3},"title":"DIGEGA inicia pago de indemnizaci\u00f3n a productores porcinos afectados por la PPA","author":"Nelson Feliz","date":"18 de mayo de 2025","format":false,"excerpt":"La Direcci\u00f3n General de Ganader\u00eda (DIGEGA) en coordinaci\u00f3n con la Tesorer\u00eda Nacional comenz\u00f3 el proceso de pago de indemnizaciones a los productores porcinos cuyos animales fueron sacrificados debido al brote de Peste Porcina Africana (PPA). En esta primera fase, se entregar\u00e1n 60 cheques a criadores que ya han sido debidamente\u2026","rel":"","context":"En \u00abECONOM\u00cdA\u00bb","block_context":{"text":"ECONOM\u00cdA","link":"https:\/\/lasprimeras.com.do\/index.php\/category\/economia\/"},"img":{"alt_text":"","src":"https:\/\/i0.wp.com\/lasprimeras.com.do\/wp-content\/uploads\/2025\/05\/pago.jpg?resize=350%2C200&ssl=1","width":350,"height":200,"srcset":"https:\/\/i0.wp.com\/lasprimeras.com.do\/wp-content\/uploads\/2025\/05\/pago.jpg?resize=350%2C200&ssl=1 1x, https:\/\/i0.wp.com\/lasprimeras.com.do\/wp-content\/uploads\/2025\/05\/pago.jpg?resize=525%2C300&ssl=1 1.5x"},"classes":[]},{"id":89736,"url":"https:\/\/lasprimeras.com.do\/index.php\/2024\/10\/03\/fao-felicita-abinader-por-avances-en-reduccion-dede-la-pobreza\/","url_meta":{"origin":102033,"position":4},"title":"FAO felicita Abinader por avances en reducci\u00f3n de la pobreza","author":"Nelson Feliz","date":"3 de octubre de 2024","format":false,"excerpt":"En acto de entrega de los primeros certificados de bioseguridad a cuatro granjas porcinas del pa\u00eds, en el marco del Plan Nacional de Bioseguridad Porcina, Casta\u00f1eda dice este progreso acerca a la Rep\u00fablica Dominicana a la posibilidad que tiene de erradicar totalmente el hambre. El representante de la Organizaci\u00f3n de\u2026","rel":"","context":"En \u00abECONOM\u00cdA\u00bb","block_context":{"text":"ECONOM\u00cdA","link":"https:\/\/lasprimeras.com.do\/index.php\/category\/economia\/"},"img":{"alt_text":"","src":"https:\/\/i0.wp.com\/lasprimeras.com.do\/wp-content\/uploads\/2024\/10\/FAO.jpg?resize=350%2C200&ssl=1","width":350,"height":200,"srcset":"https:\/\/i0.wp.com\/lasprimeras.com.do\/wp-content\/uploads\/2024\/10\/FAO.jpg?resize=350%2C200&ssl=1 1x, https:\/\/i0.wp.com\/lasprimeras.com.do\/wp-content\/uploads\/2024\/10\/FAO.jpg?resize=525%2C300&ssl=1 1.5x, https:\/\/i0.wp.com\/lasprimeras.com.do\/wp-content\/uploads\/2024\/10\/FAO.jpg?resize=700%2C400&ssl=1 2x"},"classes":[]},{"id":74311,"url":"https:\/\/lasprimeras.com.do\/index.php\/2024\/01\/22\/carlos-segura-foster-dice-que-el-prm-no-prioriza-alimentos\/","url_meta":{"origin":102033,"position":5},"title":"Carlos Segura Foster dice que el PRM no prioriza alimentos","author":"Nelson Feliz","date":"22 de enero de 2024","format":false,"excerpt":"El miembro del Comit\u00e9 Central del Partido de la Liberaci\u00f3n Dominicana (PLD), Carlos Segura Foster sostuvo que la producci\u00f3n de alimentos no ha sido prioridad para el Gobierno del Partido Revolucionario Moderno (PRM), que en tres a\u00f1os de gesti\u00f3n hundi\u00f3 al campo dominicano. El experto agropecuario, denunci\u00f3 que hoy se\u2026","rel":"","context":"En \u00abPORTADA\u00bb","block_context":{"text":"PORTADA","link":"https:\/\/lasprimeras.com.do\/index.php\/category\/portada\/"},"img":{"alt_text":"Carlos Segura Foster","src":"https:\/\/i0.wp.com\/lasprimeras.com.do\/wp-content\/uploads\/2024\/01\/Carlos-Segura-Foster.jpg?resize=350%2C200&ssl=1","width":350,"height":200,"srcset":"https:\/\/i0.wp.com\/lasprimeras.com.do\/wp-content\/uploads\/2024\/01\/Carlos-Segura-Foster.jpg?resize=350%2C200&ssl=1 1x, https:\/\/i0.wp.com\/lasprimeras.com.do\/wp-content\/uploads\/2024\/01\/Carlos-Segura-Foster.jpg?resize=525%2C300&ssl=1 1.5x, https:\/\/i0.wp.com\/lasprimeras.com.do\/wp-content\/uploads\/2024\/01\/Carlos-Segura-Foster.jpg?resize=700%2C400&ssl=1 2x"},"classes":[]}],"jetpack_sharing_enabled":true,"_links":{"self":[{"href":"https:\/\/lasprimeras.com.do\/index.php\/wp-json\/wp\/v2\/posts\/102033","targetHints":{"allow":["GET"]}}],"collection":[{"href":"https:\/\/lasprimeras.com.do\/index.php\/wp-json\/wp\/v2\/posts"}],"about":[{"href":"https:\/\/lasprimeras.com.do\/index.php\/wp-json\/wp\/v2\/types\/post"}],"author":[{"embeddable":true,"href":"https:\/\/lasprimeras.com.do\/index.php\/wp-json\/wp\/v2\/users\/10"}],"replies":[{"embeddable":true,"href":"https:\/\/lasprimeras.com.do\/index.php\/wp-json\/wp\/v2\/comments?post=102033"}],"version-history":[{"count":1,"href":"https:\/\/lasprimeras.com.do\/index.php\/wp-json\/wp\/v2\/posts\/102033\/revisions"}],"predecessor-version":[{"id":102035,"href":"https:\/\/lasprimeras.com.do\/index.php\/wp-json\/wp\/v2\/posts\/102033\/revisions\/102035"}],"wp:featuredmedia":[{"embeddable":true,"href":"https:\/\/lasprimeras.com.do\/index.php\/wp-json\/wp\/v2\/media\/102034"}],"wp:attachment":[{"href":"https:\/\/lasprimeras.com.do\/index.php\/wp-json\/wp\/v2\/media?parent=102033"}],"wp:term":[{"taxonomy":"category","embeddable":true,"href":"https:\/\/lasprimeras.com.do\/index.php\/wp-json\/wp\/v2\/categories?post=102033"},{"taxonomy":"post_tag","embeddable":true,"href":"https:\/\/lasprimeras.com.do\/index.php\/wp-json\/wp\/v2\/tags?post=102033"}],"curies":[{"name":"wp","href":"https:\/\/api.w.org\/{rel}","templated":true}]}}