{"id":102046,"date":"2025-06-30T12:21:34","date_gmt":"2025-06-30T16:21:34","guid":{"rendered":"https:\/\/lasprimeras.com.do\/?p=102046"},"modified":"2025-06-30T12:21:36","modified_gmt":"2025-06-30T16:21:36","slug":"denuncian-que-algo-no-encaja-en-el-programa-superate-y-proponen-auditoria-al-padron-de-beneficiarios","status":"publish","type":"post","link":"https:\/\/lasprimeras.com.do\/index.php\/2025\/06\/30\/denuncian-que-algo-no-encaja-en-el-programa-superate-y-proponen-auditoria-al-padron-de-beneficiarios\/","title":{"rendered":"Denuncian que \u201calgo no encaja\u201d en el programa Sup\u00e9rate y proponen auditor\u00eda al padr\u00f3n de beneficiarios"},"content":{"rendered":"\n<p>La integrante de la Direcci\u00f3n Central de la Fuerza del Pueblo, Daniela Lizardo, advirti\u00f3 que \u201calgo no encaja\u201d en el programa Sup\u00e9rate, de asistencia social del gobierno, al considerar que no est\u00e1 resolviendo las causas reales de la pobreza en la Rep\u00fablica Dominicana.<\/p>\n\n\n\n<p>Al mismo tiempo, la dirigente opositora denunci\u00f3 que detr\u00e1s de los bonos y las estad\u00edsticas, hay familias que siguen esperando una oportunidad real para salir adelante.<\/p>\n\n\n\n<p>Por ello, solicit\u00f3 la realizaci\u00f3n de una auditor\u00eda independiente y transparente al padr\u00f3n de beneficiarios, para garantizar que los recursos lleguen a quienes realmente los necesitan.<\/p>\n\n\n\n<p>Lizardo afirm\u00f3 que, pese a una inversi\u00f3n superior a los RD$300,000 millones en cinco a\u00f1os y a un padr\u00f3n oficial que mantiene 1.5 millones de hogares beneficiarios, los indicadores en los barrios m\u00e1s empobrecidos reflejan una situaci\u00f3n de estancamiento y dependencia cada vez mayor.<br>\u201cSi realmente el pa\u00eds estuviera superando la pobreza, la necesidad de subsidios masivos deber\u00eda estar disminuyendo. Pero ha sucedido todo lo contrario: a mayor cantidad de bonos, mayor es la se\u00f1al de que la pobreza se ha profundizado\u201d, enfatiz\u00f3.<\/p>\n\n\n\n<p>La dirigente sostuvo que el crecimiento indiscriminado del padr\u00f3n, sumado a irregularidades en la gesti\u00f3n del programa, ha generado desconfianza en la poblaci\u00f3n.<\/p>\n\n\n\n<p>Entre las principales denuncias figuran la entrega de bonos sin personalizaci\u00f3n ni trazabilidad, la suplantaci\u00f3n de identidad y clonaci\u00f3n de tarjetas sociales, la inclusi\u00f3n de beneficiarios que no cumplen criterios de vulnerabilidad, as\u00ed como la exclusi\u00f3n de familias realmente necesitadas en sectores como Los Salados, Buenos Aires y Los Ciruelitos en Santiago.<\/p>\n\n\n\n<p>Lizardo cuestion\u00f3 adem\u00e1s la debilidad del Sistema \u00danico de Beneficiarios (SIUBEN), encargado de evaluar la elegibilidad de los hogares, se\u00f1alando que su base de datos se mantiene desactualizada y expuesta a presiones pol\u00edticas.<\/p>\n\n\n\n<p>Entre sus propuestas para transformar el modelo de asistencia social, plante\u00f3 la actualizaci\u00f3n t\u00e9cnica y comunitaria del SIUBEN, la personalizaci\u00f3n obligatoria de todos los bonos con validaci\u00f3n \u00fanica para evitar fraudes, la definici\u00f3n de rutas de salida que conecten a las familias con oportunidades de educaci\u00f3n t\u00e9cnica, empleo digno y apoyo productivo, as\u00ed como sanciones claras contra el uso clientelar de los subsidios.<\/p>\n\n\n\n<p>Lizardo concluy\u00f3 que el verdadero \u00e9xito social no se mide por la cantidad de ayudas entregadas, sino por cu\u00e1ntas familias logran superarse sin depender de subsidios.<\/p>\n\n\n\n<p>\u201cLa pobreza no se combate repartiendo bonos sin estrategia. Hay que devolverle dignidad a la gente y ofrecerle oportunidades reales para progresar\u201d, sostuvo Daniela Lizardo.<\/p>\n","protected":false},"excerpt":{"rendered":"<p>La integrante de la Direcci\u00f3n Central de la Fuerza del Pueblo, Daniela Lizardo, advirti\u00f3 que \u201calgo no encaja\u201d en el programa Sup\u00e9rate, de asistencia social del gobierno, al considerar que&hellip;<\/p>\n","protected":false},"author":10,"featured_media":102047,"comment_status":"open","ping_status":"open","sticky":false,"template":"","format":"standard","meta":{"content-type":"","jetpack_post_was_ever_published":false,"_jetpack_newsletter_access":"","_jetpack_dont_email_post_to_subs":false,"_jetpack_newsletter_tier_id":0,"_jetpack_memberships_contains_paywalled_content":false,"_jetpack_memberships_contains_paid_content":false,"footnotes":""},"categories":[39,25],"tags":[21015,2246,1796,1384,5811,21016],"class_list":["post-102046","post","type-post","status-publish","format-standard","has-post-thumbnail","hentry","category-economia","category-portada","tag-algo-no-encaja","tag-auditoria","tag-beneficiarios","tag-denuncian","tag-padron","tag-programa-superate"],"jetpack_featured_media_url":"https:\/\/lasprimeras.com.do\/wp-content\/uploads\/2025\/06\/Daniela-Lizardo.jpg","jetpack-related-posts":[{"id":50205,"url":"https:\/\/lasprimeras.com.do\/index.php\/2023\/05\/17\/adess-y-superate-anuncian-pago-de-mas-de-rd-106-millones-a-beneficiarios\/","url_meta":{"origin":102046,"position":0},"title":"ADESS y Sup\u00e9rate anuncian pago de m\u00e1s de RD$ 106 millones a beneficiarios","author":"prenxa100","date":"17 de mayo de 2023","format":false,"excerpt":"Santo Domingo.-. La Administradora de Subsidios Sociales (ADESS) y el programa social Sup\u00e9rate informaron a las familias con subsidios sociales y a toda la ciudadan\u00eda, el pago de m\u00e1s de RD$ 106 millones a alrededor de 32 mil familias, afectadas por el retraso causado por el reemplazo de las tarjetas\u2026","rel":"","context":"En \u00abECONOM\u00cdA\u00bb","block_context":{"text":"ECONOM\u00cdA","link":"https:\/\/lasprimeras.com.do\/index.php\/category\/economia\/"},"img":{"alt_text":"","src":"","width":0,"height":0},"classes":[]},{"id":89463,"url":"https:\/\/lasprimeras.com.do\/index.php\/2024\/09\/25\/infotep-y-superate-firman-acuerdo-para-capacitar-a-80-mil-dominicanos\/","url_meta":{"origin":102046,"position":1},"title":"INFOTEP y Sup\u00e9rate firman acuerdo para capacitar a 80 mil dominicanos","author":"Nelson Feliz","date":"25 de septiembre de 2024","format":false,"excerpt":"\u2022 El proyecto tiene previsto iniciar en enero de 2025 y capacitar\u00e1 anualmente a 40 mil beneficiarios, en modalidades de habilitaci\u00f3n y complementaci\u00f3n. Otros 40 mil recibir\u00e1n formaci\u00f3n, a trav\u00e9s de los CSCS. El Instituto Nacional de Formaci\u00f3n T\u00e9cnico Profesional (INFOTEP) y el Programa Sup\u00e9rate han suscrito un acuerdo destinado\u2026","rel":"","context":"En \u00abNACIONALES\u00bb","block_context":{"text":"NACIONALES","link":"https:\/\/lasprimeras.com.do\/index.php\/category\/nacionales\/"},"img":{"alt_text":"INFOTEP y Sup\u00e9rate","src":"https:\/\/i0.wp.com\/lasprimeras.com.do\/wp-content\/uploads\/2024\/09\/INFOTEP-y-Superate-1.jpg?resize=350%2C200&ssl=1","width":350,"height":200,"srcset":"https:\/\/i0.wp.com\/lasprimeras.com.do\/wp-content\/uploads\/2024\/09\/INFOTEP-y-Superate-1.jpg?resize=350%2C200&ssl=1 1x, https:\/\/i0.wp.com\/lasprimeras.com.do\/wp-content\/uploads\/2024\/09\/INFOTEP-y-Superate-1.jpg?resize=525%2C300&ssl=1 1.5x, https:\/\/i0.wp.com\/lasprimeras.com.do\/wp-content\/uploads\/2024\/09\/INFOTEP-y-Superate-1.jpg?resize=700%2C400&ssl=1 2x"},"classes":[]},{"id":128466,"url":"https:\/\/lasprimeras.com.do\/index.php\/2026\/04\/23\/abinader-escucha-a-6000-familias-y-reafirma-su-apoyo-a-superate\/","url_meta":{"origin":102046,"position":2},"title":"Abinader escucha a 6,000 familias y reafirma su apoyo a Sup\u00e9rate","author":"Nelson Feliz","date":"23 de abril de 2026","format":false,"excerpt":"Mandatario reitera que los programas sociales se enfocan en quienes m\u00e1s lo necesitan, sin m\u00e1s requisitos que la necesidad, y llam\u00f3 a identificar nuevas familias vulnerables El presidente Luis Abinader sostuvo un di\u00e1logo con 6,000 familias beneficiarias de Sup\u00e9rate, donde escuch\u00f3 sus experiencias y reafirm\u00f3 el compromiso del Gobierno con\u2026","rel":"","context":"En \u00abECONOM\u00cdA\u00bb","block_context":{"text":"ECONOM\u00cdA","link":"https:\/\/lasprimeras.com.do\/index.php\/category\/economia\/"},"img":{"alt_text":"","src":"https:\/\/i0.wp.com\/lasprimeras.com.do\/wp-content\/uploads\/2026\/04\/superate.jpg?resize=350%2C200&ssl=1","width":350,"height":200,"srcset":"https:\/\/i0.wp.com\/lasprimeras.com.do\/wp-content\/uploads\/2026\/04\/superate.jpg?resize=350%2C200&ssl=1 1x, https:\/\/i0.wp.com\/lasprimeras.com.do\/wp-content\/uploads\/2026\/04\/superate.jpg?resize=525%2C300&ssl=1 1.5x, https:\/\/i0.wp.com\/lasprimeras.com.do\/wp-content\/uploads\/2026\/04\/superate.jpg?resize=700%2C400&ssl=1 2x"},"classes":[]},{"id":127348,"url":"https:\/\/lasprimeras.com.do\/index.php\/2026\/04\/10\/bonao-se-moviliza-mas-de-2000-personas-dialogan-en-encuentro-con-superate-para-fortalecer-su-bienestar\/","url_meta":{"origin":102046,"position":3},"title":"Bonao se moviliza: M\u00e1s de 2000 personas dialogan en encuentro con Sup\u00e9rate para fortalecer su bienestar","author":"Nelson Feliz","date":"10 de abril de 2026","format":false,"excerpt":"Los diferentes subsidios otorgados por la entidad impactan la calidad de vida de m\u00e1s de 22 mil familias en la provincia Monse\u00f1or Nouel. La Direcci\u00f3n de Desarrollo Social Sup\u00e9rate desarroll\u00f3 este viernes un encuentro con familias beneficiarias de los programas de protecci\u00f3n social en el municipio de Bonao, provincia Monse\u00f1or\u2026","rel":"","context":"En \u00abECONOM\u00cdA\u00bb","block_context":{"text":"ECONOM\u00cdA","link":"https:\/\/lasprimeras.com.do\/index.php\/category\/economia\/"},"img":{"alt_text":"La directora general de Sup\u00e9rate, Mayra Jim\u00e9nez, junto al senador de la provincia H\u00e9ctor Acosta, autoridades locales y comunitarios durante encuentro comunitario en Bonao.","src":"https:\/\/i0.wp.com\/lasprimeras.com.do\/wp-content\/uploads\/2026\/04\/La-directora-general-de-Superate-Mayra-Jimenez-junto-al-senador-de-la-provincia-Hector-Acosta-autoridades-locales-y-comunitarios-durante-encuentro-comunitario-en-Bonao.jpg?resize=350%2C200&ssl=1","width":350,"height":200,"srcset":"https:\/\/i0.wp.com\/lasprimeras.com.do\/wp-content\/uploads\/2026\/04\/La-directora-general-de-Superate-Mayra-Jimenez-junto-al-senador-de-la-provincia-Hector-Acosta-autoridades-locales-y-comunitarios-durante-encuentro-comunitario-en-Bonao.jpg?resize=350%2C200&ssl=1 1x, https:\/\/i0.wp.com\/lasprimeras.com.do\/wp-content\/uploads\/2026\/04\/La-directora-general-de-Superate-Mayra-Jimenez-junto-al-senador-de-la-provincia-Hector-Acosta-autoridades-locales-y-comunitarios-durante-encuentro-comunitario-en-Bonao.jpg?resize=525%2C300&ssl=1 1.5x, https:\/\/i0.wp.com\/lasprimeras.com.do\/wp-content\/uploads\/2026\/04\/La-directora-general-de-Superate-Mayra-Jimenez-junto-al-senador-de-la-provincia-Hector-Acosta-autoridades-locales-y-comunitarios-durante-encuentro-comunitario-en-Bonao.jpg?resize=700%2C400&ssl=1 2x"},"classes":[]},{"id":105411,"url":"https:\/\/lasprimeras.com.do\/index.php\/2025\/08\/03\/economista-del-bm-william-wiseman-es-acertada-la-creacion-de-la-direccion-de-desarrollo-social-superate\/","url_meta":{"origin":102046,"position":4},"title":"Economista del BM William Wiseman: \u201cEs acertada la creaci\u00f3n de la Direcci\u00f3n de Desarrollo Social Sup\u00e9rate\u201d","author":"Nelson Feliz","date":"3 de agosto de 2025","format":false,"excerpt":"El Economista para Am\u00e9rica Latina y El Caribe William Wiseman afirm\u00f3 que lo m\u00e1s relevante es la mejora en el impacto de los servicios que brinda la instituci\u00f3n. El economista principal de la Pr\u00e1ctica Global de Protecci\u00f3n Social y Trabajo del Banco Mundial para la regi\u00f3n de Am\u00e9rica Latina y\u2026","rel":"","context":"En \u00abECONOM\u00cdA\u00bb","block_context":{"text":"ECONOM\u00cdA","link":"https:\/\/lasprimeras.com.do\/index.php\/category\/economia\/"},"img":{"alt_text":"","src":"https:\/\/i0.wp.com\/lasprimeras.com.do\/wp-content\/uploads\/2025\/08\/economista-1.jpg?resize=350%2C200&ssl=1","width":350,"height":200,"srcset":"https:\/\/i0.wp.com\/lasprimeras.com.do\/wp-content\/uploads\/2025\/08\/economista-1.jpg?resize=350%2C200&ssl=1 1x, https:\/\/i0.wp.com\/lasprimeras.com.do\/wp-content\/uploads\/2025\/08\/economista-1.jpg?resize=525%2C300&ssl=1 1.5x, https:\/\/i0.wp.com\/lasprimeras.com.do\/wp-content\/uploads\/2025\/08\/economista-1.jpg?resize=700%2C400&ssl=1 2x"},"classes":[]},{"id":78302,"url":"https:\/\/lasprimeras.com.do\/index.php\/2024\/03\/01\/senasa-y-superate-rubrican-acuerdo-para-afiliar-a-familias-en-situacion-de-vulnerabilidad\/","url_meta":{"origin":102046,"position":5},"title":"SeNaSa y Sup\u00e9rate rubrican acuerdo para afiliar a familias en situaci\u00f3n de vulnerabilidad","author":"BIMARY DE JES\u00daS Matos","date":"1 de marzo de 2024","format":false,"excerpt":"Martin Restituyo Santo Domingo. - En el marco de una colaboraci\u00f3n interinstitucional, el Seguro Nacional de Salud (SeNaSa) y el programa social Sup\u00e9rate firmaron un acuerdo con el objetivo de afiliar a las familias del programa de protecci\u00f3n social que carecen del seguro m\u00e9dico y que viven en situaci\u00f3n de\u2026","rel":"","context":"En \u00abPORTADA\u00bb","block_context":{"text":"PORTADA","link":"https:\/\/lasprimeras.com.do\/index.php\/category\/portada\/"},"img":{"alt_text":"","src":"https:\/\/i0.wp.com\/lasprimeras.com.do\/wp-content\/uploads\/2024\/03\/IMG-20240301-WA0007.jpg?resize=350%2C200&ssl=1","width":350,"height":200,"srcset":"https:\/\/i0.wp.com\/lasprimeras.com.do\/wp-content\/uploads\/2024\/03\/IMG-20240301-WA0007.jpg?resize=350%2C200&ssl=1 1x, https:\/\/i0.wp.com\/lasprimeras.com.do\/wp-content\/uploads\/2024\/03\/IMG-20240301-WA0007.jpg?resize=525%2C300&ssl=1 1.5x, https:\/\/i0.wp.com\/lasprimeras.com.do\/wp-content\/uploads\/2024\/03\/IMG-20240301-WA0007.jpg?resize=700%2C400&ssl=1 2x, https:\/\/i0.wp.com\/lasprimeras.com.do\/wp-content\/uploads\/2024\/03\/IMG-20240301-WA0007.jpg?resize=1050%2C600&ssl=1 3x, https:\/\/i0.wp.com\/lasprimeras.com.do\/wp-content\/uploads\/2024\/03\/IMG-20240301-WA0007.jpg?resize=1400%2C800&ssl=1 4x"},"classes":[]}],"jetpack_sharing_enabled":true,"_links":{"self":[{"href":"https:\/\/lasprimeras.com.do\/index.php\/wp-json\/wp\/v2\/posts\/102046","targetHints":{"allow":["GET"]}}],"collection":[{"href":"https:\/\/lasprimeras.com.do\/index.php\/wp-json\/wp\/v2\/posts"}],"about":[{"href":"https:\/\/lasprimeras.com.do\/index.php\/wp-json\/wp\/v2\/types\/post"}],"author":[{"embeddable":true,"href":"https:\/\/lasprimeras.com.do\/index.php\/wp-json\/wp\/v2\/users\/10"}],"replies":[{"embeddable":true,"href":"https:\/\/lasprimeras.com.do\/index.php\/wp-json\/wp\/v2\/comments?post=102046"}],"version-history":[{"count":1,"href":"https:\/\/lasprimeras.com.do\/index.php\/wp-json\/wp\/v2\/posts\/102046\/revisions"}],"predecessor-version":[{"id":102048,"href":"https:\/\/lasprimeras.com.do\/index.php\/wp-json\/wp\/v2\/posts\/102046\/revisions\/102048"}],"wp:featuredmedia":[{"embeddable":true,"href":"https:\/\/lasprimeras.com.do\/index.php\/wp-json\/wp\/v2\/media\/102047"}],"wp:attachment":[{"href":"https:\/\/lasprimeras.com.do\/index.php\/wp-json\/wp\/v2\/media?parent=102046"}],"wp:term":[{"taxonomy":"category","embeddable":true,"href":"https:\/\/lasprimeras.com.do\/index.php\/wp-json\/wp\/v2\/categories?post=102046"},{"taxonomy":"post_tag","embeddable":true,"href":"https:\/\/lasprimeras.com.do\/index.php\/wp-json\/wp\/v2\/tags?post=102046"}],"curies":[{"name":"wp","href":"https:\/\/api.w.org\/{rel}","templated":true}]}}