{"id":102049,"date":"2025-06-30T14:00:00","date_gmt":"2025-06-30T18:00:00","guid":{"rendered":"https:\/\/lasprimeras.com.do\/?p=102049"},"modified":"2025-06-30T12:29:52","modified_gmt":"2025-06-30T16:29:52","slug":"daniel-toribio-denuncia-falta-de-transparencia-en-alza-de-precios-de-los-combustibles","status":"publish","type":"post","link":"https:\/\/lasprimeras.com.do\/index.php\/2025\/06\/30\/daniel-toribio-denuncia-falta-de-transparencia-en-alza-de-precios-de-los-combustibles\/","title":{"rendered":"Daniel Toribio denuncia falta de transparencia en alza de precios de los combustibles"},"content":{"rendered":"\n<p><strong>Fuerza del Pueblo solicita una auditor\u00eda a subsidios destinados a contener las alzas de los carburantes.<\/strong><\/p>\n\n\n\n<p>El secretario de Asuntos Econ\u00f3micos de la Fuerza del Pueblo, Daniel Toribio, denunci\u00f3 este domingo la falta de transparencia en la forma en que se determinan los precios de los combustibles en la Rep\u00fablica Dominicana, al tiempo que exigi\u00f3 al Gobierno explicar detalladamente la f\u00f3rmula que se utiliza para establecer dichos valores, as\u00ed como auditar los subsidios otorgados en los \u00faltimos a\u00f1os.<\/p>\n\n\n\n<p>\u201cA nombre de la Secretar\u00eda de Asuntos Econ\u00f3micos de la Fuerza del Pueblo queremos insistir que el pueblo dominicano tiene derecho a saber c\u00f3mo se fijan los precios de los combustibles que cada semana afectan su bolsillo\u201d, expres\u00f3 Toribio al referirse al reciente aumento anunciado por el Gobierno en los precios del GLP y el gasoil, incrementos que, seg\u00fan advirti\u00f3, repercuten en toda la cadena de precios, incluyendo los productos de la canasta b\u00e1sica.<\/p>\n\n\n\n<p>Toribio calific\u00f3 como grave que, pese a que los precios internacionales del petr\u00f3leo han registrado ca\u00eddas no vistas en los \u00faltimos tres a\u00f1os, el Gobierno aplique incrementos sin explicar bajo qu\u00e9 criterios o f\u00f3rmula t\u00e9cnica se adoptan estas decisiones.<\/p>\n\n\n\n<p>\u201cCada vez que llenamos un tanque de combustible o un gal\u00f3n de gas y vemos esos n\u00fameros nos preguntamos: \u00bfC\u00f3mo llegaron a ese precio?\u201d, cuestion\u00f3 el dirigente pol\u00edtico, subrayando que desde hace m\u00e1s de dos d\u00e9cadas la ciudadan\u00eda vive bajo la misma falta de transparencia.<\/p>\n\n\n\n<p>De acuerdo con Toribio, la Ley 112-00 establece la f\u00f3rmula de c\u00e1lculo de los combustibles, que incluye el Precio de Paridad de Importaci\u00f3n, m\u00e1rgenes de distribuci\u00f3n e impuestos, pero aunque deber\u00eda ser p\u00fablica, en la pr\u00e1ctica est\u00e1 oculta.<\/p>\n\n\n\n<p>\u201cEl Ministerio de Industria y Comercio solo publica el precio final. A veces menciona el impuesto. Pero no revela los componentes completos, ni explica conceptos clave como el Gasto de Administraci\u00f3n de Ley, ni c\u00f3mo exactamente se calcula ese precio de paridad\u201d, explic\u00f3.<\/p>\n\n\n\n<p>El dirigente advirti\u00f3 que esta opacidad erosiona la confianza de la ciudadan\u00eda, al mantener al pa\u00eds con uno de los combustibles m\u00e1s caros de Centroam\u00e9rica y el Caribe, afectando sobre todo a los sectores m\u00e1s vulnerables.<\/p>\n\n\n\n<p>En ese sentido, cuestion\u00f3 la gesti\u00f3n de los recursos p\u00fablicos destinados a subsidios, recordando que el Gobierno ha anunciado miles de millones de pesos en aportes para contener los precios, sin que se publiquen cifras auditadas ni un desglose claro de c\u00f3mo se distribuyeron esos fondos.<\/p>\n\n\n\n<p>\u201cCuando se manejan recursos p\u00fablicos no puede haber opacidad\u201d, enfatiz\u00f3.<\/p>\n\n\n\n<p>Toribio record\u00f3 adem\u00e1s que desde septiembre de 2020 el Ministerio de Industria y Comercio prometi\u00f3 dar a conocer la composici\u00f3n de los precios de los combustibles mediante una campa\u00f1a titulada \u201cConoce tu f\u00f3rmula\u201d, y que incluso en 2022 el presidente Luis Abinader anunci\u00f3 una reforma a la Ley de Hidrocarburos, supuestamente orientada a transparentar el sistema, pero a la fecha no se han concretado esos compromisos.<\/p>\n\n\n\n<p>\u201cOtros pa\u00edses como Chile, Colombia o M\u00e9xico publican los componentes completos del precio del combustible, con cifras verificables, portales p\u00fablicos y auditor\u00edas independientes. Entonces, \u00bfpor qu\u00e9 la Rep\u00fablica Dominicana no? \u00bfA qu\u00e9 se le teme? \u00bfA que la gente descubra que paga m\u00e1s de lo justo?\u201d, reclam\u00f3.<\/p>\n\n\n\n<p>Finalmente, Daniel Toribio present\u00f3 formalmente las demandas de la Fuerza del Pueblo:<\/p>\n\n\n\n<pre class=\"wp-block-code\"><code>\u2022   Que se establezca, mediante mandato legal o decreto presidencial, la publicaci\u00f3n quincenal de todos los componentes del precio de los combustibles, con datos verificables.\n\n\u2022   Que esa informaci\u00f3n est\u00e9 disponible en un portal p\u00fablico, de forma clara y comprensible.\n\n\u2022   Que se auditen los subsidios otorgados y se rinda cuenta detallada de cada peso invertido en contener los precios.<\/code><\/pre>\n\n\n\n<p>\u201cNo estamos pidiendo combustible regalado. Estamos pidiendo transparencia. Estamos pidiendo respeto. Estamos exigiendo un derecho b\u00e1sico: saber qu\u00e9 pagamos, por qu\u00e9 lo pagamos y a qui\u00e9n se beneficia realmente\u201d, concluy\u00f3 el secretario de Asuntos Econ\u00f3micos de la Fuerza del Pueblo.<\/p>\n","protected":false},"excerpt":{"rendered":"<p>Fuerza del Pueblo solicita una auditor\u00eda a subsidios destinados a contener las alzas de los carburantes. El secretario de Asuntos Econ\u00f3micos de la Fuerza del Pueblo, Daniel Toribio, denunci\u00f3 este&hellip;<\/p>\n","protected":false},"author":10,"featured_media":102050,"comment_status":"open","ping_status":"open","sticky":false,"template":"","format":"standard","meta":{"content-type":"","jetpack_post_was_ever_published":false,"_jetpack_newsletter_access":"","_jetpack_dont_email_post_to_subs":false,"_jetpack_newsletter_tier_id":0,"_jetpack_memberships_contains_paywalled_content":false,"_jetpack_memberships_contains_paid_content":false,"footnotes":""},"categories":[39,25],"tags":[1400,21017,624,1294,158,2902,898],"class_list":["post-102049","post","type-post","status-publish","format-standard","has-post-thumbnail","hentry","category-economia","category-portada","tag-alza","tag-carburantes","tag-combustibles","tag-daniel-toribio","tag-fuerza-del-pueblo","tag-precios","tag-transparencia"],"jetpack_featured_media_url":"https:\/\/lasprimeras.com.do\/wp-content\/uploads\/2025\/06\/Daniel-Toribio.jpg","jetpack-related-posts":[{"id":124682,"url":"https:\/\/lasprimeras.com.do\/index.php\/2026\/03\/15\/daniel-toribio-alza-del-crudo-amenaza-la-estabilidad-economica\/","url_meta":{"origin":102049,"position":0},"title":"Daniel Toribio: Alza del crudo amenaza la estabilidad econ\u00f3mica","author":"Nelson Feliz","date":"15 de marzo de 2026","format":false,"excerpt":"Economista se\u00f1ala que el impacto del crudo no se limita al precio de la gasolina, sino que encarece transporte, fletes internacionales y la cadena de suministro en toda la econom\u00eda. El exministro de Hacienda y miembro de la Direcci\u00f3n Pol\u00edtica del partido Fuerza del Pueblo (FP), Daniel Toribio, advirti\u00f3 que\u2026","rel":"","context":"En \u00abPOLITICA\u00bb","block_context":{"text":"POLITICA","link":"https:\/\/lasprimeras.com.do\/index.php\/category\/politica\/"},"img":{"alt_text":"Daniel Toribio","src":"https:\/\/i0.wp.com\/lasprimeras.com.do\/wp-content\/uploads\/2026\/03\/Daniel-Toribio-1.jpg?resize=350%2C200&ssl=1","width":350,"height":200,"srcset":"https:\/\/i0.wp.com\/lasprimeras.com.do\/wp-content\/uploads\/2026\/03\/Daniel-Toribio-1.jpg?resize=350%2C200&ssl=1 1x, https:\/\/i0.wp.com\/lasprimeras.com.do\/wp-content\/uploads\/2026\/03\/Daniel-Toribio-1.jpg?resize=525%2C300&ssl=1 1.5x, https:\/\/i0.wp.com\/lasprimeras.com.do\/wp-content\/uploads\/2026\/03\/Daniel-Toribio-1.jpg?resize=700%2C400&ssl=1 2x, https:\/\/i0.wp.com\/lasprimeras.com.do\/wp-content\/uploads\/2026\/03\/Daniel-Toribio-1.jpg?resize=1050%2C600&ssl=1 3x"},"classes":[]},{"id":49625,"url":"https:\/\/lasprimeras.com.do\/index.php\/2023\/05\/12\/daniel-toribio-dice-inflacion-en-republica-dominicana-ha-superado-el-limite\/","url_meta":{"origin":102049,"position":1},"title":"Daniel Toribio dice inflaci\u00f3n en Rep\u00fablica Dominicana ha superado el l\u00edmite","author":"prenxa100","date":"12 de mayo de 2023","format":false,"excerpt":"Secretario de Asuntos Econ\u00f3micos de Fuerza del Pueblo se\u00f1ala que a los altos niveles de inflaci\u00f3n se suma la ca\u00edda del crecimiento econ\u00f3mico. Santo Domingo.- El secretario de Asuntos Econ\u00f3micos de la Fuerza del Pueblo, Daniel Toribio, explic\u00f3 que la inflaci\u00f3n en la econom\u00eda de la Rep\u00fablica Dominicana ha superado\u2026","rel":"","context":"En \u00abECONOM\u00cdA\u00bb","block_context":{"text":"ECONOM\u00cdA","link":"https:\/\/lasprimeras.com.do\/index.php\/category\/economia\/"},"img":{"alt_text":"","src":"","width":0,"height":0},"classes":[]},{"id":55265,"url":"https:\/\/lasprimeras.com.do\/index.php\/2023\/07\/19\/fp-exige-a-hacienda-y-al-banco-central-aclarar-como-se-entregaron-fondos-a-las-mipymes\/","url_meta":{"origin":102049,"position":2},"title":"FP exige a Hacienda y al Banco Central aclarar c\u00f3mo se entregaron fondos a las Mipymes","author":"Nelson Feliz","date":"19 de julio de 2023","format":false,"excerpt":"Empresariado ha denunciado no han recibido el financiamiento anunciado. Por Martin Restituyo La Secretar\u00eda de Asuntos Econ\u00f3micos de la Fuerza del Pueblo exigi\u00f3 hoy al Ministerio de Hacienda y a las autoridades del Banco Central de la Rep\u00fablica Dominicana, ofrecer una explicaci\u00f3n convincente de c\u00f3mo fueron distribuidos los recursos econ\u00f3micos\u2026","rel":"","context":"En \u00abECONOM\u00cdA\u00bb","block_context":{"text":"ECONOM\u00cdA","link":"https:\/\/lasprimeras.com.do\/index.php\/category\/economia\/"},"img":{"alt_text":"Daniel Toribio","src":"https:\/\/i0.wp.com\/lasprimeras.com.do\/wp-content\/uploads\/2023\/07\/Daniel-Toribio.jpg?resize=350%2C200&ssl=1","width":350,"height":200,"srcset":"https:\/\/i0.wp.com\/lasprimeras.com.do\/wp-content\/uploads\/2023\/07\/Daniel-Toribio.jpg?resize=350%2C200&ssl=1 1x, https:\/\/i0.wp.com\/lasprimeras.com.do\/wp-content\/uploads\/2023\/07\/Daniel-Toribio.jpg?resize=525%2C300&ssl=1 1.5x, https:\/\/i0.wp.com\/lasprimeras.com.do\/wp-content\/uploads\/2023\/07\/Daniel-Toribio.jpg?resize=700%2C400&ssl=1 2x"},"classes":[]},{"id":56595,"url":"https:\/\/lasprimeras.com.do\/index.php\/2023\/08\/03\/fp-solicita-al-gobierno-cumpla-con-los-procedimientos-legales-e-institucionales-en-sus-operaciones-financieras\/","url_meta":{"origin":102049,"position":3},"title":"FP solicita al Gobierno cumpla con los procedimientos legales e institucionales en sus operaciones financieras","author":"Nelson Feliz","date":"3 de agosto de 2023","format":false,"excerpt":"Fuerza del Pueblo responde al Ministerio de Hacienda. En respuesta a la admisi\u00f3n por parte del Ministerio de Hacienda de que el gobierno ha recibido adelantos de impuestos, el economista Daniel Toribio, titular de la Secretar\u00eda de Asuntos Econ\u00f3micos de la Fuerza del Pueblo, ha solicitado al Gobierno que garantice\u2026","rel":"","context":"En \u00abECONOM\u00cdA\u00bb","block_context":{"text":"ECONOM\u00cdA","link":"https:\/\/lasprimeras.com.do\/index.php\/category\/economia\/"},"img":{"alt_text":"Daniel Toribio","src":"https:\/\/i0.wp.com\/lasprimeras.com.do\/wp-content\/uploads\/2023\/08\/Daniel-Toribio-1.jpg?resize=350%2C200&ssl=1","width":350,"height":200,"srcset":"https:\/\/i0.wp.com\/lasprimeras.com.do\/wp-content\/uploads\/2023\/08\/Daniel-Toribio-1.jpg?resize=350%2C200&ssl=1 1x, https:\/\/i0.wp.com\/lasprimeras.com.do\/wp-content\/uploads\/2023\/08\/Daniel-Toribio-1.jpg?resize=525%2C300&ssl=1 1.5x"},"classes":[]},{"id":55364,"url":"https:\/\/lasprimeras.com.do\/index.php\/2023\/07\/20\/banco-central-evade-explicar-al-pais-prestamo-de-rd25-mm-al-gobierno\/","url_meta":{"origin":102049,"position":4},"title":"Banco Central evade explicar al pa\u00eds pr\u00e9stamo de RD$25 MM al gobierno","author":"Nelson Feliz","date":"20 de julio de 2023","format":false,"excerpt":"Operaciones opacas del gobierno comprometen los ingresos futuros del pa\u00eds. El secretario de Asuntos Econ\u00f3micos del partido Fuerza del Pueblo, Daniel Toribio, asegur\u00f3 que, \"el Banco Central no explic\u00f3 c\u00f3mo el Gobierno dominicano recibi\u00f3 un pr\u00e9stamo de m\u00e1s de 25 mil millones de los fondos que ser\u00edan destinados para financiar\u2026","rel":"","context":"En \u00abECONOM\u00cdA\u00bb","block_context":{"text":"ECONOM\u00cdA","link":"https:\/\/lasprimeras.com.do\/index.php\/category\/economia\/"},"img":{"alt_text":"Daniel Toribio","src":"https:\/\/i0.wp.com\/lasprimeras.com.do\/wp-content\/uploads\/2023\/07\/Daniel-Toribio-1.jpg?resize=350%2C200&ssl=1","width":350,"height":200},"classes":[]},{"id":48850,"url":"https:\/\/lasprimeras.com.do\/index.php\/2023\/05\/04\/asesor-de-anadegas-denuncia-irregularidades-en-el-subcidio-de-combustible\/","url_meta":{"origin":102049,"position":5},"title":"Asesor de Anadegas denuncia irregularidades en el subcidio de combustible","author":"prenxa100","date":"4 de mayo de 2023","format":false,"excerpt":"Santo Domingo.-. El asesor de la Asociaci\u00f3n Nacional de Detallistas de Gasolina (ANADEGAS), Juan Ignacio Espalliat, declar\u00f3 que no hay transparencia en el manejo del subsidio al combustible. El ex presidente de ANADEGAS, manifest\u00f3 que el ministerio de Industria y Comercio se ha coaligado con los operadores de terminales y\u2026","rel":"","context":"En \u00abECONOM\u00cdA\u00bb","block_context":{"text":"ECONOM\u00cdA","link":"https:\/\/lasprimeras.com.do\/index.php\/category\/economia\/"},"img":{"alt_text":"","src":"","width":0,"height":0},"classes":[]}],"jetpack_sharing_enabled":true,"_links":{"self":[{"href":"https:\/\/lasprimeras.com.do\/index.php\/wp-json\/wp\/v2\/posts\/102049","targetHints":{"allow":["GET"]}}],"collection":[{"href":"https:\/\/lasprimeras.com.do\/index.php\/wp-json\/wp\/v2\/posts"}],"about":[{"href":"https:\/\/lasprimeras.com.do\/index.php\/wp-json\/wp\/v2\/types\/post"}],"author":[{"embeddable":true,"href":"https:\/\/lasprimeras.com.do\/index.php\/wp-json\/wp\/v2\/users\/10"}],"replies":[{"embeddable":true,"href":"https:\/\/lasprimeras.com.do\/index.php\/wp-json\/wp\/v2\/comments?post=102049"}],"version-history":[{"count":1,"href":"https:\/\/lasprimeras.com.do\/index.php\/wp-json\/wp\/v2\/posts\/102049\/revisions"}],"predecessor-version":[{"id":102051,"href":"https:\/\/lasprimeras.com.do\/index.php\/wp-json\/wp\/v2\/posts\/102049\/revisions\/102051"}],"wp:featuredmedia":[{"embeddable":true,"href":"https:\/\/lasprimeras.com.do\/index.php\/wp-json\/wp\/v2\/media\/102050"}],"wp:attachment":[{"href":"https:\/\/lasprimeras.com.do\/index.php\/wp-json\/wp\/v2\/media?parent=102049"}],"wp:term":[{"taxonomy":"category","embeddable":true,"href":"https:\/\/lasprimeras.com.do\/index.php\/wp-json\/wp\/v2\/categories?post=102049"},{"taxonomy":"post_tag","embeddable":true,"href":"https:\/\/lasprimeras.com.do\/index.php\/wp-json\/wp\/v2\/tags?post=102049"}],"curies":[{"name":"wp","href":"https:\/\/api.w.org\/{rel}","templated":true}]}}