{"id":102052,"date":"2025-06-30T12:39:16","date_gmt":"2025-06-30T16:39:16","guid":{"rendered":"https:\/\/lasprimeras.com.do\/?p=102052"},"modified":"2025-06-30T12:39:18","modified_gmt":"2025-06-30T16:39:18","slug":"udc-advierte-quieren-desacreditar-a-los-partidos-para-destruir-la-democracia","status":"publish","type":"post","link":"https:\/\/lasprimeras.com.do\/index.php\/2025\/06\/30\/udc-advierte-quieren-desacreditar-a-los-partidos-para-destruir-la-democracia\/","title":{"rendered":"UDC advierte quieren desacreditar a los partidos, para destruir la democracia"},"content":{"rendered":"\n<p>El presidente de la Uni\u00f3n Dem\u00f3crata Cristiana \u2013UDC-, Luis Acosta Moreta, Luis \u201cEl Gallo\u201d, advirti\u00f3 hoy en torno a sectores que buscan desacreditar a los partidos pol\u00edticos, para de esa forma poder atentar contra la democracia.<\/p>\n\n\n\n<p>Dijo que encabezados por Participaci\u00f3n Ciudadana, y otros representantes de la sociedad civil, se est\u00e1n en el camino de plantear alegadas fallas de los partidos, para que el pueblo pierda la fe en ellos.<\/p>\n\n\n\n<p>Apunt\u00f3 que esa es una postura a todas las luces antinacionales, porque la misma est\u00e1 basada a jugar con el destino democr\u00e1tico del pa\u00eds. Sin partidos no hay democracia.<\/p>\n\n\n\n<p>Le hizo un llamado a Participaci\u00f3n Ciudadana para que se quite la careta y salga al ruedo partidista, y se deje de estar acosando a los ganadores de elecciones, para obtener buenos cargos.<\/p>\n\n\n\n<p>Nunca esos grupos han querido formalizar sus acciones, y en base al tremendismo y alianzas de aposento son de los primeros en conseguir cargos en la administraci\u00f3n p\u00fablica.<\/p>\n\n\n\n<p>La UDC es un partido del sistema democr\u00e1tico, apegado a los mejores intereses nacionales, y por consiguiente tiene la fuerza moral para defender la democracia y echarle en cara a los que en base a mentiras y triqui\u00f1uelas desean destruir nuestras libertades e instituciones.<\/p>\n\n\n\n<p>Solo el pueblo en forma lib\u00e9rrima puede determinar al ganador de unas elecciones, y no el tubo de ensayo de los alegados miembros de la sociedad civil, que no tienen simpat\u00edas populares.<\/p>\n\n\n\n<p>La UDC siempre ha estado presente en los graves problemas de la sociedad dominicana, luchando junto a los humildes, los necesitados, los que quieren una mano amiga, sin que esta tenga intereses ocultos y particulares que defienden.<\/p>\n\n\n\n<p>Tenemos, apunt\u00f3, una hoja limpia de servicios donde lo principal es el bien com\u00fan y que todos los dominicanos tengan en su mesa la comida diaria.<\/p>\n\n\n\n<p>Pocos partidos y entidades comunitarias tienen un trabajo tan amplio y representativo como la UDC, siempre al lado de los humildes, de los necesitados, de los que esperan a cada instante la solidaridad con sus problemas.<\/p>\n","protected":false},"excerpt":{"rendered":"<p>El presidente de la Uni\u00f3n Dem\u00f3crata Cristiana \u2013UDC-, Luis Acosta Moreta, Luis \u201cEl Gallo\u201d, advirti\u00f3 hoy en torno a sectores que buscan desacreditar a los partidos pol\u00edticos, para de esa&hellip;<\/p>\n","protected":false},"author":10,"featured_media":102053,"comment_status":"open","ping_status":"open","sticky":false,"template":"","format":"standard","meta":{"content-type":"","jetpack_post_was_ever_published":false,"_jetpack_newsletter_access":"","_jetpack_dont_email_post_to_subs":false,"_jetpack_newsletter_tier_id":0,"_jetpack_memberships_contains_paywalled_content":false,"_jetpack_memberships_contains_paid_content":false,"footnotes":""},"categories":[16559],"tags":[607,4944,12651,1208,718,2234],"class_list":["post-102052","post","type-post","status-publish","format-standard","has-post-thumbnail","hentry","category-politica","tag-democracia","tag-desacreditar","tag-destruir","tag-luis-el-gallo","tag-partidos","tag-udc"],"jetpack_featured_media_url":"https:\/\/lasprimeras.com.do\/wp-content\/uploads\/2025\/06\/Luis-El-Gallo.jpg","jetpack-related-posts":[{"id":101691,"url":"https:\/\/lasprimeras.com.do\/index.php\/2025\/06\/25\/luis-el-gallo-la-udc-tiene-compromiso-con-el-fortalecimiento-de-la-democracia-e-institucionalidad\/","url_meta":{"origin":102052,"position":0},"title":"Luis \u201cEl Gallo\u201d: \u201cLa UDC tiene compromiso con el fortalecimiento de la democracia e institucionalidad\u201d","author":"Nelson Feliz","date":"25 de junio de 2025","format":false,"excerpt":"El presidente de la Uni\u00f3n Dem\u00f3crata Cristiana \u2013UDC-, Luis Acosta Moreta, Luis \u201cEl Gallo\u201d, dijo hoy que tiene un compromiso con el fortalecimiento de la democracia, las libertades p\u00fablicas y la acci\u00f3n social. Destac\u00f3 que los principios b\u00e1sicos de la UDC llevan a su partido a ser un baluarte en\u2026","rel":"","context":"En \u00abPOLITICA\u00bb","block_context":{"text":"POLITICA","link":"https:\/\/lasprimeras.com.do\/index.php\/category\/politica\/"},"img":{"alt_text":"Luis Acosta Moreta","src":"https:\/\/i0.wp.com\/lasprimeras.com.do\/wp-content\/uploads\/2025\/06\/Luis-Acosta-Moreta-1.jpg?resize=350%2C200&ssl=1","width":350,"height":200,"srcset":"https:\/\/i0.wp.com\/lasprimeras.com.do\/wp-content\/uploads\/2025\/06\/Luis-Acosta-Moreta-1.jpg?resize=350%2C200&ssl=1 1x, https:\/\/i0.wp.com\/lasprimeras.com.do\/wp-content\/uploads\/2025\/06\/Luis-Acosta-Moreta-1.jpg?resize=525%2C300&ssl=1 1.5x, https:\/\/i0.wp.com\/lasprimeras.com.do\/wp-content\/uploads\/2025\/06\/Luis-Acosta-Moreta-1.jpg?resize=700%2C400&ssl=1 2x"},"classes":[]},{"id":124148,"url":"https:\/\/lasprimeras.com.do\/index.php\/2026\/03\/08\/luis-el-gallo-proclama-a-maria-trinidad-sanchez-como-madre-de-la-patria-en-homenaje-a-la-mujer-dominicana\/","url_meta":{"origin":102052,"position":1},"title":"Luis \u201cEl Gallo\u201d proclama a Mar\u00eda Trinidad S\u00e1nchez como Madre de la Patria en homenaje a la mujer dominicana","author":"Nelson Feliz","date":"8 de marzo de 2026","format":false,"excerpt":"En el D\u00eda Internacional de la Mujer, la UDC y el Movimiento Revoluci\u00f3n Duartiana exaltan el valor, el patriotismo y la lucha hist\u00f3rica de la mujer dominicana por la libertad, la democracia y la igualdad de g\u00e9nero En ocasi\u00f3n de conmemorarse el D\u00eda Internacional de la Mujer, el presidente del\u2026","rel":"","context":"En \u00abPOLITICA\u00bb","block_context":{"text":"POLITICA","link":"https:\/\/lasprimeras.com.do\/index.php\/category\/politica\/"},"img":{"alt_text":"","src":"https:\/\/i0.wp.com\/lasprimeras.com.do\/wp-content\/uploads\/2026\/03\/WhatsApp-Image-2026-03-08-at-2.25.22-PM.jpeg?resize=350%2C200&ssl=1","width":350,"height":200,"srcset":"https:\/\/i0.wp.com\/lasprimeras.com.do\/wp-content\/uploads\/2026\/03\/WhatsApp-Image-2026-03-08-at-2.25.22-PM.jpeg?resize=350%2C200&ssl=1 1x, https:\/\/i0.wp.com\/lasprimeras.com.do\/wp-content\/uploads\/2026\/03\/WhatsApp-Image-2026-03-08-at-2.25.22-PM.jpeg?resize=525%2C300&ssl=1 1.5x, https:\/\/i0.wp.com\/lasprimeras.com.do\/wp-content\/uploads\/2026\/03\/WhatsApp-Image-2026-03-08-at-2.25.22-PM.jpeg?resize=700%2C400&ssl=1 2x, https:\/\/i0.wp.com\/lasprimeras.com.do\/wp-content\/uploads\/2026\/03\/WhatsApp-Image-2026-03-08-at-2.25.22-PM.jpeg?resize=1050%2C600&ssl=1 3x, https:\/\/i0.wp.com\/lasprimeras.com.do\/wp-content\/uploads\/2026\/03\/WhatsApp-Image-2026-03-08-at-2.25.22-PM.jpeg?resize=1400%2C800&ssl=1 4x"},"classes":[]},{"id":113833,"url":"https:\/\/lasprimeras.com.do\/index.php\/2025\/11\/06\/es-deber-de-los-dominicanos-respetar-la-constitucion-y-buscar-soluciones-mediante-el-consenso-dice-udc\/","url_meta":{"origin":102052,"position":2},"title":"&#8220;Es deber de los dominicanos respetar la Constituci\u00f3n y buscar soluciones mediante el consenso&#8221;, dice UDC","author":"Nelson Feliz","date":"6 de noviembre de 2025","format":false,"excerpt":"El presidente de la Uni\u00f3n Dem\u00f3crata Cristiana -UDC-, Luis Acosta Moreta, Luis \u201cEl Gallo\u201d, consider\u00f3 hoy que es un deber de cada dominicano respetar la Constituci\u00f3n y velar por el mantenimiento de la democracia y la institucionalidad nacional. Afirm\u00f3 que la democracia actual que tienen los dominicanos ha costado sangre\u2026","rel":"","context":"En \u00abPOLITICA\u00bb","block_context":{"text":"POLITICA","link":"https:\/\/lasprimeras.com.do\/index.php\/category\/politica\/"},"img":{"alt_text":"D\u00eda de la Constituci\u00f3n","src":"https:\/\/i0.wp.com\/lasprimeras.com.do\/wp-content\/uploads\/2025\/11\/Dia-de-la-Constitucion.jpg?resize=350%2C200&ssl=1","width":350,"height":200,"srcset":"https:\/\/i0.wp.com\/lasprimeras.com.do\/wp-content\/uploads\/2025\/11\/Dia-de-la-Constitucion.jpg?resize=350%2C200&ssl=1 1x, https:\/\/i0.wp.com\/lasprimeras.com.do\/wp-content\/uploads\/2025\/11\/Dia-de-la-Constitucion.jpg?resize=525%2C300&ssl=1 1.5x"},"classes":[]},{"id":111776,"url":"https:\/\/lasprimeras.com.do\/index.php\/2025\/10\/13\/udc-considera-donald-trump-es-un-centinela-de-la-paz-y-guardian-de-la-democracia\/","url_meta":{"origin":102052,"position":3},"title":"UDC considera Donald Trump es un centinela de la paz y guardi\u00e1n de la democracia","author":"Nelson Feliz","date":"13 de octubre de 2025","format":false,"excerpt":"El presidente de la Uni\u00f3n Dem\u00f3crata Cristiana \u2013UDC-, Luis Acosta Moreta, Luis \u201cEl Gallo\u201d, consider\u00f3 hoy que el presidente norteamericano Donald Trump es un centinela de la paz y guardi\u00e1n de la democracia. Destac\u00f3 que Trump con su forma de gobierno ha hecho renacer el sue\u00f1o de los Estados Unidos,\u2026","rel":"","context":"En \u00abPOLITICA\u00bb","block_context":{"text":"POLITICA","link":"https:\/\/lasprimeras.com.do\/index.php\/category\/politica\/"},"img":{"alt_text":"Luis Acosta Moreta","src":"https:\/\/i0.wp.com\/lasprimeras.com.do\/wp-content\/uploads\/2025\/10\/Luis-Acosta-Moreta.jpg?resize=350%2C200&ssl=1","width":350,"height":200,"srcset":"https:\/\/i0.wp.com\/lasprimeras.com.do\/wp-content\/uploads\/2025\/10\/Luis-Acosta-Moreta.jpg?resize=350%2C200&ssl=1 1x, https:\/\/i0.wp.com\/lasprimeras.com.do\/wp-content\/uploads\/2025\/10\/Luis-Acosta-Moreta.jpg?resize=525%2C300&ssl=1 1.5x, https:\/\/i0.wp.com\/lasprimeras.com.do\/wp-content\/uploads\/2025\/10\/Luis-Acosta-Moreta.jpg?resize=700%2C400&ssl=1 2x"},"classes":[]},{"id":92419,"url":"https:\/\/lasprimeras.com.do\/index.php\/2025\/01\/03\/udc-rechaza-candidato-independiente\/","url_meta":{"origin":102052,"position":4},"title":"UDC rechaza candidato independiente","author":"Nelson Feliz","date":"3 de enero de 2025","format":false,"excerpt":"Luis \u201cEl Gallo\u201d cree ser\u00eda una estocada a la democracia nacional El presidente de la Uni\u00f3n Dem\u00f3crata Cristiana -UDC-, Luis Acosta Moreta, Luis \u201cEl Gallo\u201d, rechaz\u00f3 hoy la creaci\u00f3n del candidato independiente, y consider\u00f3 que se trata de una pu\u00f1alada al coraz\u00f3n de la democracia dominicana. Destac\u00f3 que sin partidos\u2026","rel":"","context":"En \u00abPOLITICA\u00bb","block_context":{"text":"POLITICA","link":"https:\/\/lasprimeras.com.do\/index.php\/category\/politica\/"},"img":{"alt_text":"Luis Acosta Moreta","src":"https:\/\/i0.wp.com\/lasprimeras.com.do\/wp-content\/uploads\/2025\/01\/Luis-Acosta-Moreta.jpg?resize=350%2C200&ssl=1","width":350,"height":200,"srcset":"https:\/\/i0.wp.com\/lasprimeras.com.do\/wp-content\/uploads\/2025\/01\/Luis-Acosta-Moreta.jpg?resize=350%2C200&ssl=1 1x, https:\/\/i0.wp.com\/lasprimeras.com.do\/wp-content\/uploads\/2025\/01\/Luis-Acosta-Moreta.jpg?resize=525%2C300&ssl=1 1.5x, https:\/\/i0.wp.com\/lasprimeras.com.do\/wp-content\/uploads\/2025\/01\/Luis-Acosta-Moreta.jpg?resize=700%2C400&ssl=1 2x"},"classes":[]},{"id":76342,"url":"https:\/\/lasprimeras.com.do\/index.php\/2024\/02\/09\/luis-el-gallo-dice-tiene-verticalidad-de-acero-en-defensa-de-la-soberania-nacional\/","url_meta":{"origin":102052,"position":5},"title":"Luis \u201cEl Gallo\u201d dice tiene verticalidad de acero en defensa de la soberan\u00eda nacional","author":"Nelson Feliz","date":"9 de febrero de 2024","format":false,"excerpt":"El presidente de la Uni\u00f3n Dem\u00f3crata Cristiana \u2013UDC-, Luis Acosta Moreta, Luis \u201cEl Gallo\u201d, dijo hoy que su posici\u00f3n es de una verticalidad de acero, sin doblar las rodillas, cuando se trata de defender la soberan\u00eda nacional, evitar que se mancille nuestro territorio, y para que se mantenga la democracia.\u2026","rel":"","context":"En \u00abPORTADA\u00bb","block_context":{"text":"PORTADA","link":"https:\/\/lasprimeras.com.do\/index.php\/category\/portada\/"},"img":{"alt_text":"Luis Abinader","src":"https:\/\/i0.wp.com\/lasprimeras.com.do\/wp-content\/uploads\/2024\/02\/Luis-Abinader.jpg?resize=350%2C200&ssl=1","width":350,"height":200,"srcset":"https:\/\/i0.wp.com\/lasprimeras.com.do\/wp-content\/uploads\/2024\/02\/Luis-Abinader.jpg?resize=350%2C200&ssl=1 1x, https:\/\/i0.wp.com\/lasprimeras.com.do\/wp-content\/uploads\/2024\/02\/Luis-Abinader.jpg?resize=525%2C300&ssl=1 1.5x, https:\/\/i0.wp.com\/lasprimeras.com.do\/wp-content\/uploads\/2024\/02\/Luis-Abinader.jpg?resize=700%2C400&ssl=1 2x"},"classes":[]}],"jetpack_sharing_enabled":true,"_links":{"self":[{"href":"https:\/\/lasprimeras.com.do\/index.php\/wp-json\/wp\/v2\/posts\/102052","targetHints":{"allow":["GET"]}}],"collection":[{"href":"https:\/\/lasprimeras.com.do\/index.php\/wp-json\/wp\/v2\/posts"}],"about":[{"href":"https:\/\/lasprimeras.com.do\/index.php\/wp-json\/wp\/v2\/types\/post"}],"author":[{"embeddable":true,"href":"https:\/\/lasprimeras.com.do\/index.php\/wp-json\/wp\/v2\/users\/10"}],"replies":[{"embeddable":true,"href":"https:\/\/lasprimeras.com.do\/index.php\/wp-json\/wp\/v2\/comments?post=102052"}],"version-history":[{"count":1,"href":"https:\/\/lasprimeras.com.do\/index.php\/wp-json\/wp\/v2\/posts\/102052\/revisions"}],"predecessor-version":[{"id":102054,"href":"https:\/\/lasprimeras.com.do\/index.php\/wp-json\/wp\/v2\/posts\/102052\/revisions\/102054"}],"wp:featuredmedia":[{"embeddable":true,"href":"https:\/\/lasprimeras.com.do\/index.php\/wp-json\/wp\/v2\/media\/102053"}],"wp:attachment":[{"href":"https:\/\/lasprimeras.com.do\/index.php\/wp-json\/wp\/v2\/media?parent=102052"}],"wp:term":[{"taxonomy":"category","embeddable":true,"href":"https:\/\/lasprimeras.com.do\/index.php\/wp-json\/wp\/v2\/categories?post=102052"},{"taxonomy":"post_tag","embeddable":true,"href":"https:\/\/lasprimeras.com.do\/index.php\/wp-json\/wp\/v2\/tags?post=102052"}],"curies":[{"name":"wp","href":"https:\/\/api.w.org\/{rel}","templated":true}]}}