{"id":102055,"date":"2025-06-30T12:47:34","date_gmt":"2025-06-30T16:47:34","guid":{"rendered":"https:\/\/lasprimeras.com.do\/?p=102055"},"modified":"2025-06-30T12:47:36","modified_gmt":"2025-06-30T16:47:36","slug":"pld-destaca-legado-etico-y-politico-del-profesor-juan-bosch","status":"publish","type":"post","link":"https:\/\/lasprimeras.com.do\/index.php\/2025\/06\/30\/pld-destaca-legado-etico-y-politico-del-profesor-juan-bosch\/","title":{"rendered":"PLD destaca legado \u00e9tico y pol\u00edtico del Profesor Juan Bosch"},"content":{"rendered":"\n<p><strong>\u201cEl PLD ha sido el instrumento pol\u00edtico que m\u00e1s ha contribuido al incremento de la riqueza nacional y al desarrollo institucional del pa\u00eds durante sus gobiernos\u201d, afirm\u00f3 Rafael Calder\u00f3n.<\/strong><\/p>\n\n\n\n<p>En ocasi\u00f3n del 116 aniversario del natalicio del Profesor Juan Bosch, fundador del Partido de la Liberaci\u00f3n Dominicana (PLD), el titular de la Secretar\u00eda de Cultura, Rafael Calder\u00f3n, resalt\u00f3 el impacto trascendental de Bosch en la \u00e9tica, la pol\u00edtica y la transformaci\u00f3n social dominicana.<\/p>\n\n\n\n<p>La celebraci\u00f3n tuvo lugar este 30 de junio, declarado D\u00eda de la Confraternidad Pelede\u00edsta, en la explanada frontal de la Casa Nacional Reinaldo Pared P\u00e9rez, sede del PLD.<\/p>\n\n\n\n<p>La actividad inici\u00f3 con el tradicional izamiento de las banderas Nacional y del Partido, a cargo de los miembros del Comit\u00e9 Central, Luis de Le\u00f3n y Aquilina Alcequies. El acto, organizado por la Comisi\u00f3n de Celebraciones y Conmemoraciones del PLD, fue ambientado con los himnos Nacional y del partido morado.<\/p>\n\n\n\n<p>En sus palabras centrales, Calder\u00f3n destac\u00f3 que el Profesor Juan Bosch es y seguir\u00e1 siendo un referente fundamental no solo para la Rep\u00fablica Dominicana, sino tambi\u00e9n para Am\u00e9rica Latina y otros continentes.<\/p>\n\n\n\n<p>\u201cEl profesor Juan Bosch en todos los niveles sigue siendo un referente de importancia vertebral de la \u00e9tica, de la moral, de la honorabilidad, de la honestidad, de la capacidad de trabajo, de la disciplina, de la inteligencia y de amor por la Patria Dominicana\u201d, resalt\u00f3 el dirigente pelede\u00edsta.<\/p>\n\n\n\n<p>Asimismo, subray\u00f3 que el PLD es la organizaci\u00f3n pol\u00edtica que m\u00e1s ha aportado al desarrollo y bienestar del pueblo dominicano, asegurando que continuar\u00e1 siendo el partido mejor estructurado para seguir impulsando las transformaciones necesarias en la naci\u00f3n.<\/p>\n\n\n\n<p>El acto concluy\u00f3 con un entusiasta llamado a mantener vivo el legado del Profesor Bosch, recibiendo Calder\u00f3n el respaldo de todos los miembros, dirigentes y simpatizantes del PLD presentes, con la exclamaci\u00f3n: \u00ab\u00a1Viva el profesor Juan Bosch! \u00a1Viva el PLD!\u00bb.<\/p>\n","protected":false},"excerpt":{"rendered":"<p>\u201cEl PLD ha sido el instrumento pol\u00edtico que m\u00e1s ha contribuido al incremento de la riqueza nacional y al desarrollo institucional del pa\u00eds durante sus gobiernos\u201d, afirm\u00f3 Rafael Calder\u00f3n. En&hellip;<\/p>\n","protected":false},"author":10,"featured_media":102056,"comment_status":"open","ping_status":"open","sticky":false,"template":"","format":"standard","meta":{"content-type":"","jetpack_post_was_ever_published":false,"_jetpack_newsletter_access":"","_jetpack_dont_email_post_to_subs":false,"_jetpack_newsletter_tier_id":0,"_jetpack_memberships_contains_paywalled_content":false,"_jetpack_memberships_contains_paid_content":false,"footnotes":""},"categories":[16559,25],"tags":[21018,269,1030,16924],"class_list":["post-102055","post","type-post","status-publish","format-standard","has-post-thumbnail","hentry","category-politica","category-portada","tag-legado-etico","tag-pld","tag-politico","tag-profesor-juan-bosch"],"jetpack_featured_media_url":"https:\/\/lasprimeras.com.do\/wp-content\/uploads\/2025\/06\/Rafael-Calderon.jpg","jetpack-related-posts":[{"id":128565,"url":"https:\/\/lasprimeras.com.do\/index.php\/2026\/04\/24\/la-revolucion-de-1965-marco-el-quiebre-que-llevo-a-juan-bosch-a-fundar-el-pld-anos-despues\/","url_meta":{"origin":102055,"position":0},"title":"La Revoluci\u00f3n de 1965 marc\u00f3 el quiebre que llev\u00f3 a Juan Bosch a fundar el PLD a\u00f1os despu\u00e9s","author":"Nelson Feliz","date":"24 de abril de 2026","format":false,"excerpt":"La Guerra de abril 1965 es uno de los episodios m\u00e1s trascendentes de la historia de la Rep\u00fablica Dominicana, resalta el historiador Rafael P\u00e9rez Modesto. El historiador y miembro del Comit\u00e9 Central del Partido de la Liberaci\u00f3n Dominicana (PLD), Rafael P\u00e9rez Modesto, en la fecha de conmemoraci\u00f3n de la Guerra\u2026","rel":"","context":"En \u00abHISTORIA\u00bb","block_context":{"text":"HISTORIA","link":"https:\/\/lasprimeras.com.do\/index.php\/category\/historia\/"},"img":{"alt_text":"Rafael P\u00e9rez Modesto","src":"https:\/\/i0.wp.com\/lasprimeras.com.do\/wp-content\/uploads\/2026\/04\/Rafael-Perez-Modesto.jpg?resize=350%2C200&ssl=1","width":350,"height":200,"srcset":"https:\/\/i0.wp.com\/lasprimeras.com.do\/wp-content\/uploads\/2026\/04\/Rafael-Perez-Modesto.jpg?resize=350%2C200&ssl=1 1x, https:\/\/i0.wp.com\/lasprimeras.com.do\/wp-content\/uploads\/2026\/04\/Rafael-Perez-Modesto.jpg?resize=525%2C300&ssl=1 1.5x, https:\/\/i0.wp.com\/lasprimeras.com.do\/wp-content\/uploads\/2026\/04\/Rafael-Perez-Modesto.jpg?resize=700%2C400&ssl=1 2x"},"classes":[]},{"id":102253,"url":"https:\/\/lasprimeras.com.do\/index.php\/2025\/07\/02\/barahona-celebra-natalicio-del-profesor-juan-bosch\/","url_meta":{"origin":102055,"position":1},"title":"Barahona celebra natalicio del Profesor Juan Bosch","author":"Nelson Feliz","date":"2 de julio de 2025","format":false,"excerpt":"Comit\u00e9 Municipal del PLD en Barahona reporta las actividades celebradas en el natalicio del Profesor Juan Bosch. El Partido de la Liberaci\u00f3n Dominicana (PLD) en Barahona celebr\u00f3 el natalicio del Profesor Juan Bosch con una eucarist\u00eda, una Ofrenda Floral y la presentaci\u00f3n del documental Vanguardia de la Democracia. La participaci\u00f3n\u2026","rel":"","context":"En \u00abPOLITICA\u00bb","block_context":{"text":"POLITICA","link":"https:\/\/lasprimeras.com.do\/index.php\/category\/politica\/"},"img":{"alt_text":"","src":"https:\/\/i0.wp.com\/lasprimeras.com.do\/wp-content\/uploads\/2025\/07\/Barahona-celebra-natalicio-del-Profesor-Juan-Bosch.jpg?resize=350%2C200&ssl=1","width":350,"height":200,"srcset":"https:\/\/i0.wp.com\/lasprimeras.com.do\/wp-content\/uploads\/2025\/07\/Barahona-celebra-natalicio-del-Profesor-Juan-Bosch.jpg?resize=350%2C200&ssl=1 1x, https:\/\/i0.wp.com\/lasprimeras.com.do\/wp-content\/uploads\/2025\/07\/Barahona-celebra-natalicio-del-Profesor-Juan-Bosch.jpg?resize=525%2C300&ssl=1 1.5x, https:\/\/i0.wp.com\/lasprimeras.com.do\/wp-content\/uploads\/2025\/07\/Barahona-celebra-natalicio-del-Profesor-Juan-Bosch.jpg?resize=700%2C400&ssl=1 2x"},"classes":[]},{"id":102160,"url":"https:\/\/lasprimeras.com.do\/index.php\/2025\/07\/01\/danilo-medina-juramento-a-los-integrantes-de-los-tribunales-de-disciplina-y-etica-del-pld\/","url_meta":{"origin":102055,"position":2},"title":"Danilo Medina juramento a los integrantes de los Tribunales de Disciplina y \u00c9tica del PLD","author":"Nelson Feliz","date":"1 de julio de 2025","format":false,"excerpt":"\u201cQue su trabajo honre la historia del PLD, fortalezca nuestra institucionalidad y sirva de ejemplo para todo el sistema pol\u00edtico nacional.\u201d, sostuvo Alejandrina Germ\u00e1n El Partido de la Liberaci\u00f3n Dominicana (PLD) realiz\u00f3 hoy la Juramentaci\u00f3n Nacional de los miembros de los Tribunales de Disciplina y \u00c9tica en las provincias, municipios,\u2026","rel":"","context":"En \u00abPOLITICA\u00bb","block_context":{"text":"POLITICA","link":"https:\/\/lasprimeras.com.do\/index.php\/category\/politica\/"},"img":{"alt_text":"","src":"https:\/\/i0.wp.com\/lasprimeras.com.do\/wp-content\/uploads\/2025\/07\/Danilo-Medina-2.jpg?resize=350%2C200&ssl=1","width":350,"height":200,"srcset":"https:\/\/i0.wp.com\/lasprimeras.com.do\/wp-content\/uploads\/2025\/07\/Danilo-Medina-2.jpg?resize=350%2C200&ssl=1 1x, https:\/\/i0.wp.com\/lasprimeras.com.do\/wp-content\/uploads\/2025\/07\/Danilo-Medina-2.jpg?resize=525%2C300&ssl=1 1.5x, https:\/\/i0.wp.com\/lasprimeras.com.do\/wp-content\/uploads\/2025\/07\/Danilo-Medina-2.jpg?resize=700%2C400&ssl=1 2x"},"classes":[]},{"id":101385,"url":"https:\/\/lasprimeras.com.do\/index.php\/2025\/06\/20\/maestros-preparan-homenaje-al-profesor-juan-bosch\/","url_meta":{"origin":102055,"position":3},"title":"Maestros preparan homenaje al Profesor Juan Bosch","author":"Nelson Feliz","date":"20 de junio de 2025","format":false,"excerpt":"Secretaria de Asuntos Magisteriales del Partido de la Liberaci\u00f3n Dominicana (PLD) eval\u00faa su plan de trabajo. La Secretaria de Asuntos Magisteriales del Partido de la Liberaci\u00f3n Dominicana (PLD) en su reuni\u00f3n de esta semana pas\u00f3 balance a la ejecutoria de su plan de trabajo del a\u00f1o en curso, aprovechando el\u2026","rel":"","context":"En \u00abPOLITICA\u00bb","block_context":{"text":"POLITICA","link":"https:\/\/lasprimeras.com.do\/index.php\/category\/politica\/"},"img":{"alt_text":"","src":"https:\/\/i0.wp.com\/lasprimeras.com.do\/wp-content\/uploads\/2025\/06\/PLD.jpg?resize=350%2C200&ssl=1","width":350,"height":200,"srcset":"https:\/\/i0.wp.com\/lasprimeras.com.do\/wp-content\/uploads\/2025\/06\/PLD.jpg?resize=350%2C200&ssl=1 1x, https:\/\/i0.wp.com\/lasprimeras.com.do\/wp-content\/uploads\/2025\/06\/PLD.jpg?resize=525%2C300&ssl=1 1.5x, https:\/\/i0.wp.com\/lasprimeras.com.do\/wp-content\/uploads\/2025\/06\/PLD.jpg?resize=700%2C400&ssl=1 2x"},"classes":[]},{"id":101947,"url":"https:\/\/lasprimeras.com.do\/index.php\/2025\/06\/29\/pld-en-nueva-jersey-celebra-la-confraternidad-peledeista\/","url_meta":{"origin":102055,"position":4},"title":"PLD en Nueva Jersey celebra la Confraternidad Peledeista","author":"Nelson Feliz","date":"29 de junio de 2025","format":false,"excerpt":"El Partido de la Liberaci\u00f3n Dominicana en Nueva Jersey en el tributo al profesor Juan Bosch en el 116 aniversario de su natalicio. Ondeando la bandera nacional y con las notas del himno nacional los dirigentes y miembros del PLD rindieron tributo, con su tradicional ofrenda floral, al l\u00edder hist\u00f3rico\u2026","rel":"","context":"En \u00abPOLITICA\u00bb","block_context":{"text":"POLITICA","link":"https:\/\/lasprimeras.com.do\/index.php\/category\/politica\/"},"img":{"alt_text":"","src":"https:\/\/i0.wp.com\/lasprimeras.com.do\/wp-content\/uploads\/2025\/06\/OFRENDA-nj.jpg?resize=350%2C200&ssl=1","width":350,"height":200,"srcset":"https:\/\/i0.wp.com\/lasprimeras.com.do\/wp-content\/uploads\/2025\/06\/OFRENDA-nj.jpg?resize=350%2C200&ssl=1 1x, https:\/\/i0.wp.com\/lasprimeras.com.do\/wp-content\/uploads\/2025\/06\/OFRENDA-nj.jpg?resize=525%2C300&ssl=1 1.5x, https:\/\/i0.wp.com\/lasprimeras.com.do\/wp-content\/uploads\/2025\/06\/OFRENDA-nj.jpg?resize=700%2C400&ssl=1 2x"},"classes":[]},{"id":104344,"url":"https:\/\/lasprimeras.com.do\/index.php\/2025\/07\/23\/zoraima-cuello-juan-bosch-vive-en-la-alcaldia-de-santiago-video\/","url_meta":{"origin":102055,"position":5},"title":"Zoraima Cuello: &#8220;Juan Bosch vive en la Alcald\u00eda de Santiago&#8221; | Video","author":"Nelson Feliz","date":"23 de julio de 2025","format":false,"excerpt":"Bloque de Regidores del PLD en Santiago, socializa con la direcci\u00f3n partidaria, temas claves para la gesti\u00f3n municipal y el fortalecimiento del Partido. La vicepresidenta del Partido de la Liberaci\u00f3n Dominicana (PLD), Zoraima Cuello, elogi\u00f3 el gesto del Bloque de Regidores de esa organizaci\u00f3n en el ayuntamiento de Santiago de\u2026","rel":"","context":"En \u00abPOLITICA\u00bb","block_context":{"text":"POLITICA","link":"https:\/\/lasprimeras.com.do\/index.php\/category\/politica\/"},"img":{"alt_text":"","src":"https:\/\/i0.wp.com\/lasprimeras.com.do\/wp-content\/uploads\/2025\/07\/pld-3.jpg?resize=350%2C200&ssl=1","width":350,"height":200,"srcset":"https:\/\/i0.wp.com\/lasprimeras.com.do\/wp-content\/uploads\/2025\/07\/pld-3.jpg?resize=350%2C200&ssl=1 1x, https:\/\/i0.wp.com\/lasprimeras.com.do\/wp-content\/uploads\/2025\/07\/pld-3.jpg?resize=525%2C300&ssl=1 1.5x, https:\/\/i0.wp.com\/lasprimeras.com.do\/wp-content\/uploads\/2025\/07\/pld-3.jpg?resize=700%2C400&ssl=1 2x"},"classes":[]}],"jetpack_sharing_enabled":true,"_links":{"self":[{"href":"https:\/\/lasprimeras.com.do\/index.php\/wp-json\/wp\/v2\/posts\/102055","targetHints":{"allow":["GET"]}}],"collection":[{"href":"https:\/\/lasprimeras.com.do\/index.php\/wp-json\/wp\/v2\/posts"}],"about":[{"href":"https:\/\/lasprimeras.com.do\/index.php\/wp-json\/wp\/v2\/types\/post"}],"author":[{"embeddable":true,"href":"https:\/\/lasprimeras.com.do\/index.php\/wp-json\/wp\/v2\/users\/10"}],"replies":[{"embeddable":true,"href":"https:\/\/lasprimeras.com.do\/index.php\/wp-json\/wp\/v2\/comments?post=102055"}],"version-history":[{"count":1,"href":"https:\/\/lasprimeras.com.do\/index.php\/wp-json\/wp\/v2\/posts\/102055\/revisions"}],"predecessor-version":[{"id":102057,"href":"https:\/\/lasprimeras.com.do\/index.php\/wp-json\/wp\/v2\/posts\/102055\/revisions\/102057"}],"wp:featuredmedia":[{"embeddable":true,"href":"https:\/\/lasprimeras.com.do\/index.php\/wp-json\/wp\/v2\/media\/102056"}],"wp:attachment":[{"href":"https:\/\/lasprimeras.com.do\/index.php\/wp-json\/wp\/v2\/media?parent=102055"}],"wp:term":[{"taxonomy":"category","embeddable":true,"href":"https:\/\/lasprimeras.com.do\/index.php\/wp-json\/wp\/v2\/categories?post=102055"},{"taxonomy":"post_tag","embeddable":true,"href":"https:\/\/lasprimeras.com.do\/index.php\/wp-json\/wp\/v2\/tags?post=102055"}],"curies":[{"name":"wp","href":"https:\/\/api.w.org\/{rel}","templated":true}]}}