{"id":102061,"date":"2025-06-30T13:01:54","date_gmt":"2025-06-30T17:01:54","guid":{"rendered":"https:\/\/lasprimeras.com.do\/?p=102061"},"modified":"2025-06-30T13:01:56","modified_gmt":"2025-06-30T17:01:56","slug":"fenattransc-desautoriza-aumentos-en-pasajes-y-fletes","status":"publish","type":"post","link":"https:\/\/lasprimeras.com.do\/index.php\/2025\/06\/30\/fenattransc-desautoriza-aumentos-en-pasajes-y-fletes\/","title":{"rendered":"FENATTRANSC desautoriza aumentos en pasajes y fletes"},"content":{"rendered":"\n<p><strong>Mario D\u00edaz llama al Gobierno a revisar tema del bono gas para choferes.<\/strong><\/p>\n\n\n\n<p>El secretario general de la Federaci\u00f3n Nacional de Trabajadores del Transporte Social Cristianos (FENATTRANSC), Mario D\u00edaz, desautoriz\u00f3 hoy cualquier incremento en los precios de los pasajes del transporte p\u00fablico de pasajeros y en los fletes de carga a nivel nacional, al tiempo que hizo un llamado al Gobierno para que revise y fortalezca el programa de entrega de tarjetas de bono gas a los ch\u00f3feres del concho y del servicio de taxis.<\/p>\n\n\n\n<p>D\u00edaz, expres\u00f3 que si bien el sector transporte asumir\u00e1 sin cuestionamientos el reciente aumento en el precio del Gas Licuado de Petr\u00f3leo (GLP), entiende que el Gobierno debe prestar especial atenci\u00f3n a este combustible, debido a su impacto social y su masivo uso domestico y en el transporte p\u00fablico.<\/p>\n\n\n\n<p>\u201cEste es el primer aumento que aplica el actual gobierno por razones leg\u00edtimas, vinculadas a la crisis internacional causada por conflictos b\u00e9licos en regiones productoras de petr\u00f3leo, sin embargo, advertimos que el GLP es el carburante que mayor sensibilidad provoca en la poblaci\u00f3n, por lo que si contin\u00faan los ajustes en los precios de los combustibles, sugerimos que estos recaigan sobre el gasoil y la gasolina premium, y no sobre el GLP\u201d, sostuvo D\u00edaz.<\/p>\n\n\n\n<p>El dirigente sindical tambi\u00e9n alert\u00f3 que cada vez que se anuncia un alza en el GLP, se generan distorsiones en el mercado, ya que muchas estaciones de expendio aprovechan para manipular los calibradores de las m\u00e1quinas despachadoras en perjuicio de amas de casa y choferes, sin que las autoridades apliquen sanciones por estas pr\u00e1cticas abusivas.<\/p>\n\n\n\n<p>D\u00edaz reiter\u00f3 que no existe ninguna disposici\u00f3n ni intenci\u00f3n de aumentar los precios del transporte masivo de pasajeros ni de los fletes de carga en ninguna parte del territorio nacional, y que cualquier anuncio en ese sentido que no emane de los gremios mayoritarios debe ser considerado como no autorizado.<\/p>\n","protected":false},"excerpt":{"rendered":"<p>Mario D\u00edaz llama al Gobierno a revisar tema del bono gas para choferes. El secretario general de la Federaci\u00f3n Nacional de Trabajadores del Transporte Social Cristianos (FENATTRANSC), Mario D\u00edaz, desautoriz\u00f3&hellip;<\/p>\n","protected":false},"author":10,"featured_media":102062,"comment_status":"open","ping_status":"open","sticky":false,"template":"","format":"standard","meta":{"content-type":"","jetpack_post_was_ever_published":false,"_jetpack_newsletter_access":"","_jetpack_dont_email_post_to_subs":false,"_jetpack_newsletter_tier_id":0,"_jetpack_memberships_contains_paywalled_content":false,"_jetpack_memberships_contains_paid_content":false,"footnotes":""},"categories":[39],"tags":[2431,21020,14583,7382,6919,17084],"class_list":["post-102061","post","type-post","status-publish","format-standard","has-post-thumbnail","hentry","category-economia","tag-aumentos","tag-desautoriza","tag-fenattransc","tag-fletes","tag-mario-diaz-2","tag-pasajes"],"jetpack_featured_media_url":"https:\/\/lasprimeras.com.do\/wp-content\/uploads\/2025\/06\/Mario-Diaz-1.jpg","jetpack-related-posts":[{"id":87064,"url":"https:\/\/lasprimeras.com.do\/index.php\/2024\/08\/06\/fenattransc-sugiere-medidas-al-director-de-intrant\/","url_meta":{"origin":102061,"position":0},"title":"FENATTRANSC sugiere medidas al director de INTRANT","author":"Nelson Feliz","date":"6 de agosto de 2024","format":false,"excerpt":"Por Martin Restituyo El presidente de la Federaci\u00f3n Nacional de Trabajadores del Transporte Social Cristianos (FENATTRANSC), Mario D\u00edaz, sugiri\u00f3 al Director Ejecutivo del Instituto Nacional de Tr\u00e1nsito y Transporte Terrestre, (INTRANT), Milton Morrison, algunas medidas para que sean puestas en ejecuci\u00f3n al inicio de su gesti\u00f3n al frente de esa\u2026","rel":"","context":"En \u00abNACIONALES\u00bb","block_context":{"text":"NACIONALES","link":"https:\/\/lasprimeras.com.do\/index.php\/category\/nacionales\/"},"img":{"alt_text":"","src":"https:\/\/i0.wp.com\/lasprimeras.com.do\/wp-content\/uploads\/2024\/08\/md.jpg?resize=350%2C200&ssl=1","width":350,"height":200},"classes":[]},{"id":86422,"url":"https:\/\/lasprimeras.com.do\/index.php\/2024\/07\/24\/mario-diaz-renuncia-de-conatra-y-anuncia-creacion-de-nueva-confederacion\/","url_meta":{"origin":102061,"position":1},"title":"Mario D\u00edaz renuncia de Conatra y anuncia creaci\u00f3n de nueva confederaci\u00f3n","author":"Nelson Feliz","date":"24 de julio de 2024","format":false,"excerpt":"El dirigente de la Federaci\u00f3n Nacional de Trabajadores del Transporte Social Cristianos (Fenattransc), Mario D\u00edaz, anunci\u00f3 hoy la desafiliaci\u00f3n de esa entidad choferil, a la Confederaci\u00f3n Nacional de Organizaciones del Transporte (Conatra), entidad que lidera el senador Antonio Marte. \"Esta desafiliaci\u00f3n implica la salida de Fenattransc y de m\u00e1s de\u2026","rel":"","context":"En \u00abNACIONALES\u00bb","block_context":{"text":"NACIONALES","link":"https:\/\/lasprimeras.com.do\/index.php\/category\/nacionales\/"},"img":{"alt_text":"Mario D\u00edaz","src":"https:\/\/i0.wp.com\/lasprimeras.com.do\/wp-content\/uploads\/2024\/07\/Mario-Diaz.jpg?resize=350%2C200&ssl=1","width":350,"height":200,"srcset":"https:\/\/i0.wp.com\/lasprimeras.com.do\/wp-content\/uploads\/2024\/07\/Mario-Diaz.jpg?resize=350%2C200&ssl=1 1x, https:\/\/i0.wp.com\/lasprimeras.com.do\/wp-content\/uploads\/2024\/07\/Mario-Diaz.jpg?resize=525%2C300&ssl=1 1.5x, https:\/\/i0.wp.com\/lasprimeras.com.do\/wp-content\/uploads\/2024\/07\/Mario-Diaz.jpg?resize=700%2C400&ssl=1 2x"},"classes":[]},{"id":89637,"url":"https:\/\/lasprimeras.com.do\/index.php\/2024\/09\/29\/fenattransc-saluda-la-designacion-del-general-lee-ballester-en-migracion\/","url_meta":{"origin":102061,"position":2},"title":"FENATTRANSC saluda la designaci\u00f3n del General Lee Ballester en Migraci\u00f3n","author":"Nelson Feliz","date":"29 de septiembre de 2024","format":false,"excerpt":"El representante de la Federaci\u00f3n Nacional de Trabajadores del Transporte Social Cristianos (FENATTRANSC), Mario D\u00edaz expres\u00f3 su respaldo a la reciente designaci\u00f3n del General Luis Rafael Lee Ballester como nuevo Director General de Migraci\u00f3n. Extendi\u00f3 un llamado a realizar operativos conjuntos con el Instituto Nacional de Tr\u00e1nsito y Transporte Terrestre\u2026","rel":"","context":"En \u00abNACIONALES\u00bb","block_context":{"text":"NACIONALES","link":"https:\/\/lasprimeras.com.do\/index.php\/category\/nacionales\/"},"img":{"alt_text":"Mario Diaz","src":"https:\/\/i0.wp.com\/lasprimeras.com.do\/wp-content\/uploads\/2024\/09\/Mario-Diaz.jpg?resize=350%2C200&ssl=1","width":350,"height":200,"srcset":"https:\/\/i0.wp.com\/lasprimeras.com.do\/wp-content\/uploads\/2024\/09\/Mario-Diaz.jpg?resize=350%2C200&ssl=1 1x, https:\/\/i0.wp.com\/lasprimeras.com.do\/wp-content\/uploads\/2024\/09\/Mario-Diaz.jpg?resize=525%2C300&ssl=1 1.5x"},"classes":[]},{"id":99416,"url":"https:\/\/lasprimeras.com.do\/index.php\/2025\/05\/21\/fenattransc-exige-evaluacion-estructural-de-obras-viales-construidas-por-pasados-gobiernos\/","url_meta":{"origin":102061,"position":3},"title":"Fenattransc exige evaluaci\u00f3n estructural de obras viales construidas por pasados gobiernos","author":"Nelson Feliz","date":"21 de mayo de 2025","format":false,"excerpt":"La Federaci\u00f3n Nacional de Trabajadores del Transporte Social Cristianos (Fenattransc), hizo un llamado urgente al Ministerio de Obras P\u00fablicas(MOPC) para que realice una evaluaci\u00f3n estructural de todas las obras e infraestructura vial construidas durante los gobiernos del Partido de la Liberaci\u00f3n Dominicana (PLD). Seg\u00fan denunci\u00f3 el secretario general Mario D\u00edaz,\u2026","rel":"","context":"En \u00abNACIONALES\u00bb","block_context":{"text":"NACIONALES","link":"https:\/\/lasprimeras.com.do\/index.php\/category\/nacionales\/"},"img":{"alt_text":"Mario D\u00edaz","src":"https:\/\/i0.wp.com\/lasprimeras.com.do\/wp-content\/uploads\/2025\/05\/Mario-Diaz.jpg?resize=350%2C200&ssl=1","width":350,"height":200,"srcset":"https:\/\/i0.wp.com\/lasprimeras.com.do\/wp-content\/uploads\/2025\/05\/Mario-Diaz.jpg?resize=350%2C200&ssl=1 1x, https:\/\/i0.wp.com\/lasprimeras.com.do\/wp-content\/uploads\/2025\/05\/Mario-Diaz.jpg?resize=525%2C300&ssl=1 1.5x, https:\/\/i0.wp.com\/lasprimeras.com.do\/wp-content\/uploads\/2025\/05\/Mario-Diaz.jpg?resize=700%2C400&ssl=1 2x"},"classes":[]},{"id":113463,"url":"https:\/\/lasprimeras.com.do\/index.php\/2025\/11\/03\/unet-anuncia-aumento-en-tarifas-de-pasajes-y-fletes-si-no-hay-solucion-a-suspension-combustible-compensado\/","url_meta":{"origin":102061,"position":4},"title":"UNET anuncia aumento en tarifas de pasajes y fletes si no hay soluci\u00f3n a suspensi\u00f3n combustible compensado","author":"Nelson Feliz","date":"3 de noviembre de 2025","format":false,"excerpt":"Entidad llama al presidente Luis Abinader a adoptar una salida urgente y evitar que usuarios sean afectados con indeseadas acciones. La Uni\u00f3n Nacional de Empresas del Transporte (UNET) anunci\u00f3 que si a m\u00e1s tardar el martes 4 de noviembre de 2025 el presidente Luis Abinader no ordena solucionar la situaci\u00f3n\u2026","rel":"","context":"En \u00abECONOM\u00cdA\u00bb","block_context":{"text":"ECONOM\u00cdA","link":"https:\/\/lasprimeras.com.do\/index.php\/category\/economia\/"},"img":{"alt_text":"","src":"https:\/\/i0.wp.com\/lasprimeras.com.do\/wp-content\/uploads\/2025\/11\/unet.jpg?resize=350%2C200&ssl=1","width":350,"height":200,"srcset":"https:\/\/i0.wp.com\/lasprimeras.com.do\/wp-content\/uploads\/2025\/11\/unet.jpg?resize=350%2C200&ssl=1 1x, https:\/\/i0.wp.com\/lasprimeras.com.do\/wp-content\/uploads\/2025\/11\/unet.jpg?resize=525%2C300&ssl=1 1.5x, https:\/\/i0.wp.com\/lasprimeras.com.do\/wp-content\/uploads\/2025\/11\/unet.jpg?resize=700%2C400&ssl=1 2x"},"classes":[]},{"id":67681,"url":"https:\/\/lasprimeras.com.do\/index.php\/2023\/11\/17\/conatra-celebra-el-dia-del-chofer-dominicano-y-reitera-apoyo-a-proyectos-del-gobierno\/","url_meta":{"origin":102061,"position":5},"title":"Conatra celebra el D\u00eda del Chofer Dominicano y reitera apoyo a proyectos del Gobierno","author":"Nelson Feliz","date":"17 de noviembre de 2023","format":false,"excerpt":"Por Martin Restituyo La Confederaci\u00f3n Nacional de Organizaciones del Transporte (Conatra) celebr\u00f3 este jueves el \u201cD\u00eda Nacional del Chofer Dominicano\u201d, con una misa solemne efectuada en la Bas\u00edlica de Hig\u00fcey, y aprovech\u00f3 la ocasi\u00f3n para reiterar su apoyo a los proyectos de transporte que ejecuta el Gobierno a trav\u00e9s del\u2026","rel":"","context":"En \u00abNACIONALES\u00bb","block_context":{"text":"NACIONALES","link":"https:\/\/lasprimeras.com.do\/index.php\/category\/nacionales\/"},"img":{"alt_text":"Antonio Marte","src":"https:\/\/i0.wp.com\/lasprimeras.com.do\/wp-content\/uploads\/2023\/11\/Antonio-Marte.jpg?resize=350%2C200&ssl=1","width":350,"height":200,"srcset":"https:\/\/i0.wp.com\/lasprimeras.com.do\/wp-content\/uploads\/2023\/11\/Antonio-Marte.jpg?resize=350%2C200&ssl=1 1x, https:\/\/i0.wp.com\/lasprimeras.com.do\/wp-content\/uploads\/2023\/11\/Antonio-Marte.jpg?resize=525%2C300&ssl=1 1.5x, https:\/\/i0.wp.com\/lasprimeras.com.do\/wp-content\/uploads\/2023\/11\/Antonio-Marte.jpg?resize=700%2C400&ssl=1 2x"},"classes":[]}],"jetpack_sharing_enabled":true,"_links":{"self":[{"href":"https:\/\/lasprimeras.com.do\/index.php\/wp-json\/wp\/v2\/posts\/102061","targetHints":{"allow":["GET"]}}],"collection":[{"href":"https:\/\/lasprimeras.com.do\/index.php\/wp-json\/wp\/v2\/posts"}],"about":[{"href":"https:\/\/lasprimeras.com.do\/index.php\/wp-json\/wp\/v2\/types\/post"}],"author":[{"embeddable":true,"href":"https:\/\/lasprimeras.com.do\/index.php\/wp-json\/wp\/v2\/users\/10"}],"replies":[{"embeddable":true,"href":"https:\/\/lasprimeras.com.do\/index.php\/wp-json\/wp\/v2\/comments?post=102061"}],"version-history":[{"count":1,"href":"https:\/\/lasprimeras.com.do\/index.php\/wp-json\/wp\/v2\/posts\/102061\/revisions"}],"predecessor-version":[{"id":102063,"href":"https:\/\/lasprimeras.com.do\/index.php\/wp-json\/wp\/v2\/posts\/102061\/revisions\/102063"}],"wp:featuredmedia":[{"embeddable":true,"href":"https:\/\/lasprimeras.com.do\/index.php\/wp-json\/wp\/v2\/media\/102062"}],"wp:attachment":[{"href":"https:\/\/lasprimeras.com.do\/index.php\/wp-json\/wp\/v2\/media?parent=102061"}],"wp:term":[{"taxonomy":"category","embeddable":true,"href":"https:\/\/lasprimeras.com.do\/index.php\/wp-json\/wp\/v2\/categories?post=102061"},{"taxonomy":"post_tag","embeddable":true,"href":"https:\/\/lasprimeras.com.do\/index.php\/wp-json\/wp\/v2\/tags?post=102061"}],"curies":[{"name":"wp","href":"https:\/\/api.w.org\/{rel}","templated":true}]}}