{"id":102181,"date":"2025-07-02T07:43:08","date_gmt":"2025-07-02T11:43:08","guid":{"rendered":"https:\/\/lasprimeras.com.do\/?p=102181"},"modified":"2025-07-02T07:43:09","modified_gmt":"2025-07-02T11:43:09","slug":"hamas-dice-estar-abierto-a-un-alto-el-fuego-pero-no-llega-a-aceptar-propuesta-impulsada-por-trump","status":"publish","type":"post","link":"https:\/\/lasprimeras.com.do\/index.php\/2025\/07\/02\/hamas-dice-estar-abierto-a-un-alto-el-fuego-pero-no-llega-a-aceptar-propuesta-impulsada-por-trump\/","title":{"rendered":"Ham\u00e1s dice estar abierto a un alto el fuego, pero no llega a aceptar propuesta impulsada por Trump"},"content":{"rendered":"\n<p>POR FATMA KHALED, SAMY MAGDY and BASSEM MROUE<\/p>\n\n\n\n<p>EL CAIRO (AP) \u2014 Ham\u00e1s sugiri\u00f3 el mi\u00e9rcoles que estaba abierto a un acuerdo de alto el fuego con Israel, pero no lleg\u00f3 a aceptar una propuesta respaldada por Estados Unidos anunciada horas antes por el presidente Donald Trump, insistiendo en su posici\u00f3n arraigada de que cualquier acuerdo debe poner fin a la guerra en Gaza.<\/p>\n\n\n\n<p>Trump dijo el martes que Israel hab\u00eda acordado los t\u00e9rminos para un alto el fuego de 60 d\u00edas en Gaza e inst\u00f3 a Ham\u00e1s a aceptar el acuerdo antes de que las condiciones empeoren.<\/p>\n\n\n\n<p>El l\u00edder de Estados Unidos ha aumentado la presi\u00f3n sobre el gobierno israel\u00ed y Ham\u00e1s para que negocien un alto el fuego y un acuerdo de rehenes y poner fin a la guerra.<\/p>\n\n\n\n<p>Trump dijo que el per\u00edodo de 60 d\u00edas se utilizar\u00eda para trabajar hacia el fin de la guerra, algo que Israel dice que no aceptar\u00e1 hasta que Ham\u00e1s sea derrotado. Dijo que un acuerdo podr\u00eda concretarse tan pronto como la pr\u00f3xima semana.<\/p>\n\n\n\n<p>Pero la respuesta de Ham\u00e1s, que enfatiz\u00f3 su demanda de que la guerra termine, plante\u00f3 dudas sobre si la \u00faltima oferta podr\u00eda convertirse de verdad en una pausa en los combates.<\/p>\n\n\n\n<p>El funcionario de Ham\u00e1s Taher al-Nunu describi\u00f3 la actitud del grupo armado como \u201cdispuesta y seria respecto a alcanzar un acuerdo\u201d.<\/p>\n\n\n\n<p>Dijo que Ham\u00e1s estaba \u201cdispuesto para aceptar cualquier iniciativa que claramente conduzca al fin completo de la guerra\u201d.<\/p>\n\n\n\n<p>Se espera que una delegaci\u00f3n de Ham\u00e1s se re\u00fana con mediadores egipcios y qatar\u00edes en El Cairo el mi\u00e9rcoles para discutir la propuesta, seg\u00fan un funcionario egipcio.<\/p>\n\n\n\n<p>El funcionario habl\u00f3 bajo condici\u00f3n de anonimato porque no estaba autorizado a discutir las conversaciones con los medios.<\/p>\n\n\n\n<p>Israel y Ham\u00e1s no est\u00e1n de acuerdo sobre c\u00f3mo deber\u00eda terminar la guerra<\/p>\n\n\n\n<p>A lo largo de la guerra de casi 21 meses, las conversaciones de alto el fuego entre Israel y Ham\u00e1s han naufragado repetidamente en la cuesti\u00f3n de si la guerra deber\u00eda terminar como parte de cualquier acuerdo.<\/p>\n\n\n\n<p>Ham\u00e1s ha dicho que est\u00e1 dispuesto a liberar a los 50 rehenes restantes, menos de la mitad de los cuales se dice que est\u00e1n vivos, a cambio de una retirada completa de Israel de Gaza y el fin de la guerra.<\/p>\n\n\n\n<p>Israel dice que solo aceptar\u00e1 poner fin a la guerra si Ham\u00e1s se rinde, se desarma y se exilia, algo que el grupo se niega a hacer.<\/p>\n\n\n\n<p>Un funcionario israel\u00ed dijo que la \u00faltima propuesta incluye un acuerdo de 60 d\u00edas que implicar\u00eda una retirada parcial de Israel de Gaza y un aumento de la ayuda humanitaria al territorio.<\/p>\n\n\n\n<p>Los mediadores y Estados Unidos proporcionar\u00edan garant\u00edas sobre las conversaciones para poner fin a la guerra, pero Israel no se compromete a eso como parte de la \u00faltima propuesta, dijo el funcionario.<\/p>\n\n\n\n<p>El funcionario habl\u00f3 bajo condici\u00f3n de anonimato porque no estaba autorizado a discutir los detalles del acuerdo propuesto con los medios.<\/p>\n\n\n\n<p>No estaba claro cu\u00e1ntos rehenes ser\u00edan liberados como parte del acuerdo, pero propuestas anteriores han pedido la liberaci\u00f3n de unos diez.<\/p>\n\n\n\n<p>Israel a\u00fan no ha comentado p\u00fablicamente sobre el anuncio de Trump. Trump recibir\u00e1 el lunes al primer ministro israel\u00ed, Benjamin Netanyahu, para conversaciones en la Casa Blanca, d\u00edas despu\u00e9s de que Ron Dermer, un asesor principal de Netanyahu, mantuviera discusiones con altos funcionarios de Estados Unidos sobre Gaza, Ir\u00e1n y otros asuntos.<\/p>\n\n\n\n<p>Trump emite otra advertencia<\/p>\n\n\n\n<p>El martes, Trump escribi\u00f3 en las redes sociales que Israel hab\u00eda \u201caceptado las condiciones necesarias para finalizar el ALTO EL FUEGO de 60 d\u00edas, durante el cual trabajaremos con todas las partes para poner fin a la guerra\u201d.<\/p>\n\n\n\n<p>\u201cEspero, por el bien de Oriente Medio, que Ham\u00e1s acepte este acuerdo, porque no mejorar\u00e1, SOLO EMPEORAR\u00c1&#8221;, dijo.<\/p>\n\n\n\n<p>La advertencia de Trump puede ser recibida con escepticismo por Ham\u00e1s. Incluso antes de que expirase el alto el fuego m\u00e1s largo de la guerra en marzo, Trump ha hecho sucesivos ultim\u00e1tums dram\u00e1ticos para presionar a Ham\u00e1s a aceptar pausas m\u00e1s largas en los combates que ver\u00edan la liberaci\u00f3n de m\u00e1s rehenes y el retorno de m\u00e1s ayuda a la poblaci\u00f3n civil de Gaza.<\/p>\n\n\n\n<p>Aun as\u00ed, Trump ve el momento actual como un posible punto de inflexi\u00f3n en el brutal conflicto que ha dejado m\u00e1s de 56.000 muertos en el territorio palestino.<\/p>\n\n\n\n<p>El Ministerio de Salud de Gaza no diferencia entre civiles y combatientes en su conteo de muertes, pero dice que m\u00e1s de la mitad de los muertos son mujeres y ni\u00f1os.<\/p>\n\n\n\n<p>Desde el amanecer del mi\u00e9rcoles, ataques israel\u00edes mataron a un total de 40 personas en toda la Franja de Gaza, dijo el Ministerio de Salud. Funcionarios del hospital dijeron que entre los muertos hab\u00eda cuatro ni\u00f1os y siete mujeres.<\/p>\n\n\n\n<p>El ej\u00e9rcito israel\u00ed, que culpa a Ham\u00e1s por las bajas civiles porque opera desde \u00e1reas pobladas, estaba investigando los reportes.<\/p>\n\n\n\n<p>La guerra comenz\u00f3 el 7 de octubre de 2023, cuando milicianos liderados por Ham\u00e1s atacaron el sur de Israel, mataron a 1.200 personas y tomaron aproximadamente 250 rehenes.<\/p>\n\n\n\n<p>La guerra ha dejado el territorio palestino costero en ruinas, con gran parte del paisaje urbano arrasado en los combates. M\u00e1s del 90% de la poblaci\u00f3n de 2,3 millones de Gaza ha sido desplazada, a menudo varias veces.<\/p>\n\n\n\n<p>Y la guerra ha provocado una crisis humanitaria en Gaza, empujando a cientos de miles de personas hacia el hambre.<\/p>\n","protected":false},"excerpt":{"rendered":"<p>POR FATMA KHALED, SAMY MAGDY and BASSEM MROUE EL CAIRO (AP) \u2014 Ham\u00e1s sugiri\u00f3 el mi\u00e9rcoles que estaba abierto a un acuerdo de alto el fuego con Israel, pero no&hellip;<\/p>\n","protected":false},"author":10,"featured_media":102182,"comment_status":"open","ping_status":"open","sticky":false,"template":"","format":"standard","meta":{"content-type":"","jetpack_post_was_ever_published":false,"_jetpack_newsletter_access":"","_jetpack_dont_email_post_to_subs":false,"_jetpack_newsletter_tier_id":0,"_jetpack_memberships_contains_paywalled_content":false,"_jetpack_memberships_contains_paid_content":false,"footnotes":""},"categories":[16289],"tags":[11827,9062,978,8296,1274],"class_list":["post-102181","post","type-post","status-publish","format-standard","has-post-thumbnail","hentry","category-internacionales","tag-abierto","tag-alto-el-fuego","tag-donald-trump","tag-hamas","tag-propuesta"],"jetpack_featured_media_url":"https:\/\/lasprimeras.com.do\/wp-content\/uploads\/2025\/07\/misiles-1.jpg","jetpack-related-posts":[{"id":94830,"url":"https:\/\/lasprimeras.com.do\/index.php\/2025\/03\/06\/hamas-ignora-la-amenaza-de-trump-y-dice-que-solo-liberara-rehenes-a-cambio-de-una-tregua-duradera\/","url_meta":{"origin":102181,"position":0},"title":"Ham\u00e1s ignora la amenaza de Trump y dice que solo liberar\u00e1 rehenes a cambio de una tregua duradera","author":"Nelson Feliz","date":"6 de marzo de 2025","format":false,"excerpt":"POR SAMY MAGDY EL CAIRO (AP) \u2014 El grupo miliciano Ham\u00e1s desestim\u00f3 el jueves la \u00faltima amenaza del presidente de Estados Unidos, Donald Trump, y reiter\u00f3 que solo liberar\u00e1 a los rehenes israel\u00edes que quedan a cambio de un alto el fuego duradero en la Franja de Gaza. Ham\u00e1s acus\u00f3\u2026","rel":"","context":"En \u00abINTERNACIONALES\u00bb","block_context":{"text":"INTERNACIONALES","link":"https:\/\/lasprimeras.com.do\/index.php\/category\/sin-categoria\/internacionales\/"},"img":{"alt_text":"","src":"https:\/\/i0.wp.com\/lasprimeras.com.do\/wp-content\/uploads\/2025\/03\/grupo-miliciano-Hamas.png?resize=350%2C200&ssl=1","width":350,"height":200,"srcset":"https:\/\/i0.wp.com\/lasprimeras.com.do\/wp-content\/uploads\/2025\/03\/grupo-miliciano-Hamas.png?resize=350%2C200&ssl=1 1x, https:\/\/i0.wp.com\/lasprimeras.com.do\/wp-content\/uploads\/2025\/03\/grupo-miliciano-Hamas.png?resize=525%2C300&ssl=1 1.5x, https:\/\/i0.wp.com\/lasprimeras.com.do\/wp-content\/uploads\/2025\/03\/grupo-miliciano-Hamas.png?resize=700%2C400&ssl=1 2x"},"classes":[]},{"id":93555,"url":"https:\/\/lasprimeras.com.do\/index.php\/2025\/02\/14\/hamas-identifica-a-los-3-israelies-que-liberara-como-parte-del-alto-el-fuego-en-gaza\/","url_meta":{"origin":102181,"position":1},"title":"Ham\u00e1s identifica a los 3 israel\u00edes que liberar\u00e1 como parte del alto el fuego en Gaza","author":"Nelson Feliz","date":"14 de febrero de 2025","format":false,"excerpt":"POR JULIA FRANKEL JERUSAL\u00c9N (AP) \u2014 Ham\u00e1s revel\u00f3 el viernes los nombres de los tres israel\u00edes que liberar\u00e1 durante el fin de semana a cambio de cientos de prisioneros palestinos, en la se\u00f1al m\u00e1s reciente de que el fr\u00e1gil acuerdo de alto el fuego en Gaza parece sostenerse. Los tres\u2026","rel":"","context":"En \u00abINTERNACIONALES\u00bb","block_context":{"text":"INTERNACIONALES","link":"https:\/\/lasprimeras.com.do\/index.php\/category\/sin-categoria\/internacionales\/"},"img":{"alt_text":"","src":"https:\/\/i0.wp.com\/lasprimeras.com.do\/wp-content\/uploads\/2025\/02\/israelies.jpg?resize=350%2C200&ssl=1","width":350,"height":200,"srcset":"https:\/\/i0.wp.com\/lasprimeras.com.do\/wp-content\/uploads\/2025\/02\/israelies.jpg?resize=350%2C200&ssl=1 1x, https:\/\/i0.wp.com\/lasprimeras.com.do\/wp-content\/uploads\/2025\/02\/israelies.jpg?resize=525%2C300&ssl=1 1.5x, https:\/\/i0.wp.com\/lasprimeras.com.do\/wp-content\/uploads\/2025\/02\/israelies.jpg?resize=700%2C400&ssl=1 2x"},"classes":[]},{"id":82684,"url":"https:\/\/lasprimeras.com.do\/index.php\/2024\/05\/06\/hamas-acepta-el-alto-el-fuego-en-gaza\/","url_meta":{"origin":102181,"position":2},"title":"Ham\u00e1s acepta el alto el fuego en Gaza","author":"Esteffany Vargas","date":"6 de mayo de 2024","format":false,"excerpt":"Israel dice que continuar\u00e1 las conversaciones pero contin\u00faa con los ataques a Rafah. POR SAM MEDNICK,JOSEF FEDERMAN Y BASSEM MROUE JERUSAL\u00c9N (AP) \u2014 Hamas anunci\u00f3 el lunes su aceptaci\u00f3n de una propuesta de alto el fuego entre Egipto y Qatar, pero Israel dijo que el acuerdo no cumpl\u00eda con sus\u2026","rel":"","context":"En \u00abSin categor\u00eda\u00bb","block_context":{"text":"Sin categor\u00eda","link":"https:\/\/lasprimeras.com.do\/index.php\/category\/sin-categoria\/"},"img":{"alt_text":"","src":"https:\/\/i0.wp.com\/lasprimeras.com.do\/wp-content\/uploads\/2024\/05\/gaza.jpg?resize=350%2C200&ssl=1","width":350,"height":200,"srcset":"https:\/\/i0.wp.com\/lasprimeras.com.do\/wp-content\/uploads\/2024\/05\/gaza.jpg?resize=350%2C200&ssl=1 1x, https:\/\/i0.wp.com\/lasprimeras.com.do\/wp-content\/uploads\/2024\/05\/gaza.jpg?resize=525%2C300&ssl=1 1.5x, https:\/\/i0.wp.com\/lasprimeras.com.do\/wp-content\/uploads\/2024\/05\/gaza.jpg?resize=700%2C400&ssl=1 2x"},"classes":[]},{"id":94591,"url":"https:\/\/lasprimeras.com.do\/index.php\/2025\/03\/03\/israel-corta-ayuda-a-gaza-para-presionar-a-hamas-para-que-acepte-nuevo-plan-de-cese-el-fuego\/","url_meta":{"origin":102181,"position":3},"title":"Israel corta ayuda a Gaza para presionar a Ham\u00e1s para que acepte nuevo plan de cese el fuego","author":"Nelson Feliz","date":"3 de marzo de 2025","format":false,"excerpt":"POR TIA GOLDENBERG and SAMY MAGDY TEL AVIV, Israel (AP) \u2014 Israel enfrenta fuertes cr\u00edticas despu\u00e9s de que el domingo detuvo la entrada de todos los bienes y suministros hacia la Franja de Gaza y advirti\u00f3 sobre \u201cconsecuencias adicionales\u201d si Ham\u00e1s no acepta una nueva propuesta para una extensi\u00f3n de\u2026","rel":"","context":"En \u00abINTERNACIONALES\u00bb","block_context":{"text":"INTERNACIONALES","link":"https:\/\/lasprimeras.com.do\/index.php\/category\/sin-categoria\/internacionales\/"},"img":{"alt_text":"","src":"https:\/\/i0.wp.com\/lasprimeras.com.do\/wp-content\/uploads\/2025\/03\/cese.png?resize=350%2C200&ssl=1","width":350,"height":200,"srcset":"https:\/\/i0.wp.com\/lasprimeras.com.do\/wp-content\/uploads\/2025\/03\/cese.png?resize=350%2C200&ssl=1 1x, https:\/\/i0.wp.com\/lasprimeras.com.do\/wp-content\/uploads\/2025\/03\/cese.png?resize=525%2C300&ssl=1 1.5x, https:\/\/i0.wp.com\/lasprimeras.com.do\/wp-content\/uploads\/2025\/03\/cese.png?resize=700%2C400&ssl=1 2x"},"classes":[]},{"id":96419,"url":"https:\/\/lasprimeras.com.do\/index.php\/2025\/03\/31\/el-ejercito-israeli-ordena-la-evacuacion-de-la-mayor-parte-de-rafah-en-el-sur-de-gaza\/","url_meta":{"origin":102181,"position":4},"title":"El Ej\u00e9rcito israel\u00ed ordena la evacuaci\u00f3n de la mayor parte de Rafah, en el sur de Gaza","author":"Nelson Feliz","date":"31 de marzo de 2025","format":false,"excerpt":"POR WAFAA SHURAFA DEIR AL BALAH, Franja de Gaza (AP) \u2014 El Ej\u00e9rcito israel\u00ed emiti\u00f3 el lunes amplias \u00f3rdenes de evacuaci\u00f3n que cubren la mayor parte de Rafah, un indicio de que pronto podr\u00eda lanzar otra importante operaci\u00f3n terrestre en la ciudad m\u00e1s al sur de la Franja de Gaza.\u2026","rel":"","context":"En \u00abINTERNACIONALES\u00bb","block_context":{"text":"INTERNACIONALES","link":"https:\/\/lasprimeras.com.do\/index.php\/category\/sin-categoria\/internacionales\/"},"img":{"alt_text":"","src":"https:\/\/i0.wp.com\/lasprimeras.com.do\/wp-content\/uploads\/2025\/03\/El-Ejercito-israeli.jpg?resize=350%2C200&ssl=1","width":350,"height":200,"srcset":"https:\/\/i0.wp.com\/lasprimeras.com.do\/wp-content\/uploads\/2025\/03\/El-Ejercito-israeli.jpg?resize=350%2C200&ssl=1 1x, https:\/\/i0.wp.com\/lasprimeras.com.do\/wp-content\/uploads\/2025\/03\/El-Ejercito-israeli.jpg?resize=525%2C300&ssl=1 1.5x, https:\/\/i0.wp.com\/lasprimeras.com.do\/wp-content\/uploads\/2025\/03\/El-Ejercito-israeli.jpg?resize=700%2C400&ssl=1 2x"},"classes":[]},{"id":93374,"url":"https:\/\/lasprimeras.com.do\/index.php\/2025\/02\/09\/tropas-israelies-inician-la-retirada-en-corredor-de-gaza-como-parte-de-su-tregua-con-hamas\/","url_meta":{"origin":102181,"position":5},"title":"Tropas israel\u00edes inician la retirada en corredor de Gaza como parte de su tregua con Ham\u00e1s","author":"Nelson Feliz","date":"9 de febrero de 2025","format":false,"excerpt":"POR TIA GOLDENBERG and MOHAMMAD JAHJOUH MUGHRAQA, Franja de Gaza (AP) \u2014 Las fuerzas israel\u00edes se retiraban el domingo de un importante corredor en la Franja de Gaza, seg\u00fan dijeron funcionarios israel\u00edes y Ham\u00e1s. La maniobra era uno de los compromisos de Israel en el tenue cese al fuego con\u2026","rel":"","context":"En \u00abINTERNACIONALES\u00bb","block_context":{"text":"INTERNACIONALES","link":"https:\/\/lasprimeras.com.do\/index.php\/category\/sin-categoria\/internacionales\/"},"img":{"alt_text":"","src":"https:\/\/i0.wp.com\/lasprimeras.com.do\/wp-content\/uploads\/2025\/02\/TROPAS.jpg?resize=350%2C200&ssl=1","width":350,"height":200,"srcset":"https:\/\/i0.wp.com\/lasprimeras.com.do\/wp-content\/uploads\/2025\/02\/TROPAS.jpg?resize=350%2C200&ssl=1 1x, https:\/\/i0.wp.com\/lasprimeras.com.do\/wp-content\/uploads\/2025\/02\/TROPAS.jpg?resize=525%2C300&ssl=1 1.5x, https:\/\/i0.wp.com\/lasprimeras.com.do\/wp-content\/uploads\/2025\/02\/TROPAS.jpg?resize=700%2C400&ssl=1 2x"},"classes":[]}],"jetpack_sharing_enabled":true,"_links":{"self":[{"href":"https:\/\/lasprimeras.com.do\/index.php\/wp-json\/wp\/v2\/posts\/102181","targetHints":{"allow":["GET"]}}],"collection":[{"href":"https:\/\/lasprimeras.com.do\/index.php\/wp-json\/wp\/v2\/posts"}],"about":[{"href":"https:\/\/lasprimeras.com.do\/index.php\/wp-json\/wp\/v2\/types\/post"}],"author":[{"embeddable":true,"href":"https:\/\/lasprimeras.com.do\/index.php\/wp-json\/wp\/v2\/users\/10"}],"replies":[{"embeddable":true,"href":"https:\/\/lasprimeras.com.do\/index.php\/wp-json\/wp\/v2\/comments?post=102181"}],"version-history":[{"count":1,"href":"https:\/\/lasprimeras.com.do\/index.php\/wp-json\/wp\/v2\/posts\/102181\/revisions"}],"predecessor-version":[{"id":102183,"href":"https:\/\/lasprimeras.com.do\/index.php\/wp-json\/wp\/v2\/posts\/102181\/revisions\/102183"}],"wp:featuredmedia":[{"embeddable":true,"href":"https:\/\/lasprimeras.com.do\/index.php\/wp-json\/wp\/v2\/media\/102182"}],"wp:attachment":[{"href":"https:\/\/lasprimeras.com.do\/index.php\/wp-json\/wp\/v2\/media?parent=102181"}],"wp:term":[{"taxonomy":"category","embeddable":true,"href":"https:\/\/lasprimeras.com.do\/index.php\/wp-json\/wp\/v2\/categories?post=102181"},{"taxonomy":"post_tag","embeddable":true,"href":"https:\/\/lasprimeras.com.do\/index.php\/wp-json\/wp\/v2\/tags?post=102181"}],"curies":[{"name":"wp","href":"https:\/\/api.w.org\/{rel}","templated":true}]}}