{"id":102211,"date":"2025-07-02T09:16:40","date_gmt":"2025-07-02T13:16:40","guid":{"rendered":"https:\/\/lasprimeras.com.do\/?p=102211"},"modified":"2025-07-02T09:16:41","modified_gmt":"2025-07-02T13:16:41","slug":"al-menos-3-muertos-al-estrellarse-un-helicoptero-de-la-union-africana-en-la-capital-de-somalia","status":"publish","type":"post","link":"https:\/\/lasprimeras.com.do\/index.php\/2025\/07\/02\/al-menos-3-muertos-al-estrellarse-un-helicoptero-de-la-union-africana-en-la-capital-de-somalia\/","title":{"rendered":"Al menos 3 muertos al estrellarse un helic\u00f3ptero de la Uni\u00f3n Africana en la capital de Somalia"},"content":{"rendered":"\n<p>POR OMAR FARUK<\/p>\n\n\n\n<p>MOGADISCIO, Somalia (AP) \u2014 Al menos tres personas murieron cuando un helic\u00f3ptero militar que serv\u00eda en la misi\u00f3n de paz de la Uni\u00f3n Africana en Somalia se estrell\u00f3 el mi\u00e9rcoles en el aeropuerto de la capital, Mogadiscio, seg\u00fan las autoridades somal\u00edes.<\/p>\n\n\n\n<p>El helic\u00f3ptero llegaba del aer\u00f3dromo de Balli-doogle, en la regi\u00f3n de Lower Shabelle, con ocho personas a bordo. Se han confirmado al menos tres muertes, dijo Artan Mohamed, director de la oficina de inmigraci\u00f3n en el aeropuerto Aden Abdulle de Mogadiscio.<\/p>\n\n\n\n<p>El helic\u00f3ptero pertenec\u00eda originalmente a la Fuerza A\u00e9rea de Uganda, pero estaba siendo utilizado por la misi\u00f3n de paz de la Uni\u00f3n Africana, dijo.<\/p>\n\n\n\n<p>Ahmed Moalim Hassan, director general de la Autoridad de Aviaci\u00f3n Civil de Somalia, dijo a los medios estatales que se est\u00e1n llevando a cabo investigaciones para determinar el total de v\u00edctimas y da\u00f1os.<\/p>\n\n\n\n<p>\u201cUna vez que la situaci\u00f3n est\u00e9 bajo control y el incendio sea extinguido por los bomberos, sabremos m\u00e1s\u201d, dijo. \u201cEl equipo de bomberos todav\u00eda est\u00e1 trabajando para contener el incendio; la mayor parte ha sido apagada, pero a\u00fan hay humo, que esperamos se disipe pronto\u201d.<\/p>\n\n\n\n<p>El oficial de aviaci\u00f3n Omar Farah, quien fue uno de los primeros en llegar a los restos, dijo a la AP que \u201cvio el helic\u00f3ptero girar y luego caer muy r\u00e1pido\u201d.<\/p>\n\n\n\n<p>Hubo \u201cuna gran explosi\u00f3n y humo por todas partes\u201d, dijo Abdirahim Ali, un residente cercano que tambi\u00e9n presenci\u00f3 el siniestro.<\/p>\n\n\n\n<p>Se reportaron retrasos menores en el aeropuerto, pero los vuelos y otras operaciones se reanudaron m\u00e1s tarde.<\/p>\n\n\n\n<p>La misi\u00f3n de paz de la Uni\u00f3n Africana, conocida como AUSSOM, asiste a las autoridades somal\u00edes a combatir a los rebeldes extremistas de Al Shabab, que se oponen a la presencia de tropas extranjeras en la naci\u00f3n del Cuerno de \u00c1frica.<\/p>\n\n\n\n<p>La misi\u00f3n incluye tropas de pa\u00edses como Uganda y Kenia.<\/p>\n","protected":false},"excerpt":{"rendered":"<p>POR OMAR FARUK MOGADISCIO, Somalia (AP) \u2014 Al menos tres personas murieron cuando un helic\u00f3ptero militar que serv\u00eda en la misi\u00f3n de paz de la Uni\u00f3n Africana en Somalia se&hellip;<\/p>\n","protected":false},"author":10,"featured_media":102212,"comment_status":"open","ping_status":"open","sticky":false,"template":"","format":"standard","meta":{"content-type":"","jetpack_post_was_ever_published":false,"_jetpack_newsletter_access":"","_jetpack_dont_email_post_to_subs":false,"_jetpack_newsletter_tier_id":0,"_jetpack_memberships_contains_paywalled_content":false,"_jetpack_memberships_contains_paid_content":false,"footnotes":""},"categories":[16289],"tags":[6327,686,5453,21100],"class_list":["post-102211","post","type-post","status-publish","format-standard","has-post-thumbnail","hentry","category-internacionales","tag-helicoptero","tag-muertos","tag-somalia","tag-union-africana"],"jetpack_featured_media_url":"https:\/\/lasprimeras.com.do\/wp-content\/uploads\/2025\/07\/helicoptero.jpg","jetpack-related-posts":[{"id":56047,"url":"https:\/\/lasprimeras.com.do\/index.php\/2023\/07\/27\/estados-unidos-sanciona-al-jefe-de-finanzas-del-estado-islamico-en-somalia\/","url_meta":{"origin":102211,"position":0},"title":"Estados Unidos sanciona al jefe de finanzas del Estado Isl\u00e1mico en Somalia","author":"Nelson Feliz","date":"27 de julio de 2023","format":false,"excerpt":"Estados Unidos sancion\u00f3 este jueves al jefe de finanzas del Estado Isl\u00e1mico (EI) en Somalia, Abdiweli Mohamed Yusuf, por generar ingresos que la organizaci\u00f3n terrorista distribuye por toda \u00c1frica. Seg\u00fan un comunicado del Departamento del Tesoro de EE.UU., Yusuf fue declarado Terrorista Global Especialmente Designado (SDGT, en ingl\u00e9s). EE.UU. destac\u00f3\u2026","rel":"","context":"En \u00abSin categor\u00eda\u00bb","block_context":{"text":"Sin categor\u00eda","link":"https:\/\/lasprimeras.com.do\/index.php\/category\/sin-categoria\/"},"img":{"alt_text":"Abdiweli Mohamed Yusuf,","src":"https:\/\/i0.wp.com\/lasprimeras.com.do\/wp-content\/uploads\/2023\/07\/Abdiweli-Mohamed-Yusuf.jpg?resize=350%2C200&ssl=1","width":350,"height":200,"srcset":"https:\/\/i0.wp.com\/lasprimeras.com.do\/wp-content\/uploads\/2023\/07\/Abdiweli-Mohamed-Yusuf.jpg?resize=350%2C200&ssl=1 1x, https:\/\/i0.wp.com\/lasprimeras.com.do\/wp-content\/uploads\/2023\/07\/Abdiweli-Mohamed-Yusuf.jpg?resize=525%2C300&ssl=1 1.5x, https:\/\/i0.wp.com\/lasprimeras.com.do\/wp-content\/uploads\/2023\/07\/Abdiweli-Mohamed-Yusuf.jpg?resize=700%2C400&ssl=1 2x"},"classes":[]},{"id":59951,"url":"https:\/\/lasprimeras.com.do\/index.php\/2023\/09\/08\/helicoptero-se-estrella-frente-a-la-costa-de-los-emiratos-arabes-unidos\/","url_meta":{"origin":102211,"position":1},"title":"Helic\u00f3ptero se estrella frente a la costa de los Emiratos \u00c1rabes Unidos","author":"Nelson Feliz","date":"8 de septiembre de 2023","format":false,"excerpt":"Muere piloto y otro est\u00e1 desaparecido. DUBAI, Emiratos \u00c1rabes Unidos (AP) \u2014 Un helic\u00f3ptero se estrell\u00f3 frente a la costa de los Emiratos \u00c1rabes Unidos, matando a un piloto y otro sigue desaparecido, dijeron las autoridades el viernes. El accidente ocurri\u00f3 en alta mar, aunque las Autoridades Generales de Aviaci\u00f3n\u2026","rel":"","context":"En \u00abSin categor\u00eda\u00bb","block_context":{"text":"Sin categor\u00eda","link":"https:\/\/lasprimeras.com.do\/index.php\/category\/sin-categoria\/"},"img":{"alt_text":"","src":"https:\/\/i0.wp.com\/lasprimeras.com.do\/wp-content\/uploads\/2023\/09\/emiratos.jpg?resize=350%2C200&ssl=1","width":350,"height":200,"srcset":"https:\/\/i0.wp.com\/lasprimeras.com.do\/wp-content\/uploads\/2023\/09\/emiratos.jpg?resize=350%2C200&ssl=1 1x, https:\/\/i0.wp.com\/lasprimeras.com.do\/wp-content\/uploads\/2023\/09\/emiratos.jpg?resize=525%2C300&ssl=1 1.5x, https:\/\/i0.wp.com\/lasprimeras.com.do\/wp-content\/uploads\/2023\/09\/emiratos.jpg?resize=700%2C400&ssl=1 2x"},"classes":[]},{"id":76628,"url":"https:\/\/lasprimeras.com.do\/index.php\/2024\/02\/13\/nigeria-investiga-accidente-de-helicoptero-donde-murio-el-director-de-un-banco\/","url_meta":{"origin":102211,"position":2},"title":"Nigeria investiga accidente de helic\u00f3ptero donde muri\u00f3 el director de un banco","author":"Nelson Feliz","date":"13 de febrero de 2024","format":false,"excerpt":"POR ADAM BEAM, CHINEDU ASADU Y STEFANIE DAZIO Los l\u00edderes nigerianos lamentaron el domingo la muerte del director ejecutivo de uno de los bancos m\u00e1s grandes del pa\u00eds despu\u00e9s de que \u00e9l y otras cinco personas murieran el viernes en un accidente de helic\u00f3ptero en el desierto de Mojave, en\u2026","rel":"","context":"En \u00abSin categor\u00eda\u00bb","block_context":{"text":"Sin categor\u00eda","link":"https:\/\/lasprimeras.com.do\/index.php\/category\/sin-categoria\/"},"img":{"alt_text":"Herbert Wigwe","src":"https:\/\/i0.wp.com\/lasprimeras.com.do\/wp-content\/uploads\/2024\/02\/Herbert-Wigwe.jpg?resize=350%2C200&ssl=1","width":350,"height":200},"classes":[]},{"id":82221,"url":"https:\/\/lasprimeras.com.do\/index.php\/2024\/04\/30\/al-menos-nueve-muertos-por-accidente-de-helicoptero-del-ejercito-en-el-norte-de-colombia\/","url_meta":{"origin":102211,"position":3},"title":"Al menos nueve muertos por accidente de helic\u00f3ptero del Ej\u00e9rcito en el norte de Colombia","author":"BIMARY DE JES\u00daS Matos","date":"30 de abril de 2024","format":false,"excerpt":"Bogot\u00e1.- Al menos nueve personas murieron este lunes en el accidente de un helic\u00f3ptero MI-17 del Ej\u00e9rcito colombiano en el departamento caribe\u00f1o de Bol\u00edvar (norte), informaron fuentes oficiales. \u00abLamento la muerte de los nueve integrantes del vuelo del helic\u00f3ptero del Ej\u00e9rcito que se precipit\u00f3 a tierra y que estaba abasteciendo\u2026","rel":"","context":"En \u00abSin categor\u00eda\u00bb","block_context":{"text":"Sin categor\u00eda","link":"https:\/\/lasprimeras.com.do\/index.php\/category\/sin-categoria\/"},"img":{"alt_text":"","src":"https:\/\/i0.wp.com\/lasprimeras.com.do\/wp-content\/uploads\/2024\/04\/6a0c8a05-4f4b-48f5-a1d9-1ad180753c4a-18.webp?resize=350%2C200&ssl=1","width":350,"height":200,"srcset":"https:\/\/i0.wp.com\/lasprimeras.com.do\/wp-content\/uploads\/2024\/04\/6a0c8a05-4f4b-48f5-a1d9-1ad180753c4a-18.webp?resize=350%2C200&ssl=1 1x, https:\/\/i0.wp.com\/lasprimeras.com.do\/wp-content\/uploads\/2024\/04\/6a0c8a05-4f4b-48f5-a1d9-1ad180753c4a-18.webp?resize=525%2C300&ssl=1 1.5x, https:\/\/i0.wp.com\/lasprimeras.com.do\/wp-content\/uploads\/2024\/04\/6a0c8a05-4f4b-48f5-a1d9-1ad180753c4a-18.webp?resize=700%2C400&ssl=1 2x, https:\/\/i0.wp.com\/lasprimeras.com.do\/wp-content\/uploads\/2024\/04\/6a0c8a05-4f4b-48f5-a1d9-1ad180753c4a-18.webp?resize=1050%2C600&ssl=1 3x"},"classes":[]},{"id":81511,"url":"https:\/\/lasprimeras.com.do\/index.php\/2024\/04\/21\/dos-helicopteros-de-la-marina-japonesa-se-estrellan-en-el-oceano-pacifico-durante-entrenamiento\/","url_meta":{"origin":102211,"position":4},"title":"Dos helic\u00f3pteros de la marina japonesa se estrellan en el Oc\u00e9ano Pac\u00edfico durante entrenamiento","author":"Nelson Feliz","date":"21 de abril de 2024","format":false,"excerpt":"Accidente aereo deja 1 muerto y 7 desaparecidos en Tokio POR MARI YAMAGUCHI TOKIO (AP) \u2014 Dos helic\u00f3pteros de la marina japonesa que transportaban a ocho miembros de su tripulaci\u00f3n se estrellaron en el Oc\u00e9ano Pac\u00edfico al sur de Tokio durante un entrenamiento nocturno en una posible colisi\u00f3n, dejando un\u2026","rel":"","context":"En \u00abSin categor\u00eda\u00bb","block_context":{"text":"Sin categor\u00eda","link":"https:\/\/lasprimeras.com.do\/index.php\/category\/sin-categoria\/"},"img":{"alt_text":"Buque","src":"https:\/\/i0.wp.com\/lasprimeras.com.do\/wp-content\/uploads\/2024\/04\/Buque.jpg?resize=350%2C200&ssl=1","width":350,"height":200,"srcset":"https:\/\/i0.wp.com\/lasprimeras.com.do\/wp-content\/uploads\/2024\/04\/Buque.jpg?resize=350%2C200&ssl=1 1x, https:\/\/i0.wp.com\/lasprimeras.com.do\/wp-content\/uploads\/2024\/04\/Buque.jpg?resize=525%2C300&ssl=1 1.5x, https:\/\/i0.wp.com\/lasprimeras.com.do\/wp-content\/uploads\/2024\/04\/Buque.jpg?resize=700%2C400&ssl=1 2x"},"classes":[]},{"id":89287,"url":"https:\/\/lasprimeras.com.do\/index.php\/2024\/09\/21\/dos-heridos-al-estrellarse-un-helicoptero-en-stgo-rodriguez\/","url_meta":{"origin":102211,"position":5},"title":"Dos heridos al estrellarse un helic\u00f3ptero en Santiago Rodr\u00edguez","author":"Nelson Feliz","date":"21 de septiembre de 2024","format":false,"excerpt":"Una pareja de esposos result\u00f3 herida este s\u00e1bado al precipitarse el helic\u00f3ptero privado en el que viajaban en una zona monta\u00f1osa de la provincia Santiago Rodr\u00edguez. Las autoridades de emergencias identificaron a los heridos como el piloto Irvin Crespo y su esposa, Mar\u00eda Roxanna Rodr\u00edguez. El hombre sufri\u00f3 lesiones menores,\u2026","rel":"","context":"En \u00abNACIONALES\u00bb","block_context":{"text":"NACIONALES","link":"https:\/\/lasprimeras.com.do\/index.php\/category\/nacionales\/"},"img":{"alt_text":"Helic\u00f3ptero JetRanger III en el que viajaba la pareja","src":"https:\/\/i0.wp.com\/lasprimeras.com.do\/wp-content\/uploads\/2024\/09\/Helicoptero-JetRanger-III-en-el-que-viajaba-la-pareja.jpg?resize=350%2C200&ssl=1","width":350,"height":200,"srcset":"https:\/\/i0.wp.com\/lasprimeras.com.do\/wp-content\/uploads\/2024\/09\/Helicoptero-JetRanger-III-en-el-que-viajaba-la-pareja.jpg?resize=350%2C200&ssl=1 1x, https:\/\/i0.wp.com\/lasprimeras.com.do\/wp-content\/uploads\/2024\/09\/Helicoptero-JetRanger-III-en-el-que-viajaba-la-pareja.jpg?resize=525%2C300&ssl=1 1.5x"},"classes":[]}],"jetpack_sharing_enabled":true,"_links":{"self":[{"href":"https:\/\/lasprimeras.com.do\/index.php\/wp-json\/wp\/v2\/posts\/102211","targetHints":{"allow":["GET"]}}],"collection":[{"href":"https:\/\/lasprimeras.com.do\/index.php\/wp-json\/wp\/v2\/posts"}],"about":[{"href":"https:\/\/lasprimeras.com.do\/index.php\/wp-json\/wp\/v2\/types\/post"}],"author":[{"embeddable":true,"href":"https:\/\/lasprimeras.com.do\/index.php\/wp-json\/wp\/v2\/users\/10"}],"replies":[{"embeddable":true,"href":"https:\/\/lasprimeras.com.do\/index.php\/wp-json\/wp\/v2\/comments?post=102211"}],"version-history":[{"count":1,"href":"https:\/\/lasprimeras.com.do\/index.php\/wp-json\/wp\/v2\/posts\/102211\/revisions"}],"predecessor-version":[{"id":102213,"href":"https:\/\/lasprimeras.com.do\/index.php\/wp-json\/wp\/v2\/posts\/102211\/revisions\/102213"}],"wp:featuredmedia":[{"embeddable":true,"href":"https:\/\/lasprimeras.com.do\/index.php\/wp-json\/wp\/v2\/media\/102212"}],"wp:attachment":[{"href":"https:\/\/lasprimeras.com.do\/index.php\/wp-json\/wp\/v2\/media?parent=102211"}],"wp:term":[{"taxonomy":"category","embeddable":true,"href":"https:\/\/lasprimeras.com.do\/index.php\/wp-json\/wp\/v2\/categories?post=102211"},{"taxonomy":"post_tag","embeddable":true,"href":"https:\/\/lasprimeras.com.do\/index.php\/wp-json\/wp\/v2\/tags?post=102211"}],"curies":[{"name":"wp","href":"https:\/\/api.w.org\/{rel}","templated":true}]}}