{"id":102214,"date":"2025-07-02T09:28:10","date_gmt":"2025-07-02T13:28:10","guid":{"rendered":"https:\/\/lasprimeras.com.do\/?p=102214"},"modified":"2025-07-02T09:28:11","modified_gmt":"2025-07-02T13:28:11","slug":"un-incendio-forestal-mata-a-dos-personas-en-espana-durante-una-ola-de-calor-en-parte-de-europa","status":"publish","type":"post","link":"https:\/\/lasprimeras.com.do\/index.php\/2025\/07\/02\/un-incendio-forestal-mata-a-dos-personas-en-espana-durante-una-ola-de-calor-en-parte-de-europa\/","title":{"rendered":"Un incendio forestal mata a dos personas en Espa\u00f1a durante una ola de calor en parte de Europa"},"content":{"rendered":"\n<p>POR JOSEPH WILSON<\/p>\n\n\n\n<p>BARCELONA (AP) \u2014 Una ola de calor implacable en Europa ayud\u00f3 a alimentar un incendio forestal mortal en Espa\u00f1a, mientras la Uni\u00f3n Europea presentaba planes para reducir las emisiones de gases de efecto invernadero en medio de temperaturas abrasadoras el mi\u00e9rcoles.<\/p>\n\n\n\n<p>El incendio que comenz\u00f3 el martes por la noche form\u00f3 una enorme columna gruesa de ceniza y humo que alcanz\u00f3 los 14.000 metros de altitud, la mayor registrada por los bomberos en Catalu\u00f1a, una regi\u00f3n del noreste de Espa\u00f1a.<\/p>\n\n\n\n<p>Dos agricultores murieron cuando aparentemente intentaban huir en un veh\u00edculo, dijeron las autoridades locales el mi\u00e9rcoles.<\/p>\n\n\n\n<p>Los bomberos dijeron que el fuego lleg\u00f3 a propagarse a 28 kil\u00f3metros por hora (17 millas por hora) en un momento dado mientras consum\u00eda 6.500 hect\u00e1reas (16.000 acres), en su mayor\u00eda campos de cultivo de grano, lo que lo convert\u00eda en uno de los incendios m\u00e1s r\u00e1pidos registrados en Europa.<\/p>\n\n\n\n<p>\u201cLos incendios de hoy no son como los de antes\u201d, dijo Illa. \u201cSon incendios enormemente peligrosos\u201d.<\/p>\n\n\n\n<p>En el caso del fuego en Lleida, se\u00f1al\u00f3, \u201cdesde el primer momento o desde muy pronto se calific\u00f3 el incendio fuera de capacidad de extinci\u00f3n\u201d, lo que implica que no se hubiera podido extinguir con rapidez \u201cni con el doble de medios disponibles ni con el triple\u201d.<\/p>\n\n\n\n<p>Los bomberos dijeron que una tormenta con lluvia m\u00e1s tarde el martes hab\u00eda cambiado r\u00e1pidamente la situaci\u00f3n y ayud\u00f3 a cercar el incendio m\u00e1s deprisa.<\/p>\n\n\n\n<p>Dos de los 500 bomberos que participaron en el despliegue necesitaron atenci\u00f3n por lesiones en un hospital local. A unos 14.000 residentes se les orden\u00f3 permanecer a resguardo durante varias horas el martes por la noche.<\/p>\n\n\n\n<p>Se espera m\u00e1s calor el mi\u00e9rcoles, con previsiones de que la temperatura en la regi\u00f3n de Lleida alcance una m\u00e1xima de 39 grados Celsius (102 grados Fahrenheit).<\/p>\n\n\n\n<p>El Centro Europeo de Previsiones Meteorol\u00f3gicas a Medio Plazo dijo que segu\u00eda de cerca las temperaturas anormalmente altas. Los expertos en clima vinculan la ola de calor al cambio clim\u00e1tico.<\/p>\n\n\n\n<p>La UE presenta un plan para reducir emisiones<\/p>\n\n\n\n<p>Mientras gran parte de Europa se abrasaba por el clima sofocante, la Comisi\u00f3n Europea present\u00f3 propuestas para reducir las emisiones en un 90% para 2040, ya que el bloque de 27 naciones aspira alcanzar la neutralidad de emisiones de di\u00f3xido de carbono para 2050.<\/p>\n\n\n\n<p>\u201cFinalmente estamos aqu\u00ed en un d\u00eda muy caluroso, y algunos dir\u00edan que es muy oportuno\u201d, dijo el Comisario de Clima, Wopke Hoekstra, a los periodistas en Bruselas.<\/p>\n\n\n\n<p>Las propuestas incluyen permitir a las empresas utilizar cr\u00e9ditos de carbono internacionales para compensar sus emisiones. Seg\u00fan el plan, los cr\u00e9ditos de carbono internacionales podr\u00edan usarse \u2014 a partir de 2036 y limitados al 3% de las emisiones de referencia de la UE de 1990\u2014 para alcanzar el objetivo de reducci\u00f3n de emisiones de 2040.<\/p>\n\n\n\n<p>Las propuestas deben ser aprobadas por los 27 estados miembros de la UE.<\/p>\n\n\n\n<p>M\u00e1s de dos tercios de las olas de calor m\u00e1s severas en Europa registradas desde 1950 han ocurrido desde 2000, seg\u00fan la Organizaci\u00f3n Meteorol\u00f3gica Mundial.<\/p>\n\n\n\n<p>Los mares de Espa\u00f1a se calientan<\/p>\n\n\n\n<p>Despu\u00e9s de que Espa\u00f1a ya estableciera un r\u00e9cord de temperaturas del aire en junio, las autoridades portuarias espa\u00f1olas registraron las lecturas de temperatura del agua m\u00e1s altas para junio tanto en el Mediterr\u00e1neo como en la parte del Atl\u00e1ntico m\u00e1s cercana a Francia.<\/p>\n\n\n\n<p>Los expertos dicen que las temperaturas superficiales m\u00e1s altas son malas para la vida marina y hacen que las noches en la costa sean m\u00e1s c\u00e1lidas.<\/p>\n\n\n\n<p>\u201cUn mar que nos rodea mucho m\u00e1s c\u00e1lido, contribuye a que la noche no refresque, y por tanto va en contra del descanso de las personas\u201d, dijo Manuel Vargas, investigador del Centro Oceanogr\u00e1fico de M\u00e1laga, a The Associated Press.<\/p>\n\n\n\n<p>Tambi\u00e9n en la ciudad sure\u00f1a de M\u00e1laga, Cruz Roja Internacional instal\u00f3 un \u201crefugio clim\u00e1tico\u201d con aire acondicionado para ayudar a los residentes. La Cruz Roja Espa\u00f1ola presta un \u201cservicio de ba\u00f1o asistido\u201d para ayudar a las personas con movilidad reducida a refrescarse en las aguas de la playa.<\/p>\n\n\n\n<p>El aire acondicionado presiona la red el\u00e9ctrica italiana<\/p>\n\n\n\n<p>Se emitieron alertas de calor para 17 ciudades italianas el mi\u00e9rcoles. El correspondiente aumento en el uso de aire acondicionado estaba tensionando la red el\u00e9ctrica y causando apagones peri\u00f3dicos.<\/p>\n\n\n\n<p>El martes, partes del centro hist\u00f3rico de Florencia tuvieron un apag\u00f3n tras un aumento en el uso de electricidad, dijo la empresa de energ\u00eda Enel.<\/p>\n\n\n\n<p>Mientras tanto, el Ministerio italiano de trabajo convoc\u00f3 a representantes sindicales a una reuni\u00f3n el mi\u00e9rcoles para finalizar un protocolo sobre la protecci\u00f3n de los trabajadores agr\u00edcolas, de la construcci\u00f3n y otros que trabajan al aire libre de la exposici\u00f3n al calor. Esto ocurri\u00f3 despu\u00e9s de que un trabajador de la construcci\u00f3n muriera en Bolonia esta semana.<\/p>\n\n\n\n<p>El martes, obispos cat\u00f3licos de Asia, \u00c1frica y Am\u00e9rica Latina se reunieron en el Vaticano para exigir justicia clim\u00e1tica para las partes del mundo m\u00e1s afectadas por el aumento de las temperaturas.<\/p>\n\n\n\n<p>Francia permanece bajo alerta<\/p>\n\n\n\n<p>La agencia meteorol\u00f3gica nacional de Francia mantuvo cuatro departamentos bajo alerta roja el mi\u00e9rcoles despu\u00e9s de que las temperaturas superaran los 40 \u00baC (104 \u00baF) en muchas ciudades.<\/p>\n\n\n\n<p>La parte superior de la emblem\u00e1tica torre Eiffel de Par\u00eds permaneci\u00f3 cerrada hasta el jueves por \u201cla comodidad y seguridad de todos\u201d .<\/p>\n\n\n\n<p>Suiza protege un r\u00edo<\/p>\n\n\n\n<p>En Suiza, uno de los dos reactores de la planta nuclear de Beznau fue cerrado como parte de los esfuerzos para prevenir el calentamiento excesivo del r\u00edo Aare, para no sobrecargar a\u00fan m\u00e1s la vida silvestre y el ecosistema en general en un clima ya caluroso, dijo el operador Axpo.<\/p>\n\n\n\n<p>Guerra de agua en Holanda<\/p>\n\n\n\n<p>Cientos de personas en la ciudad central de Soest se refrescaron en una noche abrasadora el martes enfrent\u00e1ndose al cuerpo de bomberos local en una guerra de agua.<br>Los habitantes del pueblo iban armados con pistolas de agua, y los bomberos con mangueras.<\/p>\n","protected":false},"excerpt":{"rendered":"<p>POR JOSEPH WILSON BARCELONA (AP) \u2014 Una ola de calor implacable en Europa ayud\u00f3 a alimentar un incendio forestal mortal en Espa\u00f1a, mientras la Uni\u00f3n Europea presentaba planes para reducir&hellip;<\/p>\n","protected":false},"author":10,"featured_media":102215,"comment_status":"open","ping_status":"open","sticky":false,"template":"","format":"standard","meta":{"content-type":"","jetpack_post_was_ever_published":false,"_jetpack_newsletter_access":"","_jetpack_dont_email_post_to_subs":false,"_jetpack_newsletter_tier_id":0,"_jetpack_memberships_contains_paywalled_content":false,"_jetpack_memberships_contains_paid_content":false,"footnotes":""},"categories":[16289],"tags":[28,1486,3325,21101,4132],"class_list":["post-102214","post","type-post","status-publish","format-standard","has-post-thumbnail","hentry","category-internacionales","tag-espana","tag-europa","tag-incendio-forestal","tag-mata-a-dos-personas","tag-ola-de-calor"],"jetpack_featured_media_url":"https:\/\/lasprimeras.com.do\/wp-content\/uploads\/2025\/07\/calor.jpg","jetpack-related-posts":[{"id":106473,"url":"https:\/\/lasprimeras.com.do\/index.php\/2025\/08\/15\/espana-portugal-y-grecia-luchan-contra-incendios-forestales-en-plena-ola-de-calor\/","url_meta":{"origin":102214,"position":0},"title":"Espa\u00f1a, Portugal y Grecia luchan contra incendios forestales en plena ola de calor","author":"Nelson Feliz","date":"15 de agosto de 2025","format":false,"excerpt":"POR SUMAN NAISHADHAM MADRID (AP) \u2014 Bomberos en Espa\u00f1a, Portugal y Grecia segu\u00edan combatiendo los incendios forestales activos el viernes en una jornada festiva en los tres pa\u00edses, mientras las persistentes condiciones de calor y sequ\u00eda complicaban los esfuerzos para contener las llamas. En Espa\u00f1a, donde se espera que las\u2026","rel":"","context":"En \u00abINTERNACIONALES\u00bb","block_context":{"text":"INTERNACIONALES","link":"https:\/\/lasprimeras.com.do\/index.php\/category\/sin-categoria\/internacionales\/"},"img":{"alt_text":"","src":"https:\/\/i0.wp.com\/lasprimeras.com.do\/wp-content\/uploads\/2025\/08\/incendios-forestales.jpg?resize=350%2C200&ssl=1","width":350,"height":200,"srcset":"https:\/\/i0.wp.com\/lasprimeras.com.do\/wp-content\/uploads\/2025\/08\/incendios-forestales.jpg?resize=350%2C200&ssl=1 1x, https:\/\/i0.wp.com\/lasprimeras.com.do\/wp-content\/uploads\/2025\/08\/incendios-forestales.jpg?resize=525%2C300&ssl=1 1.5x, https:\/\/i0.wp.com\/lasprimeras.com.do\/wp-content\/uploads\/2025\/08\/incendios-forestales.jpg?resize=700%2C400&ssl=1 2x"},"classes":[]},{"id":86462,"url":"https:\/\/lasprimeras.com.do\/index.php\/2024\/07\/25\/un-rayo-y-un-coche-en-llamas-arrojado-a-un-barranco-son-los-responsables-de-los-incendios-forestales-que-asolan-el-oeste\/","url_meta":{"origin":102214,"position":1},"title":"Un rayo y un coche en llamas arrojado a un barranco son los responsables de los incendios forestales que asolan el oeste","author":"Nelson Feliz","date":"25 de julio de 2024","format":false,"excerpt":"POR JOHN ANTCZAK Y HOLLY RAMER Un coche en llamas arrojado a un barranco provoc\u00f3 el mayor incendio forestal del a\u00f1o en California, seg\u00fan informaron las autoridades el jueves, al tiempo que anunciaron el arresto de un sospechoso. Mientras tanto, otros incendios arrasaron el noroeste del Pac\u00edfico. Las llamas del\u2026","rel":"","context":"En \u00abSin categor\u00eda\u00bb","block_context":{"text":"Sin categor\u00eda","link":"https:\/\/lasprimeras.com.do\/index.php\/category\/sin-categoria\/"},"img":{"alt_text":"","src":"https:\/\/i0.wp.com\/lasprimeras.com.do\/wp-content\/uploads\/2024\/07\/incendios-forestales-1.png?resize=350%2C200&ssl=1","width":350,"height":200,"srcset":"https:\/\/i0.wp.com\/lasprimeras.com.do\/wp-content\/uploads\/2024\/07\/incendios-forestales-1.png?resize=350%2C200&ssl=1 1x, https:\/\/i0.wp.com\/lasprimeras.com.do\/wp-content\/uploads\/2024\/07\/incendios-forestales-1.png?resize=525%2C300&ssl=1 1.5x, https:\/\/i0.wp.com\/lasprimeras.com.do\/wp-content\/uploads\/2024\/07\/incendios-forestales-1.png?resize=700%2C400&ssl=1 2x"},"classes":[]},{"id":63998,"url":"https:\/\/lasprimeras.com.do\/index.php\/2023\/10\/17\/bomberos-de-espana-capacitan-a-dominicanos-en-protocolos-para-combatir-incendios-forestales\/","url_meta":{"origin":102214,"position":2},"title":"Bomberos de Espa\u00f1a capacitan a dominicanos en protocolos para combatir incendios forestales","author":"Nelson Feliz","date":"17 de octubre de 2023","format":false,"excerpt":"El Ministerio de Medio Ambiente desarrolla un taller t\u00e9cnico con el apoyo de la Uni\u00f3n Europea y el programa Euroclima. El Ministerio de Medio Ambiente y Recursos Naturales desarrolla esta semana un taller de capacitaci\u00f3n impartido por bomberos de Espa\u00f1a a integrantes de las agencias de emergencias del Estado dominicano\u2026","rel":"","context":"En \u00abNACIONALES\u00bb","block_context":{"text":"NACIONALES","link":"https:\/\/lasprimeras.com.do\/index.php\/category\/nacionales\/"},"img":{"alt_text":"Ministerio de Medio Ambiente y Recursos Naturales","src":"https:\/\/i0.wp.com\/lasprimeras.com.do\/wp-content\/uploads\/2023\/10\/Ministerio-de-Medio-Ambiente-y-Recursos-Naturales-1.jpg?resize=350%2C200&ssl=1","width":350,"height":200,"srcset":"https:\/\/i0.wp.com\/lasprimeras.com.do\/wp-content\/uploads\/2023\/10\/Ministerio-de-Medio-Ambiente-y-Recursos-Naturales-1.jpg?resize=350%2C200&ssl=1 1x, https:\/\/i0.wp.com\/lasprimeras.com.do\/wp-content\/uploads\/2023\/10\/Ministerio-de-Medio-Ambiente-y-Recursos-Naturales-1.jpg?resize=525%2C300&ssl=1 1.5x"},"classes":[]},{"id":102004,"url":"https:\/\/lasprimeras.com.do\/index.php\/2025\/06\/30\/temperaturas-abrasadoras-azotan-europa-y-ponen-regiones-en-alerta-maxima\/","url_meta":{"origin":102214,"position":3},"title":"Temperaturas abrasadoras azotan Europa y ponen regiones en alerta m\u00e1xima","author":"Nelson Feliz","date":"30 de junio de 2025","format":false,"excerpt":"POR SUZAN FRASER ANKARA, Turqu\u00eda (AP) \u2014 Los incendios forestales avivados por fuertes vientos y un clima caluroso y seco da\u00f1aron algunas casas de vacaciones en Turqu\u00eda, mientras que una persistente ola de calor que ha afectado a gran parte de Europa llev\u00f3 a las autoridades a elevar las advertencias\u2026","rel":"","context":"En \u00abINTERNACIONALES\u00bb","block_context":{"text":"INTERNACIONALES","link":"https:\/\/lasprimeras.com.do\/index.php\/category\/sin-categoria\/internacionales\/"},"img":{"alt_text":"","src":"https:\/\/i0.wp.com\/lasprimeras.com.do\/wp-content\/uploads\/2025\/06\/calor-1.jpg?resize=350%2C200&ssl=1","width":350,"height":200,"srcset":"https:\/\/i0.wp.com\/lasprimeras.com.do\/wp-content\/uploads\/2025\/06\/calor-1.jpg?resize=350%2C200&ssl=1 1x, https:\/\/i0.wp.com\/lasprimeras.com.do\/wp-content\/uploads\/2025\/06\/calor-1.jpg?resize=525%2C300&ssl=1 1.5x, https:\/\/i0.wp.com\/lasprimeras.com.do\/wp-content\/uploads\/2025\/06\/calor-1.jpg?resize=700%2C400&ssl=1 2x"},"classes":[]},{"id":54809,"url":"https:\/\/lasprimeras.com.do\/index.php\/2023\/07\/14\/bombero-canadiense-muere-luchando-contra-incendio-en-columbia-britanica\/","url_meta":{"origin":102214,"position":4},"title":"Bombero canadiense muere luchando contra incendio en Columbia Brit\u00e1nica","author":"Nelson Feliz","date":"14 de julio de 2023","format":false,"excerpt":"Un bombero canadiense muri\u00f3 el jueves mientras luchaba contra un incendio masivo en un bosque en Columbia Brit\u00e1nica, dijeron las autoridades, mientras los incendios forestales contin\u00faan arrasando el pa\u00eds. El Sindicato General de Empleados de BC anunci\u00f3 la muerte del bombero en un comunicado el jueves por la noche. La\u2026","rel":"","context":"En \u00abSin categor\u00eda\u00bb","block_context":{"text":"Sin categor\u00eda","link":"https:\/\/lasprimeras.com.do\/index.php\/category\/sin-categoria\/"},"img":{"alt_text":"Bombero canadiense muere luchando contra incendio en Columbia Brit\u00e1nica","src":"https:\/\/i0.wp.com\/lasprimeras.com.do\/wp-content\/uploads\/2023\/07\/Bombero-canadiense-muere-luchando-contra-incendio-en-Columbia-Britanica.jpg?resize=350%2C200&ssl=1","width":350,"height":200,"srcset":"https:\/\/i0.wp.com\/lasprimeras.com.do\/wp-content\/uploads\/2023\/07\/Bombero-canadiense-muere-luchando-contra-incendio-en-Columbia-Britanica.jpg?resize=350%2C200&ssl=1 1x, https:\/\/i0.wp.com\/lasprimeras.com.do\/wp-content\/uploads\/2023\/07\/Bombero-canadiense-muere-luchando-contra-incendio-en-Columbia-Britanica.jpg?resize=525%2C300&ssl=1 1.5x, https:\/\/i0.wp.com\/lasprimeras.com.do\/wp-content\/uploads\/2023\/07\/Bombero-canadiense-muere-luchando-contra-incendio-en-Columbia-Britanica.jpg?resize=700%2C400&ssl=1 2x"},"classes":[]},{"id":54074,"url":"https:\/\/lasprimeras.com.do\/index.php\/2023\/07\/06\/los-incendios-forestales-en-canada-han-batido-records-de-area-quemada-evacuaciones-y-costo-dice-un-funcionario\/","url_meta":{"origin":102214,"position":5},"title":"Los incendios forestales en Canad\u00e1 han batido r\u00e9cords de \u00e1rea quemada, evacuaciones y costo, dice un funcionario","author":"Nelson Feliz","date":"6 de julio de 2023","format":false,"excerpt":"VANCOUVER, Columbia Brit\u00e1nica (AP) \u2014 Los incendios forestales que arrasan Canad\u00e1 ya han batido r\u00e9cords de \u00e1rea total quemada, la cantidad de personas obligadas a evacuar sus hogares y el costo de combatir las llamas, y la temporada de incendios est\u00e1 a mitad de camino, dijeron las autoridades el jueves.\u2026","rel":"","context":"En \u00abSin categor\u00eda\u00bb","block_context":{"text":"Sin categor\u00eda","link":"https:\/\/lasprimeras.com.do\/index.php\/category\/sin-categoria\/"},"img":{"alt_text":"Incendios Forestales","src":"https:\/\/i0.wp.com\/lasprimeras.com.do\/wp-content\/uploads\/2023\/07\/Incendios-Forestales.jpg?resize=350%2C200&ssl=1","width":350,"height":200,"srcset":"https:\/\/i0.wp.com\/lasprimeras.com.do\/wp-content\/uploads\/2023\/07\/Incendios-Forestales.jpg?resize=350%2C200&ssl=1 1x, https:\/\/i0.wp.com\/lasprimeras.com.do\/wp-content\/uploads\/2023\/07\/Incendios-Forestales.jpg?resize=525%2C300&ssl=1 1.5x, https:\/\/i0.wp.com\/lasprimeras.com.do\/wp-content\/uploads\/2023\/07\/Incendios-Forestales.jpg?resize=700%2C400&ssl=1 2x"},"classes":[]}],"jetpack_sharing_enabled":true,"_links":{"self":[{"href":"https:\/\/lasprimeras.com.do\/index.php\/wp-json\/wp\/v2\/posts\/102214","targetHints":{"allow":["GET"]}}],"collection":[{"href":"https:\/\/lasprimeras.com.do\/index.php\/wp-json\/wp\/v2\/posts"}],"about":[{"href":"https:\/\/lasprimeras.com.do\/index.php\/wp-json\/wp\/v2\/types\/post"}],"author":[{"embeddable":true,"href":"https:\/\/lasprimeras.com.do\/index.php\/wp-json\/wp\/v2\/users\/10"}],"replies":[{"embeddable":true,"href":"https:\/\/lasprimeras.com.do\/index.php\/wp-json\/wp\/v2\/comments?post=102214"}],"version-history":[{"count":1,"href":"https:\/\/lasprimeras.com.do\/index.php\/wp-json\/wp\/v2\/posts\/102214\/revisions"}],"predecessor-version":[{"id":102216,"href":"https:\/\/lasprimeras.com.do\/index.php\/wp-json\/wp\/v2\/posts\/102214\/revisions\/102216"}],"wp:featuredmedia":[{"embeddable":true,"href":"https:\/\/lasprimeras.com.do\/index.php\/wp-json\/wp\/v2\/media\/102215"}],"wp:attachment":[{"href":"https:\/\/lasprimeras.com.do\/index.php\/wp-json\/wp\/v2\/media?parent=102214"}],"wp:term":[{"taxonomy":"category","embeddable":true,"href":"https:\/\/lasprimeras.com.do\/index.php\/wp-json\/wp\/v2\/categories?post=102214"},{"taxonomy":"post_tag","embeddable":true,"href":"https:\/\/lasprimeras.com.do\/index.php\/wp-json\/wp\/v2\/tags?post=102214"}],"curies":[{"name":"wp","href":"https:\/\/api.w.org\/{rel}","templated":true}]}}