{"id":102282,"date":"2025-07-03T07:13:33","date_gmt":"2025-07-03T11:13:33","guid":{"rendered":"https:\/\/lasprimeras.com.do\/?p=102282"},"modified":"2025-07-03T07:13:35","modified_gmt":"2025-07-03T11:13:35","slug":"el-futbolista-del-liverpool-diogo-jota-y-su-hermano-mueren-en-un-choque-de-auto-en-espana","status":"publish","type":"post","link":"https:\/\/lasprimeras.com.do\/index.php\/2025\/07\/03\/el-futbolista-del-liverpool-diogo-jota-y-su-hermano-mueren-en-un-choque-de-auto-en-espana\/","title":{"rendered":"El futbolista del Liverpool Diogo Jota y su hermano mueren en un choque de auto en Espa\u00f1a"},"content":{"rendered":"\n<p>POR TALES AZZONI, JOSEPH WILSON and ASSOCIATED PRESS<\/p>\n\n\n\n<p>MADRID (AP) \u2014 El jugador del Liverpool Diogo Jota y su hermano fallecieron en un accidente automovil\u00edstico en Espa\u00f1a, seg\u00fan indic\u00f3 el jueves la polic\u00eda.<\/p>\n\n\n\n<p>Jota y su hermano fueron encontrados muertos despu\u00e9s de que su auto se saliera de la carretera cerca de la ciudad noroccidental de Zamora, seg\u00fan confirm\u00f3 la Guardia Civil a The Associated Press. El veh\u00edculo \u2014un Lamborghini, seg\u00fan la polic\u00eda\u2014 estaba en llamas.<\/p>\n\n\n\n<p>Los bomberos acudieron a combatir el fuego, que se extendi\u00f3 a la vegetaci\u00f3n cercana, indicaron las autoridades.<\/p>\n\n\n\n<p>La polic\u00eda investigaba las causas del siniestro, ocurrido pasada la medianoche. Dijeron que no hab\u00eda otros veh\u00edculos involucrados. Se estaba realizando un an\u00e1lisis forense de los cuerpos.<\/p>\n\n\n\n<p>No estaba claro qui\u00e9n conduc\u00eda el auto. La polic\u00eda estaba investigando la hip\u00f3tesis de que el accidente ocurri\u00f3 debido a un neum\u00e1tico reventado.<\/p>\n\n\n\n<p>El accidente ocurri\u00f3 cuando circulaban hacia el este en un tramo aislado de la carretera, aproximadamente a una hora al oeste de Zamora.<\/p>\n\n\n\n<p>Jota, de 28 a\u00f1os, y su hermano, Andre Silva, de 25 a\u00f1os, ambos jugadores portugueses, eran los \u00fanicos ocupantes del auto, seg\u00fan la polic\u00eda.<\/p>\n\n\n\n<p>La muerte de Jota se produjo unas semanas despu\u00e9s de que se casara con Rute Cardoso.<br>En una publicaci\u00f3n en redes sociales, escribi\u00f3: \u201cS\u00ed para siempre\u201d. Ten\u00edan tres hijos, la m\u00e1s peque\u00f1a nacida el a\u00f1o pasado.<\/p>\n\n\n\n<p>Jota tambi\u00e9n jug\u00f3 para la selecci\u00f3n nacional de Portugal y ayud\u00f3 a ganar la Liga de Naciones el mes pasado.<\/p>\n\n\n\n<p>Silva jugaba con el club portugu\u00e9s Penafiel en las divisiones inferiores.<\/p>\n\n\n\n<p>El Liverpool dijo que el club estaba \u201cdevastado por el tr\u00e1gico fallecimiento\u201d.<\/p>\n\n\n\n<p>\u201cLiverpool FC no har\u00e1 m\u00e1s comentarios en este momento y solicita que se respete la privacidad de la familia, amigos, compa\u00f1eros de equipo y personal del club de Diogo y Andre mientras intentan asimilar una p\u00e9rdida inimaginable. Continuaremos brind\u00e1ndoles todo nuestro apoyo\u201d.<\/p>\n\n\n\n<p>Jota se uni\u00f3 al Liverpool desde Wolves en 2020 y gan\u00f3 tres trofeos importantes con el club de Merseyside, incluido el t\u00edtulo de la Premier League la temporada pasada.<\/p>\n\n\n\n<p>La federaci\u00f3n portuguesa de f\u00fatbol emiti\u00f3 un comunicado lamentando las muertes. El presidente de la federaci\u00f3n, Pedro Proen\u00e7a, dijo que el f\u00fatbol portugu\u00e9s estaba \u201ccompletamente devastado\u201d.<\/p>\n\n\n\n<p>\u201cM\u00e1s que un jugador fant\u00e1stico, con casi 50 apariciones para la selecci\u00f3n nacional, Diogo Jota era una persona extraordinaria, respetada por todos sus colegas y oponentes. Ten\u00eda una alegr\u00eda contagiosa y era una referencia en su comunidad\u201d, dijo Proen\u00e7a en el comunicado.<\/p>\n\n\n\n<p>La federaci\u00f3n portuguesa dijo que ha solicitado que se guarde un minuto de silencio antes del partido del jueves entre Portugal y Espa\u00f1a en la Eurocopa femenina que se juega en Suiza.<\/p>\n\n\n\n<p>\u201cHemos perdido a dos campeones\u201d, dijo Proen\u00e7a. \u201cSus muertes representan una p\u00e9rdida irreparable para el f\u00fatbol portugu\u00e9s y todos haremos nuestro mejor esfuerzo para honrar su legado diariamente\u201d.<\/p>\n\n\n\n<p>El primer ministro de Portugal, Lu\u00eds Montenegro, lament\u00f3 las muertes \u201cinesperadas y tr\u00e1gicas\u201d. Dijo que Jota era \u201cun deportista que honr\u00f3 enormemente el nombre de Portugal\u201d.<\/p>\n\n\n\n<p>\u201cTransmito mis m\u00e1s profundas condolencias a su familia\u201d, dijo. \u201cEs un d\u00eda triste para el f\u00fatbol y para el deporte nacional e internacional\u201d.<\/p>\n\n\n\n<p>Las reacciones tambi\u00e9n comenzaron a llegar de todo el mundo, incluso de deportistas de otras disciplina como el astro de la NBA Lebron James y la leyenda del tenis Rafael Nadal.<\/p>\n\n\n\n<p>\u201cNo tiene ning\u00fan sentido\u201d, indic\u00f3 el compa\u00f1ero de Jota en la selecci\u00f3n portuguesa Cristiano Ronaldo. \u201cAcab\u00e1bamos de estar juntos en el equipo nacional, te acababas de casar. Mis condolencias a tu familia, a tu esposa y a tus hijos. Les deseo toda la fuerza del mundo. S\u00e9 que siempre estar\u00e1s con ellos. Descansad en paz, Diogo y Andr\u00e9. Todos os extra\u00f1aremos\u201d.<\/p>\n\n\n\n<p>El Oporto, su antiguo club, y varios excompa\u00f1eros lamentaron las muertes y enviaron condolencias, al igual que otros clubes, federaciones y ligas.<\/p>\n\n\n\n<p>La Premier League dijo que estaba \u201cconmocionada y devastada\u201d.<\/p>\n\n\n\n<p>\u201cNuestras m\u00e1s sinceras condolencias van para la familia de Diogo, amigos, Liverpool FC y todos sus seguidores en este momento desgarrador\u201d, dijo.<\/p>\n\n\n\n<p>\u201cEl f\u00fatbol ha perdido a un campe\u00f3n que ser\u00e1 extra\u00f1ado para siempre. Continuaremos apoyando a nuestros amigos y colegas en el club\u201d.<\/p>\n\n\n\n<p>La UEFA dijo que sus pensamientos estaban con los familiares, amigos y compa\u00f1eros de equipo afectados \u201cpor esta p\u00e9rdida desgarradora\u201d.<\/p>\n\n\n\n<p>Dijo que se guardar\u00eda un minuto de silencio en los partidos de la Eurocopa femenina el jueves y viernes.<\/p>\n","protected":false},"excerpt":{"rendered":"<p>POR TALES AZZONI, JOSEPH WILSON and ASSOCIATED PRESS MADRID (AP) \u2014 El jugador del Liverpool Diogo Jota y su hermano fallecieron en un accidente automovil\u00edstico en Espa\u00f1a, seg\u00fan indic\u00f3 el&hellip;<\/p>\n","protected":false},"author":10,"featured_media":102283,"comment_status":"open","ping_status":"open","sticky":false,"template":"","format":"standard","meta":{"content-type":"","jetpack_post_was_ever_published":false,"_jetpack_newsletter_access":"","_jetpack_dont_email_post_to_subs":false,"_jetpack_newsletter_tier_id":0,"_jetpack_memberships_contains_paywalled_content":false,"_jetpack_memberships_contains_paid_content":false,"footnotes":""},"categories":[630],"tags":[21132,21133,28,3228,1126,18092,238],"class_list":["post-102282","post","type-post","status-publish","format-standard","has-post-thumbnail","hentry","category-deportes","tag-choque-de-auto","tag-diogo-jota","tag-espana","tag-futbolista","tag-hermano","tag-liverpool","tag-mueren"],"jetpack_featured_media_url":"https:\/\/lasprimeras.com.do\/wp-content\/uploads\/2025\/07\/Diogo-Jota.jpg","jetpack-related-posts":[{"id":95307,"url":"https:\/\/lasprimeras.com.do\/index.php\/2025\/03\/12\/la-eliminacion-del-liverpool-en-la-liga-de-campeones-revela-un-defecto-del-nuevo-formato\/","url_meta":{"origin":102282,"position":0},"title":"\u00bfLa eliminaci\u00f3n del Liverpool en la Liga de Campeones revela un defecto del nuevo formato?","author":"Nelson Feliz","date":"12 de marzo de 2025","format":false,"excerpt":"POR JAMES ROBSON LIVERPOOL, Inglaterra (AP) \u2014 En la cima de Europa en enero. Fuera de la Liga de Campeones a principios de marzo. La recompensa de Liverpool tras dominar el nuevo formato de la competici\u00f3n fue encontrarse con un obst\u00e1culo en forma del Paris Saint-Germain en los octavos de\u2026","rel":"","context":"En \u00abDEPORTES\u00bb","block_context":{"text":"DEPORTES","link":"https:\/\/lasprimeras.com.do\/index.php\/category\/deportes\/"},"img":{"alt_text":"","src":"https:\/\/i0.wp.com\/lasprimeras.com.do\/wp-content\/uploads\/2025\/03\/Liverpool.png?resize=350%2C200&ssl=1","width":350,"height":200,"srcset":"https:\/\/i0.wp.com\/lasprimeras.com.do\/wp-content\/uploads\/2025\/03\/Liverpool.png?resize=350%2C200&ssl=1 1x, https:\/\/i0.wp.com\/lasprimeras.com.do\/wp-content\/uploads\/2025\/03\/Liverpool.png?resize=525%2C300&ssl=1 1.5x, https:\/\/i0.wp.com\/lasprimeras.com.do\/wp-content\/uploads\/2025\/03\/Liverpool.png?resize=700%2C400&ssl=1 2x"},"classes":[]},{"id":95536,"url":"https:\/\/lasprimeras.com.do\/index.php\/2025\/03\/14\/muere-britanico-en-kenia-tras-ser-atropellado-por-caravana-del-presidente\/","url_meta":{"origin":102282,"position":1},"title":"Muere brit\u00e1nico en Kenia tras ser atropellado por caravana del presidente","author":"Nelson Feliz","date":"14 de marzo de 2025","format":false,"excerpt":"POR EVELYNE MUSAMBI NAIROBI, Kenia (AP) \u2014 Un ciudadano brit\u00e1nico falleci\u00f3 en Kenia tras ser atropellado por un veh\u00edculo del gobierno que formaba parte de la caravana del presidente. Edgar Charles Frederick, de 79 a\u00f1os, muri\u00f3 el jueves despu\u00e9s del incidente, cuando la caravana del presidente William Ruto se dirig\u00eda\u2026","rel":"","context":"En \u00abINTERNACIONALES\u00bb","block_context":{"text":"INTERNACIONALES","link":"https:\/\/lasprimeras.com.do\/index.php\/category\/sin-categoria\/internacionales\/"},"img":{"alt_text":"","src":"","width":0,"height":0},"classes":[]},{"id":98082,"url":"https:\/\/lasprimeras.com.do\/index.php\/2025\/05\/01\/doce-muertos-en-filipinas-tras-choque-de-autobus-de-pasajeros-contra-vehiculos-en-un-peaje\/","url_meta":{"origin":102282,"position":2},"title":"Doce muertos en Filipinas tras choque de autob\u00fas de pasajeros contra veh\u00edculos en un peaje","author":"Nelson Feliz","date":"1 de mayo de 2025","format":false,"excerpt":"MANILA, Filipinas (AP) \u2014 Al menos 12 personas, entre las que hab\u00eda menores, fallecieron el jueves cuando un autob\u00fas de pasajeros que circulaba a gran velocidad choc\u00f3 contra una fila de veh\u00edculos en un peaje de una autopista en el norte de Filipinas, dijo la polic\u00eda. M\u00e1s de dos docenas\u2026","rel":"","context":"En \u00abINTERNACIONALES\u00bb","block_context":{"text":"INTERNACIONALES","link":"https:\/\/lasprimeras.com.do\/index.php\/category\/sin-categoria\/internacionales\/"},"img":{"alt_text":"","src":"https:\/\/i0.wp.com\/lasprimeras.com.do\/wp-content\/uploads\/2025\/05\/Accidente-en-Filipinas.jpg?resize=350%2C200&ssl=1","width":350,"height":200,"srcset":"https:\/\/i0.wp.com\/lasprimeras.com.do\/wp-content\/uploads\/2025\/05\/Accidente-en-Filipinas.jpg?resize=350%2C200&ssl=1 1x, https:\/\/i0.wp.com\/lasprimeras.com.do\/wp-content\/uploads\/2025\/05\/Accidente-en-Filipinas.jpg?resize=525%2C300&ssl=1 1.5x, https:\/\/i0.wp.com\/lasprimeras.com.do\/wp-content\/uploads\/2025\/05\/Accidente-en-Filipinas.jpg?resize=700%2C400&ssl=1 2x, https:\/\/i0.wp.com\/lasprimeras.com.do\/wp-content\/uploads\/2025\/05\/Accidente-en-Filipinas.jpg?resize=1050%2C600&ssl=1 3x"},"classes":[]},{"id":55100,"url":"https:\/\/lasprimeras.com.do\/index.php\/2023\/07\/18\/muere-una-nina-despues-de-que-su-hermano-la-disparara-accidentalmente-en-la-cabeza\/","url_meta":{"origin":102282,"position":3},"title":"Muere una ni\u00f1a despu\u00e9s de que su hermano la disparara accidentalmente en la cabeza","author":"Nelson Feliz","date":"18 de julio de 2023","format":false,"excerpt":"California se encuentra entre los estados con restricciones m\u00e1s estrictas en cuanto a la posesi\u00f3n de armas, las cuales est\u00e1n permitidas \u00fanicamente para personas mayores de 21 a\u00f1os Helena Celma Una ni\u00f1a ha fallecido debido a que su hermano la dispar\u00f3 de forma accidental en la cabeza. La tragedia ha\u2026","rel":"","context":"En \u00abSin categor\u00eda\u00bb","block_context":{"text":"Sin categor\u00eda","link":"https:\/\/lasprimeras.com.do\/index.php\/category\/sin-categoria\/"},"img":{"alt_text":"","src":"https:\/\/i0.wp.com\/lasprimeras.com.do\/wp-content\/uploads\/2023\/07\/Pistola.jpg?resize=350%2C200&ssl=1","width":350,"height":200,"srcset":"https:\/\/i0.wp.com\/lasprimeras.com.do\/wp-content\/uploads\/2023\/07\/Pistola.jpg?resize=350%2C200&ssl=1 1x, https:\/\/i0.wp.com\/lasprimeras.com.do\/wp-content\/uploads\/2023\/07\/Pistola.jpg?resize=525%2C300&ssl=1 1.5x, https:\/\/i0.wp.com\/lasprimeras.com.do\/wp-content\/uploads\/2023\/07\/Pistola.jpg?resize=700%2C400&ssl=1 2x"},"classes":[]},{"id":97172,"url":"https:\/\/lasprimeras.com.do\/index.php\/2025\/04\/16\/cinco-estudiantes-mueren-en-un-bus-escolar-incendiado-en-el-sur-de-bolivia\/","url_meta":{"origin":102282,"position":4},"title":"Cinco estudiantes mueren en un bus escolar incendiado en el sur de Bolivia","author":"Nelson Feliz","date":"16 de abril de 2025","format":false,"excerpt":"LA PAZ, Bolivia (AP) \u2014 Cinco estudiantes murieron y otros ocho resultaron heridos el mi\u00e9rcoles despu\u00e9s que el bus escolar en el que retornaban a sus casas se incendi\u00f3 presuntamente por una fuga de gas en el sur de Bolivia, inform\u00f3 la polic\u00eda. El siniestro ocurri\u00f3 en las puertas del\u2026","rel":"","context":"En \u00abINTERNACIONALES\u00bb","block_context":{"text":"INTERNACIONALES","link":"https:\/\/lasprimeras.com.do\/index.php\/category\/sin-categoria\/internacionales\/"},"img":{"alt_text":"","src":"https:\/\/i0.wp.com\/lasprimeras.com.do\/wp-content\/uploads\/2025\/04\/Explosion-bus.jpg?resize=350%2C200&ssl=1","width":350,"height":200,"srcset":"https:\/\/i0.wp.com\/lasprimeras.com.do\/wp-content\/uploads\/2025\/04\/Explosion-bus.jpg?resize=350%2C200&ssl=1 1x, https:\/\/i0.wp.com\/lasprimeras.com.do\/wp-content\/uploads\/2025\/04\/Explosion-bus.jpg?resize=525%2C300&ssl=1 1.5x, https:\/\/i0.wp.com\/lasprimeras.com.do\/wp-content\/uploads\/2025\/04\/Explosion-bus.jpg?resize=700%2C400&ssl=1 2x, https:\/\/i0.wp.com\/lasprimeras.com.do\/wp-content\/uploads\/2025\/04\/Explosion-bus.jpg?resize=1050%2C600&ssl=1 3x"},"classes":[]},{"id":58492,"url":"https:\/\/lasprimeras.com.do\/index.php\/2023\/08\/24\/dos-muertos-en-choque-en-autopista-de-queens-nueva-york\/","url_meta":{"origin":102282,"position":5},"title":"Dos muertos en choque en autopista de Queens, Nueva York","author":"Nelson Feliz","date":"24 de agosto de 2023","format":false,"excerpt":"Dos hombres murieron en un choque de frente esta madrugada en Whitestone Expressway, provocando el cierre temporal de esa autopista de Queens (NYC). La v\u00eda ya fue reabierta, pero se esperan retrasos debido a la investigaci\u00f3n policial. Dos hombres de 25 y 45 a\u00f1os murieron en un choque de frente\u2026","rel":"","context":"En \u00abSin categor\u00eda\u00bb","block_context":{"text":"Sin categor\u00eda","link":"https:\/\/lasprimeras.com.do\/index.php\/category\/sin-categoria\/"},"img":{"alt_text":"","src":"https:\/\/i0.wp.com\/lasprimeras.com.do\/wp-content\/uploads\/2023\/08\/AMBULANCIA.jpg?resize=350%2C200&ssl=1","width":350,"height":200,"srcset":"https:\/\/i0.wp.com\/lasprimeras.com.do\/wp-content\/uploads\/2023\/08\/AMBULANCIA.jpg?resize=350%2C200&ssl=1 1x, https:\/\/i0.wp.com\/lasprimeras.com.do\/wp-content\/uploads\/2023\/08\/AMBULANCIA.jpg?resize=525%2C300&ssl=1 1.5x, https:\/\/i0.wp.com\/lasprimeras.com.do\/wp-content\/uploads\/2023\/08\/AMBULANCIA.jpg?resize=700%2C400&ssl=1 2x"},"classes":[]}],"jetpack_sharing_enabled":true,"_links":{"self":[{"href":"https:\/\/lasprimeras.com.do\/index.php\/wp-json\/wp\/v2\/posts\/102282","targetHints":{"allow":["GET"]}}],"collection":[{"href":"https:\/\/lasprimeras.com.do\/index.php\/wp-json\/wp\/v2\/posts"}],"about":[{"href":"https:\/\/lasprimeras.com.do\/index.php\/wp-json\/wp\/v2\/types\/post"}],"author":[{"embeddable":true,"href":"https:\/\/lasprimeras.com.do\/index.php\/wp-json\/wp\/v2\/users\/10"}],"replies":[{"embeddable":true,"href":"https:\/\/lasprimeras.com.do\/index.php\/wp-json\/wp\/v2\/comments?post=102282"}],"version-history":[{"count":1,"href":"https:\/\/lasprimeras.com.do\/index.php\/wp-json\/wp\/v2\/posts\/102282\/revisions"}],"predecessor-version":[{"id":102284,"href":"https:\/\/lasprimeras.com.do\/index.php\/wp-json\/wp\/v2\/posts\/102282\/revisions\/102284"}],"wp:featuredmedia":[{"embeddable":true,"href":"https:\/\/lasprimeras.com.do\/index.php\/wp-json\/wp\/v2\/media\/102283"}],"wp:attachment":[{"href":"https:\/\/lasprimeras.com.do\/index.php\/wp-json\/wp\/v2\/media?parent=102282"}],"wp:term":[{"taxonomy":"category","embeddable":true,"href":"https:\/\/lasprimeras.com.do\/index.php\/wp-json\/wp\/v2\/categories?post=102282"},{"taxonomy":"post_tag","embeddable":true,"href":"https:\/\/lasprimeras.com.do\/index.php\/wp-json\/wp\/v2\/tags?post=102282"}],"curies":[{"name":"wp","href":"https:\/\/api.w.org\/{rel}","templated":true}]}}