{"id":102337,"date":"2025-07-03T16:12:00","date_gmt":"2025-07-03T20:12:00","guid":{"rendered":"https:\/\/lasprimeras.com.do\/?p=102337"},"modified":"2025-07-03T12:14:54","modified_gmt":"2025-07-03T16:14:54","slug":"a-partir-del-27-julio-entraria-en-vigor-negar-ciudadania-usa-a-hijos-de-indocumentados-afectaria-dominicanos","status":"publish","type":"post","link":"https:\/\/lasprimeras.com.do\/index.php\/2025\/07\/03\/a-partir-del-27-julio-entraria-en-vigor-negar-ciudadania-usa-a-hijos-de-indocumentados-afectaria-dominicanos\/","title":{"rendered":"A partir del 27 julio entrar\u00eda en vigor negar ciudadan\u00eda USA a hijos de indocumentados; afectar\u00eda dominicanos"},"content":{"rendered":"\n<p>Por Ram\u00f3n Mercedes<\/p>\n\n\n\n<p>NUEVA YORK.- La orden que negar\u00eda la ciudadan\u00eda a ni\u00f1os nacidos de inmigrantes indocumentados en Estados Unidos entrar\u00eda en vigor en los pr\u00f3ximos 30 d\u00edas (a partir del 27 de julio), a menos que los estados cuenten con \u00f3rdenes judiciales que bloqueen de manera temporal su implementaci\u00f3n.<\/p>\n\n\n\n<p>La prohibici\u00f3n de la ciudadan\u00eda por nacimiento afectar\u00eda, en primera instancia, a los estados que no impugnaron la orden. No lo hicieron Pennsylvania, Georgia, Florida, Carolina del Sur, Virginia, West Virginia, Ohio, Texas, Alaska, Alabama, Arkansas, Dakota del Sur y Kansas.<\/p>\n\n\n\n<p>Asimismo, Idaho, Indiana, Iowa, Kentucky, Louisiana, Mississippi, Missouri, Montana, Nebraska, New Hampshire, Dakota del Norte, Oklahoma, Tennessee, Utah y Wyoming.<\/p>\n\n\n\n<p>En ninguno de estos estados se impugn\u00f3 la restricci\u00f3n. En los mismos residen cientos de miles de dominicanos, entre ellos miles con estatus irregular.<\/p>\n\n\n\n<p>Al vencer la fecha, los padres tendr\u00edan que comenzar a demostrar su estatus migratorio cuando la madre d\u00e9 a luz, de tal modo que se le pueda otorgar la ciudadan\u00eda al hijo.<\/p>\n\n\n\n<p>La Corte Suprema de EE. UU. emiti\u00f3 la semana pasada un fallo que limitar\u00e1 la facultad de los jueces para bloquear las \u00f3rdenes del presidente Trump en todo el pa\u00eds.<\/p>\n\n\n\n<p>La ciudadan\u00eda por nacimiento est\u00e1 garantizada por la Decimocuarta Enmienda de la Constituci\u00f3n, que establece: Secci\u00f3n 1: \u00abTodas las personas nacidas o naturalizadas en los Estados Unidos, y sujetas a su jurisdicci\u00f3n, son ciudadanas de los Estados Unidos y del estado donde residen\u00bb.<\/p>\n\n\n\n<p>\u00abNing\u00fan estado promulgar\u00e1 ni aplicar\u00e1 ley alguna que restrinja los privilegios o inmunidades de los ciudadanos de los Estados Unidos; ning\u00fan estado privar\u00e1 a ninguna persona de la vida, la libertad o la propiedad sin el debido proceso legal; ni negar\u00e1 a ninguna persona dentro de su jurisdicci\u00f3n la igualdad ante la ley\u00bb. Ver = https:\/\/www.law.cornell.edu\/constitution<\/p>\n\n\n\n<p>Seg\u00fan el centro de estudios Pew Research, en 2022 (el \u00faltimo a\u00f1o con datos disponibles) aproximadamente 1,2 millones de beb\u00e9s nacieron de padres inmigrantes indocumentados en territorio estadounidense.<\/p>\n","protected":false},"excerpt":{"rendered":"<p>Por Ram\u00f3n Mercedes NUEVA YORK.- La orden que negar\u00eda la ciudadan\u00eda a ni\u00f1os nacidos de inmigrantes indocumentados en Estados Unidos entrar\u00eda en vigor en los pr\u00f3ximos 30 d\u00edas (a partir&hellip;<\/p>\n","protected":false},"author":10,"featured_media":102338,"comment_status":"open","ping_status":"open","sticky":false,"template":"","format":"standard","meta":{"content-type":"","jetpack_post_was_ever_published":false,"_jetpack_newsletter_access":"","_jetpack_dont_email_post_to_subs":false,"_jetpack_newsletter_tier_id":0,"_jetpack_memberships_contains_paywalled_content":false,"_jetpack_memberships_contains_paid_content":false,"footnotes":""},"categories":[16289],"tags":[21160,487,21162,21161,4670],"class_list":["post-102337","post","type-post","status-publish","format-standard","has-post-thumbnail","hentry","category-internacionales","tag-27-julio","tag-dominicanos","tag-hijos-de-indocumentados","tag-negar-ciudadania","tag-usa"],"jetpack_featured_media_url":"https:\/\/lasprimeras.com.do\/wp-content\/uploads\/2025\/07\/WhatsApp-Image-2025-07-03-at-5.15.20-AM.jpeg","jetpack-related-posts":[{"id":126344,"url":"https:\/\/lasprimeras.com.do\/index.php\/2026\/04\/01\/corte-suprema-evalua-ciudadania-para-hijos-de-indocumentados-miles-son-dominicanos\/","url_meta":{"origin":102337,"position":0},"title":"Corte Suprema eval\u00faa ciudadan\u00eda para hijos de indocumentados; miles son dominicanos","author":"Nelson Feliz","date":"1 de abril de 2026","format":false,"excerpt":"Por Ram\u00f3n Mercedes NUEVA YORK.- El Tribunal Supremo de los Estados Unidos, que ostenta el m\u00e1ximo poder judicial en territorio estadounidense, debatir\u00e1 este jueves el llamado del presidente Donald Trump para derogar la ciudadan\u00eda por nacimiento a los hijos de padres indocumentados, entre ellos figuran miles de dominicanos. Trump firm\u00f3\u2026","rel":"","context":"En \u00abINTERNACIONALES\u00bb","block_context":{"text":"INTERNACIONALES","link":"https:\/\/lasprimeras.com.do\/index.php\/category\/sin-categoria\/internacionales\/"},"img":{"alt_text":"","src":"https:\/\/i0.wp.com\/lasprimeras.com.do\/wp-content\/uploads\/2026\/03\/Peticion-contra-ciudadania-hijos-indocumentados-sera-conocida-este-jueves-por-Tribunal-Supremo_-figuran-miles-de-ninos-dominicanos.jpg?resize=350%2C200&ssl=1","width":350,"height":200,"srcset":"https:\/\/i0.wp.com\/lasprimeras.com.do\/wp-content\/uploads\/2026\/03\/Peticion-contra-ciudadania-hijos-indocumentados-sera-conocida-este-jueves-por-Tribunal-Supremo_-figuran-miles-de-ninos-dominicanos.jpg?resize=350%2C200&ssl=1 1x, https:\/\/i0.wp.com\/lasprimeras.com.do\/wp-content\/uploads\/2026\/03\/Peticion-contra-ciudadania-hijos-indocumentados-sera-conocida-este-jueves-por-Tribunal-Supremo_-figuran-miles-de-ninos-dominicanos.jpg?resize=525%2C300&ssl=1 1.5x"},"classes":[]},{"id":110275,"url":"https:\/\/lasprimeras.com.do\/index.php\/2025\/09\/27\/trump-pide-a-corte-suprema-mantener-restricciones-sobre-la-ciudadania-por-nacimiento\/","url_meta":{"origin":102337,"position":1},"title":"Trump pide a Corte Suprema mantener restricciones sobre la ciudadan\u00eda por nacimiento","author":"Nelson Feliz","date":"27 de septiembre de 2025","format":false,"excerpt":"POR MARK SHERMAN and LINDSAY WHITEHURST WASHINGTON (AP) \u2014 El gobierno del presidente Donald Trump solicit\u00f3 a la Corte Suprema que respalde su orden sobre la ciudadan\u00eda por nacimiento, declarando que los ni\u00f1os nacidos de padres que est\u00e1n en Estados Unidos de manera ilegal o temporal no son ciudadanos estadounidenses.\u2026","rel":"","context":"En \u00abINTERNACIONALES\u00bb","block_context":{"text":"INTERNACIONALES","link":"https:\/\/lasprimeras.com.do\/index.php\/category\/sin-categoria\/internacionales\/"},"img":{"alt_text":"","src":"https:\/\/i0.wp.com\/lasprimeras.com.do\/wp-content\/uploads\/2025\/09\/capitolio.jpg?resize=350%2C200&ssl=1","width":350,"height":200,"srcset":"https:\/\/i0.wp.com\/lasprimeras.com.do\/wp-content\/uploads\/2025\/09\/capitolio.jpg?resize=350%2C200&ssl=1 1x, https:\/\/i0.wp.com\/lasprimeras.com.do\/wp-content\/uploads\/2025\/09\/capitolio.jpg?resize=525%2C300&ssl=1 1.5x, https:\/\/i0.wp.com\/lasprimeras.com.do\/wp-content\/uploads\/2025\/09\/capitolio.jpg?resize=700%2C400&ssl=1 2x"},"classes":[]},{"id":123951,"url":"https:\/\/lasprimeras.com.do\/index.php\/2026\/03\/06\/plan-de-vivienda-en-ee-uu-afectaria-a-miles-de-dominicanos\/","url_meta":{"origin":102337,"position":2},"title":"Plan de vivienda en EE. UU. afectar\u00eda a miles de dominicanos","author":"Nelson Feliz","date":"6 de marzo de 2026","format":false,"excerpt":"Por Ram\u00f3n Mercedes NUEVA YORK.- El Departamento de Vivienda y Desarrollo Urbano (HUD) en los Estados Unidos ha sometido una norma a comentarios que busca que solo ciudadanos estadounidenses ocupen espacios de vivienda p\u00fablica o subsidiada. El HUD es responsable de los programas enfocados en las necesidades de vivienda de\u2026","rel":"","context":"En \u00abINTERNACIONALES\u00bb","block_context":{"text":"INTERNACIONALES","link":"https:\/\/lasprimeras.com.do\/index.php\/category\/sin-categoria\/internacionales\/"},"img":{"alt_text":"","src":"https:\/\/i0.wp.com\/lasprimeras.com.do\/wp-content\/uploads\/2026\/03\/Departamento-de-Vivienda-en-EE.-UU.-busca-solo-ciudadanos-ocupen-vivienda-publica-o-subsidiada_-dominicanos-serian-afectados.jpg?resize=350%2C200&ssl=1","width":350,"height":200,"srcset":"https:\/\/i0.wp.com\/lasprimeras.com.do\/wp-content\/uploads\/2026\/03\/Departamento-de-Vivienda-en-EE.-UU.-busca-solo-ciudadanos-ocupen-vivienda-publica-o-subsidiada_-dominicanos-serian-afectados.jpg?resize=350%2C200&ssl=1 1x, https:\/\/i0.wp.com\/lasprimeras.com.do\/wp-content\/uploads\/2026\/03\/Departamento-de-Vivienda-en-EE.-UU.-busca-solo-ciudadanos-ocupen-vivienda-publica-o-subsidiada_-dominicanos-serian-afectados.jpg?resize=525%2C300&ssl=1 1.5x"},"classes":[]},{"id":120705,"url":"https:\/\/lasprimeras.com.do\/index.php\/2026\/01\/27\/luis-el-gallo-dice-mejor-homenaje-a-duarte-es-luchar-por-una-republica-libre-e-independiente\/","url_meta":{"origin":102337,"position":3},"title":"Luis \u201cEl Gallo\u201d dice mejor homenaje a Duarte es luchar por una rep\u00fablica libre e independiente","author":"Nelson Feliz","date":"27 de enero de 2026","format":false,"excerpt":"El presidente de la Uni\u00f3n Dem\u00f3crata Cristiana \u2013UDC-, Luis Acosta Moreta, Luis \u201cEl Gallo\u201d, consider\u00f3 hoy que el mejor homenaje que se puede rendir a Juan Pablo Duarte es mantener la lucha por las libertades p\u00fablicas e institucionales y defender la soberan\u00eda y la territorialidad nacional. Afirmo que en este\u2026","rel":"","context":"En \u00abPOLITICA\u00bb","block_context":{"text":"POLITICA","link":"https:\/\/lasprimeras.com.do\/index.php\/category\/politica\/"},"img":{"alt_text":"Luis Acosta Moreta","src":"https:\/\/i0.wp.com\/lasprimeras.com.do\/wp-content\/uploads\/2025\/07\/WhatsApp-Image-2025-07-25-at-9.01.49-AM.jpeg?resize=350%2C200&ssl=1","width":350,"height":200,"srcset":"https:\/\/i0.wp.com\/lasprimeras.com.do\/wp-content\/uploads\/2025\/07\/WhatsApp-Image-2025-07-25-at-9.01.49-AM.jpeg?resize=350%2C200&ssl=1 1x, https:\/\/i0.wp.com\/lasprimeras.com.do\/wp-content\/uploads\/2025\/07\/WhatsApp-Image-2025-07-25-at-9.01.49-AM.jpeg?resize=525%2C300&ssl=1 1.5x, https:\/\/i0.wp.com\/lasprimeras.com.do\/wp-content\/uploads\/2025\/07\/WhatsApp-Image-2025-07-25-at-9.01.49-AM.jpeg?resize=700%2C400&ssl=1 2x"},"classes":[]},{"id":126960,"url":"https:\/\/lasprimeras.com.do\/index.php\/2026\/04\/07\/congresista-torres-d-15-contra-intensiones-trump-eliminar-ciudadania-por-nacimiento-en-eua\/","url_meta":{"origin":102337,"position":4},"title":"Congresista Torres D-15 contra intensiones Trump eliminar ciudadan\u00eda por nacimiento en EUA","author":"Nelson Feliz","date":"7 de abril de 2026","format":false,"excerpt":"Por Ram\u00f3n Mercedes NUEVA YORK.- El congresista por el Distrito 15, Bronx, Ritchie Torres, manifest\u00f3 que est\u00e1 en contra de las intenciones del presidente Donald Trump de eliminar la ciudadan\u00eda por nacimiento a hijos de indocumentados en Estados Unidos. Exhort\u00f3 a los miembros de la Corte Suprema a ratificar lo\u2026","rel":"","context":"En \u00abINTERNACIONALES\u00bb","block_context":{"text":"INTERNACIONALES","link":"https:\/\/lasprimeras.com.do\/index.php\/category\/sin-categoria\/internacionales\/"},"img":{"alt_text":"","src":"https:\/\/i0.wp.com\/lasprimeras.com.do\/wp-content\/uploads\/2026\/04\/IMG-20260407-WA0071.jpg?resize=350%2C200&ssl=1","width":350,"height":200},"classes":[]},{"id":59848,"url":"https:\/\/lasprimeras.com.do\/index.php\/2023\/09\/08\/trump-visita-dakota-del-sur-para-un-mitin-que-los-aliados-de-la-gobernadora-kristi-noem\/","url_meta":{"origin":102337,"position":5},"title":"Trump visita Dakota del Sur para un mitin que los aliados de la gobernadora Kristi Noem","author":"Nelson Feliz","date":"8 de septiembre de 2023","format":false,"excerpt":"POR JILL COLVIN Y STEPHEN GROVES WASHINGTON (AP) \u2014 Mientras sus rivales celebran reuniones p\u00fablicas y encuentros en los estados con votaci\u00f3n anticipada, Donald Trump viajar\u00e1 el viernes a Dakota del Sur para una recaudaci\u00f3n de fondos del partido que tambi\u00e9n ser\u00e1 una oportunidad para que la gobernadora del estado,\u2026","rel":"","context":"En \u00abSin categor\u00eda\u00bb","block_context":{"text":"Sin categor\u00eda","link":"https:\/\/lasprimeras.com.do\/index.php\/category\/sin-categoria\/"},"img":{"alt_text":"Donald Trump y Kristi Noem","src":"https:\/\/i0.wp.com\/lasprimeras.com.do\/wp-content\/uploads\/2023\/09\/Donald-Trump-y-Kristi-Noem.jpg?resize=350%2C200&ssl=1","width":350,"height":200,"srcset":"https:\/\/i0.wp.com\/lasprimeras.com.do\/wp-content\/uploads\/2023\/09\/Donald-Trump-y-Kristi-Noem.jpg?resize=350%2C200&ssl=1 1x, https:\/\/i0.wp.com\/lasprimeras.com.do\/wp-content\/uploads\/2023\/09\/Donald-Trump-y-Kristi-Noem.jpg?resize=525%2C300&ssl=1 1.5x, https:\/\/i0.wp.com\/lasprimeras.com.do\/wp-content\/uploads\/2023\/09\/Donald-Trump-y-Kristi-Noem.jpg?resize=700%2C400&ssl=1 2x"},"classes":[]}],"jetpack_sharing_enabled":true,"_links":{"self":[{"href":"https:\/\/lasprimeras.com.do\/index.php\/wp-json\/wp\/v2\/posts\/102337","targetHints":{"allow":["GET"]}}],"collection":[{"href":"https:\/\/lasprimeras.com.do\/index.php\/wp-json\/wp\/v2\/posts"}],"about":[{"href":"https:\/\/lasprimeras.com.do\/index.php\/wp-json\/wp\/v2\/types\/post"}],"author":[{"embeddable":true,"href":"https:\/\/lasprimeras.com.do\/index.php\/wp-json\/wp\/v2\/users\/10"}],"replies":[{"embeddable":true,"href":"https:\/\/lasprimeras.com.do\/index.php\/wp-json\/wp\/v2\/comments?post=102337"}],"version-history":[{"count":1,"href":"https:\/\/lasprimeras.com.do\/index.php\/wp-json\/wp\/v2\/posts\/102337\/revisions"}],"predecessor-version":[{"id":102339,"href":"https:\/\/lasprimeras.com.do\/index.php\/wp-json\/wp\/v2\/posts\/102337\/revisions\/102339"}],"wp:featuredmedia":[{"embeddable":true,"href":"https:\/\/lasprimeras.com.do\/index.php\/wp-json\/wp\/v2\/media\/102338"}],"wp:attachment":[{"href":"https:\/\/lasprimeras.com.do\/index.php\/wp-json\/wp\/v2\/media?parent=102337"}],"wp:term":[{"taxonomy":"category","embeddable":true,"href":"https:\/\/lasprimeras.com.do\/index.php\/wp-json\/wp\/v2\/categories?post=102337"},{"taxonomy":"post_tag","embeddable":true,"href":"https:\/\/lasprimeras.com.do\/index.php\/wp-json\/wp\/v2\/tags?post=102337"}],"curies":[{"name":"wp","href":"https:\/\/api.w.org\/{rel}","templated":true}]}}