{"id":102340,"date":"2025-07-03T17:16:00","date_gmt":"2025-07-03T21:16:00","guid":{"rendered":"https:\/\/lasprimeras.com.do\/?p=102340"},"modified":"2025-07-03T12:23:09","modified_gmt":"2025-07-03T16:23:09","slug":"njt-aumento-pasaje-este-martes-miles-dominicanos-utilizan-dicho-transporte","status":"publish","type":"post","link":"https:\/\/lasprimeras.com.do\/index.php\/2025\/07\/03\/njt-aumento-pasaje-este-martes-miles-dominicanos-utilizan-dicho-transporte\/","title":{"rendered":"NJT aument\u00f3 pasaje este martes; miles dominicanos utilizan dicho transporte"},"content":{"rendered":"\n<p>Por Ram\u00f3n Mercedes<\/p>\n\n\n\n<p>NUEVA JERSEY.- La compa\u00f1\u00eda estatal de transporte p\u00fablico New Jersey Transit, que maneja varios trenes, autobuses y tranv\u00edas en toda su territorio y \u00fanica empresa p\u00fablica de transporte en Estados Unidos que cubre un estado entero, aument\u00f3 su pasaje en un 3% el pasado martes.<\/p>\n\n\n\n<p>Miles de dominicanos utilizan a diario sus servicios, dividido en tres clases: Autob\u00fas, tren ligero y tren de cercan\u00edas, operados por cuatro empresas legales: NJ Transit Bus Operations, Inc., subsidiarias NJ Transit Mercer, Inc. y NJ Transit Morris, Inc., y NJ Transit Rail Operations, Inc.<\/p>\n\n\n\n<p>Las tarifas se calculan por zona. Un viaje de una sola zona en autob\u00fas aumentar\u00e1 de $1.80 a $1.85. En los trenes de cercan\u00edas, el precio de un viaje de ida desde Penn Station en Nueva York hasta Union Station en Nueva Jersey aumentar\u00e1 de $8.30 a $8.50.<\/p>\n\n\n\n<p>El cambio se produce un a\u00f1o despu\u00e9s de que NJ Transit impusiera un enorme aumento de tarifas del 15% a los pasajeros, una medida dise\u00f1ada para compensar una congelaci\u00f3n de tarifas de nueve a\u00f1os.<\/p>\n\n\n\n<p>El aumento de tarifas, mucho mayor, del a\u00f1o pasado, se produjo mientras NJ Transit lidiaba con retrasos cr\u00f3nicos causados por problemas de infraestructura en los t\u00faneles ferroviarios del r\u00edo Hudson. Durante el 2024 el n\u00famero de pasajeros anual fue de 225.620.400<\/p>\n","protected":false},"excerpt":{"rendered":"<p>Por Ram\u00f3n Mercedes NUEVA JERSEY.- La compa\u00f1\u00eda estatal de transporte p\u00fablico New Jersey Transit, que maneja varios trenes, autobuses y tranv\u00edas en toda su territorio y \u00fanica empresa p\u00fablica de&hellip;<\/p>\n","protected":false},"author":10,"featured_media":102341,"comment_status":"open","ping_status":"open","sticky":false,"template":"","format":"standard","meta":{"content-type":"","jetpack_post_was_ever_published":false,"_jetpack_newsletter_access":"","_jetpack_dont_email_post_to_subs":false,"_jetpack_newsletter_tier_id":0,"_jetpack_memberships_contains_paywalled_content":false,"_jetpack_memberships_contains_paid_content":false,"footnotes":""},"categories":[16289],"tags":[21163,487,21164,887],"class_list":["post-102340","post","type-post","status-publish","format-standard","has-post-thumbnail","hentry","category-internacionales","tag-aumento-pasaje","tag-dominicanos","tag-njt","tag-transporte"],"jetpack_featured_media_url":"https:\/\/lasprimeras.com.do\/wp-content\/uploads\/2025\/07\/WhatsApp-Image-2025-07-03-at-5.15.20-AM-1.jpeg","jetpack-related-posts":[{"id":112298,"url":"https:\/\/lasprimeras.com.do\/index.php\/2025\/10\/20\/autobuses-nyc-dejaran-de-recibir-monedas-a-partir-de-enero\/","url_meta":{"origin":102340,"position":0},"title":"Autobuses NYC dejar\u00e1n de recibir monedas a partir de enero","author":"Nelson Feliz","date":"20 de octubre de 2025","format":false,"excerpt":"Miles dominicanos utilizan dicho transporte a diario. Por Ram\u00f3n Mercedes NUEVA YORK.- La junta de la Autoridad Metropolitana del Transporte (MTA) aprob\u00f3 que los 5,800 autobuses que transitan en 238 rutas diferentes en los cinco condados de la ciudad dejar\u00e1n de recibir monedas de parte de los pasajeros al abordarlo\u2026","rel":"","context":"En \u00abECONOM\u00cdA\u00bb","block_context":{"text":"ECONOM\u00cdA","link":"https:\/\/lasprimeras.com.do\/index.php\/category\/economia\/"},"img":{"alt_text":"","src":"https:\/\/i0.wp.com\/lasprimeras.com.do\/wp-content\/uploads\/2025\/10\/Autobuses-NYC.jpeg?resize=350%2C200&ssl=1","width":350,"height":200,"srcset":"https:\/\/i0.wp.com\/lasprimeras.com.do\/wp-content\/uploads\/2025\/10\/Autobuses-NYC.jpeg?resize=350%2C200&ssl=1 1x, https:\/\/i0.wp.com\/lasprimeras.com.do\/wp-content\/uploads\/2025\/10\/Autobuses-NYC.jpeg?resize=525%2C300&ssl=1 1.5x"},"classes":[]},{"id":93023,"url":"https:\/\/lasprimeras.com.do\/index.php\/2025\/01\/21\/cntu-dice-no-es-el-momento-para-un-aumentar-precios-de-los-pasajes\/","url_meta":{"origin":102340,"position":1},"title":"CNTU dice no es el momento para un aumentar precios de los pasajes","author":"Nelson Feliz","date":"21 de enero de 2025","format":false,"excerpt":"El presidente de la Central Nacional de Transportes Unificado (CNTU), William Perez Figuereo asegur\u00f3 este martes,que este no es momento para hacer un aumento en los precios pasajes a la poblaci\u00f3n ni urbano ni interurbano. \u201cEl pueblo dominicano no est\u00e1 devengando un salario digno y no se le puede aumentar\u2026","rel":"","context":"En \u00abECONOM\u00cdA\u00bb","block_context":{"text":"ECONOM\u00cdA","link":"https:\/\/lasprimeras.com.do\/index.php\/category\/economia\/"},"img":{"alt_text":"William P. Figuereo","src":"https:\/\/i0.wp.com\/lasprimeras.com.do\/wp-content\/uploads\/2025\/01\/William-P.-Figuereo.jpg?resize=350%2C200&ssl=1","width":350,"height":200,"srcset":"https:\/\/i0.wp.com\/lasprimeras.com.do\/wp-content\/uploads\/2025\/01\/William-P.-Figuereo.jpg?resize=350%2C200&ssl=1 1x, https:\/\/i0.wp.com\/lasprimeras.com.do\/wp-content\/uploads\/2025\/01\/William-P.-Figuereo.jpg?resize=525%2C300&ssl=1 1.5x, https:\/\/i0.wp.com\/lasprimeras.com.do\/wp-content\/uploads\/2025\/01\/William-P.-Figuereo.jpg?resize=700%2C400&ssl=1 2x"},"classes":[]},{"id":80117,"url":"https:\/\/lasprimeras.com.do\/index.php\/2024\/04\/04\/directivos-de-comtraboin-y-compostran-desmienten-incremento-de-pasaje-en-rutas-bolivar-independencia-y-herrera-km-9\/","url_meta":{"origin":102340,"position":2},"title":"Directivos de Comtraboin y Compostran desmienten incremento de pasaje en rutas Bol\u00edvar-Independencia y Herrera- KM 9\u00a0","author":"BIMARY DE JES\u00daS Matos","date":"4 de abril de 2024","format":false,"excerpt":"Martin Restituyo Santo Domingo.-Directivos de la Compa\u00f1\u00eda de Transporte de la Bol\u00edvar-Independencia (Comtraboin), y el Consorcio de propietarios del transporte Herrera- KM 9 (Compostran), desmintieron el aumento del pasaje en dichas rutas, en un encuentro con el director ejecutivo interino del Instituto Nacional de Tr\u00e1nsito y Transporte Terrestre (Intrant), coronel\u2026","rel":"","context":"En \u00abNACIONALES\u00bb","block_context":{"text":"NACIONALES","link":"https:\/\/lasprimeras.com.do\/index.php\/category\/nacionales\/"},"img":{"alt_text":"","src":"https:\/\/i0.wp.com\/lasprimeras.com.do\/wp-content\/uploads\/2024\/04\/IMG-20240404-WA0011.jpg?resize=350%2C200&ssl=1","width":350,"height":200,"srcset":"https:\/\/i0.wp.com\/lasprimeras.com.do\/wp-content\/uploads\/2024\/04\/IMG-20240404-WA0011.jpg?resize=350%2C200&ssl=1 1x, https:\/\/i0.wp.com\/lasprimeras.com.do\/wp-content\/uploads\/2024\/04\/IMG-20240404-WA0011.jpg?resize=525%2C300&ssl=1 1.5x, https:\/\/i0.wp.com\/lasprimeras.com.do\/wp-content\/uploads\/2024\/04\/IMG-20240404-WA0011.jpg?resize=700%2C400&ssl=1 2x, https:\/\/i0.wp.com\/lasprimeras.com.do\/wp-content\/uploads\/2024\/04\/IMG-20240404-WA0011.jpg?resize=1050%2C600&ssl=1 3x"},"classes":[]},{"id":95440,"url":"https:\/\/lasprimeras.com.do\/index.php\/2025\/03\/13\/fenacho-entrega-proyecto-a-intrant-sobre-electromovilidad-para-en-el-gran-santo-domingo\/","url_meta":{"origin":102340,"position":3},"title":"Fenacho entrega proyecto a Intrant sobre electromovilidad para en el Gran Santo Domingo","author":"Nelson Feliz","date":"13 de marzo de 2025","format":false,"excerpt":"El presidente de la Federaci\u00f3n Nacional de Choferes (Fenacho), Alexis Francisco Disla, sostuvo un encuentro con el director del Instituto Nacional de Tr\u00e1nsito y Transporte Terrestre,(Intrant), Milton Morrison, donde le fue entregado un proyecto sobre electromovilidad, el mismo tiene como objetivo incluir en el transporte p\u00fablico veh\u00edculos el\u00e9ctricos, que contribuir\u00e1n\u2026","rel":"","context":"En \u00abNACIONALES\u00bb","block_context":{"text":"NACIONALES","link":"https:\/\/lasprimeras.com.do\/index.php\/category\/nacionales\/"},"img":{"alt_text":"","src":"https:\/\/i0.wp.com\/lasprimeras.com.do\/wp-content\/uploads\/2025\/03\/Intrant-1.jpg?resize=350%2C200&ssl=1","width":350,"height":200,"srcset":"https:\/\/i0.wp.com\/lasprimeras.com.do\/wp-content\/uploads\/2025\/03\/Intrant-1.jpg?resize=350%2C200&ssl=1 1x, https:\/\/i0.wp.com\/lasprimeras.com.do\/wp-content\/uploads\/2025\/03\/Intrant-1.jpg?resize=525%2C300&ssl=1 1.5x, https:\/\/i0.wp.com\/lasprimeras.com.do\/wp-content\/uploads\/2025\/03\/Intrant-1.jpg?resize=700%2C400&ssl=1 2x"},"classes":[]},{"id":87064,"url":"https:\/\/lasprimeras.com.do\/index.php\/2024\/08\/06\/fenattransc-sugiere-medidas-al-director-de-intrant\/","url_meta":{"origin":102340,"position":4},"title":"FENATTRANSC sugiere medidas al director de INTRANT","author":"Nelson Feliz","date":"6 de agosto de 2024","format":false,"excerpt":"Por Martin Restituyo El presidente de la Federaci\u00f3n Nacional de Trabajadores del Transporte Social Cristianos (FENATTRANSC), Mario D\u00edaz, sugiri\u00f3 al Director Ejecutivo del Instituto Nacional de Tr\u00e1nsito y Transporte Terrestre, (INTRANT), Milton Morrison, algunas medidas para que sean puestas en ejecuci\u00f3n al inicio de su gesti\u00f3n al frente de esa\u2026","rel":"","context":"En \u00abNACIONALES\u00bb","block_context":{"text":"NACIONALES","link":"https:\/\/lasprimeras.com.do\/index.php\/category\/nacionales\/"},"img":{"alt_text":"","src":"https:\/\/i0.wp.com\/lasprimeras.com.do\/wp-content\/uploads\/2024\/08\/md.jpg?resize=350%2C200&ssl=1","width":350,"height":200},"classes":[]},{"id":118533,"url":"https:\/\/lasprimeras.com.do\/index.php\/2025\/12\/30\/nuevas-leyes-en-ny-nj-ct-y-pa-a-partir-de-enero-2026-1-5-millones-dominicanos-son-residentes\/","url_meta":{"origin":102340,"position":5},"title":"Nuevas leyes en NY, NJ, CT y PA a partir de enero 2026; 1.5 millones dominicanos son residentes","author":"Nelson Feliz","date":"30 de diciembre de 2025","format":false,"excerpt":"Por Ram\u00f3n Mercedes NUEVA YORK.- Diferentes leyes entrar\u00e1n en vigor a partir de este 1 de enero 2026 en Estados Unidos y los estados de Nueva York, Nueva Jersey, Connecticut, y Pensilvania, lugares donde reside 2.3 millones de dominicanos. A partir del 1 de enero, enviar dinero al extranjero desde\u2026","rel":"","context":"En \u00abINTERNACIONALES\u00bb","block_context":{"text":"INTERNACIONALES","link":"https:\/\/lasprimeras.com.do\/index.php\/category\/sin-categoria\/internacionales\/"},"img":{"alt_text":"Nuevas leyes en NY, NJ, CT y PA a partir de enero 2026; 1.5 millones dominicanos son residentes","src":"https:\/\/i0.wp.com\/lasprimeras.com.do\/wp-content\/uploads\/2025\/12\/Nuevas-leyes-en-NY-NJ-CT-y-PA-a-partir-de-enero-2026-1.5-millones-dominicanos-son-residentes.jpg?resize=350%2C200&ssl=1","width":350,"height":200,"srcset":"https:\/\/i0.wp.com\/lasprimeras.com.do\/wp-content\/uploads\/2025\/12\/Nuevas-leyes-en-NY-NJ-CT-y-PA-a-partir-de-enero-2026-1.5-millones-dominicanos-son-residentes.jpg?resize=350%2C200&ssl=1 1x, https:\/\/i0.wp.com\/lasprimeras.com.do\/wp-content\/uploads\/2025\/12\/Nuevas-leyes-en-NY-NJ-CT-y-PA-a-partir-de-enero-2026-1.5-millones-dominicanos-son-residentes.jpg?resize=525%2C300&ssl=1 1.5x"},"classes":[]}],"jetpack_sharing_enabled":true,"_links":{"self":[{"href":"https:\/\/lasprimeras.com.do\/index.php\/wp-json\/wp\/v2\/posts\/102340","targetHints":{"allow":["GET"]}}],"collection":[{"href":"https:\/\/lasprimeras.com.do\/index.php\/wp-json\/wp\/v2\/posts"}],"about":[{"href":"https:\/\/lasprimeras.com.do\/index.php\/wp-json\/wp\/v2\/types\/post"}],"author":[{"embeddable":true,"href":"https:\/\/lasprimeras.com.do\/index.php\/wp-json\/wp\/v2\/users\/10"}],"replies":[{"embeddable":true,"href":"https:\/\/lasprimeras.com.do\/index.php\/wp-json\/wp\/v2\/comments?post=102340"}],"version-history":[{"count":1,"href":"https:\/\/lasprimeras.com.do\/index.php\/wp-json\/wp\/v2\/posts\/102340\/revisions"}],"predecessor-version":[{"id":102342,"href":"https:\/\/lasprimeras.com.do\/index.php\/wp-json\/wp\/v2\/posts\/102340\/revisions\/102342"}],"wp:featuredmedia":[{"embeddable":true,"href":"https:\/\/lasprimeras.com.do\/index.php\/wp-json\/wp\/v2\/media\/102341"}],"wp:attachment":[{"href":"https:\/\/lasprimeras.com.do\/index.php\/wp-json\/wp\/v2\/media?parent=102340"}],"wp:term":[{"taxonomy":"category","embeddable":true,"href":"https:\/\/lasprimeras.com.do\/index.php\/wp-json\/wp\/v2\/categories?post=102340"},{"taxonomy":"post_tag","embeddable":true,"href":"https:\/\/lasprimeras.com.do\/index.php\/wp-json\/wp\/v2\/tags?post=102340"}],"curies":[{"name":"wp","href":"https:\/\/api.w.org\/{rel}","templated":true}]}}