{"id":102371,"date":"2025-07-03T19:57:02","date_gmt":"2025-07-03T23:57:02","guid":{"rendered":"https:\/\/lasprimeras.com.do\/?p=102371"},"modified":"2025-07-03T19:57:03","modified_gmt":"2025-07-03T23:57:03","slug":"luis-abinader-hay-un-hartazgo-de-la-comunidad-internacional-con-haiti","status":"publish","type":"post","link":"https:\/\/lasprimeras.com.do\/index.php\/2025\/07\/03\/luis-abinader-hay-un-hartazgo-de-la-comunidad-internacional-con-haiti\/","title":{"rendered":"Luis Abinader: &#8220;Hay un hartazgo de la comunidad internacional con Hait\u00ed&#8221;"},"content":{"rendered":"\n<p><strong>El mandatario asegur\u00f3 que pese al cansancio global, el pa\u00eds no puede desentenderse de la crisis en Hait\u00ed.<\/strong><\/p>\n\n\n\n<p>El presidente Luis Abinader expres\u00f3 este mi\u00e9rcoles que existe un &#8220;hartazgo&#8221; en la comunidad internacional respecto a la crisis haitiana, luego de a\u00f1os de inestabilidad. &#8220;En realidad hay un hartazo de la comunidad internacional con Hait\u00ed&#8221;, fueron las palabras exactas con las que se refiri\u00f3 al tema.<\/p>\n\n\n\n<p>En el marco de su reuni\u00f3n con el expresidente Leonel Fern\u00e1ndez, Abinader se\u00f1al\u00f3 que este sentimiento es compartido por distintos gobiernos, quienes lo han manifestado tanto en foros multilaterales como en reuniones bilaterales con el Estado dominicano, a ra\u00edz de los m\u00faltiples esfuerzos realizados sin resultados palpables.<\/p>\n\n\n\n<p>&#8220;En realidad, cada vez que conversamos, ya sea en foros como este, de manera multilateral con diferentes pa\u00edses, como cuando lo hacemos de manera bilateral con los diferentes gobiernos, est\u00e1n cansados del tema de Hait\u00ed, de tanto tiempo, con tanta inestabilidad&#8221;, dijo.<\/p>\n\n\n\n<p>En ese sentido, asegur\u00f3 que el pa\u00eds continuar\u00e1 insistiendo en la necesidad de una mayor responsabilidad internacional frente a la situaci\u00f3n.<\/p>\n\n\n\n<p>&#8220;Todos los pa\u00edses pueden cansarse de Hait\u00ed, menos Rep\u00fablica Dominicana, y nosotros tenemos que insistir con el tema haitiano, y seguiremos insistiendo&#8221;, manifest\u00f3.<\/p>\n\n\n\n<p>Alerta ante eliminaci\u00f3n del TPS<\/p>\n\n\n\n<p>Abinader asegur\u00f3 que las autoridades est\u00e1n preparadas ante cualquier eventual aumento de la migraci\u00f3n irregular hacia Rep\u00fablica Dominicana, como consecuencia de la orden del gobernante estadounidense Donald Trump de revocar el Estatus de Protecci\u00f3n Temporal (TPS) a miles de haitianos que habitan en ese territorio.<\/p>\n\n\n\n<p>Fuente Diario Libre<\/p>\n","protected":false},"excerpt":{"rendered":"<p>El mandatario asegur\u00f3 que pese al cansancio global, el pa\u00eds no puede desentenderse de la crisis en Hait\u00ed. El presidente Luis Abinader expres\u00f3 este mi\u00e9rcoles que existe un &#8220;hartazgo&#8221; en&hellip;<\/p>\n","protected":false},"author":2,"featured_media":102372,"comment_status":"open","ping_status":"open","sticky":false,"template":"","format":"standard","meta":{"content-type":"","jetpack_post_was_ever_published":false,"_jetpack_newsletter_access":"","_jetpack_dont_email_post_to_subs":false,"_jetpack_newsletter_tier_id":0,"_jetpack_memberships_contains_paywalled_content":false,"_jetpack_memberships_contains_paid_content":false,"footnotes":""},"categories":[16559,25],"tags":[2152,217,21180,1638,67],"class_list":["post-102371","post","type-post","status-publish","format-standard","has-post-thumbnail","hentry","category-politica","category-portada","tag-comunidad","tag-haiti","tag-hartazgo","tag-internacional","tag-luis-abinader"],"jetpack_featured_media_url":"https:\/\/lasprimeras.com.do\/wp-content\/uploads\/2025\/07\/Luis-Abinader-y-Leonel-Fernandez.jpg","jetpack-related-posts":[{"id":110091,"url":"https:\/\/lasprimeras.com.do\/index.php\/2025\/09\/25\/udc-respalda-a-presidente-abinader-al-pedir-comunidad-internacional-acuda-en-auxilio-de-haiti\/","url_meta":{"origin":102371,"position":0},"title":"UDC respalda a presidente Abinader, al pedir comunidad internacional acuda en auxilio de Hait\u00ed","author":"Nelson Feliz","date":"25 de septiembre de 2025","format":false,"excerpt":"El presidente de la Uni\u00f3n Dem\u00f3crata Cristiana \u2013UDC-, Luis Acosta Moreta, Luis \u201cEl Gallo\u201d salud\u00f3 y apoy\u00f3 hoy los pronunciamientos hechos por el presidente Luis Abinader de que una fuerza multinacional es la que debe buscar la paz y la soluci\u00f3n de los problemas haitianos. Tambi\u00e9n se\u00f1al\u00f3 como trascendente la\u2026","rel":"","context":"En \u00abPOLITICA\u00bb","block_context":{"text":"POLITICA","link":"https:\/\/lasprimeras.com.do\/index.php\/category\/politica\/"},"img":{"alt_text":"","src":"https:\/\/i0.wp.com\/lasprimeras.com.do\/wp-content\/uploads\/2025\/09\/Luis-Abinader-3-1.jpg?resize=350%2C200&ssl=1","width":350,"height":200,"srcset":"https:\/\/i0.wp.com\/lasprimeras.com.do\/wp-content\/uploads\/2025\/09\/Luis-Abinader-3-1.jpg?resize=350%2C200&ssl=1 1x, https:\/\/i0.wp.com\/lasprimeras.com.do\/wp-content\/uploads\/2025\/09\/Luis-Abinader-3-1.jpg?resize=525%2C300&ssl=1 1.5x, https:\/\/i0.wp.com\/lasprimeras.com.do\/wp-content\/uploads\/2025\/09\/Luis-Abinader-3-1.jpg?resize=700%2C400&ssl=1 2x"},"classes":[]},{"id":101867,"url":"https:\/\/lasprimeras.com.do\/index.php\/2025\/06\/26\/abinader-se-reune-con-el-expresidente-danilo-medina-para-fortalecer-posicion-unificada-ante-crisis-haitiana\/","url_meta":{"origin":102371,"position":1},"title":"Abinader se re\u00fane con el expresidente Danilo Medina para fortalecer posici\u00f3n unificada ante crisis haitiana","author":"Nelson Feliz","date":"26 de junio de 2025","format":false,"excerpt":"El presidente de la Rep\u00fablica, Luis Abinader, sostuvo este jueves una reuni\u00f3n de alto nivel con el expresidente Danilo Medina, en la Casa Presidencial del Partido de la Liberaci\u00f3n Dominicana (PLD), con el objetivo de continuar el di\u00e1logo nacional en torno a la crisis que atraviesa Hait\u00ed y avanzar hacia\u2026","rel":"","context":"En \u00abPOLITICA\u00bb","block_context":{"text":"POLITICA","link":"https:\/\/lasprimeras.com.do\/index.php\/category\/politica\/"},"img":{"alt_text":"","src":"https:\/\/i0.wp.com\/lasprimeras.com.do\/wp-content\/uploads\/2025\/06\/Luis-Abinader-y-Danilo-Medina.jpg?resize=350%2C200&ssl=1","width":350,"height":200,"srcset":"https:\/\/i0.wp.com\/lasprimeras.com.do\/wp-content\/uploads\/2025\/06\/Luis-Abinader-y-Danilo-Medina.jpg?resize=350%2C200&ssl=1 1x, https:\/\/i0.wp.com\/lasprimeras.com.do\/wp-content\/uploads\/2025\/06\/Luis-Abinader-y-Danilo-Medina.jpg?resize=525%2C300&ssl=1 1.5x, https:\/\/i0.wp.com\/lasprimeras.com.do\/wp-content\/uploads\/2025\/06\/Luis-Abinader-y-Danilo-Medina.jpg?resize=700%2C400&ssl=1 2x"},"classes":[]},{"id":100026,"url":"https:\/\/lasprimeras.com.do\/index.php\/2025\/05\/30\/abinader-convoca-expresidentes-al-ces-ante-crisis-haitiana\/","url_meta":{"origin":102371,"position":2},"title":"Abinader convoca expresidentes al CES ante crisis haitiana","author":"Nelson Feliz","date":"30 de mayo de 2025","format":false,"excerpt":"La invitaci\u00f3n consensuada busca establecer una estrategia de Estado frente al impacto creciente de la crisis en Hait\u00ed sobre la Rep\u00fablica Dominicana. En atenci\u00f3n a la grave crisis que atraviesa la Rep\u00fablica de Hait\u00ed y sus crecientes implicaciones para la Rep\u00fablica Dominicana, el presidente constitucional Luis Abinader, en consenso con\u2026","rel":"","context":"En \u00abPOLITICA\u00bb","block_context":{"text":"POLITICA","link":"https:\/\/lasprimeras.com.do\/index.php\/category\/politica\/"},"img":{"alt_text":"LUIS ABINADER","src":"https:\/\/i0.wp.com\/lasprimeras.com.do\/wp-content\/uploads\/2025\/04\/LUIS-ABINADER-PC.jpg?resize=350%2C200&ssl=1","width":350,"height":200,"srcset":"https:\/\/i0.wp.com\/lasprimeras.com.do\/wp-content\/uploads\/2025\/04\/LUIS-ABINADER-PC.jpg?resize=350%2C200&ssl=1 1x, https:\/\/i0.wp.com\/lasprimeras.com.do\/wp-content\/uploads\/2025\/04\/LUIS-ABINADER-PC.jpg?resize=525%2C300&ssl=1 1.5x, https:\/\/i0.wp.com\/lasprimeras.com.do\/wp-content\/uploads\/2025\/04\/LUIS-ABINADER-PC.jpg?resize=700%2C400&ssl=1 2x"},"classes":[]},{"id":102420,"url":"https:\/\/lasprimeras.com.do\/index.php\/2025\/07\/04\/luis-abinader-y-la-crisis-haitiana-una-llamada-ineludible-a-la-responsabilidad-internacional\/","url_meta":{"origin":102371,"position":3},"title":"Luis Abinader y la Crisis Haitiana: Una Llamada Ineludible a la Responsabilidad Internacional","author":"Nelson Feliz","date":"4 de julio de 2025","format":false,"excerpt":"Por Darwin Feliz Matos En el contexto m\u00e1s cr\u00edtico de la historia reciente de Hait\u00ed, el presidente dominicano Luis Abinader ha adoptado una postura firme, propositiva y profundamente patri\u00f3tica frente a una realidad que ya no admite matices: \u201cHait\u00ed es una bomba de tiempo\u201d. La descomposici\u00f3n institucional, el dominio absoluto\u2026","rel":"","context":"En \u00abOPINI\u00d3N\u00bb","block_context":{"text":"OPINI\u00d3N","link":"https:\/\/lasprimeras.com.do\/index.php\/category\/opinion\/"},"img":{"alt_text":"","src":"https:\/\/i0.wp.com\/lasprimeras.com.do\/wp-content\/uploads\/2025\/07\/AbinaderLaFronteracd40d7.jpg?resize=350%2C200&ssl=1","width":350,"height":200,"srcset":"https:\/\/i0.wp.com\/lasprimeras.com.do\/wp-content\/uploads\/2025\/07\/AbinaderLaFronteracd40d7.jpg?resize=350%2C200&ssl=1 1x, https:\/\/i0.wp.com\/lasprimeras.com.do\/wp-content\/uploads\/2025\/07\/AbinaderLaFronteracd40d7.jpg?resize=525%2C300&ssl=1 1.5x, https:\/\/i0.wp.com\/lasprimeras.com.do\/wp-content\/uploads\/2025\/07\/AbinaderLaFronteracd40d7.jpg?resize=700%2C400&ssl=1 2x"},"classes":[]},{"id":126801,"url":"https:\/\/lasprimeras.com.do\/index.php\/2026\/04\/05\/abinader-convoca-acuerdo-nacional-ante-crisis-global\/","url_meta":{"origin":102371,"position":4},"title":"Abinader convoca acuerdo nacional ante crisis global","author":"Nelson Feliz","date":"5 de abril de 2026","format":false,"excerpt":"Anuncia medidas ante nueva realidad en Hait\u00ed tras encabezar reuni\u00f3n del Consejo de Seguridad y Defensa Nacional. El presidente Luis Abinader instruy\u00f3 a los ministros de la presidencia; Hacienda y Econom\u00eda; Industria, Comercio y MiPymes, a realizar consultas con los diversos sectores, productivos, pol\u00edticos y sociales nacionales para alcanzar un\u2026","rel":"","context":"En \u00abECONOM\u00cdA\u00bb","block_context":{"text":"ECONOM\u00cdA","link":"https:\/\/lasprimeras.com.do\/index.php\/category\/economia\/"},"img":{"alt_text":"","src":"https:\/\/i0.wp.com\/lasprimeras.com.do\/wp-content\/uploads\/2026\/04\/Luis-1.jpg?resize=350%2C200&ssl=1","width":350,"height":200,"srcset":"https:\/\/i0.wp.com\/lasprimeras.com.do\/wp-content\/uploads\/2026\/04\/Luis-1.jpg?resize=350%2C200&ssl=1 1x, https:\/\/i0.wp.com\/lasprimeras.com.do\/wp-content\/uploads\/2026\/04\/Luis-1.jpg?resize=525%2C300&ssl=1 1.5x, https:\/\/i0.wp.com\/lasprimeras.com.do\/wp-content\/uploads\/2026\/04\/Luis-1.jpg?resize=700%2C400&ssl=1 2x, https:\/\/i0.wp.com\/lasprimeras.com.do\/wp-content\/uploads\/2026\/04\/Luis-1.jpg?resize=1050%2C600&ssl=1 3x"},"classes":[]},{"id":108759,"url":"https:\/\/lasprimeras.com.do\/index.php\/2025\/09\/10\/abinader-destaca-madurez-politica-de-republica-dominicana-en-dialogo-de-alto-nivel-sobre-haiti\/","url_meta":{"origin":102371,"position":5},"title":"Abinader destaca madurez pol\u00edtica de Rep\u00fablica Dominicana en di\u00e1logo de alto nivel sobre Hait\u00ed","author":"Nelson Feliz","date":"10 de septiembre de 2025","format":false,"excerpt":"El mandatario abordar\u00e1 el abandono de la comunidad internacional ante crisis haitiana en su intervenci\u00f3n en la Asamblea General de la ONU. El presidente Luis Abinader felicit\u00f3 y agradeci\u00f3 al liderazgo pol\u00edtico dominicano por su participaci\u00f3n en el di\u00e1logo de alto nivel sobre la crisis en Hait\u00ed, convocado por el\u2026","rel":"","context":"En \u00abNACIONALES\u00bb","block_context":{"text":"NACIONALES","link":"https:\/\/lasprimeras.com.do\/index.php\/category\/nacionales\/"},"img":{"alt_text":"Luis Abinader","src":"https:\/\/i0.wp.com\/lasprimeras.com.do\/wp-content\/uploads\/2025\/07\/Luis-Abinader-9.jpg?resize=350%2C200&ssl=1","width":350,"height":200,"srcset":"https:\/\/i0.wp.com\/lasprimeras.com.do\/wp-content\/uploads\/2025\/07\/Luis-Abinader-9.jpg?resize=350%2C200&ssl=1 1x, https:\/\/i0.wp.com\/lasprimeras.com.do\/wp-content\/uploads\/2025\/07\/Luis-Abinader-9.jpg?resize=525%2C300&ssl=1 1.5x, https:\/\/i0.wp.com\/lasprimeras.com.do\/wp-content\/uploads\/2025\/07\/Luis-Abinader-9.jpg?resize=700%2C400&ssl=1 2x"},"classes":[]}],"jetpack_sharing_enabled":true,"_links":{"self":[{"href":"https:\/\/lasprimeras.com.do\/index.php\/wp-json\/wp\/v2\/posts\/102371","targetHints":{"allow":["GET"]}}],"collection":[{"href":"https:\/\/lasprimeras.com.do\/index.php\/wp-json\/wp\/v2\/posts"}],"about":[{"href":"https:\/\/lasprimeras.com.do\/index.php\/wp-json\/wp\/v2\/types\/post"}],"author":[{"embeddable":true,"href":"https:\/\/lasprimeras.com.do\/index.php\/wp-json\/wp\/v2\/users\/2"}],"replies":[{"embeddable":true,"href":"https:\/\/lasprimeras.com.do\/index.php\/wp-json\/wp\/v2\/comments?post=102371"}],"version-history":[{"count":1,"href":"https:\/\/lasprimeras.com.do\/index.php\/wp-json\/wp\/v2\/posts\/102371\/revisions"}],"predecessor-version":[{"id":102373,"href":"https:\/\/lasprimeras.com.do\/index.php\/wp-json\/wp\/v2\/posts\/102371\/revisions\/102373"}],"wp:featuredmedia":[{"embeddable":true,"href":"https:\/\/lasprimeras.com.do\/index.php\/wp-json\/wp\/v2\/media\/102372"}],"wp:attachment":[{"href":"https:\/\/lasprimeras.com.do\/index.php\/wp-json\/wp\/v2\/media?parent=102371"}],"wp:term":[{"taxonomy":"category","embeddable":true,"href":"https:\/\/lasprimeras.com.do\/index.php\/wp-json\/wp\/v2\/categories?post=102371"},{"taxonomy":"post_tag","embeddable":true,"href":"https:\/\/lasprimeras.com.do\/index.php\/wp-json\/wp\/v2\/tags?post=102371"}],"curies":[{"name":"wp","href":"https:\/\/api.w.org\/{rel}","templated":true}]}}