{"id":102390,"date":"2025-07-04T07:04:45","date_gmt":"2025-07-04T11:04:45","guid":{"rendered":"https:\/\/lasprimeras.com.do\/?p=102390"},"modified":"2025-07-04T07:04:47","modified_gmt":"2025-07-04T11:04:47","slug":"mas-de-20-heridos-uno-de-ellos-de-gravedad-por-volcadura-de-autobus-en-alemania","status":"publish","type":"post","link":"https:\/\/lasprimeras.com.do\/index.php\/2025\/07\/04\/mas-de-20-heridos-uno-de-ellos-de-gravedad-por-volcadura-de-autobus-en-alemania\/","title":{"rendered":"M\u00e1s de 20 heridos, uno de ellos de gravedad, por volcadura de autob\u00fas en Alemania"},"content":{"rendered":"\n<p>BERL\u00cdN (AP) \u2014 Un autob\u00fas que transportaba viajeros de Dinamarca a Austria se sali\u00f3 de la carretera en el norte de Alemania y volc\u00f3 el viernes, hiriendo a m\u00e1s de 20 personas, incluida una de gravedad, inform\u00f3 la polic\u00eda.<\/p>\n\n\n\n<p>El autob\u00fas, operado por Flixbus, sali\u00f3 de la autopista Autobahn en las primeras horas de la ma\u00f1ana en un intercambio vial que conduce a la ciudad de R\u00f6bel, a unos 140 kil\u00f3metros (85 millas) al norte de Berl\u00edn, indic\u00f3 la polic\u00eda.<\/p>\n\n\n\n<p>La causa del incidente estaba bajo investigaci\u00f3n.<\/p>\n\n\n\n<p>Seg\u00fan Flixbus, 23 personas resultaron heridas en el autob\u00fas que transportaba a 53 pasajeros y dos conductores de Copenhague a Viena. Los rescatistas tardaron alrededor de dos horas en extraer a una v\u00edctima gravemente herida.<\/p>\n\n\n\n<p>Los servicios de emergencia, el cuerpo de bomberos y un helic\u00f3ptero de rescate respondieron al incidente. Las autoridades cerraron el \u00e1rea de la carretera durante toda la ma\u00f1ana del viernes.<\/p>\n\n\n\n<p>Flixbus expres\u00f3 su \u201cgran consternaci\u00f3n\u201d por la volcadura del autob\u00fas y manifest\u00f3 que estaba trabajando con las autoridades para determinar la causa del incidente.<\/p>\n","protected":false},"excerpt":{"rendered":"<p>BERL\u00cdN (AP) \u2014 Un autob\u00fas que transportaba viajeros de Dinamarca a Austria se sali\u00f3 de la carretera en el norte de Alemania y volc\u00f3 el viernes, hiriendo a m\u00e1s de&hellip;<\/p>\n","protected":false},"author":10,"featured_media":102391,"comment_status":"open","ping_status":"open","sticky":false,"template":"","format":"standard","meta":{"content-type":"","jetpack_post_was_ever_published":false,"_jetpack_newsletter_access":"","_jetpack_dont_email_post_to_subs":false,"_jetpack_newsletter_tier_id":0,"_jetpack_memberships_contains_paywalled_content":false,"_jetpack_memberships_contains_paid_content":false,"footnotes":""},"categories":[16289],"tags":[1494,2709,5120,21185,21186],"class_list":["post-102390","post","type-post","status-publish","format-standard","has-post-thumbnail","hentry","category-internacionales","tag-alemania","tag-autobus","tag-gravedad","tag-mas-de-20-heridos","tag-volcadura"],"jetpack_featured_media_url":"https:\/\/lasprimeras.com.do\/wp-content\/uploads\/2025\/07\/autobus.jpg","jetpack-related-posts":[{"id":98082,"url":"https:\/\/lasprimeras.com.do\/index.php\/2025\/05\/01\/doce-muertos-en-filipinas-tras-choque-de-autobus-de-pasajeros-contra-vehiculos-en-un-peaje\/","url_meta":{"origin":102390,"position":0},"title":"Doce muertos en Filipinas tras choque de autob\u00fas de pasajeros contra veh\u00edculos en un peaje","author":"Nelson Feliz","date":"1 de mayo de 2025","format":false,"excerpt":"MANILA, Filipinas (AP) \u2014 Al menos 12 personas, entre las que hab\u00eda menores, fallecieron el jueves cuando un autob\u00fas de pasajeros que circulaba a gran velocidad choc\u00f3 contra una fila de veh\u00edculos en un peaje de una autopista en el norte de Filipinas, dijo la polic\u00eda. M\u00e1s de dos docenas\u2026","rel":"","context":"En \u00abINTERNACIONALES\u00bb","block_context":{"text":"INTERNACIONALES","link":"https:\/\/lasprimeras.com.do\/index.php\/category\/sin-categoria\/internacionales\/"},"img":{"alt_text":"","src":"https:\/\/i0.wp.com\/lasprimeras.com.do\/wp-content\/uploads\/2025\/05\/Accidente-en-Filipinas.jpg?resize=350%2C200&ssl=1","width":350,"height":200,"srcset":"https:\/\/i0.wp.com\/lasprimeras.com.do\/wp-content\/uploads\/2025\/05\/Accidente-en-Filipinas.jpg?resize=350%2C200&ssl=1 1x, https:\/\/i0.wp.com\/lasprimeras.com.do\/wp-content\/uploads\/2025\/05\/Accidente-en-Filipinas.jpg?resize=525%2C300&ssl=1 1.5x, https:\/\/i0.wp.com\/lasprimeras.com.do\/wp-content\/uploads\/2025\/05\/Accidente-en-Filipinas.jpg?resize=700%2C400&ssl=1 2x, https:\/\/i0.wp.com\/lasprimeras.com.do\/wp-content\/uploads\/2025\/05\/Accidente-en-Filipinas.jpg?resize=1050%2C600&ssl=1 3x"},"classes":[]},{"id":55486,"url":"https:\/\/lasprimeras.com.do\/index.php\/2023\/07\/21\/accidente-multiple-en-navarrete-deja-10-heridos-ninguno-de-gravedad\/","url_meta":{"origin":102390,"position":1},"title":"Accidente m\u00faltiple en Navarrete deja 10 heridos; ninguno de gravedad","author":"Nelson Feliz","date":"21 de julio de 2023","format":false,"excerpt":"El accidente se habr\u00eda producido luego de que una guagua que transportaba ajuares se la habr\u00eda \u201csalido un colch\u00f3n\u201d. Diez personas resultaron heridas en la tarde de este jueves luego de que se registrara un accidente m\u00faltiple en la autopista Joaqu\u00edn Balaguer, en la entrada de la comunidad Estancia del\u2026","rel":"","context":"En \u00abNACIONALES\u00bb","block_context":{"text":"NACIONALES","link":"https:\/\/lasprimeras.com.do\/index.php\/category\/nacionales\/"},"img":{"alt_text":"camion volcado","src":"https:\/\/i0.wp.com\/lasprimeras.com.do\/wp-content\/uploads\/2023\/07\/camion-volcado.jpeg?resize=350%2C200&ssl=1","width":350,"height":200,"srcset":"https:\/\/i0.wp.com\/lasprimeras.com.do\/wp-content\/uploads\/2023\/07\/camion-volcado.jpeg?resize=350%2C200&ssl=1 1x, https:\/\/i0.wp.com\/lasprimeras.com.do\/wp-content\/uploads\/2023\/07\/camion-volcado.jpeg?resize=525%2C300&ssl=1 1.5x, https:\/\/i0.wp.com\/lasprimeras.com.do\/wp-content\/uploads\/2023\/07\/camion-volcado.jpeg?resize=700%2C400&ssl=1 2x"},"classes":[]},{"id":52555,"url":"https:\/\/lasprimeras.com.do\/index.php\/2023\/06\/11\/al-menos-diez-muertos-y-once-heridos-tras-volcar-un-autobus-en-australia\/","url_meta":{"origin":102390,"position":2},"title":"Al menos diez muertos y once heridos tras volcar un autob\u00fas en Australia","author":"prenxa100","date":"11 de junio de 2023","format":false,"excerpt":"Al menos diez personas han muerto y once resultaron heridas al volcar el autob\u00fas en el que viajaban en la localidad de Greta, a unos 180 kil\u00f3metros al norte de la ciudad de S\u00eddney, informaron este lunes fuentes policiales. La Polic\u00eda de la regi\u00f3n de Nueva Gales del Sur explic\u00f3\u2026","rel":"","context":"En \u00abSin categor\u00eda\u00bb","block_context":{"text":"Sin categor\u00eda","link":"https:\/\/lasprimeras.com.do\/index.php\/category\/sin-categoria\/"},"img":{"alt_text":"","src":"","width":0,"height":0},"classes":[]},{"id":94202,"url":"https:\/\/lasprimeras.com.do\/index.php\/2025\/02\/26\/un-accidente-de-bus-en-el-este-de-tailandia-deja-18-fallecidos\/","url_meta":{"origin":102390,"position":3},"title":"Un accidente de bus en el este de Tailandia deja 18 fallecidos","author":"Nelson Feliz","date":"26 de febrero de 2025","format":false,"excerpt":"BANGKOK (AP) \u2014 Un autob\u00fas alquilado volc\u00f3 causando 18 muertos y 31 heridos en la madrugada del mi\u00e9rcoles en el este de Tailandia, informaron las autoridades. El accidente ocurri\u00f3 en la provincia de Prachinburi durante un trayecto nocturno desde el norte de Tailandia hacia la provincia costera de Rayong para\u2026","rel":"","context":"En \u00abINTERNACIONALES\u00bb","block_context":{"text":"INTERNACIONALES","link":"https:\/\/lasprimeras.com.do\/index.php\/category\/sin-categoria\/internacionales\/"},"img":{"alt_text":"","src":"https:\/\/i0.wp.com\/lasprimeras.com.do\/wp-content\/uploads\/2025\/02\/ACCIDENTE.png?resize=350%2C200&ssl=1","width":350,"height":200,"srcset":"https:\/\/i0.wp.com\/lasprimeras.com.do\/wp-content\/uploads\/2025\/02\/ACCIDENTE.png?resize=350%2C200&ssl=1 1x, https:\/\/i0.wp.com\/lasprimeras.com.do\/wp-content\/uploads\/2025\/02\/ACCIDENTE.png?resize=525%2C300&ssl=1 1.5x, https:\/\/i0.wp.com\/lasprimeras.com.do\/wp-content\/uploads\/2025\/02\/ACCIDENTE.png?resize=700%2C400&ssl=1 2x"},"classes":[]},{"id":55518,"url":"https:\/\/lasprimeras.com.do\/index.php\/2023\/07\/22\/al-menos-10-migrantes-muertos-y-30-heridos-al-despenarse-autobus-en-colombia\/","url_meta":{"origin":102390,"position":4},"title":"Al menos 10 migrantes muertos y 30 heridos al despe\u00f1arse autob\u00fas en Colombia","author":"Nelson Feliz","date":"22 de julio de 2023","format":false,"excerpt":"COLOMBIA.- Al menos diez personas han muerto y otras 30 se encuentran heridas al despe\u00f1arse este s\u00e1bado un autob\u00fas repleto de migrantes cerca de la ciudad colombiana de Bucaramanga, en el norte del pa\u00eds. Hasta 40 personas viajaban en el autob\u00fas, propiedad de la empresa Brasilia, en direcci\u00f3n a Valledupar\u2026","rel":"","context":"En \u00abSin categor\u00eda\u00bb","block_context":{"text":"Sin categor\u00eda","link":"https:\/\/lasprimeras.com.do\/index.php\/category\/sin-categoria\/"},"img":{"alt_text":"","src":"https:\/\/i0.wp.com\/lasprimeras.com.do\/wp-content\/uploads\/2023\/07\/ambulancia-222.jpg?resize=350%2C200&ssl=1","width":350,"height":200,"srcset":"https:\/\/i0.wp.com\/lasprimeras.com.do\/wp-content\/uploads\/2023\/07\/ambulancia-222.jpg?resize=350%2C200&ssl=1 1x, https:\/\/i0.wp.com\/lasprimeras.com.do\/wp-content\/uploads\/2023\/07\/ambulancia-222.jpg?resize=525%2C300&ssl=1 1.5x"},"classes":[]},{"id":59957,"url":"https:\/\/lasprimeras.com.do\/index.php\/2023\/09\/09\/imagenes-fuertes-asistencia-del-9-1-1-a-accidente-de-transito-entre-dos-autobuses-de-transporte-de-personal\/","url_meta":{"origin":102390,"position":5},"title":"Im\u00e1genes Fuertes: Asistencia del 9-1-1 a accidente de tr\u00e1nsito entre dos autobuses de transporte de personal","author":"Nelson Feliz","date":"9 de septiembre de 2023","format":false,"excerpt":"Accidente en Hig\u00fcey deja cuatro muertos y 17 heridos Al menos cuatro personas murieron y 17 resultaron heridas durante un accidente de tr\u00e1nsito entre dos dos autobuses que transportaban empleados de dos cadenas hoteleras de B\u00e1varo. El fatal accidente se registr\u00f3 pasadas las 6:00 de la ma\u00f1ana de este s\u00e1bado\u2026","rel":"","context":"En \u00abNACIONALES\u00bb","block_context":{"text":"NACIONALES","link":"https:\/\/lasprimeras.com.do\/index.php\/category\/nacionales\/"},"img":{"alt_text":"","src":"https:\/\/i0.wp.com\/lasprimeras.com.do\/wp-content\/uploads\/2023\/09\/accidentes-2.jpg?resize=350%2C200&ssl=1","width":350,"height":200,"srcset":"https:\/\/i0.wp.com\/lasprimeras.com.do\/wp-content\/uploads\/2023\/09\/accidentes-2.jpg?resize=350%2C200&ssl=1 1x, https:\/\/i0.wp.com\/lasprimeras.com.do\/wp-content\/uploads\/2023\/09\/accidentes-2.jpg?resize=525%2C300&ssl=1 1.5x, https:\/\/i0.wp.com\/lasprimeras.com.do\/wp-content\/uploads\/2023\/09\/accidentes-2.jpg?resize=700%2C400&ssl=1 2x"},"classes":[]}],"jetpack_sharing_enabled":true,"_links":{"self":[{"href":"https:\/\/lasprimeras.com.do\/index.php\/wp-json\/wp\/v2\/posts\/102390","targetHints":{"allow":["GET"]}}],"collection":[{"href":"https:\/\/lasprimeras.com.do\/index.php\/wp-json\/wp\/v2\/posts"}],"about":[{"href":"https:\/\/lasprimeras.com.do\/index.php\/wp-json\/wp\/v2\/types\/post"}],"author":[{"embeddable":true,"href":"https:\/\/lasprimeras.com.do\/index.php\/wp-json\/wp\/v2\/users\/10"}],"replies":[{"embeddable":true,"href":"https:\/\/lasprimeras.com.do\/index.php\/wp-json\/wp\/v2\/comments?post=102390"}],"version-history":[{"count":1,"href":"https:\/\/lasprimeras.com.do\/index.php\/wp-json\/wp\/v2\/posts\/102390\/revisions"}],"predecessor-version":[{"id":102392,"href":"https:\/\/lasprimeras.com.do\/index.php\/wp-json\/wp\/v2\/posts\/102390\/revisions\/102392"}],"wp:featuredmedia":[{"embeddable":true,"href":"https:\/\/lasprimeras.com.do\/index.php\/wp-json\/wp\/v2\/media\/102391"}],"wp:attachment":[{"href":"https:\/\/lasprimeras.com.do\/index.php\/wp-json\/wp\/v2\/media?parent=102390"}],"wp:term":[{"taxonomy":"category","embeddable":true,"href":"https:\/\/lasprimeras.com.do\/index.php\/wp-json\/wp\/v2\/categories?post=102390"},{"taxonomy":"post_tag","embeddable":true,"href":"https:\/\/lasprimeras.com.do\/index.php\/wp-json\/wp\/v2\/tags?post=102390"}],"curies":[{"name":"wp","href":"https:\/\/api.w.org\/{rel}","templated":true}]}}