{"id":102393,"date":"2025-07-04T07:12:34","date_gmt":"2025-07-04T11:12:34","guid":{"rendered":"https:\/\/lasprimeras.com.do\/?p=102393"},"modified":"2025-07-04T07:12:36","modified_gmt":"2025-07-04T11:12:36","slug":"llega-el-primer-grupo-de-inmigrantes-a-centro-de-detencion-en-los-everglades-de-florida","status":"publish","type":"post","link":"https:\/\/lasprimeras.com.do\/index.php\/2025\/07\/04\/llega-el-primer-grupo-de-inmigrantes-a-centro-de-detencion-en-los-everglades-de-florida\/","title":{"rendered":"Llega el primer grupo de inmigrantes a centro de detenci\u00f3n en los Everglades de Florida"},"content":{"rendered":"\n<p>POR CURT ANDERSON and KATE PAYNE<\/p>\n\n\n\n<p>Ha llegado el primer grupo de inmigrantes a un nuevo centro de detenci\u00f3n en los Everglades de Florida que los funcionarios han apodado \u201cAlcatraz con Caimanes\u201d, inform\u00f3 un portavoz del fiscal general republicano del estado.<\/p>\n\n\n\n<p>\u201cHay personas all\u00ed&#8221;, afirm\u00f3 Jae Williams, portavoz del fiscal general James Uthmeier, a The Associated Press. No proporcion\u00f3 de inmediato m\u00e1s detalles sobre el n\u00famero de detenidos o cu\u00e1ndo llegaron.<\/p>\n\n\n\n<p>\u201cPr\u00f3xima parada: de regreso a donde vinieron\u201d, escribi\u00f3 Uthmeier en la plataforma de redes sociales X el mi\u00e9rcoles. Se le ha acreditado como el arquitecto detr\u00e1s de la propuesta de los Everglades.<\/p>\n\n\n\n<p>\u201cLevantado en tiempo r\u00e9cord bajo el liderazgo de @GovRonDeSantis y en coordinaci\u00f3n con @DHSgov y @ICEgov, Florida est\u00e1 orgullosa de ayudar a facilitar la misi\u00f3n de @realDonaldTrump para hacer cumplir la ley de inmigraci\u00f3n\u201d, public\u00f3 la cuenta de la Divisi\u00f3n de Manejo de Emergencias de Florida en la plataforma de redes sociales X el jueves.<\/p>\n\n\n\n<p>Las solicitudes de informaci\u00f3n adicional a la oficina del gobernador republicano Ron DeSantis y a la agencia de emergencias, que est\u00e1 construyendo el sitio, no hab\u00edan sido respondidas temprano en la tarde del jueves.<\/p>\n\n\n\n<p>La instalaci\u00f3n, en un aeropuerto utilizado para entrenamiento, tendr\u00e1 una capacidad inicial de aproximadamente 3.000 detenidos, indic\u00f3 DeSantis. El centro fue construido en ocho d\u00edas y cuenta con m\u00e1s de 200 c\u00e1maras de seguridad, m\u00e1s de 8.500 metros (28.000 pies) de alambre de p\u00faas y 400 personal de seguridad.<\/p>\n\n\n\n<p>Los inmigrantes que sean arrestados en Florida bajo el programa 287(g) del gobierno federal ser\u00e1n llevados a la instalaci\u00f3n, seg\u00fan un funcionario de la administraci\u00f3n Trump.<\/p>\n\n\n\n<p>El programa es dirigido por Inmigraci\u00f3n y Control de Aduanas y permite a los oficiales de polic\u00eda interrogar a los inmigrantes bajo su custodia y detenerlos para una posible deportaci\u00f3n.<\/p>\n\n\n\n<p>Se espera que la instalaci\u00f3n se expanda en incrementos de 500 camas hasta que tenga un estimado de 5.000 camas para principios de julio.<\/p>\n\n\n\n<p>Un grupo de legisladores dem\u00f3cratas del estado de Florida se dirigi\u00f3 a la instalaci\u00f3n el jueves para realizar \u201cuna visita legislativa oficial\u201d, citando preocupaciones sobre las condiciones para los detenidos y la adjudicaci\u00f3n de millones de d\u00f3lares en contratos estatales para la construcci\u00f3n.<\/p>\n\n\n\n<p>\u201cComo legisladores, tenemos tanto el derecho legal como la responsabilidad moral de inspeccionar este sitio, exigir respuestas y exponer este abuso antes de que se convierta en el modelo nacional\u201d, dijeron los legisladores en una declaraci\u00f3n conjunta antes de la visita.<\/p>\n\n\n\n<p>Las agencias federales se\u00f1alaron su oposici\u00f3n el jueves a una demanda presentada por grupos ambientalistas que buscan detener las operaciones en el centro de detenci\u00f3n.<br>Aunque Trump aplaudi\u00f3 el centro durante una visita oficial a principios de esta semana, la presentaci\u00f3n en nombre del Departamento de Seguridad Nacional pareci\u00f3 intentar distanciar a su administraci\u00f3n de la instalaci\u00f3n, y dijo que hasta la fecha no se ha gastado dinero federal en ella.<\/p>\n\n\n\n<p>\u201cEl Departamento de Seguridad Nacional no ha implementado, autorizado, dirigido ni financiado el centro de detenci\u00f3n temporal de Florida. Florida est\u00e1 construyendo y operando la instalaci\u00f3n utilizando fondos estatales en tierras estatales bajo la autoridad de emergencia estatal y una delegaci\u00f3n general preexistente de autoridad federal para implementar funciones de inmigraci\u00f3n\u201d, dice la presentaci\u00f3n.<\/p>\n\n\n\n<p>Grupos de derechos humanos y tribus nativas tambi\u00e9n han protestado contra el centro, argumentando que es una amenaza para el fr\u00e1gil sistema de los Everglades, ser\u00eda cruel para los detenidos debido al calor y los mosquitos, y est\u00e1 en tierras que las tribus consideran sagradas.<\/p>\n\n\n\n<p>Tambi\u00e9n est\u00e1 ubicado en un lugar propenso a lluvias intensas frecuentes, que causaron algunas inundaciones en las tiendas de campa\u00f1a el martes durante una visita del presidente Donald Trump para marcar su apertura.<\/p>\n\n\n\n<p>Los funcionarios estatales dicen que el complejo puede soportar un hurac\u00e1n de categor\u00eda 2, que tiene vientos de entre 154 y 177 kph (96 y 110 mph), y que los contratistas trabajaron durante la noche para reforzar las \u00e1reas donde ocurri\u00f3 la inundaci\u00f3n.<\/p>\n\n\n\n<p>Seg\u00fan im\u00e1genes compartidas con AP, durante la noche del mi\u00e9rcoles, trabajadores colocaron nuevos letreros etiquetados \u201cAlcatraz con Caimanes\u201d a lo largo de la \u00fanica carretera que conduce al sitio y fuera de la entrada del aer\u00f3dromo que ha sido conocido como el Aeropuerto de Entrenamiento y Transici\u00f3n Dade-Collier.<\/p>\n\n\n\n<p>Los funcionarios estatales se apoderaron de las tierras del condado donde se encuentra la instalaci\u00f3n utilizando poderes de emergencia autorizados por una orden ejecutiva emitida por el gobernador.<\/p>\n\n\n\n<p>DeSantis y otros funcionarios estatales dicen que ubicar la instalaci\u00f3n en los rudos y remotos Everglades de Florida est\u00e1 destinado a ser un elemento disuasorio, y nombrarlo en honor a la notoria prisi\u00f3n federal de Alcatraz, una fortaleza isle\u00f1a conocida por sus brutales condiciones, busca enviar precisamente ese mensaje.<\/p>\n\n\n\n<p>Es otra se\u00f1al de c\u00f3mo la administraci\u00f3n Trump y sus aliados est\u00e1n confiando en t\u00e1cticas de miedo para tratar de persuadir a las personas en el pa\u00eds ilegalmente a que se vayan voluntariamente.<\/p>\n\n\n\n<p>Funcionarios estatales y federales han promocionado los planes en las redes sociales y en medios conservadores, compartiendo un meme de un complejo rodeado de alambre de p\u00faas y \u201cvigilado\u201d por caimanes con sombreros etiquetados \u201cICE\u201d para Inmigraci\u00f3n y Control de Aduanas.<\/p>\n\n\n\n<p>El Partido Republicano de Florida ha comenzado a recaudar fondos con el centro de detenci\u00f3n, vendiendo camisetas y enfriadores de cerveza con el nombre de la instalaci\u00f3n.<\/p>\n","protected":false},"excerpt":{"rendered":"<p>POR CURT ANDERSON and KATE PAYNE Ha llegado el primer grupo de inmigrantes a un nuevo centro de detenci\u00f3n en los Everglades de Florida que los funcionarios han apodado \u201cAlcatraz&hellip;<\/p>\n","protected":false},"author":10,"featured_media":102394,"comment_status":"open","ping_status":"open","sticky":false,"template":"","format":"standard","meta":{"content-type":"","jetpack_post_was_ever_published":false,"_jetpack_newsletter_access":"","_jetpack_dont_email_post_to_subs":false,"_jetpack_newsletter_tier_id":0,"_jetpack_memberships_contains_paywalled_content":false,"_jetpack_memberships_contains_paid_content":false,"footnotes":""},"categories":[16289],"tags":[21189,21188,108,102,21187],"class_list":["post-102393","post","type-post","status-publish","format-standard","has-post-thumbnail","hentry","category-internacionales","tag-centro-de-detencion","tag-everglades","tag-florida","tag-inmigrantes","tag-primer-grupo"],"jetpack_featured_media_url":"https:\/\/lasprimeras.com.do\/wp-content\/uploads\/2025\/07\/detencion.jpg","jetpack-related-posts":[{"id":102107,"url":"https:\/\/lasprimeras.com.do\/index.php\/2025\/07\/01\/trump-visitara-un-remoto-centro-de-detencion-de-inmigrantes-en-los-everglades-de-florida\/","url_meta":{"origin":102393,"position":0},"title":"Trump visitar\u00e1 un remoto centro de detenci\u00f3n de inmigrantes en los Everglades de Florida","author":"Nelson Feliz","date":"1 de julio de 2025","format":false,"excerpt":"Por WILL WEISSERT y ADRIANA GOMEZ LICON WASHINGTON (AP) \u2014 El presidente Donald Trump realizar\u00e1 un viaje de un d\u00eda a los Everglades de Florida el martes para ver de primera mano un nuevo centro de detenci\u00f3n de inmigrantes que, seg\u00fan la Casa Blanca, ser\u00e1 especialmente seguro dado que est\u00e1\u2026","rel":"","context":"En \u00abINTERNACIONALES\u00bb","block_context":{"text":"INTERNACIONALES","link":"https:\/\/lasprimeras.com.do\/index.php\/category\/sin-categoria\/internacionales\/"},"img":{"alt_text":"","src":"https:\/\/i0.wp.com\/lasprimeras.com.do\/wp-content\/uploads\/2025\/07\/Donald-Trump.jpg?resize=350%2C200&ssl=1","width":350,"height":200,"srcset":"https:\/\/i0.wp.com\/lasprimeras.com.do\/wp-content\/uploads\/2025\/07\/Donald-Trump.jpg?resize=350%2C200&ssl=1 1x, https:\/\/i0.wp.com\/lasprimeras.com.do\/wp-content\/uploads\/2025\/07\/Donald-Trump.jpg?resize=525%2C300&ssl=1 1.5x, https:\/\/i0.wp.com\/lasprimeras.com.do\/wp-content\/uploads\/2025\/07\/Donald-Trump.jpg?resize=700%2C400&ssl=1 2x"},"classes":[]},{"id":106832,"url":"https:\/\/lasprimeras.com.do\/index.php\/2025\/08\/19\/juez-desestima-parte-de-la-demanda-sobre-centro-de-detencion-migratoria-alcatraz-de-los-caimanes\/","url_meta":{"origin":102393,"position":1},"title":"Juez desestima parte de la demanda sobre centro de detenci\u00f3n migratoria \u201cAlcatraz de los caimanes\u201d","author":"Nelson Feliz","date":"19 de agosto de 2025","format":false,"excerpt":"POR DAVID FISCHER, MIKE SCHNEIDER and FREIDA FRISARO MIAMI (AP) \u2014 Un juez federal de Miami emiti\u00f3 una decisi\u00f3n dividida en una demanda sobre los derechos legales de los detenidos en un centro para inmigrantes, conocido como el \u201cAlcatraz de los caimanes\u201d, en los Everglades de Florida, desestimando parte de\u2026","rel":"","context":"En \u00abINTERNACIONALES\u00bb","block_context":{"text":"INTERNACIONALES","link":"https:\/\/lasprimeras.com.do\/index.php\/category\/sin-categoria\/internacionales\/"},"img":{"alt_text":"","src":"https:\/\/i0.wp.com\/lasprimeras.com.do\/wp-content\/uploads\/2025\/08\/CARCEL-ALCATRAZ.jpg?resize=350%2C200&ssl=1","width":350,"height":200,"srcset":"https:\/\/i0.wp.com\/lasprimeras.com.do\/wp-content\/uploads\/2025\/08\/CARCEL-ALCATRAZ.jpg?resize=350%2C200&ssl=1 1x, https:\/\/i0.wp.com\/lasprimeras.com.do\/wp-content\/uploads\/2025\/08\/CARCEL-ALCATRAZ.jpg?resize=525%2C300&ssl=1 1.5x, https:\/\/i0.wp.com\/lasprimeras.com.do\/wp-content\/uploads\/2025\/08\/CARCEL-ALCATRAZ.jpg?resize=700%2C400&ssl=1 2x"},"classes":[]},{"id":118128,"url":"https:\/\/lasprimeras.com.do\/index.php\/2025\/12\/22\/abogados-instan-a-jueza-a-visitar-centro-de-detencion-de-inmigrantes-en-florida\/","url_meta":{"origin":102393,"position":2},"title":"Abogados instan a jueza a visitar centro de detenci\u00f3n de inmigrantes en Florida","author":"Nelson Feliz","date":"22 de diciembre de 2025","format":false,"excerpt":"POR MIKE SCHNEIDER ORLANDO, Florida, EE.UU. (AP) \u2014 Abogados de los detenidos en un centro de detenci\u00f3n de inmigrantes en Florida conocido como \u201cAlcatraz con Caimanes\u201d pidieron a una jueza realizar una visita sorpresa a la instalaci\u00f3n para ver de primera mano si los reclusos est\u00e1n teniendo acceso a abogados.\u2026","rel":"","context":"En \u00abINTERNACIONALES\u00bb","block_context":{"text":"INTERNACIONALES","link":"https:\/\/lasprimeras.com.do\/index.php\/category\/sin-categoria\/internacionales\/"},"img":{"alt_text":"Camiones entran y salen del centro de detenci\u00f3n de inmigrantes \u201cAlcatraz de los Caimanes\u201d, el jueves 28 de agosto de 2025, en el condado de Collier, Florida. (AP Foto\/Rebecca Blackwell, Archivo)","src":"https:\/\/i0.wp.com\/lasprimeras.com.do\/wp-content\/uploads\/2025\/12\/carcel.jpg?resize=350%2C200&ssl=1","width":350,"height":200,"srcset":"https:\/\/i0.wp.com\/lasprimeras.com.do\/wp-content\/uploads\/2025\/12\/carcel.jpg?resize=350%2C200&ssl=1 1x, https:\/\/i0.wp.com\/lasprimeras.com.do\/wp-content\/uploads\/2025\/12\/carcel.jpg?resize=525%2C300&ssl=1 1.5x, https:\/\/i0.wp.com\/lasprimeras.com.do\/wp-content\/uploads\/2025\/12\/carcel.jpg?resize=700%2C400&ssl=1 2x"},"classes":[]},{"id":97293,"url":"https:\/\/lasprimeras.com.do\/index.php\/2025\/04\/18\/gobierno-de-trump-busca-expandir-significativamente-el-sistema-de-detencion-de-inmigrantes\/","url_meta":{"origin":102393,"position":3},"title":"Gobierno de Trump busca expandir significativamente el sistema de detenci\u00f3n de inmigrantes","author":"Nelson Feliz","date":"18 de abril de 2025","format":false,"excerpt":"POR SARA CLINE and KATE BRUMBACK JENA, Luisiana, EE.UU. (AP) \u2014 En medio de las granjas de cangrejos de r\u00edo, los imponentes pinos y las cafeter\u00edas que sirven po\u2019boys en la zona rural de Luisiana, alrededor de 7.000 personas se encuentran encerradas en centros de detenci\u00f3n de inmigrantes a la\u2026","rel":"","context":"En \u00abINTERNACIONALES\u00bb","block_context":{"text":"INTERNACIONALES","link":"https:\/\/lasprimeras.com.do\/index.php\/category\/sin-categoria\/internacionales\/"},"img":{"alt_text":"","src":"https:\/\/i0.wp.com\/lasprimeras.com.do\/wp-content\/uploads\/2025\/04\/Luisiana.jpg?resize=350%2C200&ssl=1","width":350,"height":200,"srcset":"https:\/\/i0.wp.com\/lasprimeras.com.do\/wp-content\/uploads\/2025\/04\/Luisiana.jpg?resize=350%2C200&ssl=1 1x, https:\/\/i0.wp.com\/lasprimeras.com.do\/wp-content\/uploads\/2025\/04\/Luisiana.jpg?resize=525%2C300&ssl=1 1.5x, https:\/\/i0.wp.com\/lasprimeras.com.do\/wp-content\/uploads\/2025\/04\/Luisiana.jpg?resize=700%2C400&ssl=1 2x"},"classes":[]},{"id":97655,"url":"https:\/\/lasprimeras.com.do\/index.php\/2025\/04\/25\/aumentan-las-denuncias-de-abusos-en-centro-de-detencion-migratorio-de-eeuu\/","url_meta":{"origin":102393,"position":4},"title":"Aumentan las denuncias de abusos en centro de detenci\u00f3n migratorio de EEUU","author":"Nelson Feliz","date":"25 de abril de 2025","format":false,"excerpt":"POR JOSHUA GOODMAN and GISELA SALOMON MIAMI (AP) \u2014 Cuando cientos de inmigrantes abarrotaron el Centro de Detenci\u00f3n Krome de Miami, en las afueras de los humedales del Parque Nacional Everglades de Florida, el temor de una revuelta se apoder\u00f3 del personal. Mientras el presidente Donald J. Trump buscaba cumplir\u2026","rel":"","context":"En \u00abINTERNACIONALES\u00bb","block_context":{"text":"INTERNACIONALES","link":"https:\/\/lasprimeras.com.do\/index.php\/category\/sin-categoria\/internacionales\/"},"img":{"alt_text":"","src":"https:\/\/i0.wp.com\/lasprimeras.com.do\/wp-content\/uploads\/2025\/04\/Centro-de-Detencion.jpg?resize=350%2C200&ssl=1","width":350,"height":200,"srcset":"https:\/\/i0.wp.com\/lasprimeras.com.do\/wp-content\/uploads\/2025\/04\/Centro-de-Detencion.jpg?resize=350%2C200&ssl=1 1x, https:\/\/i0.wp.com\/lasprimeras.com.do\/wp-content\/uploads\/2025\/04\/Centro-de-Detencion.jpg?resize=525%2C300&ssl=1 1.5x, https:\/\/i0.wp.com\/lasprimeras.com.do\/wp-content\/uploads\/2025\/04\/Centro-de-Detencion.jpg?resize=700%2C400&ssl=1 2x"},"classes":[]},{"id":103018,"url":"https:\/\/lasprimeras.com.do\/index.php\/2025\/07\/10\/legisladores-de-florida-demandan-a-desantis-tras-negarles-acceso-al-alcatraz-de-los-caimanes\/","url_meta":{"origin":102393,"position":5},"title":"Legisladores de Florida demandan a DeSantis tras negarles acceso al \u201cAlcatraz de los Caimanes\u201d","author":"Nelson Feliz","date":"10 de julio de 2025","format":false,"excerpt":"POR KATE PAYNE TALLAHASSEE, Florida, EE.UU. (AP) \u2014 Cinco legisladores estatales a quienes se les neg\u00f3 el acceso a un nuevo centro de detenci\u00f3n de inmigrantes construido por la administraci\u00f3n del gobernador Ron DeSantis en los Everglades de Florida presentaron una demanda contra el gobernador, argumentando que excedi\u00f3 su autoridad\u2026","rel":"","context":"En \u00abINTERNACIONALES\u00bb","block_context":{"text":"INTERNACIONALES","link":"https:\/\/lasprimeras.com.do\/index.php\/category\/sin-categoria\/internacionales\/"},"img":{"alt_text":"","src":"https:\/\/i0.wp.com\/lasprimeras.com.do\/wp-content\/uploads\/2025\/07\/Alcatraz-de-los-Caimanes.jpg?resize=350%2C200&ssl=1","width":350,"height":200,"srcset":"https:\/\/i0.wp.com\/lasprimeras.com.do\/wp-content\/uploads\/2025\/07\/Alcatraz-de-los-Caimanes.jpg?resize=350%2C200&ssl=1 1x, https:\/\/i0.wp.com\/lasprimeras.com.do\/wp-content\/uploads\/2025\/07\/Alcatraz-de-los-Caimanes.jpg?resize=525%2C300&ssl=1 1.5x, https:\/\/i0.wp.com\/lasprimeras.com.do\/wp-content\/uploads\/2025\/07\/Alcatraz-de-los-Caimanes.jpg?resize=700%2C400&ssl=1 2x"},"classes":[]}],"jetpack_sharing_enabled":true,"_links":{"self":[{"href":"https:\/\/lasprimeras.com.do\/index.php\/wp-json\/wp\/v2\/posts\/102393","targetHints":{"allow":["GET"]}}],"collection":[{"href":"https:\/\/lasprimeras.com.do\/index.php\/wp-json\/wp\/v2\/posts"}],"about":[{"href":"https:\/\/lasprimeras.com.do\/index.php\/wp-json\/wp\/v2\/types\/post"}],"author":[{"embeddable":true,"href":"https:\/\/lasprimeras.com.do\/index.php\/wp-json\/wp\/v2\/users\/10"}],"replies":[{"embeddable":true,"href":"https:\/\/lasprimeras.com.do\/index.php\/wp-json\/wp\/v2\/comments?post=102393"}],"version-history":[{"count":1,"href":"https:\/\/lasprimeras.com.do\/index.php\/wp-json\/wp\/v2\/posts\/102393\/revisions"}],"predecessor-version":[{"id":102395,"href":"https:\/\/lasprimeras.com.do\/index.php\/wp-json\/wp\/v2\/posts\/102393\/revisions\/102395"}],"wp:featuredmedia":[{"embeddable":true,"href":"https:\/\/lasprimeras.com.do\/index.php\/wp-json\/wp\/v2\/media\/102394"}],"wp:attachment":[{"href":"https:\/\/lasprimeras.com.do\/index.php\/wp-json\/wp\/v2\/media?parent=102393"}],"wp:term":[{"taxonomy":"category","embeddable":true,"href":"https:\/\/lasprimeras.com.do\/index.php\/wp-json\/wp\/v2\/categories?post=102393"},{"taxonomy":"post_tag","embeddable":true,"href":"https:\/\/lasprimeras.com.do\/index.php\/wp-json\/wp\/v2\/tags?post=102393"}],"curies":[{"name":"wp","href":"https:\/\/api.w.org\/{rel}","templated":true}]}}