{"id":102396,"date":"2025-07-04T07:27:10","date_gmt":"2025-07-04T11:27:10","guid":{"rendered":"https:\/\/lasprimeras.com.do\/?p=102396"},"modified":"2025-07-04T07:27:12","modified_gmt":"2025-07-04T11:27:12","slug":"el-boxeador-mexicano-julio-cesar-chavez-jr-arrestado-por-ingreso-ilegal-a-eeuu-sera-deportado","status":"publish","type":"post","link":"https:\/\/lasprimeras.com.do\/index.php\/2025\/07\/04\/el-boxeador-mexicano-julio-cesar-chavez-jr-arrestado-por-ingreso-ilegal-a-eeuu-sera-deportado\/","title":{"rendered":"El boxeador mexicano Julio C\u00e9sar Ch\u00e1vez Jr. arrestado por ingreso ilegal a EEUU. Ser\u00e1 deportado"},"content":{"rendered":"\n<p>POR JAIMIE DING and JULIE WATSON<\/p>\n\n\n\n<p>LOS \u00c1NGELES (AP) \u2014 Julio C\u00e9sar Ch\u00e1vez Jr., el hijo del hom\u00f3nimo y legendario boxeador mexicano, fue arrestado por exceder la duraci\u00f3n de su visa y mentir en una solicitud de \u201cgreen card\u201d, y ser\u00e1 deportado a M\u00e9xico, donde enfrenta cargos de crimen organizado, dijeron el jueves funcionarios federales de Estados Unidos.<\/p>\n\n\n\n<p>Su arresto se produjo apenas d\u00edas despu\u00e9s de que el excampe\u00f3n de peso mediano pele\u00f3 contra Jake Paul en Anaheim, California.<\/p>\n\n\n\n<p>El Departamento de Seguridad Nacional inform\u00f3 que los funcionarios determinaron que Ch\u00e1vez debi\u00f3 ser arrestado el 27 de junio, un d\u00eda antes de la pelea.<\/p>\n\n\n\n<p>No qued\u00f3 claro por qu\u00e9 esperaron para actuar hasta d\u00edas despu\u00e9s de la cartelera estelar.<\/p>\n\n\n\n<p>El boxeador de 39 a\u00f1os fue detenido por un gran n\u00famero de agentes federales mientras conduc\u00eda un scooter frente a su casa en Studio City, seg\u00fan el abogado de Ch\u00e1vez, Michael Goldstein.<\/p>\n\n\n\n<p>\u201cLas acusaciones actuales son indignantes y simplemente otro titular para aterrorizar a la comunidad\u201d, dijo Goldstein.<\/p>\n\n\n\n<p>Muchas personas en el sur de California est\u00e1n nerviosas, ya que los arrestos de inmigrantes se han intensificado, lo que ha provocado protestas y el despliegue federal de fuerzas de la Guardia Nacional e infantes de marina estadounidenses en el centro de Los \u00c1ngeles.<\/p>\n\n\n\n<p>Goldstein no sab\u00eda d\u00f3nde estaba detenido Ch\u00e1vez, pero dijo que deb\u00edan presentarse ante la corte el lunes en relaci\u00f3n con cargos por posesi\u00f3n de armas del a\u00f1o pasado, y que deb\u00edan proporcionar una actualizaci\u00f3n sobre su progreso en un programa contra el abuso de sustancias.<\/p>\n\n\n\n<p>La familia de Ch\u00e1vez emiti\u00f3 un comunicado por la tarde, para manifestarle apoyo, report\u00f3 el diario Los Angeles Times.<\/p>\n\n\n\n<p>\u201cTenemos plena confianza en su inocencia\u201d, reza el comunicado. \u201cCreemos firmemente que se seguir\u00e1 el debido curso para permitir que las autoridades competentes realicen su trabajo sin presiones externas ni especulaciones\u201d.<\/p>\n\n\n\n<p>Antes de su pelea sabatina contra Paul, Ch\u00e1vez hab\u00eda peleado s\u00f3lo una vez desde 2021.<br>Se ha visto involucrado en varios esc\u00e1ndalos durante una carrera box\u00edstica transcurrida a la sombra de su padre Julio C\u00e9sar Ch\u00e1vez, uno de los deportistas mexicanos m\u00e1s populares y exitosos en la historia.<\/p>\n\n\n\n<p>Ch\u00e1vez padre es miembro del Sal\u00f3n de la Fama del Boxeo Internacional. Gan\u00f3 t\u00edtulos en siete categor\u00edas diferentes.<\/p>\n\n\n\n<p>El hijo, quien ha luchado contra la adicci\u00f3n a varias drogas durante buena parte de su carrera, ha sido arrestado en repetidas ocasiones. En 2012, se le hall\u00f3 culpable de conducir ebrio en Los \u00c1ngeles y se le sentenci\u00f3 a 13 d\u00edas de c\u00e1rcel.<\/p>\n\n\n\n<p>En enero de 2024 fue detenido por cargos de armas. La polic\u00eda inform\u00f3 que el p\u00fagil pose\u00eda dos fusiles hechizos estilo AR. Se le liber\u00f3 m\u00e1s tarde con una fianza de 50.000 d\u00f3lares y con la condici\u00f3n de acudir a una instalaci\u00f3n para recibir tratamiento.<\/p>\n\n\n\n<p>El caso sigue pendiente, y Ch\u00e1vez reporta su progreso regularmente.<\/p>\n\n\n\n<p>Ch\u00e1vez suele pasar el tiempo en ambos pa\u00edses.<\/p>\n\n\n\n<p>El Departamento de Seguridad Nacional dijo que agentes de Inmigraci\u00f3n y Control de Aduanas detuvieron a Ch\u00e1vez por exceder la duraci\u00f3n de una visa de turista que expir\u00f3 en febrero de 2024, despu\u00e9s de que ingres\u00f3 al pa\u00eds en agosto de 2023.<\/p>\n\n\n\n<p>Los Servicios de Ciudadan\u00eda e Inmigraci\u00f3n de Estados Unidos alertaron a ICE sobre Ch\u00e1vez el a\u00f1o pasado, diciendo que \u201ces una amenaza flagrante para la seguridad p\u00fablica\u201d, pero de todas formas se le permiti\u00f3 regresar al pa\u00eds el 4 de enero, dijo la agencia.<\/p>\n\n\n\n<p>Los funcionarios indicaron que tambi\u00e9n tiene una orden de arresto activa en M\u00e9xico por su participaci\u00f3n en el crimen organizado y tr\u00e1fico de armas de fuego, municiones y explosivos y se sospecha que es un afiliado del C\u00e1rtel de Sinaloa.<\/p>\n\n\n\n<p>La Fiscal\u00eda General de M\u00e9xico inform\u00f3 que han iniciado procedimientos de extradici\u00f3n para \u201cJulio \u2018C\u2019\u201d, quien tiene una orden de arresto en M\u00e9xico desde marzo de 2023 por crimen organizado y tr\u00e1fico de armas.<\/p>\n\n\n\n<p>Un agente federal que habl\u00f3 bajo condici\u00f3n de anonimato porque no estaba autorizado para hablar p\u00fablicamente sobre el asunto confirm\u00f3 a The Associated Press que \u201cJulio C\u201d es Ch\u00e1vez Jr.<\/p>\n\n\n\n<p>Los agentes de ICE arrestaron a Ch\u00e1vez en Studio City, California, el 2 de julio.<\/p>\n\n\n\n<p>La administraci\u00f3n Trump dijo que Ch\u00e1vez solicit\u00f3 la \u201cgreen card\u201d el 2 de abril de 2024, tras su matrimonio con una ciudadana estadounidense, Frida Mu\u00f1oz, la expareja de \u00c9dgar Guzm\u00e1n L\u00f3pez, fallecido hijo de Joaqu\u00edn \u201cEl Chapo\u201d Guzm\u00e1n, el encarcelado capo del C\u00e1rtel de Sinaloa.<\/p>\n\n\n\n<p>La agencia dijo que Ch\u00e1vez hab\u00eda presentado m\u00faltiples declaraciones fraudulentas en su solicitud, lo que llev\u00f3 a su arresto.<\/p>\n\n\n\n<p>Ch\u00e1vez Jr. hab\u00eda peleado solo una vez desde 2021 antes de su combate con Paul el s\u00e1bado.<\/p>\n\n\n\n<p>Sufri\u00f3 m\u00faltiples derrotas durante una larga trayectoria box\u00edstica a la sombra de su padre, uno de los deportistas m\u00e1s queridos en la historia de M\u00e9xico, miembro del Sal\u00f3n de la Fama del Boxeo Internacional y que gan\u00f3 campeonatos en varias divisiones.<\/p>\n\n\n\n<p>Ch\u00e1vez Jr. arroj\u00f3 positivos en controles sobre consumo de drogas, cumpli\u00f3 suspensiones y no dio el peso de manera flagrante, siendo ampliamente criticado por su dedicaci\u00f3n apenas intermitente al deporte.<\/p>\n\n\n\n<p>Aun as\u00ed, gan\u00f3 el t\u00edtulo de peso mediano del CMB en 2011 y lo defendi\u00f3 en tres ocasiones. Ch\u00e1vez comparti\u00f3 el ring con grandes de la generaci\u00f3n como su compatriota Sa\u00fal \u201cCanelo\u201d \u00c1lvarez y el argentino Sergio \u201cMaravilla\u201d Mart\u00ednez, perdiendo contra ambos.<\/p>\n\n\n\n<p>Ch\u00e1vez fue a una cl\u00ednica de rehabilitaci\u00f3n en Sinaloa y afirm\u00f3 estar limpio para la pelea con Paul. Luci\u00f3 en su mejor forma en a\u00f1os mientras se preparaba para el combate.<\/p>\n\n\n\n<p>Durante una entrevista con Los Angeles Times antes de su pelea con Paul, el mexicnano dijo que \u00e9l y sus entrenadores estaban asustados por los arrestos migratorios.<\/p>\n\n\n\n<p>\u201cNo entiendo la situaci\u00f3n, \u00bfpor qu\u00e9 tanta violencia? Hay mucha gente buena, y le est\u00e1n dando a la comunidad un ejemplo de violencia\u201d, dijo Ch\u00e1vez. \u201cDespu\u00e9s de todo lo que ha pasado, no querr\u00eda ser deportado\u201d.<\/p>\n","protected":false},"excerpt":{"rendered":"<p>POR JAIMIE DING and JULIE WATSON LOS \u00c1NGELES (AP) \u2014 Julio C\u00e9sar Ch\u00e1vez Jr., el hijo del hom\u00f3nimo y legendario boxeador mexicano, fue arrestado por exceder la duraci\u00f3n de su&hellip;<\/p>\n","protected":false},"author":10,"featured_media":102397,"comment_status":"open","ping_status":"open","sticky":false,"template":"","format":"standard","meta":{"content-type":"","jetpack_post_was_ever_published":false,"_jetpack_newsletter_access":"","_jetpack_dont_email_post_to_subs":false,"_jetpack_newsletter_tier_id":0,"_jetpack_memberships_contains_paywalled_content":false,"_jetpack_memberships_contains_paid_content":false,"footnotes":""},"categories":[630],"tags":[10114,21191,7230,21192,21193,21190],"class_list":["post-102396","post","type-post","status-publish","format-standard","has-post-thumbnail","hentry","category-deportes","tag-arrestado","tag-boxeador-mexicano","tag-deportado","tag-eeuu-2","tag-ingreso-ilegal","tag-julio-cesar-chavez-jr"],"jetpack_featured_media_url":"https:\/\/lasprimeras.com.do\/wp-content\/uploads\/2025\/07\/Julio-Cesar-Chavez-Jr.jpg","jetpack-related-posts":[{"id":107207,"url":"https:\/\/lasprimeras.com.do\/index.php\/2025\/08\/24\/boxeador-julio-cesar-chavez-jr-abandona-carcel-del-norte-de-mexico-para-seguir-proceso-en-libertad\/","url_meta":{"origin":102396,"position":0},"title":"Boxeador Julio C\u00e9sar Ch\u00e1vez Jr. abandona c\u00e1rcel del norte de M\u00e9xico para seguir proceso en libertad","author":"Nelson Feliz","date":"24 de agosto de 2025","format":false,"excerpt":"POR FABIOLA S\u00c1NCHEZ CIUDAD DE M\u00c9XICO (AP) \u2014 El boxeador Julio C\u00e9sar Ch\u00e1vez Jr., hijo del legendario exp\u00fagil mexicano del mismo nombre, abandon\u00f3 el domingo una c\u00e1rcel federal en el estado de Sonora, en el norte del pa\u00eds, a donde ingres\u00f3 esta semana luego de ser deportado de Estados Unidos.\u2026","rel":"","context":"En \u00abDEPORTES\u00bb","block_context":{"text":"DEPORTES","link":"https:\/\/lasprimeras.com.do\/index.php\/category\/deportes\/"},"img":{"alt_text":"","src":"https:\/\/i0.wp.com\/lasprimeras.com.do\/wp-content\/uploads\/2025\/08\/chavez.jpg?resize=350%2C200&ssl=1","width":350,"height":200,"srcset":"https:\/\/i0.wp.com\/lasprimeras.com.do\/wp-content\/uploads\/2025\/08\/chavez.jpg?resize=350%2C200&ssl=1 1x, https:\/\/i0.wp.com\/lasprimeras.com.do\/wp-content\/uploads\/2025\/08\/chavez.jpg?resize=525%2C300&ssl=1 1.5x, https:\/\/i0.wp.com\/lasprimeras.com.do\/wp-content\/uploads\/2025\/08\/chavez.jpg?resize=700%2C400&ssl=1 2x"},"classes":[]},{"id":109054,"url":"https:\/\/lasprimeras.com.do\/index.php\/2025\/09\/14\/terence-crawford-hace-historia-con-victoria-sobre-canelo-alvarez-y-nuevo-monopolio-de-titulos\/","url_meta":{"origin":102396,"position":1},"title":"Terence Crawford hace historia con victoria sobre Canelo \u00c1lvarez y nuevo monopolio de t\u00edtulos","author":"Nelson Feliz","date":"14 de septiembre de 2025","format":false,"excerpt":"POR MARK ANDERSON LAS VEGAS (AP) \u2014 Terence Crawford se convirti\u00f3 en el primer boxeador en unificar los t\u00edtulos de tres divisiones diferentes, tras imponerse el s\u00e1bado por decisi\u00f3n un\u00e1nime a Sa\u00fal \u201cCanelo\u201d \u00c1lvarez para apoderarse de los cetros de los supermedianos. Ante una multitud r\u00e9cord de 70.482 espectadores, dos\u2026","rel":"","context":"En \u00abDEPORTES\u00bb","block_context":{"text":"DEPORTES","link":"https:\/\/lasprimeras.com.do\/index.php\/category\/deportes\/"},"img":{"alt_text":"","src":"https:\/\/i0.wp.com\/lasprimeras.com.do\/wp-content\/uploads\/2025\/09\/Terence-Crawford-hace-historia-con-victoria-sobre-Canelo-Alvarez-y-nuevo-monopolio-de-titulos.jpg?resize=350%2C200&ssl=1","width":350,"height":200,"srcset":"https:\/\/i0.wp.com\/lasprimeras.com.do\/wp-content\/uploads\/2025\/09\/Terence-Crawford-hace-historia-con-victoria-sobre-Canelo-Alvarez-y-nuevo-monopolio-de-titulos.jpg?resize=350%2C200&ssl=1 1x, https:\/\/i0.wp.com\/lasprimeras.com.do\/wp-content\/uploads\/2025\/09\/Terence-Crawford-hace-historia-con-victoria-sobre-Canelo-Alvarez-y-nuevo-monopolio-de-titulos.jpg?resize=525%2C300&ssl=1 1.5x, https:\/\/i0.wp.com\/lasprimeras.com.do\/wp-content\/uploads\/2025\/09\/Terence-Crawford-hace-historia-con-victoria-sobre-Canelo-Alvarez-y-nuevo-monopolio-de-titulos.jpg?resize=700%2C400&ssl=1 2x"},"classes":[]},{"id":48767,"url":"https:\/\/lasprimeras.com.do\/index.php\/2023\/05\/03\/arrestan-al-boxeador-deontay-wilder-en-ee-uu-por-posesion-de-un-arma-de-fuego\/","url_meta":{"origin":102396,"position":2},"title":"Arrestan al boxeador Deontay Wilder en EE.UU. por posesi\u00f3n de un arma de fuego","author":"prenxa100","date":"3 de mayo de 2023","format":false,"excerpt":"La detenci\u00f3n del excampe\u00f3n de los pesos pesados se dio despu\u00e9s de una parada de tr\u00e1nsito de rutina en la ciudad de Los \u00c1ngeles. Los \u00c1ngeles.-. El boxeador estadounidense Deontay Wilder fue arrestado por autoridades de la ciudad estadounidense de Los \u00c1ngeles despu\u00e9s de una revisi\u00f3n de tr\u00e1fico de rutina,\u2026","rel":"","context":"En \u00abSin categor\u00eda\u00bb","block_context":{"text":"Sin categor\u00eda","link":"https:\/\/lasprimeras.com.do\/index.php\/category\/sin-categoria\/"},"img":{"alt_text":"","src":"","width":0,"height":0},"classes":[]},{"id":89044,"url":"https:\/\/lasprimeras.com.do\/index.php\/2024\/09\/15\/canelo-alvarez-defiende-sus-titulos-ante-puertorriqueno-berlanga-que-prometio-noquearlo\/","url_meta":{"origin":102396,"position":3},"title":"&#8216;Canelo&#8217; \u00c1lvarez defiende sus t\u00edtulos ante puertorrique\u00f1o Berlanga, que prometi\u00f3 noquearlo","author":"Nelson Feliz","date":"15 de septiembre de 2024","format":false,"excerpt":"Redacci\u00f3n Deportes,(EFE).- El mexicano Sa\u00fal \u2018Canelo\u2019 \u00c1lvarez defender\u00e1 este s\u00e1bado los t\u00edtulos supermedianos de la Asociaci\u00f3n Mundial, la Organizaci\u00f3n Mundial y el Consejo Mundial de Boxeo ante el puertorrique\u00f1o Edgar Berlanga, que prometi\u00f3 en ser el primero en noquear al campe\u00f3n mexicano. En una pelea que busca revivir la rivalidad\u2026","rel":"","context":"En \u00abSin categor\u00eda\u00bb","block_context":{"text":"Sin categor\u00eda","link":"https:\/\/lasprimeras.com.do\/index.php\/category\/sin-categoria\/"},"img":{"alt_text":"","src":"https:\/\/i0.wp.com\/lasprimeras.com.do\/wp-content\/uploads\/2024\/09\/Saul-Canelo-Alvarez.jpg?resize=350%2C200&ssl=1","width":350,"height":200,"srcset":"https:\/\/i0.wp.com\/lasprimeras.com.do\/wp-content\/uploads\/2024\/09\/Saul-Canelo-Alvarez.jpg?resize=350%2C200&ssl=1 1x, https:\/\/i0.wp.com\/lasprimeras.com.do\/wp-content\/uploads\/2024\/09\/Saul-Canelo-Alvarez.jpg?resize=525%2C300&ssl=1 1.5x"},"classes":[]},{"id":91274,"url":"https:\/\/lasprimeras.com.do\/index.php\/2024\/11\/16\/la-afligida-declaracion-de-tyson-despues-de-la-pelea-con-jake-paul\/","url_meta":{"origin":102396,"position":4},"title":"La afligida declaraci\u00f3n de Tyson despu\u00e9s de la pelea con Jake Paul","author":"Nelson Feliz","date":"16 de noviembre de 2024","format":false,"excerpt":"La pelea m\u00e1s vista de la historia, la noche m\u00e1s triste de Iron Mike. Osvaldo Principi La tristeza es una de las sensaciones m\u00e1s agrias que puede vivir un espectador en una noche de boxeo. La tristeza, a qui\u00e9n nadie espera en su fiesta, puede transportar un combate pugil\u00edstico hacia\u2026","rel":"","context":"En \u00abENTRETENIMIENTO\u00bb","block_context":{"text":"ENTRETENIMIENTO","link":"https:\/\/lasprimeras.com.do\/index.php\/category\/entretenimiento\/"},"img":{"alt_text":"Mike Tyson y Jake Paul","src":"https:\/\/i0.wp.com\/lasprimeras.com.do\/wp-content\/uploads\/2024\/11\/Mike-Tyson-y-Jake-Paul-1.jpg?resize=350%2C200&ssl=1","width":350,"height":200,"srcset":"https:\/\/i0.wp.com\/lasprimeras.com.do\/wp-content\/uploads\/2024\/11\/Mike-Tyson-y-Jake-Paul-1.jpg?resize=350%2C200&ssl=1 1x, https:\/\/i0.wp.com\/lasprimeras.com.do\/wp-content\/uploads\/2024\/11\/Mike-Tyson-y-Jake-Paul-1.jpg?resize=525%2C300&ssl=1 1.5x, https:\/\/i0.wp.com\/lasprimeras.com.do\/wp-content\/uploads\/2024\/11\/Mike-Tyson-y-Jake-Paul-1.jpg?resize=700%2C400&ssl=1 2x"},"classes":[]},{"id":86689,"url":"https:\/\/lasprimeras.com.do\/index.php\/2024\/07\/30\/estatuas-de-hugo-chavez-en-venezuela-son-blanco-de-ataques-tras-elecciones\/","url_meta":{"origin":102396,"position":5},"title":"Estatuas de Hugo Ch\u00e1vez en Venezuela son blanco de ataques tras elecciones","author":"Nelson Feliz","date":"30 de julio de 2024","format":false,"excerpt":"By JOSHUA GOODMAN LA GUAIRA, Venezuela (AP) \u2014 Activistas antigubernamentales han hecho blanco de ataques y comenzaron a derribar esta semana algunas estatuas gigantes del expresidente venezolano Hugo Ch\u00e1vez en Venezuela, en un reflejo de su molestia luego de que las autoridades electorales dieran el triunfo de las elecciones al\u2026","rel":"","context":"En \u00abSin categor\u00eda\u00bb","block_context":{"text":"Sin categor\u00eda","link":"https:\/\/lasprimeras.com.do\/index.php\/category\/sin-categoria\/"},"img":{"alt_text":"","src":"https:\/\/i0.wp.com\/lasprimeras.com.do\/wp-content\/uploads\/2024\/07\/Estatuas.png?resize=350%2C200&ssl=1","width":350,"height":200,"srcset":"https:\/\/i0.wp.com\/lasprimeras.com.do\/wp-content\/uploads\/2024\/07\/Estatuas.png?resize=350%2C200&ssl=1 1x, https:\/\/i0.wp.com\/lasprimeras.com.do\/wp-content\/uploads\/2024\/07\/Estatuas.png?resize=525%2C300&ssl=1 1.5x, https:\/\/i0.wp.com\/lasprimeras.com.do\/wp-content\/uploads\/2024\/07\/Estatuas.png?resize=700%2C400&ssl=1 2x"},"classes":[]}],"jetpack_sharing_enabled":true,"_links":{"self":[{"href":"https:\/\/lasprimeras.com.do\/index.php\/wp-json\/wp\/v2\/posts\/102396","targetHints":{"allow":["GET"]}}],"collection":[{"href":"https:\/\/lasprimeras.com.do\/index.php\/wp-json\/wp\/v2\/posts"}],"about":[{"href":"https:\/\/lasprimeras.com.do\/index.php\/wp-json\/wp\/v2\/types\/post"}],"author":[{"embeddable":true,"href":"https:\/\/lasprimeras.com.do\/index.php\/wp-json\/wp\/v2\/users\/10"}],"replies":[{"embeddable":true,"href":"https:\/\/lasprimeras.com.do\/index.php\/wp-json\/wp\/v2\/comments?post=102396"}],"version-history":[{"count":1,"href":"https:\/\/lasprimeras.com.do\/index.php\/wp-json\/wp\/v2\/posts\/102396\/revisions"}],"predecessor-version":[{"id":102398,"href":"https:\/\/lasprimeras.com.do\/index.php\/wp-json\/wp\/v2\/posts\/102396\/revisions\/102398"}],"wp:featuredmedia":[{"embeddable":true,"href":"https:\/\/lasprimeras.com.do\/index.php\/wp-json\/wp\/v2\/media\/102397"}],"wp:attachment":[{"href":"https:\/\/lasprimeras.com.do\/index.php\/wp-json\/wp\/v2\/media?parent=102396"}],"wp:term":[{"taxonomy":"category","embeddable":true,"href":"https:\/\/lasprimeras.com.do\/index.php\/wp-json\/wp\/v2\/categories?post=102396"},{"taxonomy":"post_tag","embeddable":true,"href":"https:\/\/lasprimeras.com.do\/index.php\/wp-json\/wp\/v2\/tags?post=102396"}],"curies":[{"name":"wp","href":"https:\/\/api.w.org\/{rel}","templated":true}]}}