{"id":102399,"date":"2025-07-04T07:34:31","date_gmt":"2025-07-04T11:34:31","guid":{"rendered":"https:\/\/lasprimeras.com.do\/?p=102399"},"modified":"2025-07-04T07:34:32","modified_gmt":"2025-07-04T11:34:32","slug":"eeuu-amplia-zonas-militarizadas-a-un-tercio-de-la-frontera-con-mexico-la-medida-genera-criticas","status":"publish","type":"post","link":"https:\/\/lasprimeras.com.do\/index.php\/2025\/07\/04\/eeuu-amplia-zonas-militarizadas-a-un-tercio-de-la-frontera-con-mexico-la-medida-genera-criticas\/","title":{"rendered":"EEUU ampl\u00eda zonas militarizadas a un tercio de la frontera con M\u00e9xico; la medida genera cr\u00edticas"},"content":{"rendered":"\n<p>POR MORGAN LEE<\/p>\n\n\n\n<p>COLUMBUS, Nuevo M\u00e9xico, EE.UU. (AP) \u2014 Se\u00f1alamientos de color naranja y escritos en ingl\u00e9s y espa\u00f1ol sobre prohibici\u00f3n de entrada, colocados por el ej\u00e9rcito de Estados Unidos, salpican el desierto de Nuevo M\u00e9xico, donde un muro fronterizo atraviesa campos de cebolla y ranchos resecos con mechones de hierba alta que crecen entre arbustos delgados y \u00e1rboles de yuca.<\/p>\n\n\n\n<p>El Ej\u00e9rcito estadounidense ha colocado miles de estas advertencias en Nuevo M\u00e9xico y el oeste de Texas, declarando un &#8220;\u00e1rea restringida por autoridad del comandante\u201d. Es parte de un cambio importante que ha impulsado al Ej\u00e9rcito a participar en la vigilancia fronteriza con M\u00e9xico como nunca antes.<\/p>\n\n\n\n<p>La medida coloca largos tramos de la frontera bajo la supervisi\u00f3n de bases militares cercanas, facultando a las tropas estadounidenses para detener a personas que ingresan sin autorizaci\u00f3n legal al pa\u00eds y para eludir una ley que proh\u00edbe la participaci\u00f3n militar en la aplicaci\u00f3n de las leyes civiles.<\/p>\n\n\n\n<p>Se realiza bajo la autoridad de la emergencia nacional en la frontera declarada por el presidente Donald Trump en su primer d\u00eda en el cargo.<\/p>\n\n\n\n<p>Las autoridades estadounidenses afirman que las zonas son necesarias para cerrar brechas en la vigilancia fronteriza y ayudar en el combate m\u00e1s amplio contra las redes de tr\u00e1fico humano y los brutales c\u00e1rteles de drogas.<\/p>\n\n\n\n<p>La militarizaci\u00f3n est\u00e1 siendo impugnada en los tribunales y ha sido criticada por defensores de los derechos civiles, grupos de ayuda humanitaria y entusiastas del aire libre que se oponen a que se les impida el acceso a tierras p\u00fablicas al tiempo que las tropas tienen libertad de acci\u00f3n.<\/p>\n\n\n\n<p>Abbey Carpenter, l\u00edder de un grupo de b\u00fasqueda y rescate de migrantes desaparecidos, dijo que se est\u00e1 negando el acceso p\u00fablico a extensos tramos de desierto donde las muertes de migrantes han aumentado.<\/p>\n\n\n\n<p>\u201cTal vez hay m\u00e1s muertes, pero no lo sabemos\u201d, expres\u00f3.<\/p>\n\n\n\n<p>Expansi\u00f3n militar<\/p>\n\n\n\n<p>Dos zonas militarizadas forman un \u00e1rea de amortiguamiento a lo largo de 370 kil\u00f3metros (230 millas) de frontera, desde Fort Hancock, Texas, pasando por El Paso y hacia el oeste a trav\u00e9s de vastas tierras de ranchos en Nuevo M\u00e9xico.<\/p>\n\n\n\n<p>La semana pasada, el Departamento de Defensa agreg\u00f3 una zona adicional de 400 kil\u00f3metros (250 millas) en el Valle del R\u00edo Grande de Texas y planea otra cerca de Yuma, Arizona. En conjunto, las zonas cubrir\u00e1n casi un tercio de la frontera de Estados Unidos con M\u00e9xico.<\/p>\n\n\n\n<p>Las zonas son patrulladas por al menos 7.600 miembros de las fuerzas armadas, expandiendo enormemente la presencia del gobierno estadounidense en la frontera.<\/p>\n\n\n\n<p>La reacci\u00f3n a la zona de amortiguamiento militar ha sido mixta entre los residentes del condado rural Luna en Nuevo M\u00e9xico, donde una fuerte cultura de libertad individual se ve atemperada por el deseo de sofocar las redes que cruzan migrantes y contrabando por la frontera.<\/p>\n\n\n\n<p>\u201cNosotros como familia siempre hemos apoyado mucho la misi\u00f3n y la seguridad fronteriza\u201d, dijo James Johnson, un agricultor de cuarta generaci\u00f3n que supervisa a trabajadores temporales que llenan enormes cajas de pl\u00e1stico con cebollas, ganando 22 d\u00f3lares por contenedor.<\/p>\n\n\n\n<p>Los despliegues militares bajo presidentes anteriores pusieron \u201cojos y o\u00eddos\u201d en la frontera, coment\u00f3 Johnson. Esta versi\u00f3n est\u00e1 \u201ctratando de imponer algo de fuerza\u201d.<\/p>\n\n\n\n<p>Pero algunos cazadores y excursionistas temen ser excluidos de un paisaje accidentado y apreciado.<\/p>\n\n\n\n<p>\u201cNo quiero ir all\u00ed con mi fusil de caza y que de repente alguien se me acerque y me diga que estoy en una zona militar\u201d, se\u00f1al\u00f3 Ray Trejo, coordinador de la Federaci\u00f3n de Vida Silvestre de Nuevo M\u00e9xico y comisionado del condado Luna. \u201cNo s\u00e9 si estas personas han sido entrenadas para desescalar situaciones\u201d.<\/p>\n\n\n\n<p>Exprofesor de ingl\u00e9s como segundo idioma en una escuela p\u00fablica, Trejo dijo que los cargos de invasi\u00f3n militar parecen inhumanos en una econom\u00eda construida sobre el trabajo agr\u00edcola inmigrante.<\/p>\n\n\n\n<p>\u201cSi el Ej\u00e9rcito, la Patrulla Fronteriza y fuerzas de aplicaci\u00f3n de la ley en general est\u00e1n deteniendo a personas por razones de transporte, de tr\u00e1fico humano, no tengo problema\u201d, manifest\u00f3. \u201cPero la gente est\u00e1 viniendo a nuestro pa\u00eds a trabajar, entrando ahora de repente en una zona militar, y no tienen idea\u201d.<\/p>\n\n\n\n<p>Nicole Wieman, portavoz del comando del Ej\u00e9rcito, dijo que el Ej\u00e9rcito est\u00e1 negociando un posible acceso p\u00fablico para recreaci\u00f3n y caza, y respetar\u00e1 los derechos privados de pastoreo y miner\u00eda.<\/p>\n\n\n\n<p>Aumento del castigo<\/p>\n\n\n\n<p>M\u00e1s de 1.400 migrantes han sido acusados de invasi\u00f3n de territorio militar, enfrentando una posible sentencia de prisi\u00f3n de 18 meses por una primera ofensa. Eso se suma a un cargo de ingreso ilegal que conlleva hasta seis meses de detenci\u00f3n.<br>Despu\u00e9s de eso, la mayor\u00eda son entregados a la Oficina de Aduanas y Protecci\u00f3n Fronteriza de Estados Unidos (CBP, por sus siglas en ingl\u00e9s) para una probable deportaci\u00f3n. No ha habido arrestos aparentes de ciudadanos estadounidenses.<\/p>\n\n\n\n<p>En una corte federal en Las Cruces, Nuevo M\u00e9xico, a orillas del Alto R\u00edo Grande, los migrantes con uniformes de c\u00e1rcel del condado y cadenas se presentaron ante un juez magistrado un d\u00eda entre semana reciente.<\/p>\n\n\n\n<p>Una mujer guatemalteca de 29 a\u00f1os batall\u00f3 para entender las instrucciones a trav\u00e9s de un int\u00e9rprete de espa\u00f1ol cuando se declaraba culpable de ingreso ilegal. Un juez desestim\u00f3 los cargos de invasi\u00f3n militar por falta de pruebas, pero la sentenci\u00f3 a dos semanas de c\u00e1rcel antes de ser transferida para una probable deportaci\u00f3n.<\/p>\n\n\n\n<p>\u201cVende cer\u00e1mica, es una mujer muy sencilla con una educaci\u00f3n de sexto grado\u201d, dijo un abogado defensor p\u00fablico al juez. \u201cMe dijo que va a regresar y se va a quedar all\u00ed&#8221;.<\/p>\n\n\n\n<p>Cruces fronterizos<\/p>\n\n\n\n<p>Los arrestos de la Patrulla Fronteriza a lo largo de la frontera sur este a\u00f1o han ca\u00eddo al nivel m\u00e1s bajo en seis d\u00e9cadas, incluyendo una disminuci\u00f3n del 30% en junio respecto al mes anterior a medida que disminuyen los intentos de cruce.<\/p>\n\n\n\n<p>El 28 de junio, la Patrulla Fronteriza realiz\u00f3 s\u00f3lo 137 arrestos, un marcado contraste con finales de 2023, cuando los arrestos superaron los 10.000 en los d\u00edas m\u00e1s ocupados.<\/p>\n\n\n\n<p>Las primeras zonas militarizadas, establecidas en abril y mayo, se extienden al oeste de El Paso m\u00e1s all\u00e1 de f\u00e1bricas y corrales de ganado para rodear parcialmente el pueblo fronterizo de Columbus en Nuevo M\u00e9xico, y sus 1.450 habitantes.<\/p>\n\n\n\n<p>Fue ah\u00ed donde las fuerzas revolucionarias mexicanas lideradas por Pancho Villa cruzaron a Estados Unidos en una incursi\u00f3n mortal en 1916.<\/p>\n\n\n\n<p>Hoy en d\u00eda, un cruce fronterizo en Columbus es donde cientos de ni\u00f1os con ciudadan\u00eda estadounidense cruzan diariamente desde una comunidad dormitorio en M\u00e9xico para abordar autobuses escolares p\u00fablicos y asistir a clases cercanas.<\/p>\n\n\n\n<p>El alcalde de Columbus, el republicano Philip Skinner, dice que ha visto ocasionalmente veh\u00edculos militares pero no evidencia de interrupci\u00f3n en un \u00e1rea donde los cruces no autorizados han sido inusuales.<\/p>\n\n\n\n<p>\u201cNo estamos muy sintonizados con esta pol\u00edtica nacional\u201d, resalt\u00f3 Skinner.<\/p>\n\n\n\n<p>La supervisi\u00f3n est\u00e1 dividida entre los comandos del Ej\u00e9rcito de Estados Unidos en Fort Bliss, Texas, y Fort Huachuca, Arizona. Las zonas militarizadas eluden la Ley Posse Comitatus, una ley de 1878 que proh\u00edbe al ej\u00e9rcito realizar tareas de aplicaci\u00f3n de la ley civil en suelo estadounidense.<\/p>\n\n\n\n<p>Russell Johnson, un ranchero y exagente de la Patrulla Fronteriza, se dijo de acuerdo con la nueva zona militarizada donde su rancho limita con M\u00e9xico en tierras arrendadas a la Oficina de Administraci\u00f3n de Tierras.<\/p>\n\n\n\n<p>\u201cHemos visto absolutamente casi todo lo imaginable que puede suceder en la frontera, y la mayor\u00eda es malo\u201d, dijo, recordando persecuciones de veh\u00edculos todoterreno en su rancho y cuerpos sin vida recuperados por la Patrulla Fronteriza.<\/p>\n\n\n\n<p>A finales de abril, indic\u00f3, cinco veh\u00edculos militares blindados pasaron varios d\u00edas en un hueco en el muro fronterizo, donde la construcci\u00f3n se suspendi\u00f3 al inicio de la presidencia de Joe Biden. Pero, dijo, no ha visto mucho del ej\u00e9rcito en las \u00faltimas semanas.<\/p>\n\n\n\n<p>\u201cLo \u00fanico que realmente ha cambiado es la peque\u00f1a se\u00f1alizaci\u00f3n adicional\u201d, coment\u00f3. \u201cNo estamos viendo la presencia militar aqu\u00ed como esper\u00e1bamos\u201d.<\/p>\n\n\n\n<p>Desaf\u00edos judiciales<\/p>\n\n\n\n<p>Los defensores p\u00fablicos federales han impugnado la nueva supervisi\u00f3n militar de tierras p\u00fablicas en Nuevo M\u00e9xico, aprovechando el arresto de un hombre mexicano por invasi\u00f3n a trav\u00e9s de un terreno remoto para probar las aguas legales.<\/p>\n\n\n\n<p>Denunciaron la designaci\u00f3n de una nueva zona militar sin autorizaci\u00f3n del Congreso \u201ccon el \u00fanico prop\u00f3sito de permitir la acci\u00f3n militar en suelo estadounidense\u201d como \u201cun asunto de importancia pol\u00edtica asombrosa e in\u00e9dita\u201d. Un juez no ha dictaminado sobre el asunto.<\/p>\n\n\n\n<p>Por su parte, los desaf\u00edos judiciales a los cargos de invasi\u00f3n en la zona militarizada han encontrado una mezcla de condenas y absoluciones en el juicio.<\/p>\n\n\n\n<p>Ryan Ellison, el principal fiscal federal en Nuevo M\u00e9xico, logr\u00f3 condenas por invasi\u00f3n en junio contra dos inmigrantes que ingresaron nuevamente a una zona militarizada despu\u00e9s de una advertencia inicial.<\/p>\n\n\n\n<p>\u201cNo va a haber un problema en cuanto a si estaban o no advertidos\u201d, dijo en una reciente conferencia de prensa.<\/p>\n\n\n\n<p>La abogada de la Uni\u00f3n Americana de Libertades Civiles, Rebecca Sheff, dice que el gobierno federal est\u00e1 probando un enfoque m\u00e1s punitivo para la vigilancia fronteriza con las nuevas zonas militares y le preocupa que se expanda a lo largo de toda la frontera.<\/p>\n\n\n\n<p>\u201cEn la medida en que el gobierno federal tenga aspiraciones de establecer una presencia militar mucho m\u00e1s hostil a lo largo de la frontera, este es un veh\u00edculo que est\u00e1n impulsando para potencialmente hacerlo. \u2026 Y eso es muy preocupante\u201d, subray\u00f3.<\/p>\n","protected":false},"excerpt":{"rendered":"<p>POR MORGAN LEE COLUMBUS, Nuevo M\u00e9xico, EE.UU. (AP) \u2014 Se\u00f1alamientos de color naranja y escritos en ingl\u00e9s y espa\u00f1ol sobre prohibici\u00f3n de entrada, colocados por el ej\u00e9rcito de Estados Unidos,&hellip;<\/p>\n","protected":false},"author":10,"featured_media":102400,"comment_status":"open","ping_status":"open","sticky":false,"template":"","format":"standard","meta":{"content-type":"","jetpack_post_was_ever_published":false,"_jetpack_newsletter_access":"","_jetpack_dont_email_post_to_subs":false,"_jetpack_newsletter_tier_id":0,"_jetpack_memberships_contains_paywalled_content":false,"_jetpack_memberships_contains_paid_content":false,"footnotes":""},"categories":[16289],"tags":[979,21195,21194],"class_list":["post-102399","post","type-post","status-publish","format-standard","has-post-thumbnail","hentry","category-internacionales","tag-eeuu","tag-frontera-con-mexico","tag-zonas-militarizadas"],"jetpack_featured_media_url":"https:\/\/lasprimeras.com.do\/wp-content\/uploads\/2025\/07\/ransporte-militar-y-vigilancia.jpg","jetpack-related-posts":[{"id":104557,"url":"https:\/\/lasprimeras.com.do\/index.php\/2025\/07\/25\/detienen-a-hombre-escalando-el-muro-entre-eeuu-y-mexico-con-trump-el-ejercito-da-la-voz-de-alerta\/","url_meta":{"origin":102399,"position":0},"title":"Detienen a hombre escalando el muro entre EEUU y M\u00e9xico. Con Trump, el ej\u00e9rcito da la voz de alerta","author":"Nelson Feliz","date":"25 de julio de 2025","format":false,"excerpt":"POR MORGAN LEE NOGALES, Arizona, EE.UU. (AP) \u2014 En el interior de un veh\u00edculo blindado, un explorador del ej\u00e9rcito utiliza un joystick para dirigir un visor \u00f3ptico de largo alcance hacia un hombre encaramado en la cima de la cerca que separa Estados Unidos y M\u00e9xico, que atraviesa las colinas\u2026","rel":"","context":"En \u00abINTERNACIONALES\u00bb","block_context":{"text":"INTERNACIONALES","link":"https:\/\/lasprimeras.com.do\/index.php\/category\/sin-categoria\/internacionales\/"},"img":{"alt_text":"","src":"https:\/\/i0.wp.com\/lasprimeras.com.do\/wp-content\/uploads\/2025\/07\/frontera-mexico-vs-ee.uu_.jpg?resize=350%2C200&ssl=1","width":350,"height":200,"srcset":"https:\/\/i0.wp.com\/lasprimeras.com.do\/wp-content\/uploads\/2025\/07\/frontera-mexico-vs-ee.uu_.jpg?resize=350%2C200&ssl=1 1x, https:\/\/i0.wp.com\/lasprimeras.com.do\/wp-content\/uploads\/2025\/07\/frontera-mexico-vs-ee.uu_.jpg?resize=525%2C300&ssl=1 1.5x, https:\/\/i0.wp.com\/lasprimeras.com.do\/wp-content\/uploads\/2025\/07\/frontera-mexico-vs-ee.uu_.jpg?resize=700%2C400&ssl=1 2x"},"classes":[]},{"id":90643,"url":"https:\/\/lasprimeras.com.do\/index.php\/2024\/10\/26\/migrantes-saldran-en-caravana-el-dia-de-los-comicios-en-eeuu-por-la-inseguridad-en-mexico\/","url_meta":{"origin":102399,"position":1},"title":"Migrantes saldr\u00e1n en caravana el d\u00eda de los comicios en EEUU por la inseguridad en M\u00e9xico","author":"Nelson Feliz","date":"26 de octubre de 2024","format":false,"excerpt":"Tapachula (M\u00e9xico), (EFE).- La creciente delincuencia y el clima de inseguridad en la frontera sur de M\u00e9xico han llevado a miles de migrantes a organizar una nueva caravana migrante, que saldr\u00e1 el pr\u00f3ximo 5 de noviembre, coincidiendo con el d\u00eda de las elecciones en Estados Unidos. Los migrantes buscar\u00e1n atravesar\u2026","rel":"","context":"En \u00abSin categor\u00eda\u00bb","block_context":{"text":"Sin categor\u00eda","link":"https:\/\/lasprimeras.com.do\/index.php\/category\/sin-categoria\/"},"img":{"alt_text":"","src":"https:\/\/i0.wp.com\/lasprimeras.com.do\/wp-content\/uploads\/2024\/10\/MIGRANTES.jpg?resize=350%2C200&ssl=1","width":350,"height":200,"srcset":"https:\/\/i0.wp.com\/lasprimeras.com.do\/wp-content\/uploads\/2024\/10\/MIGRANTES.jpg?resize=350%2C200&ssl=1 1x, https:\/\/i0.wp.com\/lasprimeras.com.do\/wp-content\/uploads\/2024\/10\/MIGRANTES.jpg?resize=525%2C300&ssl=1 1.5x"},"classes":[]},{"id":77903,"url":"https:\/\/lasprimeras.com.do\/index.php\/2024\/02\/27\/eeuu-trump-y-biden-visitan-el-jueves-la-frontera-con-mexico\/","url_meta":{"origin":102399,"position":2},"title":"EEUU: Trump y Biden visitan el jueves la frontera con M\u00e9xico","author":"BIMARY DE JES\u00daS Matos","date":"27 de febrero de 2024","format":false,"excerpt":"WASHINGTON.- El actual presidente estadounidense Joe Biden y su probable rival en las elecciones presidenciales del 5 de noviembre, Donald Trump, visitar\u00e1n el pr\u00f3ximo jueves la frontera con M\u00e9xico en una precampa\u00f1a en la que la inmigraci\u00f3n volver\u00e1 a ser uno de los temas estrella. Biden viajar\u00e1 hasta Brownsville, en\u2026","rel":"","context":"En \u00abSin categor\u00eda\u00bb","block_context":{"text":"Sin categor\u00eda","link":"https:\/\/lasprimeras.com.do\/index.php\/category\/sin-categoria\/"},"img":{"alt_text":"","src":"https:\/\/i0.wp.com\/lasprimeras.com.do\/wp-content\/uploads\/2024\/02\/Trump-Biden.jpg?resize=350%2C200&ssl=1","width":350,"height":200,"srcset":"https:\/\/i0.wp.com\/lasprimeras.com.do\/wp-content\/uploads\/2024\/02\/Trump-Biden.jpg?resize=350%2C200&ssl=1 1x, https:\/\/i0.wp.com\/lasprimeras.com.do\/wp-content\/uploads\/2024\/02\/Trump-Biden.jpg?resize=525%2C300&ssl=1 1.5x, https:\/\/i0.wp.com\/lasprimeras.com.do\/wp-content\/uploads\/2024\/02\/Trump-Biden.jpg?resize=700%2C400&ssl=1 2x"},"classes":[]},{"id":49674,"url":"https:\/\/lasprimeras.com.do\/index.php\/2023\/05\/13\/eeuu-pasa-pagina-en-sus-normas-migratorias-y-evita-el-caos-en-su-frontera-con-mexico\/","url_meta":{"origin":102399,"position":3},"title":"EEUU pasa p\u00e1gina en sus normas migratorias y evita el caos en su frontera con M\u00e9xico","author":"prenxa100","date":"13 de mayo de 2023","format":false,"excerpt":"El Paso, EEUU, AP.-.En su frontera con M\u00e9xico, Estados Unidos logr\u00f3 voltear con relativa calma la p\u00e1gina de las restricciones a la inmigraci\u00f3n impuestas durante la pandemia, mientras los migrantes se adaptan a las nuevas y estrictas normas destinadas a desalentar los cruces ilegales y esperan que se cumpla la\u2026","rel":"","context":"En \u00abSin categor\u00eda\u00bb","block_context":{"text":"Sin categor\u00eda","link":"https:\/\/lasprimeras.com.do\/index.php\/category\/sin-categoria\/"},"img":{"alt_text":"","src":"","width":0,"height":0},"classes":[]},{"id":93081,"url":"https:\/\/lasprimeras.com.do\/index.php\/2025\/01\/24\/solicitantes-de-asilo-llegan-a-nuevos-extremos-en-mexico-tras-las-medidas-fronterizas-de-trump\/","url_meta":{"origin":102399,"position":4},"title":"Solicitantes de asilo llegan a nuevos extremos en M\u00e9xico tras las medidas fronterizas de Trump","author":"Nelson Feliz","date":"24 de enero de 2025","format":false,"excerpt":"POR MEGAN JANETSKY and EDGAR H. CLEMENTE ATOTONILCO DE TULA, M\u00e9xico (AP) \u2014 Cuando Dayana Castro se enter\u00f3 de que la cita para solicitar asilo en Estados Unidos por la que hab\u00eda esperado m\u00e1s de un a\u00f1o fue cancelada de un momento a otro, no lo dud\u00f3: se dirigir\u00eda al\u2026","rel":"","context":"En \u00abINTERNACIONALES\u00bb","block_context":{"text":"INTERNACIONALES","link":"https:\/\/lasprimeras.com.do\/index.php\/category\/sin-categoria\/internacionales\/"},"img":{"alt_text":"","src":"https:\/\/i0.wp.com\/lasprimeras.com.do\/wp-content\/uploads\/2025\/01\/tijuana.jpg?resize=350%2C200&ssl=1","width":350,"height":200,"srcset":"https:\/\/i0.wp.com\/lasprimeras.com.do\/wp-content\/uploads\/2025\/01\/tijuana.jpg?resize=350%2C200&ssl=1 1x, https:\/\/i0.wp.com\/lasprimeras.com.do\/wp-content\/uploads\/2025\/01\/tijuana.jpg?resize=525%2C300&ssl=1 1.5x, https:\/\/i0.wp.com\/lasprimeras.com.do\/wp-content\/uploads\/2025\/01\/tijuana.jpg?resize=700%2C400&ssl=1 2x"},"classes":[]},{"id":61143,"url":"https:\/\/lasprimeras.com.do\/index.php\/2023\/09\/22\/con-cruces-entre-eeuu-y-mexico-cerrados-ciudades-y-agentes-afrontan-repunte-en-llegada-de-migrantes\/","url_meta":{"origin":102399,"position":5},"title":"Con cruces entre EEUU y M\u00e9xico cerrados, ciudades y agentes afrontan repunte en llegada de migrantes","author":"Nelson Feliz","date":"22 de septiembre de 2023","format":false,"excerpt":"El alcalde, Rolando Salinas, dijo que alrededor de 2.000 personas hab\u00edan cruzado el jueves, casi la mitad que en la v\u00edspera. Pero tras una reuni\u00f3n con la polic\u00eda estatal y agentes fronterizos, Salinas indic\u00f3 que se le dijo que las multitudes podr\u00edan seguir llegando durante el fin de semana. En\u2026","rel":"","context":"En \u00abSin categor\u00eda\u00bb","block_context":{"text":"Sin categor\u00eda","link":"https:\/\/lasprimeras.com.do\/index.php\/category\/sin-categoria\/"},"img":{"alt_text":"Migrantes forman una cadena humana para cruzar el R\u00edo Bravo desde M\u00e9xico a Estados Unidos, el 21 de septiembre de 2023, en Eagle Pass, Texas.AP","src":"https:\/\/i0.wp.com\/lasprimeras.com.do\/wp-content\/uploads\/2023\/09\/migrantes.jpeg?resize=350%2C200&ssl=1","width":350,"height":200,"srcset":"https:\/\/i0.wp.com\/lasprimeras.com.do\/wp-content\/uploads\/2023\/09\/migrantes.jpeg?resize=350%2C200&ssl=1 1x, https:\/\/i0.wp.com\/lasprimeras.com.do\/wp-content\/uploads\/2023\/09\/migrantes.jpeg?resize=525%2C300&ssl=1 1.5x, https:\/\/i0.wp.com\/lasprimeras.com.do\/wp-content\/uploads\/2023\/09\/migrantes.jpeg?resize=700%2C400&ssl=1 2x"},"classes":[]}],"jetpack_sharing_enabled":true,"_links":{"self":[{"href":"https:\/\/lasprimeras.com.do\/index.php\/wp-json\/wp\/v2\/posts\/102399","targetHints":{"allow":["GET"]}}],"collection":[{"href":"https:\/\/lasprimeras.com.do\/index.php\/wp-json\/wp\/v2\/posts"}],"about":[{"href":"https:\/\/lasprimeras.com.do\/index.php\/wp-json\/wp\/v2\/types\/post"}],"author":[{"embeddable":true,"href":"https:\/\/lasprimeras.com.do\/index.php\/wp-json\/wp\/v2\/users\/10"}],"replies":[{"embeddable":true,"href":"https:\/\/lasprimeras.com.do\/index.php\/wp-json\/wp\/v2\/comments?post=102399"}],"version-history":[{"count":1,"href":"https:\/\/lasprimeras.com.do\/index.php\/wp-json\/wp\/v2\/posts\/102399\/revisions"}],"predecessor-version":[{"id":102401,"href":"https:\/\/lasprimeras.com.do\/index.php\/wp-json\/wp\/v2\/posts\/102399\/revisions\/102401"}],"wp:featuredmedia":[{"embeddable":true,"href":"https:\/\/lasprimeras.com.do\/index.php\/wp-json\/wp\/v2\/media\/102400"}],"wp:attachment":[{"href":"https:\/\/lasprimeras.com.do\/index.php\/wp-json\/wp\/v2\/media?parent=102399"}],"wp:term":[{"taxonomy":"category","embeddable":true,"href":"https:\/\/lasprimeras.com.do\/index.php\/wp-json\/wp\/v2\/categories?post=102399"},{"taxonomy":"post_tag","embeddable":true,"href":"https:\/\/lasprimeras.com.do\/index.php\/wp-json\/wp\/v2\/tags?post=102399"}],"curies":[{"name":"wp","href":"https:\/\/api.w.org\/{rel}","templated":true}]}}